{"id":64478,"date":"2018-07-02T13:59:34","date_gmt":"2018-07-02T11:59:34","guid":{"rendered":"http:\/\/likemetkovic.hr\/?p=64478"},"modified":"2018-07-02T13:59:34","modified_gmt":"2018-07-02T11:59:34","slug":"prosvjed-branitelji-blokirali-autocestu-prema-granicnom-prijelazu-bijaca","status":"publish","type":"post","link":"https:\/\/likemetkovic.hr\/portal\/prosvjed-branitelji-blokirali-autocestu-prema-granicnom-prijelazu-bijaca\/","title":{"rendered":"PROSVJED Branitelji blokirali autocestu prema grani\u010dnom prijelazu Bija\u010da"},"content":{"rendered":"<p>\u010clanovi <strong>Udruge zaboravljenih branitelja BiH\u00a0<\/strong>danas su u podne blokirali autocestu prema grani\u010dnom prijelazu Bija\u010da.<\/p>\n<p>Predsjednik Udruge <strong>Drago Grbavac<\/strong> je rekao da su prevarili parlamentarci i da ostaju na ovoj prometnici do daljnjega te podsjetio kako su prekr\u0161ena obe\u0107anja da \u0107e se to\u010dka na kojoj \u0107e se raspravljati o njihovim zahtjevima staviti na dnevni red, a to jo\u0161 nije u\u010dinjeno.<\/p>\n<p>&#8211;<em> Najavili su sjednicu na dan obilje\u017eavanje zlo\u010dina u Srebrenici vjerojatno misle\u0107i da \u0107e nas biti manje i da se ne\u0107emo odazvati. Mi ne odustajemo od svojih zahtjeva i trebaju oni to rije\u0161iti da to ne izlazimo na ulice,<\/em> rekao je Grbavac za <em>Bljesak.info. <\/em><\/p>\n<p>Rekao je kako je ovo jedini na\u010din da skrenu pozornost javnosti na svoj problem koji se, kako navodi, mo\u017ee rije\u0161iti za jednu minutu. &#8211;<em> Mi nismo uli\u010dni razbojnici, niti ru\u0161itelji dr\u017eave, nego se borimo za svoja prava. Poku\u0161ali smo kroz sve institucije ali nismo uspjeli i ne vidimo drugog na\u010dina da rije\u0161imo problem. Ne mo\u017ee biti 580 tisu\u0107a branitelja kad ih je u ratu bilo 280.000 i neka ih je 300.000. Ovo je van pameti<\/em>, rekao je Grbavac.<\/p>\n<p><em>&#8211; Neka izbace ove koji nisu okusili miris baruta, koji nisu vidjeli matere, \u0107a\u0107e i djecu kada se ide na teren, neka njih vrate (iz prava) pa \u0107e tada biti novca<\/em>, dodao je\u00a0 <strong>Darinko Boto<\/strong>, ispred spomenute udruge rekao je kako su se okupili jer danas zasjeda Kolegij parlamenta Federacije kako bi razradili temu sjednice koja se treba odr\u017eati 10. srpnja.<\/p>\n<p>&#8211; <em>Poru\u010dujemo svim parlamentarcima da se sjete \u0161to smo se bili dogovorili na sjednici gdje je predsjedatelj tra\u017eio od Vlade tri to\u010dke koje mi tra\u017eimo &#8211; registar, braniteljski dodatak i prestanak financiranja udru\u017eenja,<\/em> rekao je Boto.<\/p>\n","protected":false},"excerpt":{"rendered":"<p>\u010clanovi Udruge zaboravljenih branitelja BiH\u00a0danas su u podne blokirali autocestu prema grani\u010dnom prijelazu Bija\u010da. Predsjednik Udruge Drago Grbavac je rekao da su prevarili parlamentarci i da ostaju na ovoj prometnici do daljnjega te podsjetio kako su prekr\u0161ena obe\u0107anja da \u0107e se to\u010dka na kojoj \u0107e se raspravljati o njihovim zahtjevima staviti na dnevni red, a [&hellip;]<\/p>\n","protected":false},"author":7,"featured_media":64479,"comment_status":"open","ping_status":"open","sticky":false,"template":"","format":"standard","meta":{"footnotes":""},"categories":[296,1026],"tags":[3434,1432,3433],"class_list":{"0":"post-64478","1":"post","2":"type-post","3":"status-publish","4":"format-standard","5":"has-post-thumbnail","7":"category-ab","8":"category-vijesti","9":"tag-blokada-prometa","10":"tag-branitelji","11":"tag-gp-bijaca"},"yoast_head":"<!-- This site is optimized with the Yoast SEO plugin v25.2 - https:\/\/yoast.com\/wordpress\/plugins\/seo\/ -->\n<title>PROSVJED Branitelji blokirali autocestu prema grani\u010dnom prijelazu Bija\u010da - likemetkovic.hr<\/title>\n<meta name=\"robots\" content=\"index, follow, max-snippet:-1, max-image-preview:large, max-video-preview:-1\" \/>\n<link rel=\"canonical\" href=\"https:\/\/likemetkovic.hr\/prosvjed-branitelji-blokirali-autocestu-prema-granicnom-prijelazu-bijaca\/\" \/>\n<meta property=\"og:locale\" content=\"hr_HR\" \/>\n<meta property=\"og:type\" content=\"article\" \/>\n<meta property=\"og:title\" content=\"PROSVJED Branitelji blokirali autocestu prema grani\u010dnom prijelazu Bija\u010da - likemetkovic.hr\" \/>\n<meta property=\"og:description\" content=\"\u010clanovi Udruge zaboravljenih branitelja BiH\u00a0danas su u podne blokirali autocestu prema grani\u010dnom prijelazu Bija\u010da. Predsjednik Udruge Drago Grbavac je rekao da su prevarili parlamentarci i da ostaju na ovoj prometnici do daljnjega te podsjetio kako su prekr\u0161ena obe\u0107anja da \u0107e se to\u010dka na kojoj \u0107e se raspravljati o njihovim zahtjevima staviti na dnevni red, a [&hellip;]\" \/>\n<meta property=\"og:url\" content=\"https:\/\/likemetkovic.hr\/prosvjed-branitelji-blokirali-autocestu-prema-granicnom-prijelazu-bijaca\/\" \/>\n<meta property=\"og:site_name\" content=\"likemetkovic.hr\" \/>\n<meta property=\"article:publisher\" content=\"https:\/\/www.facebook.com\/likemetkovic.hr\/\" \/>\n<meta property=\"article:published_time\" content=\"2018-07-02T11:59:34+00:00\" \/>\n<meta property=\"og:image\" content=\"https:\/\/likemetkovic.hr\/wp-content\/uploads\/2018\/07\/bija\u010da-branitelji.jpg\" \/>\n\t<meta property=\"og:image:width\" content=\"800\" \/>\n\t<meta property=\"og:image:height\" content=\"550\" \/>\n\t<meta property=\"og:image:type\" content=\"image\/jpeg\" \/>\n<meta name=\"author\" content=\"LIKEmetkovic.hr\" \/>\n<meta name=\"twitter:card\" content=\"summary_large_image\" \/>\n<meta name=\"twitter:label1\" content=\"Napisao\/la\" \/>\n\t<meta name=\"twitter:data1\" content=\"LIKEmetkovic.hr\" \/>\n\t<meta name=\"twitter:label2\" content=\"Procijenjeno vrijeme \u010ditanja\" \/>\n\t<meta name=\"twitter:data2\" content=\"2 minute\" \/>\n<script type=\"application\/ld+json\" class=\"yoast-schema-graph\">{\"@context\":\"https:\/\/schema.org\",\"@graph\":[{\"@type\":\"WebPage\",\"@id\":\"https:\/\/likemetkovic.hr\/prosvjed-branitelji-blokirali-autocestu-prema-granicnom-prijelazu-bijaca\/\",\"url\":\"https:\/\/likemetkovic.hr\/prosvjed-branitelji-blokirali-autocestu-prema-granicnom-prijelazu-bijaca\/\",\"name\":\"PROSVJED Branitelji blokirali autocestu prema grani\u010dnom prijelazu Bija\u010da - likemetkovic.hr\",\"isPartOf\":{\"@id\":\"https:\/\/likemetkovic.hr\/#website\"},\"primaryImageOfPage\":{\"@id\":\"https:\/\/likemetkovic.hr\/prosvjed-branitelji-blokirali-autocestu-prema-granicnom-prijelazu-bijaca\/#primaryimage\"},\"image\":{\"@id\":\"https:\/\/likemetkovic.hr\/prosvjed-branitelji-blokirali-autocestu-prema-granicnom-prijelazu-bijaca\/#primaryimage\"},\"thumbnailUrl\":\"https:\/\/likemetkovic.hr\/portal\/wp-content\/uploads\/2018\/07\/bija\u010da-branitelji.jpg\",\"datePublished\":\"2018-07-02T11:59:34+00:00\",\"author\":{\"@id\":\"https:\/\/likemetkovic.hr\/#\/schema\/person\/a42711f3385a0e2be6f7e0443bfb28f0\"},\"breadcrumb\":{\"@id\":\"https:\/\/likemetkovic.hr\/prosvjed-branitelji-blokirali-autocestu-prema-granicnom-prijelazu-bijaca\/#breadcrumb\"},\"inLanguage\":\"hr\",\"potentialAction\":[{\"@type\":\"ReadAction\",\"target\":[\"https:\/\/likemetkovic.hr\/prosvjed-branitelji-blokirali-autocestu-prema-granicnom-prijelazu-bijaca\/\"]}]},{\"@type\":\"ImageObject\",\"inLanguage\":\"hr\",\"@id\":\"https:\/\/likemetkovic.hr\/prosvjed-branitelji-blokirali-autocestu-prema-granicnom-prijelazu-bijaca\/#primaryimage\",\"url\":\"https:\/\/likemetkovic.hr\/portal\/wp-content\/uploads\/2018\/07\/bija\u010da-branitelji.jpg\",\"contentUrl\":\"https:\/\/likemetkovic.hr\/portal\/wp-content\/uploads\/2018\/07\/bija\u010da-branitelji.jpg\",\"width\":800,\"height\":550},{\"@type\":\"BreadcrumbList\",\"@id\":\"https:\/\/likemetkovic.hr\/prosvjed-branitelji-blokirali-autocestu-prema-granicnom-prijelazu-bijaca\/#breadcrumb\",\"itemListElement\":[{\"@type\":\"ListItem\",\"position\":1,\"name\":\"Po\u010detna stranica\",\"item\":\"https:\/\/likemetkovic.hr\/portal\/\"},{\"@type\":\"ListItem\",\"position\":2,\"name\":\"PROSVJED Branitelji blokirali autocestu prema grani\u010dnom prijelazu Bija\u010da\"}]},{\"@type\":\"WebSite\",\"@id\":\"https:\/\/likemetkovic.hr\/#website\",\"url\":\"https:\/\/likemetkovic.hr\/\",\"name\":\"likemetkovic.hr\",\"description\":\"Misli pozitivno... \u010ditaj LIKE\",\"potentialAction\":[{\"@type\":\"SearchAction\",\"target\":{\"@type\":\"EntryPoint\",\"urlTemplate\":\"https:\/\/likemetkovic.hr\/?s={search_term_string}\"},\"query-input\":{\"@type\":\"PropertyValueSpecification\",\"valueRequired\":true,\"valueName\":\"search_term_string\"}}],\"inLanguage\":\"hr\"},{\"@type\":\"Person\",\"@id\":\"https:\/\/likemetkovic.hr\/#\/schema\/person\/a42711f3385a0e2be6f7e0443bfb28f0\",\"name\":\"LIKEmetkovic.hr\",\"sameAs\":[\"http:\/\/likemetkovic.hr\"],\"url\":\"https:\/\/likemetkovic.hr\/portal\/author\/likemetkovic-hr\/\"}]}<\/script>\n<!-- \/ Yoast SEO plugin. -->","yoast_head_json":{"title":"PROSVJED Branitelji blokirali autocestu prema grani\u010dnom prijelazu Bija\u010da - likemetkovic.hr","robots":{"index":"index","follow":"follow","max-snippet":"max-snippet:-1","max-image-preview":"max-image-preview:large","max-video-preview":"max-video-preview:-1"},"canonical":"https:\/\/likemetkovic.hr\/prosvjed-branitelji-blokirali-autocestu-prema-granicnom-prijelazu-bijaca\/","og_locale":"hr_HR","og_type":"article","og_title":"PROSVJED Branitelji blokirali autocestu prema grani\u010dnom prijelazu Bija\u010da - likemetkovic.hr","og_description":"\u010clanovi Udruge zaboravljenih branitelja BiH\u00a0danas su u podne blokirali autocestu prema grani\u010dnom prijelazu Bija\u010da. Predsjednik Udruge Drago Grbavac je rekao da su prevarili parlamentarci i da ostaju na ovoj prometnici do daljnjega te podsjetio kako su prekr\u0161ena obe\u0107anja da \u0107e se to\u010dka na kojoj \u0107e se raspravljati o njihovim zahtjevima staviti na dnevni red, a [&hellip;]","og_url":"https:\/\/likemetkovic.hr\/prosvjed-branitelji-blokirali-autocestu-prema-granicnom-prijelazu-bijaca\/","og_site_name":"likemetkovic.hr","article_publisher":"https:\/\/www.facebook.com\/likemetkovic.hr\/","article_published_time":"2018-07-02T11:59:34+00:00","og_image":[{"width":800,"height":550,"url":"https:\/\/likemetkovic.hr\/wp-content\/uploads\/2018\/07\/bija\u010da-branitelji.jpg","type":"image\/jpeg"}],"author":"LIKEmetkovic.hr","twitter_card":"summary_large_image","twitter_misc":{"Napisao\/la":"LIKEmetkovic.hr","Procijenjeno vrijeme \u010ditanja":"2 minute"},"schema":{"@context":"https:\/\/schema.org","@graph":[{"@type":"WebPage","@id":"https:\/\/likemetkovic.hr\/prosvjed-branitelji-blokirali-autocestu-prema-granicnom-prijelazu-bijaca\/","url":"https:\/\/likemetkovic.hr\/prosvjed-branitelji-blokirali-autocestu-prema-granicnom-prijelazu-bijaca\/","name":"PROSVJED Branitelji blokirali autocestu prema grani\u010dnom prijelazu Bija\u010da - likemetkovic.hr","isPartOf":{"@id":"https:\/\/likemetkovic.hr\/#website"},"primaryImageOfPage":{"@id":"https:\/\/likemetkovic.hr\/prosvjed-branitelji-blokirali-autocestu-prema-granicnom-prijelazu-bijaca\/#primaryimage"},"image":{"@id":"https:\/\/likemetkovic.hr\/prosvjed-branitelji-blokirali-autocestu-prema-granicnom-prijelazu-bijaca\/#primaryimage"},"thumbnailUrl":"https:\/\/likemetkovic.hr\/portal\/wp-content\/uploads\/2018\/07\/bija\u010da-branitelji.jpg","datePublished":"2018-07-02T11:59:34+00:00","author":{"@id":"https:\/\/likemetkovic.hr\/#\/schema\/person\/a42711f3385a0e2be6f7e0443bfb28f0"},"breadcrumb":{"@id":"https:\/\/likemetkovic.hr\/prosvjed-branitelji-blokirali-autocestu-prema-granicnom-prijelazu-bijaca\/#breadcrumb"},"inLanguage":"hr","potentialAction":[{"@type":"ReadAction","target":["https:\/\/likemetkovic.hr\/prosvjed-branitelji-blokirali-autocestu-prema-granicnom-prijelazu-bijaca\/"]}]},{"@type":"ImageObject","inLanguage":"hr","@id":"https:\/\/likemetkovic.hr\/prosvjed-branitelji-blokirali-autocestu-prema-granicnom-prijelazu-bijaca\/#primaryimage","url":"https:\/\/likemetkovic.hr\/portal\/wp-content\/uploads\/2018\/07\/bija\u010da-branitelji.jpg","contentUrl":"https:\/\/likemetkovic.hr\/portal\/wp-content\/uploads\/2018\/07\/bija\u010da-branitelji.jpg","width":800,"height":550},{"@type":"BreadcrumbList","@id":"https:\/\/likemetkovic.hr\/prosvjed-branitelji-blokirali-autocestu-prema-granicnom-prijelazu-bijaca\/#breadcrumb","itemListElement":[{"@type":"ListItem","position":1,"name":"Po\u010detna stranica","item":"https:\/\/likemetkovic.hr\/portal\/"},{"@type":"ListItem","position":2,"name":"PROSVJED Branitelji blokirali autocestu prema grani\u010dnom prijelazu Bija\u010da"}]},{"@type":"WebSite","@id":"https:\/\/likemetkovic.hr\/#website","url":"https:\/\/likemetkovic.hr\/","name":"likemetkovic.hr","description":"Misli pozitivno... \u010ditaj LIKE","potentialAction":[{"@type":"SearchAction","target":{"@type":"EntryPoint","urlTemplate":"https:\/\/likemetkovic.hr\/?s={search_term_string}"},"query-input":{"@type":"PropertyValueSpecification","valueRequired":true,"valueName":"search_term_string"}}],"inLanguage":"hr"},{"@type":"Person","@id":"https:\/\/likemetkovic.hr\/#\/schema\/person\/a42711f3385a0e2be6f7e0443bfb28f0","name":"LIKEmetkovic.hr","sameAs":["http:\/\/likemetkovic.hr"],"url":"https:\/\/likemetkovic.hr\/portal\/author\/likemetkovic-hr\/"}]}},"_links":{"self":[{"href":"https:\/\/likemetkovic.hr\/portal\/wp-json\/wp\/v2\/posts\/64478","targetHints":{"allow":["GET"]}}],"collection":[{"href":"https:\/\/likemetkovic.hr\/portal\/wp-json\/wp\/v2\/posts"}],"about":[{"href":"https:\/\/likemetkovic.hr\/portal\/wp-json\/wp\/v2\/types\/post"}],"author":[{"embeddable":true,"href":"https:\/\/likemetkovic.hr\/portal\/wp-json\/wp\/v2\/users\/7"}],"replies":[{"embeddable":true,"href":"https:\/\/likemetkovic.hr\/portal\/wp-json\/wp\/v2\/comments?post=64478"}],"version-history":[{"count":0,"href":"https:\/\/likemetkovic.hr\/portal\/wp-json\/wp\/v2\/posts\/64478\/revisions"}],"wp:featuredmedia":[{"embeddable":true,"href":"https:\/\/likemetkovic.hr\/portal\/wp-json\/wp\/v2\/media\/64479"}],"wp:attachment":[{"href":"https:\/\/likemetkovic.hr\/portal\/wp-json\/wp\/v2\/media?parent=64478"}],"wp:term":[{"taxonomy":"category","embeddable":true,"href":"https:\/\/likemetkovic.hr\/portal\/wp-json\/wp\/v2\/categories?post=64478"},{"taxonomy":"post_tag","embeddable":true,"href":"https:\/\/likemetkovic.hr\/portal\/wp-json\/wp\/v2\/tags?post=64478"}],"curies":[{"name":"wp","href":"https:\/\/api.w.org\/{rel}","templated":true}]}}