{"id":64481,"date":"2018-07-02T15:39:52","date_gmt":"2018-07-02T13:39:52","guid":{"rendered":"http:\/\/likemetkovic.hr\/?p=64481"},"modified":"2018-07-02T15:39:52","modified_gmt":"2018-07-02T13:39:52","slug":"najava-veceras-pocinje-8-memorijalni-malonogometni-turnir-eugen-erjauc","status":"publish","type":"post","link":"https:\/\/likemetkovic.hr\/portal\/najava-veceras-pocinje-8-memorijalni-malonogometni-turnir-eugen-erjauc\/","title":{"rendered":"NAJAVA Ve\u010deras po\u010dinje 8. Memorijalni malonogometni turnir &#8220;Eugen Erjauc&#8221;"},"content":{"rendered":"<p>Ve\u010deras s po\u010detkom u 8 sati na igrali\u0161tu u Ora\u0161ini zapo\u010dinje 8. Memorijalni malonogometni turnir koji se igra u \u010dast poginuloga hrvatskoga branitelja Eugena Erjauca. Turnir \u0107e otvoriti zamjenica \u017eupana \u017daklina Marevi\u0107.<\/p>\n<p>Na turnir se prijavilo 20 ekipa koje su, nakon izvla\u010denja, podijeljene u \u010detiri skupine, i to:<\/p>\n<ul>\n<li>skupina A:<\/li>\n<\/ul>\n<div class=\"text_exposed_show\">\n<p>Narona Rez<br \/>\nCarpe Diem<br \/>\n\u017dupa Bagalovi\u0107i<br \/>\nDoljani<br \/>\nJopa Stjepanovi\u0107 i prijatelji<\/p>\n<ul>\n<li>skupina B:<\/li>\n<\/ul>\n<p>Udruga La\u0111ara Jerkovac<br \/>\nTravari Cb Tropicana<br \/>\n\u0106akula Bar<br \/>\n3M<br \/>\nBezimeni<\/p>\n<ul>\n<li>skupina C :<\/li>\n<\/ul>\n<p>Ljubu\u0161ki<br \/>\nIspod Strehe<br \/>\nApartmani Bonaca Amnk Opuzen<br \/>\nAbrakadabra<br \/>\nSv.Sta\u0161<\/p>\n<ul>\n<li>skupina D :<\/li>\n<\/ul>\n<p>Vidonje<br \/>\nBronx Ora\u0161ina<br \/>\nGreen Garden<br \/>\nMnk Torcida Metkovi\u0107<br \/>\nOtri\u0107 Seoci<\/p>\n<p>Za sada je poznat raspored utakmica koje \u0107e se igrati danas i sutra.<\/p>\n<p>Ponedjeljak, 2. srpnja:<\/p>\n<ul>\n<li>20:00 Ul Jerkovac &#8211; Travari Cb Tropicana<\/li>\n<li>20:45 Ljubu\u0161ki &#8211; Ispod Strehe<\/li>\n<li>21:30 \u0106akula Bar -Bezimeni<\/li>\n<li>22:15 Ljubu\u0161ki &#8211; Apartmani Bonaca Amnk Opuzen<\/li>\n<\/ul>\n<p>Utorak, 3. srpnja:<\/p>\n<ul>\n<li>20:00 Green Garden &#8211; Mnk Torcida Metkovi\u0107<\/li>\n<li>20:45 Carpe Diem &#8211; Jopa Stjepanovi\u0107 i prijatelji<\/li>\n<li>21:30 Sv.Sta\u0161 &#8211; Abrakadabra<\/li>\n<li>22:15 Vidonje &#8211; Bronx Ora\u0161ina<\/li>\n<\/ul>\n<\/div>\n","protected":false},"excerpt":{"rendered":"<p>Ve\u010deras s po\u010detkom u 8 sati na igrali\u0161tu u Ora\u0161ini zapo\u010dinje 8. Memorijalni malonogometni turnir koji se igra u \u010dast poginuloga hrvatskoga branitelja Eugena Erjauca. Turnir \u0107e otvoriti zamjenica \u017eupana \u017daklina Marevi\u0107. Na turnir se prijavilo 20 ekipa koje su, nakon izvla\u010denja, podijeljene u \u010detiri skupine, i to: skupina A: Narona Rez Carpe Diem \u017dupa [&hellip;]<\/p>\n","protected":false},"author":7,"featured_media":63874,"comment_status":"open","ping_status":"open","sticky":false,"template":"","format":"standard","meta":{"footnotes":""},"categories":[296,291],"tags":[3435,1806],"class_list":{"0":"post-64481","1":"post","2":"type-post","3":"status-publish","4":"format-standard","5":"has-post-thumbnail","7":"category-ab","8":"category-servisne-informacije","9":"tag-malonogometni-turnir-eugen-erjauc","10":"tag-orasina"},"yoast_head":"<!-- This site is optimized with the Yoast SEO plugin v25.2 - https:\/\/yoast.com\/wordpress\/plugins\/seo\/ -->\n<title>NAJAVA Ve\u010deras po\u010dinje 8. Memorijalni malonogometni turnir &quot;Eugen Erjauc&quot; - likemetkovic.hr<\/title>\n<meta name=\"robots\" content=\"index, follow, max-snippet:-1, max-image-preview:large, max-video-preview:-1\" \/>\n<link rel=\"canonical\" href=\"https:\/\/likemetkovic.hr\/najava-veceras-pocinje-8-memorijalni-malonogometni-turnir-eugen-erjauc\/\" \/>\n<meta property=\"og:locale\" content=\"hr_HR\" \/>\n<meta property=\"og:type\" content=\"article\" \/>\n<meta property=\"og:title\" content=\"NAJAVA Ve\u010deras po\u010dinje 8. Memorijalni malonogometni turnir &quot;Eugen Erjauc&quot; - likemetkovic.hr\" \/>\n<meta property=\"og:description\" content=\"Ve\u010deras s po\u010detkom u 8 sati na igrali\u0161tu u Ora\u0161ini zapo\u010dinje 8. Memorijalni malonogometni turnir koji se igra u \u010dast poginuloga hrvatskoga branitelja Eugena Erjauca. Turnir \u0107e otvoriti zamjenica \u017eupana \u017daklina Marevi\u0107. Na turnir se prijavilo 20 ekipa koje su, nakon izvla\u010denja, podijeljene u \u010detiri skupine, i to: skupina A: Narona Rez Carpe Diem \u017dupa [&hellip;]\" \/>\n<meta property=\"og:url\" content=\"https:\/\/likemetkovic.hr\/najava-veceras-pocinje-8-memorijalni-malonogometni-turnir-eugen-erjauc\/\" \/>\n<meta property=\"og:site_name\" content=\"likemetkovic.hr\" \/>\n<meta property=\"article:publisher\" content=\"https:\/\/www.facebook.com\/likemetkovic.hr\/\" \/>\n<meta property=\"article:published_time\" content=\"2018-07-02T13:39:52+00:00\" \/>\n<meta property=\"og:image\" content=\"https:\/\/likemetkovic.hr\/wp-content\/uploads\/2018\/06\/erjauc-eugen-turnir.jpg\" \/>\n\t<meta property=\"og:image:width\" content=\"800\" \/>\n\t<meta property=\"og:image:height\" content=\"533\" \/>\n\t<meta property=\"og:image:type\" content=\"image\/jpeg\" \/>\n<meta name=\"author\" content=\"LIKEmetkovic.hr\" \/>\n<meta name=\"twitter:card\" content=\"summary_large_image\" \/>\n<meta name=\"twitter:label1\" content=\"Napisao\/la\" \/>\n\t<meta name=\"twitter:data1\" content=\"LIKEmetkovic.hr\" \/>\n\t<meta name=\"twitter:label2\" content=\"Procijenjeno vrijeme \u010ditanja\" \/>\n\t<meta name=\"twitter:data2\" content=\"1 minuta\" \/>\n<script type=\"application\/ld+json\" class=\"yoast-schema-graph\">{\"@context\":\"https:\/\/schema.org\",\"@graph\":[{\"@type\":\"WebPage\",\"@id\":\"https:\/\/likemetkovic.hr\/najava-veceras-pocinje-8-memorijalni-malonogometni-turnir-eugen-erjauc\/\",\"url\":\"https:\/\/likemetkovic.hr\/najava-veceras-pocinje-8-memorijalni-malonogometni-turnir-eugen-erjauc\/\",\"name\":\"NAJAVA Ve\u010deras po\u010dinje 8. Memorijalni malonogometni turnir \\\"Eugen Erjauc\\\" - likemetkovic.hr\",\"isPartOf\":{\"@id\":\"https:\/\/likemetkovic.hr\/#website\"},\"primaryImageOfPage\":{\"@id\":\"https:\/\/likemetkovic.hr\/najava-veceras-pocinje-8-memorijalni-malonogometni-turnir-eugen-erjauc\/#primaryimage\"},\"image\":{\"@id\":\"https:\/\/likemetkovic.hr\/najava-veceras-pocinje-8-memorijalni-malonogometni-turnir-eugen-erjauc\/#primaryimage\"},\"thumbnailUrl\":\"https:\/\/likemetkovic.hr\/portal\/wp-content\/uploads\/2018\/06\/erjauc-eugen-turnir.jpg\",\"datePublished\":\"2018-07-02T13:39:52+00:00\",\"author\":{\"@id\":\"https:\/\/likemetkovic.hr\/#\/schema\/person\/a42711f3385a0e2be6f7e0443bfb28f0\"},\"breadcrumb\":{\"@id\":\"https:\/\/likemetkovic.hr\/najava-veceras-pocinje-8-memorijalni-malonogometni-turnir-eugen-erjauc\/#breadcrumb\"},\"inLanguage\":\"hr\",\"potentialAction\":[{\"@type\":\"ReadAction\",\"target\":[\"https:\/\/likemetkovic.hr\/najava-veceras-pocinje-8-memorijalni-malonogometni-turnir-eugen-erjauc\/\"]}]},{\"@type\":\"ImageObject\",\"inLanguage\":\"hr\",\"@id\":\"https:\/\/likemetkovic.hr\/najava-veceras-pocinje-8-memorijalni-malonogometni-turnir-eugen-erjauc\/#primaryimage\",\"url\":\"https:\/\/likemetkovic.hr\/portal\/wp-content\/uploads\/2018\/06\/erjauc-eugen-turnir.jpg\",\"contentUrl\":\"https:\/\/likemetkovic.hr\/portal\/wp-content\/uploads\/2018\/06\/erjauc-eugen-turnir.jpg\",\"width\":800,\"height\":533},{\"@type\":\"BreadcrumbList\",\"@id\":\"https:\/\/likemetkovic.hr\/najava-veceras-pocinje-8-memorijalni-malonogometni-turnir-eugen-erjauc\/#breadcrumb\",\"itemListElement\":[{\"@type\":\"ListItem\",\"position\":1,\"name\":\"Po\u010detna stranica\",\"item\":\"https:\/\/likemetkovic.hr\/portal\/\"},{\"@type\":\"ListItem\",\"position\":2,\"name\":\"NAJAVA Ve\u010deras po\u010dinje 8. Memorijalni malonogometni turnir &#8220;Eugen Erjauc&#8221;\"}]},{\"@type\":\"WebSite\",\"@id\":\"https:\/\/likemetkovic.hr\/#website\",\"url\":\"https:\/\/likemetkovic.hr\/\",\"name\":\"likemetkovic.hr\",\"description\":\"Misli pozitivno... \u010ditaj LIKE\",\"potentialAction\":[{\"@type\":\"SearchAction\",\"target\":{\"@type\":\"EntryPoint\",\"urlTemplate\":\"https:\/\/likemetkovic.hr\/?s={search_term_string}\"},\"query-input\":{\"@type\":\"PropertyValueSpecification\",\"valueRequired\":true,\"valueName\":\"search_term_string\"}}],\"inLanguage\":\"hr\"},{\"@type\":\"Person\",\"@id\":\"https:\/\/likemetkovic.hr\/#\/schema\/person\/a42711f3385a0e2be6f7e0443bfb28f0\",\"name\":\"LIKEmetkovic.hr\",\"sameAs\":[\"http:\/\/likemetkovic.hr\"],\"url\":\"https:\/\/likemetkovic.hr\/portal\/author\/likemetkovic-hr\/\"}]}<\/script>\n<!-- \/ Yoast SEO plugin. -->","yoast_head_json":{"title":"NAJAVA Ve\u010deras po\u010dinje 8. Memorijalni malonogometni turnir \"Eugen Erjauc\" - likemetkovic.hr","robots":{"index":"index","follow":"follow","max-snippet":"max-snippet:-1","max-image-preview":"max-image-preview:large","max-video-preview":"max-video-preview:-1"},"canonical":"https:\/\/likemetkovic.hr\/najava-veceras-pocinje-8-memorijalni-malonogometni-turnir-eugen-erjauc\/","og_locale":"hr_HR","og_type":"article","og_title":"NAJAVA Ve\u010deras po\u010dinje 8. Memorijalni malonogometni turnir \"Eugen Erjauc\" - likemetkovic.hr","og_description":"Ve\u010deras s po\u010detkom u 8 sati na igrali\u0161tu u Ora\u0161ini zapo\u010dinje 8. Memorijalni malonogometni turnir koji se igra u \u010dast poginuloga hrvatskoga branitelja Eugena Erjauca. Turnir \u0107e otvoriti zamjenica \u017eupana \u017daklina Marevi\u0107. Na turnir se prijavilo 20 ekipa koje su, nakon izvla\u010denja, podijeljene u \u010detiri skupine, i to: skupina A: Narona Rez Carpe Diem \u017dupa [&hellip;]","og_url":"https:\/\/likemetkovic.hr\/najava-veceras-pocinje-8-memorijalni-malonogometni-turnir-eugen-erjauc\/","og_site_name":"likemetkovic.hr","article_publisher":"https:\/\/www.facebook.com\/likemetkovic.hr\/","article_published_time":"2018-07-02T13:39:52+00:00","og_image":[{"width":800,"height":533,"url":"https:\/\/likemetkovic.hr\/wp-content\/uploads\/2018\/06\/erjauc-eugen-turnir.jpg","type":"image\/jpeg"}],"author":"LIKEmetkovic.hr","twitter_card":"summary_large_image","twitter_misc":{"Napisao\/la":"LIKEmetkovic.hr","Procijenjeno vrijeme \u010ditanja":"1 minuta"},"schema":{"@context":"https:\/\/schema.org","@graph":[{"@type":"WebPage","@id":"https:\/\/likemetkovic.hr\/najava-veceras-pocinje-8-memorijalni-malonogometni-turnir-eugen-erjauc\/","url":"https:\/\/likemetkovic.hr\/najava-veceras-pocinje-8-memorijalni-malonogometni-turnir-eugen-erjauc\/","name":"NAJAVA Ve\u010deras po\u010dinje 8. Memorijalni malonogometni turnir \"Eugen Erjauc\" - likemetkovic.hr","isPartOf":{"@id":"https:\/\/likemetkovic.hr\/#website"},"primaryImageOfPage":{"@id":"https:\/\/likemetkovic.hr\/najava-veceras-pocinje-8-memorijalni-malonogometni-turnir-eugen-erjauc\/#primaryimage"},"image":{"@id":"https:\/\/likemetkovic.hr\/najava-veceras-pocinje-8-memorijalni-malonogometni-turnir-eugen-erjauc\/#primaryimage"},"thumbnailUrl":"https:\/\/likemetkovic.hr\/portal\/wp-content\/uploads\/2018\/06\/erjauc-eugen-turnir.jpg","datePublished":"2018-07-02T13:39:52+00:00","author":{"@id":"https:\/\/likemetkovic.hr\/#\/schema\/person\/a42711f3385a0e2be6f7e0443bfb28f0"},"breadcrumb":{"@id":"https:\/\/likemetkovic.hr\/najava-veceras-pocinje-8-memorijalni-malonogometni-turnir-eugen-erjauc\/#breadcrumb"},"inLanguage":"hr","potentialAction":[{"@type":"ReadAction","target":["https:\/\/likemetkovic.hr\/najava-veceras-pocinje-8-memorijalni-malonogometni-turnir-eugen-erjauc\/"]}]},{"@type":"ImageObject","inLanguage":"hr","@id":"https:\/\/likemetkovic.hr\/najava-veceras-pocinje-8-memorijalni-malonogometni-turnir-eugen-erjauc\/#primaryimage","url":"https:\/\/likemetkovic.hr\/portal\/wp-content\/uploads\/2018\/06\/erjauc-eugen-turnir.jpg","contentUrl":"https:\/\/likemetkovic.hr\/portal\/wp-content\/uploads\/2018\/06\/erjauc-eugen-turnir.jpg","width":800,"height":533},{"@type":"BreadcrumbList","@id":"https:\/\/likemetkovic.hr\/najava-veceras-pocinje-8-memorijalni-malonogometni-turnir-eugen-erjauc\/#breadcrumb","itemListElement":[{"@type":"ListItem","position":1,"name":"Po\u010detna stranica","item":"https:\/\/likemetkovic.hr\/portal\/"},{"@type":"ListItem","position":2,"name":"NAJAVA Ve\u010deras po\u010dinje 8. Memorijalni malonogometni turnir &#8220;Eugen Erjauc&#8221;"}]},{"@type":"WebSite","@id":"https:\/\/likemetkovic.hr\/#website","url":"https:\/\/likemetkovic.hr\/","name":"likemetkovic.hr","description":"Misli pozitivno... \u010ditaj LIKE","potentialAction":[{"@type":"SearchAction","target":{"@type":"EntryPoint","urlTemplate":"https:\/\/likemetkovic.hr\/?s={search_term_string}"},"query-input":{"@type":"PropertyValueSpecification","valueRequired":true,"valueName":"search_term_string"}}],"inLanguage":"hr"},{"@type":"Person","@id":"https:\/\/likemetkovic.hr\/#\/schema\/person\/a42711f3385a0e2be6f7e0443bfb28f0","name":"LIKEmetkovic.hr","sameAs":["http:\/\/likemetkovic.hr"],"url":"https:\/\/likemetkovic.hr\/portal\/author\/likemetkovic-hr\/"}]}},"_links":{"self":[{"href":"https:\/\/likemetkovic.hr\/portal\/wp-json\/wp\/v2\/posts\/64481","targetHints":{"allow":["GET"]}}],"collection":[{"href":"https:\/\/likemetkovic.hr\/portal\/wp-json\/wp\/v2\/posts"}],"about":[{"href":"https:\/\/likemetkovic.hr\/portal\/wp-json\/wp\/v2\/types\/post"}],"author":[{"embeddable":true,"href":"https:\/\/likemetkovic.hr\/portal\/wp-json\/wp\/v2\/users\/7"}],"replies":[{"embeddable":true,"href":"https:\/\/likemetkovic.hr\/portal\/wp-json\/wp\/v2\/comments?post=64481"}],"version-history":[{"count":0,"href":"https:\/\/likemetkovic.hr\/portal\/wp-json\/wp\/v2\/posts\/64481\/revisions"}],"wp:featuredmedia":[{"embeddable":true,"href":"https:\/\/likemetkovic.hr\/portal\/wp-json\/wp\/v2\/media\/63874"}],"wp:attachment":[{"href":"https:\/\/likemetkovic.hr\/portal\/wp-json\/wp\/v2\/media?parent=64481"}],"wp:term":[{"taxonomy":"category","embeddable":true,"href":"https:\/\/likemetkovic.hr\/portal\/wp-json\/wp\/v2\/categories?post=64481"},{"taxonomy":"post_tag","embeddable":true,"href":"https:\/\/likemetkovic.hr\/portal\/wp-json\/wp\/v2\/tags?post=64481"}],"curies":[{"name":"wp","href":"https:\/\/api.w.org\/{rel}","templated":true}]}}