{"id":64548,"date":"2018-07-04T13:28:08","date_gmt":"2018-07-04T11:28:08","guid":{"rendered":"http:\/\/likemetkovic.hr\/?p=64548"},"modified":"2018-07-04T13:28:08","modified_gmt":"2018-07-04T11:28:08","slug":"masters-cup-dva-veterana-ivana-sabijan-i-erceg-osvojili-srebro-i-broncu","status":"publish","type":"post","link":"https:\/\/likemetkovic.hr\/portal\/masters-cup-dva-veterana-ivana-sabijan-i-erceg-osvojili-srebro-i-broncu\/","title":{"rendered":"MASTERS CUP Dva veterana Ivana, \u0160abijan i Erceg osvojili srebro i broncu"},"content":{"rendered":"<p>U kategoriji kanu samac <strong>Ivan \u0160abijan<\/strong> je osvojio srebrenu medalju, a <strong>Ivan Erceg<\/strong> broncu. Oni su sudjelovali u <em>Masters Cupu<\/em>\u00a0utrci veterana koja se vozila kao uvertira u <em>Europsko prvenstvo u kajak-kanu maratonu<\/em> \u010dije sve\u010dano <strong>otvaranje \u0107e biti ve\u010deras u 19 sati<\/strong> na Ljetnoj pozornici Gradskoga kulturnoga sredi\u0161ta u Metkovi\u0107u.<\/p>\n<p>Ve\u010deras se na otvaranju o\u010dekuju predsjednik Europske kajak-kanu federacije <strong>Albert Woods<\/strong>, potpredsjednik Sabora <strong>Bo\u017eo Petrov<\/strong>, zamjenica \u017eupana Dubrova\u010dko-neretvanskog <strong>\u017daklina Marevi\u0107<\/strong> i gradona\u010delnik grada doma\u0107ina <strong>Dalibor Milan, <\/strong>natjecatelji iz 25 zemalja\u00a0i drugi uzvanici.<\/p>\n<p>Najve\u0107i sportski doga\u0111aj u poviejsti u dolini Neretve <strong>po\u010dinje sutra startom utrka u 8 sati<\/strong> i trajat \u0107e do nedjelje, 8. srpnja. Utrke \u0107e se voziti u dva tremina: ujutro od 8 do 12 sati i popodne od 17 do 19 sati.<\/p>\n","protected":false},"excerpt":{"rendered":"<p>U kategoriji kanu samac Ivan \u0160abijan je osvojio srebrenu medalju, a Ivan Erceg broncu. Oni su sudjelovali u Masters Cupu\u00a0utrci veterana koja se vozila kao uvertira u Europsko prvenstvo u kajak-kanu maratonu \u010dije sve\u010dano otvaranje \u0107e biti ve\u010deras u 19 sati na Ljetnoj pozornici Gradskoga kulturnoga sredi\u0161ta u Metkovi\u0107u. Ve\u010deras se na otvaranju o\u010dekuju predsjednik [&hellip;]<\/p>\n","protected":false},"author":7,"featured_media":64546,"comment_status":"open","ping_status":"open","sticky":false,"template":"","format":"standard","meta":{"footnotes":""},"categories":[296,35],"tags":[3450,3451,3432],"class_list":{"0":"post-64548","1":"post","2":"type-post","3":"status-publish","4":"format-standard","5":"has-post-thumbnail","7":"category-ab","8":"category-veslanje","9":"tag-eurposko-prvenstvo-u-kajak-kanu-maratonu","10":"tag-ivan-sabijan","11":"tag-metkovic-2018"},"yoast_head":"<!-- This site is optimized with the Yoast SEO plugin v25.2 - https:\/\/yoast.com\/wordpress\/plugins\/seo\/ -->\n<title>MASTERS CUP Dva veterana Ivana, \u0160abijan i Erceg osvojili srebro i broncu - likemetkovic.hr<\/title>\n<meta name=\"robots\" content=\"index, follow, max-snippet:-1, max-image-preview:large, max-video-preview:-1\" \/>\n<link rel=\"canonical\" href=\"https:\/\/likemetkovic.hr\/masters-cup-dva-veterana-ivana-sabijan-i-erceg-osvojili-srebro-i-broncu\/\" \/>\n<meta property=\"og:locale\" content=\"hr_HR\" \/>\n<meta property=\"og:type\" content=\"article\" \/>\n<meta property=\"og:title\" content=\"MASTERS CUP Dva veterana Ivana, \u0160abijan i Erceg osvojili srebro i broncu - likemetkovic.hr\" \/>\n<meta property=\"og:description\" content=\"U kategoriji kanu samac Ivan \u0160abijan je osvojio srebrenu medalju, a Ivan Erceg broncu. Oni su sudjelovali u Masters Cupu\u00a0utrci veterana koja se vozila kao uvertira u Europsko prvenstvo u kajak-kanu maratonu \u010dije sve\u010dano otvaranje \u0107e biti ve\u010deras u 19 sati na Ljetnoj pozornici Gradskoga kulturnoga sredi\u0161ta u Metkovi\u0107u. Ve\u010deras se na otvaranju o\u010dekuju predsjednik [&hellip;]\" \/>\n<meta property=\"og:url\" content=\"https:\/\/likemetkovic.hr\/masters-cup-dva-veterana-ivana-sabijan-i-erceg-osvojili-srebro-i-broncu\/\" \/>\n<meta property=\"og:site_name\" content=\"likemetkovic.hr\" \/>\n<meta property=\"article:publisher\" content=\"https:\/\/www.facebook.com\/likemetkovic.hr\/\" \/>\n<meta property=\"article:published_time\" content=\"2018-07-04T11:28:08+00:00\" \/>\n<meta property=\"og:image\" content=\"https:\/\/likemetkovic.hr\/wp-content\/uploads\/2018\/07\/EP-kajak-kanu-veterani-12.jpg\" \/>\n\t<meta property=\"og:image:width\" content=\"800\" \/>\n\t<meta property=\"og:image:height\" content=\"534\" \/>\n\t<meta property=\"og:image:type\" content=\"image\/jpeg\" \/>\n<meta name=\"author\" content=\"LIKEmetkovic.hr\" \/>\n<meta name=\"twitter:card\" content=\"summary_large_image\" \/>\n<meta name=\"twitter:label1\" content=\"Napisao\/la\" \/>\n\t<meta name=\"twitter:data1\" content=\"LIKEmetkovic.hr\" \/>\n\t<meta name=\"twitter:label2\" content=\"Procijenjeno vrijeme \u010ditanja\" \/>\n\t<meta name=\"twitter:data2\" content=\"1 minuta\" \/>\n<script type=\"application\/ld+json\" class=\"yoast-schema-graph\">{\"@context\":\"https:\/\/schema.org\",\"@graph\":[{\"@type\":\"WebPage\",\"@id\":\"https:\/\/likemetkovic.hr\/masters-cup-dva-veterana-ivana-sabijan-i-erceg-osvojili-srebro-i-broncu\/\",\"url\":\"https:\/\/likemetkovic.hr\/masters-cup-dva-veterana-ivana-sabijan-i-erceg-osvojili-srebro-i-broncu\/\",\"name\":\"MASTERS CUP Dva veterana Ivana, \u0160abijan i Erceg osvojili srebro i broncu - likemetkovic.hr\",\"isPartOf\":{\"@id\":\"https:\/\/likemetkovic.hr\/#website\"},\"primaryImageOfPage\":{\"@id\":\"https:\/\/likemetkovic.hr\/masters-cup-dva-veterana-ivana-sabijan-i-erceg-osvojili-srebro-i-broncu\/#primaryimage\"},\"image\":{\"@id\":\"https:\/\/likemetkovic.hr\/masters-cup-dva-veterana-ivana-sabijan-i-erceg-osvojili-srebro-i-broncu\/#primaryimage\"},\"thumbnailUrl\":\"https:\/\/likemetkovic.hr\/portal\/wp-content\/uploads\/2018\/07\/EP-kajak-kanu-veterani-12.jpg\",\"datePublished\":\"2018-07-04T11:28:08+00:00\",\"author\":{\"@id\":\"https:\/\/likemetkovic.hr\/#\/schema\/person\/a42711f3385a0e2be6f7e0443bfb28f0\"},\"breadcrumb\":{\"@id\":\"https:\/\/likemetkovic.hr\/masters-cup-dva-veterana-ivana-sabijan-i-erceg-osvojili-srebro-i-broncu\/#breadcrumb\"},\"inLanguage\":\"hr\",\"potentialAction\":[{\"@type\":\"ReadAction\",\"target\":[\"https:\/\/likemetkovic.hr\/masters-cup-dva-veterana-ivana-sabijan-i-erceg-osvojili-srebro-i-broncu\/\"]}]},{\"@type\":\"ImageObject\",\"inLanguage\":\"hr\",\"@id\":\"https:\/\/likemetkovic.hr\/masters-cup-dva-veterana-ivana-sabijan-i-erceg-osvojili-srebro-i-broncu\/#primaryimage\",\"url\":\"https:\/\/likemetkovic.hr\/portal\/wp-content\/uploads\/2018\/07\/EP-kajak-kanu-veterani-12.jpg\",\"contentUrl\":\"https:\/\/likemetkovic.hr\/portal\/wp-content\/uploads\/2018\/07\/EP-kajak-kanu-veterani-12.jpg\",\"width\":800,\"height\":534},{\"@type\":\"BreadcrumbList\",\"@id\":\"https:\/\/likemetkovic.hr\/masters-cup-dva-veterana-ivana-sabijan-i-erceg-osvojili-srebro-i-broncu\/#breadcrumb\",\"itemListElement\":[{\"@type\":\"ListItem\",\"position\":1,\"name\":\"Po\u010detna stranica\",\"item\":\"https:\/\/likemetkovic.hr\/portal\/\"},{\"@type\":\"ListItem\",\"position\":2,\"name\":\"MASTERS CUP Dva veterana Ivana, \u0160abijan i Erceg osvojili srebro i broncu\"}]},{\"@type\":\"WebSite\",\"@id\":\"https:\/\/likemetkovic.hr\/#website\",\"url\":\"https:\/\/likemetkovic.hr\/\",\"name\":\"likemetkovic.hr\",\"description\":\"Misli pozitivno... \u010ditaj LIKE\",\"potentialAction\":[{\"@type\":\"SearchAction\",\"target\":{\"@type\":\"EntryPoint\",\"urlTemplate\":\"https:\/\/likemetkovic.hr\/?s={search_term_string}\"},\"query-input\":{\"@type\":\"PropertyValueSpecification\",\"valueRequired\":true,\"valueName\":\"search_term_string\"}}],\"inLanguage\":\"hr\"},{\"@type\":\"Person\",\"@id\":\"https:\/\/likemetkovic.hr\/#\/schema\/person\/a42711f3385a0e2be6f7e0443bfb28f0\",\"name\":\"LIKEmetkovic.hr\",\"sameAs\":[\"http:\/\/likemetkovic.hr\"],\"url\":\"https:\/\/likemetkovic.hr\/portal\/author\/likemetkovic-hr\/\"}]}<\/script>\n<!-- \/ Yoast SEO plugin. -->","yoast_head_json":{"title":"MASTERS CUP Dva veterana Ivana, \u0160abijan i Erceg osvojili srebro i broncu - likemetkovic.hr","robots":{"index":"index","follow":"follow","max-snippet":"max-snippet:-1","max-image-preview":"max-image-preview:large","max-video-preview":"max-video-preview:-1"},"canonical":"https:\/\/likemetkovic.hr\/masters-cup-dva-veterana-ivana-sabijan-i-erceg-osvojili-srebro-i-broncu\/","og_locale":"hr_HR","og_type":"article","og_title":"MASTERS CUP Dva veterana Ivana, \u0160abijan i Erceg osvojili srebro i broncu - likemetkovic.hr","og_description":"U kategoriji kanu samac Ivan \u0160abijan je osvojio srebrenu medalju, a Ivan Erceg broncu. Oni su sudjelovali u Masters Cupu\u00a0utrci veterana koja se vozila kao uvertira u Europsko prvenstvo u kajak-kanu maratonu \u010dije sve\u010dano otvaranje \u0107e biti ve\u010deras u 19 sati na Ljetnoj pozornici Gradskoga kulturnoga sredi\u0161ta u Metkovi\u0107u. Ve\u010deras se na otvaranju o\u010dekuju predsjednik [&hellip;]","og_url":"https:\/\/likemetkovic.hr\/masters-cup-dva-veterana-ivana-sabijan-i-erceg-osvojili-srebro-i-broncu\/","og_site_name":"likemetkovic.hr","article_publisher":"https:\/\/www.facebook.com\/likemetkovic.hr\/","article_published_time":"2018-07-04T11:28:08+00:00","og_image":[{"width":800,"height":534,"url":"https:\/\/likemetkovic.hr\/wp-content\/uploads\/2018\/07\/EP-kajak-kanu-veterani-12.jpg","type":"image\/jpeg"}],"author":"LIKEmetkovic.hr","twitter_card":"summary_large_image","twitter_misc":{"Napisao\/la":"LIKEmetkovic.hr","Procijenjeno vrijeme \u010ditanja":"1 minuta"},"schema":{"@context":"https:\/\/schema.org","@graph":[{"@type":"WebPage","@id":"https:\/\/likemetkovic.hr\/masters-cup-dva-veterana-ivana-sabijan-i-erceg-osvojili-srebro-i-broncu\/","url":"https:\/\/likemetkovic.hr\/masters-cup-dva-veterana-ivana-sabijan-i-erceg-osvojili-srebro-i-broncu\/","name":"MASTERS CUP Dva veterana Ivana, \u0160abijan i Erceg osvojili srebro i broncu - likemetkovic.hr","isPartOf":{"@id":"https:\/\/likemetkovic.hr\/#website"},"primaryImageOfPage":{"@id":"https:\/\/likemetkovic.hr\/masters-cup-dva-veterana-ivana-sabijan-i-erceg-osvojili-srebro-i-broncu\/#primaryimage"},"image":{"@id":"https:\/\/likemetkovic.hr\/masters-cup-dva-veterana-ivana-sabijan-i-erceg-osvojili-srebro-i-broncu\/#primaryimage"},"thumbnailUrl":"https:\/\/likemetkovic.hr\/portal\/wp-content\/uploads\/2018\/07\/EP-kajak-kanu-veterani-12.jpg","datePublished":"2018-07-04T11:28:08+00:00","author":{"@id":"https:\/\/likemetkovic.hr\/#\/schema\/person\/a42711f3385a0e2be6f7e0443bfb28f0"},"breadcrumb":{"@id":"https:\/\/likemetkovic.hr\/masters-cup-dva-veterana-ivana-sabijan-i-erceg-osvojili-srebro-i-broncu\/#breadcrumb"},"inLanguage":"hr","potentialAction":[{"@type":"ReadAction","target":["https:\/\/likemetkovic.hr\/masters-cup-dva-veterana-ivana-sabijan-i-erceg-osvojili-srebro-i-broncu\/"]}]},{"@type":"ImageObject","inLanguage":"hr","@id":"https:\/\/likemetkovic.hr\/masters-cup-dva-veterana-ivana-sabijan-i-erceg-osvojili-srebro-i-broncu\/#primaryimage","url":"https:\/\/likemetkovic.hr\/portal\/wp-content\/uploads\/2018\/07\/EP-kajak-kanu-veterani-12.jpg","contentUrl":"https:\/\/likemetkovic.hr\/portal\/wp-content\/uploads\/2018\/07\/EP-kajak-kanu-veterani-12.jpg","width":800,"height":534},{"@type":"BreadcrumbList","@id":"https:\/\/likemetkovic.hr\/masters-cup-dva-veterana-ivana-sabijan-i-erceg-osvojili-srebro-i-broncu\/#breadcrumb","itemListElement":[{"@type":"ListItem","position":1,"name":"Po\u010detna stranica","item":"https:\/\/likemetkovic.hr\/portal\/"},{"@type":"ListItem","position":2,"name":"MASTERS CUP Dva veterana Ivana, \u0160abijan i Erceg osvojili srebro i broncu"}]},{"@type":"WebSite","@id":"https:\/\/likemetkovic.hr\/#website","url":"https:\/\/likemetkovic.hr\/","name":"likemetkovic.hr","description":"Misli pozitivno... \u010ditaj LIKE","potentialAction":[{"@type":"SearchAction","target":{"@type":"EntryPoint","urlTemplate":"https:\/\/likemetkovic.hr\/?s={search_term_string}"},"query-input":{"@type":"PropertyValueSpecification","valueRequired":true,"valueName":"search_term_string"}}],"inLanguage":"hr"},{"@type":"Person","@id":"https:\/\/likemetkovic.hr\/#\/schema\/person\/a42711f3385a0e2be6f7e0443bfb28f0","name":"LIKEmetkovic.hr","sameAs":["http:\/\/likemetkovic.hr"],"url":"https:\/\/likemetkovic.hr\/portal\/author\/likemetkovic-hr\/"}]}},"_links":{"self":[{"href":"https:\/\/likemetkovic.hr\/portal\/wp-json\/wp\/v2\/posts\/64548","targetHints":{"allow":["GET"]}}],"collection":[{"href":"https:\/\/likemetkovic.hr\/portal\/wp-json\/wp\/v2\/posts"}],"about":[{"href":"https:\/\/likemetkovic.hr\/portal\/wp-json\/wp\/v2\/types\/post"}],"author":[{"embeddable":true,"href":"https:\/\/likemetkovic.hr\/portal\/wp-json\/wp\/v2\/users\/7"}],"replies":[{"embeddable":true,"href":"https:\/\/likemetkovic.hr\/portal\/wp-json\/wp\/v2\/comments?post=64548"}],"version-history":[{"count":0,"href":"https:\/\/likemetkovic.hr\/portal\/wp-json\/wp\/v2\/posts\/64548\/revisions"}],"wp:featuredmedia":[{"embeddable":true,"href":"https:\/\/likemetkovic.hr\/portal\/wp-json\/wp\/v2\/media\/64546"}],"wp:attachment":[{"href":"https:\/\/likemetkovic.hr\/portal\/wp-json\/wp\/v2\/media?parent=64548"}],"wp:term":[{"taxonomy":"category","embeddable":true,"href":"https:\/\/likemetkovic.hr\/portal\/wp-json\/wp\/v2\/categories?post=64548"},{"taxonomy":"post_tag","embeddable":true,"href":"https:\/\/likemetkovic.hr\/portal\/wp-json\/wp\/v2\/tags?post=64548"}],"curies":[{"name":"wp","href":"https:\/\/api.w.org\/{rel}","templated":true}]}}