{"id":64719,"date":"2018-07-06T09:10:56","date_gmt":"2018-07-06T07:10:56","guid":{"rendered":"http:\/\/likemetkovic.hr\/?p=64719"},"modified":"2018-07-06T09:12:16","modified_gmt":"2018-07-06T07:12:16","slug":"milan-kujundzic-projekt-dnevne-bolnice-u-metkovicu-kasni-zbog-greske-zupanije","status":"publish","type":"post","link":"https:\/\/likemetkovic.hr\/portal\/milan-kujundzic-projekt-dnevne-bolnice-u-metkovicu-kasni-zbog-greske-zupanije\/","title":{"rendered":"Grmoja: \u0160to je s Dnevnom bolnicom u Metkovi\u0107u? Kujund\u017ei\u0107: Kasni zbog gre\u0161ke \u017dupanije!"},"content":{"rendered":"<p>Ju\u010der je u Saboru zastupnik <strong>Nikola Grmoja<\/strong> upitao ministra zdravlja \u0161to je s projektom <strong>Dnevne bolnice u Metkovi\u0107u<\/strong> i kada \u0107e biti u funkciji. Pri tome ga je podsjetio na predizborno obe\u0107anje dano u vrijeme lokalnih izbora kada je tada\u0161njem kandidatu HDZ-a D. Milanu poslao pismo u kojem je tvrdio da je sve rije\u0161eno, od financiranja do medicinskog osoblja. Od tada je pro\u0161lo vi\u0161e od godinu dana, a od projekta jo\u0161 nema ni\u0161ta.<\/p>\n<p>Ministar <strong>Milan Kujund\u017ei\u0107<\/strong> je odgovorio da \u0107e bolnica biti, kao i ona u Zagvozdu, ali da je projekt Dnevne bolnice Metkovi\u0107 od strane Dubrova\u010dko-neretvanska \u017eupanije predimenzioniran i da je\u00a01800 kvadrata<sup>\u00a0<\/sup>prostora nepotrebno te se treba smanjiti na realnu mjeru. Zbog te <strong>gre\u0161ke od strane \u017dupanije cijeli projekt kasni<\/strong>, a trebao bi biti financiran iz sredstava EU-fondova. Ministar je ponovio da \u0107e metkovska Dnevna bolnica funkcionirati u sklopu OB Dubrovnik te \u0107e se na taj na\u010din rije\u0161iti problem lije\u010dnika i drugog medicinskog osoblja.<\/p>\n<p>Pretpostavljemo da financiranje, ako se kvalitetno napravi aplikacija na EU-fondove, ne bi trebao biti problem. <strong>Ali postavljamo pitanje lije\u010dnika<\/strong>. Kako \u0107e OB Dubrovnik osigurati lije\u010dni\u010dke timove za budu\u0107u Dnevnu bolnicu u Metkovi\u0107u kada i sama ima kroni\u010dni nedostatak specijalista i drugog medicinskog osoblja. <strong>OB Dubrovnik mjesecima ponavlja iste natje\u010daje<\/strong> na koje se nitko ne javlja, \u010dak se nude i dodatne pogodnosti za one lije\u010dnike koji \u017eele raditi u dubrova\u010dkoj bolnici.<\/p>\n<p>Razlog je jednostavan, <strong>Hrvatskoj nedostaje tisu\u0107e lije\u010dnika i medicinskog osoblja<\/strong>, osobito specijalista. Mladi lije\u010dnici su vrlo tra\u017eeni u bogatim europskim bolnicama, kod nas je prosje\u010dna dob lije\u010dnika sve starija i ubrzano odlaze u mirovinu. Zbog toga jedan dio lije\u010dnika iz Metkovi\u0107a odlazi dodatno raditi u OB Dubrovnik.<\/p>\n<p>Ipak, nadamo se da \u0107e projekt Dnevne bolnice Metkovi\u0107, koja bi u stari trebala biti svojevrsna poliklinika, dijagnosti\u010dki centar, a ne bolnica u pravom smislu rije\u010di, uspjeti jer je to potreba gra\u0111ana kojima su prve bolnice u Dubrovniku i Splitu.<\/p>\n<p>https:\/\/www.youtube.com\/watch?v=DkH93xNGkmI<\/p>\n<p>&nbsp;<\/p>\n<p>&nbsp;<\/p>\n","protected":false},"excerpt":{"rendered":"<p>Ju\u010der je u Saboru zastupnik Nikola Grmoja upitao ministra zdravlja \u0161to je s projektom Dnevne bolnice u Metkovi\u0107u i kada \u0107e biti u funkciji. Pri tome ga je podsjetio na predizborno obe\u0107anje dano u vrijeme lokalnih izbora kada je tada\u0161njem kandidatu HDZ-a D. Milanu poslao pismo u kojem je tvrdio da je sve rije\u0161eno, od [&hellip;]<\/p>\n","protected":false},"author":7,"featured_media":64721,"comment_status":"open","ping_status":"open","sticky":false,"template":"","format":"video","meta":{"footnotes":""},"categories":[283,11],"tags":[868,3458,321],"class_list":{"0":"post-64719","1":"post","2":"type-post","3":"status-publish","4":"format-video","5":"has-post-thumbnail","7":"category-a","8":"category-metkovic-dolina","9":"tag-dnevna-bolnica-metkovic","10":"tag-milan-kujundzic","11":"tag-nikola-grmoja","12":"post_format-post-format-video"},"yoast_head":"<!-- This site is optimized with the Yoast SEO plugin v25.2 - https:\/\/yoast.com\/wordpress\/plugins\/seo\/ -->\n<title>Grmoja: \u0160to je s Dnevnom bolnicom u Metkovi\u0107u? Kujund\u017ei\u0107: Kasni zbog gre\u0161ke \u017dupanije! - likemetkovic.hr<\/title>\n<meta name=\"robots\" content=\"index, follow, max-snippet:-1, max-image-preview:large, max-video-preview:-1\" \/>\n<link rel=\"canonical\" href=\"https:\/\/likemetkovic.hr\/milan-kujundzic-projekt-dnevne-bolnice-u-metkovicu-kasni-zbog-greske-zupanije\/\" \/>\n<meta property=\"og:locale\" content=\"hr_HR\" \/>\n<meta property=\"og:type\" content=\"article\" \/>\n<meta property=\"og:title\" content=\"Grmoja: \u0160to je s Dnevnom bolnicom u Metkovi\u0107u? Kujund\u017ei\u0107: Kasni zbog gre\u0161ke \u017dupanije! - likemetkovic.hr\" \/>\n<meta property=\"og:description\" content=\"Ju\u010der je u Saboru zastupnik Nikola Grmoja upitao ministra zdravlja \u0161to je s projektom Dnevne bolnice u Metkovi\u0107u i kada \u0107e biti u funkciji. Pri tome ga je podsjetio na predizborno obe\u0107anje dano u vrijeme lokalnih izbora kada je tada\u0161njem kandidatu HDZ-a D. Milanu poslao pismo u kojem je tvrdio da je sve rije\u0161eno, od [&hellip;]\" \/>\n<meta property=\"og:url\" content=\"https:\/\/likemetkovic.hr\/milan-kujundzic-projekt-dnevne-bolnice-u-metkovicu-kasni-zbog-greske-zupanije\/\" \/>\n<meta property=\"og:site_name\" content=\"likemetkovic.hr\" \/>\n<meta property=\"article:publisher\" content=\"https:\/\/www.facebook.com\/likemetkovic.hr\/\" \/>\n<meta property=\"article:published_time\" content=\"2018-07-06T07:10:56+00:00\" \/>\n<meta property=\"article:modified_time\" content=\"2018-07-06T07:12:16+00:00\" \/>\n<meta property=\"og:image\" content=\"https:\/\/likemetkovic.hr\/wp-content\/uploads\/2018\/07\/stari-sud-1.jpg\" \/>\n\t<meta property=\"og:image:width\" content=\"800\" \/>\n\t<meta property=\"og:image:height\" content=\"480\" \/>\n\t<meta property=\"og:image:type\" content=\"image\/jpeg\" \/>\n<meta name=\"author\" content=\"LIKEmetkovic.hr\" \/>\n<meta name=\"twitter:card\" content=\"summary_large_image\" \/>\n<meta name=\"twitter:label1\" content=\"Napisao\/la\" \/>\n\t<meta name=\"twitter:data1\" content=\"LIKEmetkovic.hr\" \/>\n\t<meta name=\"twitter:label2\" content=\"Procijenjeno vrijeme \u010ditanja\" \/>\n\t<meta name=\"twitter:data2\" content=\"2 minute\" \/>\n<script type=\"application\/ld+json\" class=\"yoast-schema-graph\">{\"@context\":\"https:\/\/schema.org\",\"@graph\":[{\"@type\":\"WebPage\",\"@id\":\"https:\/\/likemetkovic.hr\/milan-kujundzic-projekt-dnevne-bolnice-u-metkovicu-kasni-zbog-greske-zupanije\/\",\"url\":\"https:\/\/likemetkovic.hr\/milan-kujundzic-projekt-dnevne-bolnice-u-metkovicu-kasni-zbog-greske-zupanije\/\",\"name\":\"Grmoja: \u0160to je s Dnevnom bolnicom u Metkovi\u0107u? Kujund\u017ei\u0107: Kasni zbog gre\u0161ke \u017dupanije! - likemetkovic.hr\",\"isPartOf\":{\"@id\":\"https:\/\/likemetkovic.hr\/#website\"},\"primaryImageOfPage\":{\"@id\":\"https:\/\/likemetkovic.hr\/milan-kujundzic-projekt-dnevne-bolnice-u-metkovicu-kasni-zbog-greske-zupanije\/#primaryimage\"},\"image\":{\"@id\":\"https:\/\/likemetkovic.hr\/milan-kujundzic-projekt-dnevne-bolnice-u-metkovicu-kasni-zbog-greske-zupanije\/#primaryimage\"},\"thumbnailUrl\":\"https:\/\/likemetkovic.hr\/portal\/wp-content\/uploads\/2018\/07\/stari-sud-1.jpg\",\"datePublished\":\"2018-07-06T07:10:56+00:00\",\"dateModified\":\"2018-07-06T07:12:16+00:00\",\"author\":{\"@id\":\"https:\/\/likemetkovic.hr\/#\/schema\/person\/a42711f3385a0e2be6f7e0443bfb28f0\"},\"breadcrumb\":{\"@id\":\"https:\/\/likemetkovic.hr\/milan-kujundzic-projekt-dnevne-bolnice-u-metkovicu-kasni-zbog-greske-zupanije\/#breadcrumb\"},\"inLanguage\":\"hr\",\"potentialAction\":[{\"@type\":\"ReadAction\",\"target\":[\"https:\/\/likemetkovic.hr\/milan-kujundzic-projekt-dnevne-bolnice-u-metkovicu-kasni-zbog-greske-zupanije\/\"]}]},{\"@type\":\"ImageObject\",\"inLanguage\":\"hr\",\"@id\":\"https:\/\/likemetkovic.hr\/milan-kujundzic-projekt-dnevne-bolnice-u-metkovicu-kasni-zbog-greske-zupanije\/#primaryimage\",\"url\":\"https:\/\/likemetkovic.hr\/portal\/wp-content\/uploads\/2018\/07\/stari-sud-1.jpg\",\"contentUrl\":\"https:\/\/likemetkovic.hr\/portal\/wp-content\/uploads\/2018\/07\/stari-sud-1.jpg\",\"width\":800,\"height\":480},{\"@type\":\"BreadcrumbList\",\"@id\":\"https:\/\/likemetkovic.hr\/milan-kujundzic-projekt-dnevne-bolnice-u-metkovicu-kasni-zbog-greske-zupanije\/#breadcrumb\",\"itemListElement\":[{\"@type\":\"ListItem\",\"position\":1,\"name\":\"Po\u010detna stranica\",\"item\":\"https:\/\/likemetkovic.hr\/portal\/\"},{\"@type\":\"ListItem\",\"position\":2,\"name\":\"Grmoja: \u0160to je s Dnevnom bolnicom u Metkovi\u0107u? Kujund\u017ei\u0107: Kasni zbog gre\u0161ke \u017dupanije!\"}]},{\"@type\":\"WebSite\",\"@id\":\"https:\/\/likemetkovic.hr\/#website\",\"url\":\"https:\/\/likemetkovic.hr\/\",\"name\":\"likemetkovic.hr\",\"description\":\"Misli pozitivno... \u010ditaj LIKE\",\"potentialAction\":[{\"@type\":\"SearchAction\",\"target\":{\"@type\":\"EntryPoint\",\"urlTemplate\":\"https:\/\/likemetkovic.hr\/?s={search_term_string}\"},\"query-input\":{\"@type\":\"PropertyValueSpecification\",\"valueRequired\":true,\"valueName\":\"search_term_string\"}}],\"inLanguage\":\"hr\"},{\"@type\":\"Person\",\"@id\":\"https:\/\/likemetkovic.hr\/#\/schema\/person\/a42711f3385a0e2be6f7e0443bfb28f0\",\"name\":\"LIKEmetkovic.hr\",\"sameAs\":[\"http:\/\/likemetkovic.hr\"],\"url\":\"https:\/\/likemetkovic.hr\/portal\/author\/likemetkovic-hr\/\"}]}<\/script>\n<!-- \/ Yoast SEO plugin. -->","yoast_head_json":{"title":"Grmoja: \u0160to je s Dnevnom bolnicom u Metkovi\u0107u? Kujund\u017ei\u0107: Kasni zbog gre\u0161ke \u017dupanije! - likemetkovic.hr","robots":{"index":"index","follow":"follow","max-snippet":"max-snippet:-1","max-image-preview":"max-image-preview:large","max-video-preview":"max-video-preview:-1"},"canonical":"https:\/\/likemetkovic.hr\/milan-kujundzic-projekt-dnevne-bolnice-u-metkovicu-kasni-zbog-greske-zupanije\/","og_locale":"hr_HR","og_type":"article","og_title":"Grmoja: \u0160to je s Dnevnom bolnicom u Metkovi\u0107u? Kujund\u017ei\u0107: Kasni zbog gre\u0161ke \u017dupanije! - likemetkovic.hr","og_description":"Ju\u010der je u Saboru zastupnik Nikola Grmoja upitao ministra zdravlja \u0161to je s projektom Dnevne bolnice u Metkovi\u0107u i kada \u0107e biti u funkciji. Pri tome ga je podsjetio na predizborno obe\u0107anje dano u vrijeme lokalnih izbora kada je tada\u0161njem kandidatu HDZ-a D. Milanu poslao pismo u kojem je tvrdio da je sve rije\u0161eno, od [&hellip;]","og_url":"https:\/\/likemetkovic.hr\/milan-kujundzic-projekt-dnevne-bolnice-u-metkovicu-kasni-zbog-greske-zupanije\/","og_site_name":"likemetkovic.hr","article_publisher":"https:\/\/www.facebook.com\/likemetkovic.hr\/","article_published_time":"2018-07-06T07:10:56+00:00","article_modified_time":"2018-07-06T07:12:16+00:00","og_image":[{"width":800,"height":480,"url":"https:\/\/likemetkovic.hr\/wp-content\/uploads\/2018\/07\/stari-sud-1.jpg","type":"image\/jpeg"}],"author":"LIKEmetkovic.hr","twitter_card":"summary_large_image","twitter_misc":{"Napisao\/la":"LIKEmetkovic.hr","Procijenjeno vrijeme \u010ditanja":"2 minute"},"schema":{"@context":"https:\/\/schema.org","@graph":[{"@type":"WebPage","@id":"https:\/\/likemetkovic.hr\/milan-kujundzic-projekt-dnevne-bolnice-u-metkovicu-kasni-zbog-greske-zupanije\/","url":"https:\/\/likemetkovic.hr\/milan-kujundzic-projekt-dnevne-bolnice-u-metkovicu-kasni-zbog-greske-zupanije\/","name":"Grmoja: \u0160to je s Dnevnom bolnicom u Metkovi\u0107u? Kujund\u017ei\u0107: Kasni zbog gre\u0161ke \u017dupanije! - likemetkovic.hr","isPartOf":{"@id":"https:\/\/likemetkovic.hr\/#website"},"primaryImageOfPage":{"@id":"https:\/\/likemetkovic.hr\/milan-kujundzic-projekt-dnevne-bolnice-u-metkovicu-kasni-zbog-greske-zupanije\/#primaryimage"},"image":{"@id":"https:\/\/likemetkovic.hr\/milan-kujundzic-projekt-dnevne-bolnice-u-metkovicu-kasni-zbog-greske-zupanije\/#primaryimage"},"thumbnailUrl":"https:\/\/likemetkovic.hr\/portal\/wp-content\/uploads\/2018\/07\/stari-sud-1.jpg","datePublished":"2018-07-06T07:10:56+00:00","dateModified":"2018-07-06T07:12:16+00:00","author":{"@id":"https:\/\/likemetkovic.hr\/#\/schema\/person\/a42711f3385a0e2be6f7e0443bfb28f0"},"breadcrumb":{"@id":"https:\/\/likemetkovic.hr\/milan-kujundzic-projekt-dnevne-bolnice-u-metkovicu-kasni-zbog-greske-zupanije\/#breadcrumb"},"inLanguage":"hr","potentialAction":[{"@type":"ReadAction","target":["https:\/\/likemetkovic.hr\/milan-kujundzic-projekt-dnevne-bolnice-u-metkovicu-kasni-zbog-greske-zupanije\/"]}]},{"@type":"ImageObject","inLanguage":"hr","@id":"https:\/\/likemetkovic.hr\/milan-kujundzic-projekt-dnevne-bolnice-u-metkovicu-kasni-zbog-greske-zupanije\/#primaryimage","url":"https:\/\/likemetkovic.hr\/portal\/wp-content\/uploads\/2018\/07\/stari-sud-1.jpg","contentUrl":"https:\/\/likemetkovic.hr\/portal\/wp-content\/uploads\/2018\/07\/stari-sud-1.jpg","width":800,"height":480},{"@type":"BreadcrumbList","@id":"https:\/\/likemetkovic.hr\/milan-kujundzic-projekt-dnevne-bolnice-u-metkovicu-kasni-zbog-greske-zupanije\/#breadcrumb","itemListElement":[{"@type":"ListItem","position":1,"name":"Po\u010detna stranica","item":"https:\/\/likemetkovic.hr\/portal\/"},{"@type":"ListItem","position":2,"name":"Grmoja: \u0160to je s Dnevnom bolnicom u Metkovi\u0107u? Kujund\u017ei\u0107: Kasni zbog gre\u0161ke \u017dupanije!"}]},{"@type":"WebSite","@id":"https:\/\/likemetkovic.hr\/#website","url":"https:\/\/likemetkovic.hr\/","name":"likemetkovic.hr","description":"Misli pozitivno... \u010ditaj LIKE","potentialAction":[{"@type":"SearchAction","target":{"@type":"EntryPoint","urlTemplate":"https:\/\/likemetkovic.hr\/?s={search_term_string}"},"query-input":{"@type":"PropertyValueSpecification","valueRequired":true,"valueName":"search_term_string"}}],"inLanguage":"hr"},{"@type":"Person","@id":"https:\/\/likemetkovic.hr\/#\/schema\/person\/a42711f3385a0e2be6f7e0443bfb28f0","name":"LIKEmetkovic.hr","sameAs":["http:\/\/likemetkovic.hr"],"url":"https:\/\/likemetkovic.hr\/portal\/author\/likemetkovic-hr\/"}]}},"_links":{"self":[{"href":"https:\/\/likemetkovic.hr\/portal\/wp-json\/wp\/v2\/posts\/64719","targetHints":{"allow":["GET"]}}],"collection":[{"href":"https:\/\/likemetkovic.hr\/portal\/wp-json\/wp\/v2\/posts"}],"about":[{"href":"https:\/\/likemetkovic.hr\/portal\/wp-json\/wp\/v2\/types\/post"}],"author":[{"embeddable":true,"href":"https:\/\/likemetkovic.hr\/portal\/wp-json\/wp\/v2\/users\/7"}],"replies":[{"embeddable":true,"href":"https:\/\/likemetkovic.hr\/portal\/wp-json\/wp\/v2\/comments?post=64719"}],"version-history":[{"count":0,"href":"https:\/\/likemetkovic.hr\/portal\/wp-json\/wp\/v2\/posts\/64719\/revisions"}],"wp:featuredmedia":[{"embeddable":true,"href":"https:\/\/likemetkovic.hr\/portal\/wp-json\/wp\/v2\/media\/64721"}],"wp:attachment":[{"href":"https:\/\/likemetkovic.hr\/portal\/wp-json\/wp\/v2\/media?parent=64719"}],"wp:term":[{"taxonomy":"category","embeddable":true,"href":"https:\/\/likemetkovic.hr\/portal\/wp-json\/wp\/v2\/categories?post=64719"},{"taxonomy":"post_tag","embeddable":true,"href":"https:\/\/likemetkovic.hr\/portal\/wp-json\/wp\/v2\/tags?post=64719"}],"curies":[{"name":"wp","href":"https:\/\/api.w.org\/{rel}","templated":true}]}}