{"id":64890,"date":"2018-07-09T07:19:33","date_gmt":"2018-07-09T05:19:33","guid":{"rendered":"http:\/\/likemetkovic.hr\/?p=64890"},"modified":"2018-07-08T19:30:42","modified_gmt":"2018-07-08T17:30:42","slug":"saborski-zastupnik-tomislav-panenic-razgovarao-s-poljoprivrednicima-o-problemima-otkupa","status":"publish","type":"post","link":"https:\/\/likemetkovic.hr\/portal\/saborski-zastupnik-tomislav-panenic-razgovarao-s-poljoprivrednicima-o-problemima-otkupa\/","title":{"rendered":"Tomislav Paneni\u0107: Svake godine situacija je sve te\u017ea za doma\u0107e poljoprivrednike!"},"content":{"rendered":"<p>Predsjednik saborskog Odbora za poljoprivredu<strong> Tomislav Paneni\u0107, <\/strong>saborski zastupnik Mosta NL, posjetio je danas dolinu Neretve, obi\u0161ao imanja neretvanskih poljoprivrednika i upoznao se s njihovim problemima.<\/p>\n<p><img decoding=\"async\" class=\"wp-image-64891 alignleft\" src=\"http:\/\/likemetkovic.hr\/wp-content\/uploads\/2018\/07\/Paneni\u0107-Neretva-02.jpg\" alt=\"\" width=\"336\" height=\"189\" srcset=\"https:\/\/likemetkovic.hr\/portal\/wp-content\/uploads\/2018\/07\/Paneni\u0107-Neretva-02.jpg 800w, https:\/\/likemetkovic.hr\/portal\/wp-content\/uploads\/2018\/07\/Paneni\u0107-Neretva-02-768x432.jpg 768w, https:\/\/likemetkovic.hr\/portal\/wp-content\/uploads\/2018\/07\/Paneni\u0107-Neretva-02-696x392.jpg 696w, https:\/\/likemetkovic.hr\/portal\/wp-content\/uploads\/2018\/07\/Paneni\u0107-Neretva-02-747x420.jpg 747w\" sizes=\"(max-width: 336px) 100vw, 336px\" \/>Saborski zastupnik <strong>Paneni\u0107<\/strong> u dolinu Neretve do\u0161ao je ponukan problemima poljoprivrednika zbog niske otkupne cijene lubenica.<\/p>\n<p><em>&#8211; Otkupna cijena lubenica spustila se ve\u0107 na po\u010detku sezone na svega 70 lipa po kilogramu, a to je zaista ispod svake razine prihvatljivosti. Prema onome \u0161to sam vidio na terenu, te\u0161ko je na taj na\u010din parirati stranoj uvoznoj robi koja je preplavila tr\u017ei\u0161te. Svake godine situacija je sve te\u017ea za doma\u0107e poljoprivrednike i uvijek se suo\u010davamo s istim problemima, ne samo za lubenice, kojima je sad sezona, nego i za drugo vo\u0107e,<\/em> istaknuo je predsjednik Odbora za poljoprivredu.<\/p>\n<p>Doma\u0107in njegovog posjeta bio je saborski zastupnik Mosta<strong> Nikola Grmoja\u00a0<\/strong>koji je sa saborskim zastupnikom Paneni\u0107em obi\u0161ao poljoprivredna imanja u dolini Neretve.<\/p>\n<p><em><img decoding=\"async\" class=\"wp-image-64892 alignleft\" src=\"http:\/\/likemetkovic.hr\/wp-content\/uploads\/2018\/07\/Paneni\u0107-Neretva.jpg\" alt=\"\" width=\"320\" height=\"180\" srcset=\"https:\/\/likemetkovic.hr\/portal\/wp-content\/uploads\/2018\/07\/Paneni\u0107-Neretva.jpg 800w, https:\/\/likemetkovic.hr\/portal\/wp-content\/uploads\/2018\/07\/Paneni\u0107-Neretva-768x432.jpg 768w, https:\/\/likemetkovic.hr\/portal\/wp-content\/uploads\/2018\/07\/Paneni\u0107-Neretva-696x392.jpg 696w, https:\/\/likemetkovic.hr\/portal\/wp-content\/uploads\/2018\/07\/Paneni\u0107-Neretva-747x420.jpg 747w\" sizes=\"(max-width: 320px) 100vw, 320px\" \/>&#8211;\u00a0 Poljoprivrednici su na mukama, jednostavno je prete\u0161ko boriti se s uvozom, nameti su veliki, radna snaga upitna, a otkupna cijena toliko niska. Most je u svom Pokretu ostanka kao jednu od izuzetno va\u017enih inicijativa uzeo poljoprivredu, posebno se osvrnuv\u0161i na problem raspolaganja poljoprivrednim zemlji\u0161tem i problem jeftinije uvozne robe<\/em> &#8211; dodao je <strong>Grmoja.<\/strong><\/p>\n","protected":false},"excerpt":{"rendered":"<p>Predsjednik saborskog Odbora za poljoprivredu Tomislav Paneni\u0107, saborski zastupnik Mosta NL, posjetio je danas dolinu Neretve, obi\u0161ao imanja neretvanskih poljoprivrednika i upoznao se s njihovim problemima. Saborski zastupnik Paneni\u0107 u dolinu Neretve do\u0161ao je ponukan problemima poljoprivrednika zbog niske otkupne cijene lubenica. &#8211; Otkupna cijena lubenica spustila se ve\u0107 na po\u010detku sezone na svega 70 [&hellip;]<\/p>\n","protected":false},"author":7,"featured_media":64891,"comment_status":"open","ping_status":"open","sticky":false,"template":"","format":"standard","meta":{"footnotes":""},"categories":[283,290],"tags":[420,793,321,341,3473],"class_list":{"0":"post-64890","1":"post","2":"type-post","3":"status-publish","4":"format-standard","5":"has-post-thumbnail","7":"category-a","8":"category-politika","9":"tag-dolina-neretve","10":"tag-most-nl","11":"tag-nikola-grmoja","12":"tag-poljoprivreda","13":"tag-tomislav-panenic"},"yoast_head":"<!-- This site is optimized with the Yoast SEO plugin v25.2 - https:\/\/yoast.com\/wordpress\/plugins\/seo\/ -->\n<title>Tomislav Paneni\u0107: Svake godine situacija je sve te\u017ea za doma\u0107e poljoprivrednike! - likemetkovic.hr<\/title>\n<meta name=\"description\" content=\"Predsjednik saborskog Odbora za poljoprivredu Tomislav Paneni\u0107, saborski zastupnik Mosta NL, posjetio je danas dolinu Neretve, obi\u0161ao imanja neretvanskih poljoprivrednika i upoznao se s njihovim problemima.\u00a0\" \/>\n<meta name=\"robots\" content=\"index, follow, max-snippet:-1, max-image-preview:large, max-video-preview:-1\" \/>\n<link rel=\"canonical\" href=\"https:\/\/likemetkovic.hr\/saborski-zastupnik-tomislav-panenic-razgovarao-s-poljoprivrednicima-o-problemima-otkupa\/\" \/>\n<meta property=\"og:locale\" content=\"hr_HR\" \/>\n<meta property=\"og:type\" content=\"article\" \/>\n<meta property=\"og:title\" content=\"Tomislav Paneni\u0107: Svake godine situacija je sve te\u017ea za doma\u0107e poljoprivrednike! - likemetkovic.hr\" \/>\n<meta property=\"og:description\" content=\"Predsjednik saborskog Odbora za poljoprivredu Tomislav Paneni\u0107, saborski zastupnik Mosta NL, posjetio je danas dolinu Neretve, obi\u0161ao imanja neretvanskih poljoprivrednika i upoznao se s njihovim problemima.\u00a0\" \/>\n<meta property=\"og:url\" content=\"https:\/\/likemetkovic.hr\/saborski-zastupnik-tomislav-panenic-razgovarao-s-poljoprivrednicima-o-problemima-otkupa\/\" \/>\n<meta property=\"og:site_name\" content=\"likemetkovic.hr\" \/>\n<meta property=\"article:publisher\" content=\"https:\/\/www.facebook.com\/likemetkovic.hr\/\" \/>\n<meta property=\"article:published_time\" content=\"2018-07-09T05:19:33+00:00\" \/>\n<meta property=\"og:image\" content=\"https:\/\/likemetkovic.hr\/wp-content\/uploads\/2018\/07\/Paneni\u0107-Neretva-02.jpg\" \/>\n\t<meta property=\"og:image:width\" content=\"800\" \/>\n\t<meta property=\"og:image:height\" content=\"450\" \/>\n\t<meta property=\"og:image:type\" content=\"image\/jpeg\" \/>\n<meta name=\"author\" content=\"LIKEmetkovic.hr\" \/>\n<meta name=\"twitter:card\" content=\"summary_large_image\" \/>\n<meta name=\"twitter:label1\" content=\"Napisao\/la\" \/>\n\t<meta name=\"twitter:data1\" content=\"LIKEmetkovic.hr\" \/>\n\t<meta name=\"twitter:label2\" content=\"Procijenjeno vrijeme \u010ditanja\" \/>\n\t<meta name=\"twitter:data2\" content=\"1 minuta\" \/>\n<script type=\"application\/ld+json\" class=\"yoast-schema-graph\">{\"@context\":\"https:\/\/schema.org\",\"@graph\":[{\"@type\":\"WebPage\",\"@id\":\"https:\/\/likemetkovic.hr\/saborski-zastupnik-tomislav-panenic-razgovarao-s-poljoprivrednicima-o-problemima-otkupa\/\",\"url\":\"https:\/\/likemetkovic.hr\/saborski-zastupnik-tomislav-panenic-razgovarao-s-poljoprivrednicima-o-problemima-otkupa\/\",\"name\":\"Tomislav Paneni\u0107: Svake godine situacija je sve te\u017ea za doma\u0107e poljoprivrednike! - likemetkovic.hr\",\"isPartOf\":{\"@id\":\"https:\/\/likemetkovic.hr\/#website\"},\"primaryImageOfPage\":{\"@id\":\"https:\/\/likemetkovic.hr\/saborski-zastupnik-tomislav-panenic-razgovarao-s-poljoprivrednicima-o-problemima-otkupa\/#primaryimage\"},\"image\":{\"@id\":\"https:\/\/likemetkovic.hr\/saborski-zastupnik-tomislav-panenic-razgovarao-s-poljoprivrednicima-o-problemima-otkupa\/#primaryimage\"},\"thumbnailUrl\":\"https:\/\/likemetkovic.hr\/portal\/wp-content\/uploads\/2018\/07\/Paneni\u0107-Neretva-02.jpg\",\"datePublished\":\"2018-07-09T05:19:33+00:00\",\"author\":{\"@id\":\"https:\/\/likemetkovic.hr\/#\/schema\/person\/a42711f3385a0e2be6f7e0443bfb28f0\"},\"description\":\"Predsjednik saborskog Odbora za poljoprivredu Tomislav Paneni\u0107, saborski zastupnik Mosta NL, posjetio je danas dolinu Neretve, obi\u0161ao imanja neretvanskih poljoprivrednika i upoznao se s njihovim problemima.\u00a0\",\"breadcrumb\":{\"@id\":\"https:\/\/likemetkovic.hr\/saborski-zastupnik-tomislav-panenic-razgovarao-s-poljoprivrednicima-o-problemima-otkupa\/#breadcrumb\"},\"inLanguage\":\"hr\",\"potentialAction\":[{\"@type\":\"ReadAction\",\"target\":[\"https:\/\/likemetkovic.hr\/saborski-zastupnik-tomislav-panenic-razgovarao-s-poljoprivrednicima-o-problemima-otkupa\/\"]}]},{\"@type\":\"ImageObject\",\"inLanguage\":\"hr\",\"@id\":\"https:\/\/likemetkovic.hr\/saborski-zastupnik-tomislav-panenic-razgovarao-s-poljoprivrednicima-o-problemima-otkupa\/#primaryimage\",\"url\":\"https:\/\/likemetkovic.hr\/portal\/wp-content\/uploads\/2018\/07\/Paneni\u0107-Neretva-02.jpg\",\"contentUrl\":\"https:\/\/likemetkovic.hr\/portal\/wp-content\/uploads\/2018\/07\/Paneni\u0107-Neretva-02.jpg\",\"width\":800,\"height\":450},{\"@type\":\"BreadcrumbList\",\"@id\":\"https:\/\/likemetkovic.hr\/saborski-zastupnik-tomislav-panenic-razgovarao-s-poljoprivrednicima-o-problemima-otkupa\/#breadcrumb\",\"itemListElement\":[{\"@type\":\"ListItem\",\"position\":1,\"name\":\"Po\u010detna stranica\",\"item\":\"https:\/\/likemetkovic.hr\/portal\/\"},{\"@type\":\"ListItem\",\"position\":2,\"name\":\"Tomislav Paneni\u0107: Svake godine situacija je sve te\u017ea za doma\u0107e poljoprivrednike!\"}]},{\"@type\":\"WebSite\",\"@id\":\"https:\/\/likemetkovic.hr\/#website\",\"url\":\"https:\/\/likemetkovic.hr\/\",\"name\":\"likemetkovic.hr\",\"description\":\"Misli pozitivno... \u010ditaj LIKE\",\"potentialAction\":[{\"@type\":\"SearchAction\",\"target\":{\"@type\":\"EntryPoint\",\"urlTemplate\":\"https:\/\/likemetkovic.hr\/?s={search_term_string}\"},\"query-input\":{\"@type\":\"PropertyValueSpecification\",\"valueRequired\":true,\"valueName\":\"search_term_string\"}}],\"inLanguage\":\"hr\"},{\"@type\":\"Person\",\"@id\":\"https:\/\/likemetkovic.hr\/#\/schema\/person\/a42711f3385a0e2be6f7e0443bfb28f0\",\"name\":\"LIKEmetkovic.hr\",\"sameAs\":[\"http:\/\/likemetkovic.hr\"],\"url\":\"https:\/\/likemetkovic.hr\/portal\/author\/likemetkovic-hr\/\"}]}<\/script>\n<!-- \/ Yoast SEO plugin. -->","yoast_head_json":{"title":"Tomislav Paneni\u0107: Svake godine situacija je sve te\u017ea za doma\u0107e poljoprivrednike! - likemetkovic.hr","description":"Predsjednik saborskog Odbora za poljoprivredu Tomislav Paneni\u0107, saborski zastupnik Mosta NL, posjetio je danas dolinu Neretve, obi\u0161ao imanja neretvanskih poljoprivrednika i upoznao se s njihovim problemima.\u00a0","robots":{"index":"index","follow":"follow","max-snippet":"max-snippet:-1","max-image-preview":"max-image-preview:large","max-video-preview":"max-video-preview:-1"},"canonical":"https:\/\/likemetkovic.hr\/saborski-zastupnik-tomislav-panenic-razgovarao-s-poljoprivrednicima-o-problemima-otkupa\/","og_locale":"hr_HR","og_type":"article","og_title":"Tomislav Paneni\u0107: Svake godine situacija je sve te\u017ea za doma\u0107e poljoprivrednike! - likemetkovic.hr","og_description":"Predsjednik saborskog Odbora za poljoprivredu Tomislav Paneni\u0107, saborski zastupnik Mosta NL, posjetio je danas dolinu Neretve, obi\u0161ao imanja neretvanskih poljoprivrednika i upoznao se s njihovim problemima.\u00a0","og_url":"https:\/\/likemetkovic.hr\/saborski-zastupnik-tomislav-panenic-razgovarao-s-poljoprivrednicima-o-problemima-otkupa\/","og_site_name":"likemetkovic.hr","article_publisher":"https:\/\/www.facebook.com\/likemetkovic.hr\/","article_published_time":"2018-07-09T05:19:33+00:00","og_image":[{"width":800,"height":450,"url":"https:\/\/likemetkovic.hr\/wp-content\/uploads\/2018\/07\/Paneni\u0107-Neretva-02.jpg","type":"image\/jpeg"}],"author":"LIKEmetkovic.hr","twitter_card":"summary_large_image","twitter_misc":{"Napisao\/la":"LIKEmetkovic.hr","Procijenjeno vrijeme \u010ditanja":"1 minuta"},"schema":{"@context":"https:\/\/schema.org","@graph":[{"@type":"WebPage","@id":"https:\/\/likemetkovic.hr\/saborski-zastupnik-tomislav-panenic-razgovarao-s-poljoprivrednicima-o-problemima-otkupa\/","url":"https:\/\/likemetkovic.hr\/saborski-zastupnik-tomislav-panenic-razgovarao-s-poljoprivrednicima-o-problemima-otkupa\/","name":"Tomislav Paneni\u0107: Svake godine situacija je sve te\u017ea za doma\u0107e poljoprivrednike! - likemetkovic.hr","isPartOf":{"@id":"https:\/\/likemetkovic.hr\/#website"},"primaryImageOfPage":{"@id":"https:\/\/likemetkovic.hr\/saborski-zastupnik-tomislav-panenic-razgovarao-s-poljoprivrednicima-o-problemima-otkupa\/#primaryimage"},"image":{"@id":"https:\/\/likemetkovic.hr\/saborski-zastupnik-tomislav-panenic-razgovarao-s-poljoprivrednicima-o-problemima-otkupa\/#primaryimage"},"thumbnailUrl":"https:\/\/likemetkovic.hr\/portal\/wp-content\/uploads\/2018\/07\/Paneni\u0107-Neretva-02.jpg","datePublished":"2018-07-09T05:19:33+00:00","author":{"@id":"https:\/\/likemetkovic.hr\/#\/schema\/person\/a42711f3385a0e2be6f7e0443bfb28f0"},"description":"Predsjednik saborskog Odbora za poljoprivredu Tomislav Paneni\u0107, saborski zastupnik Mosta NL, posjetio je danas dolinu Neretve, obi\u0161ao imanja neretvanskih poljoprivrednika i upoznao se s njihovim problemima.\u00a0","breadcrumb":{"@id":"https:\/\/likemetkovic.hr\/saborski-zastupnik-tomislav-panenic-razgovarao-s-poljoprivrednicima-o-problemima-otkupa\/#breadcrumb"},"inLanguage":"hr","potentialAction":[{"@type":"ReadAction","target":["https:\/\/likemetkovic.hr\/saborski-zastupnik-tomislav-panenic-razgovarao-s-poljoprivrednicima-o-problemima-otkupa\/"]}]},{"@type":"ImageObject","inLanguage":"hr","@id":"https:\/\/likemetkovic.hr\/saborski-zastupnik-tomislav-panenic-razgovarao-s-poljoprivrednicima-o-problemima-otkupa\/#primaryimage","url":"https:\/\/likemetkovic.hr\/portal\/wp-content\/uploads\/2018\/07\/Paneni\u0107-Neretva-02.jpg","contentUrl":"https:\/\/likemetkovic.hr\/portal\/wp-content\/uploads\/2018\/07\/Paneni\u0107-Neretva-02.jpg","width":800,"height":450},{"@type":"BreadcrumbList","@id":"https:\/\/likemetkovic.hr\/saborski-zastupnik-tomislav-panenic-razgovarao-s-poljoprivrednicima-o-problemima-otkupa\/#breadcrumb","itemListElement":[{"@type":"ListItem","position":1,"name":"Po\u010detna stranica","item":"https:\/\/likemetkovic.hr\/portal\/"},{"@type":"ListItem","position":2,"name":"Tomislav Paneni\u0107: Svake godine situacija je sve te\u017ea za doma\u0107e poljoprivrednike!"}]},{"@type":"WebSite","@id":"https:\/\/likemetkovic.hr\/#website","url":"https:\/\/likemetkovic.hr\/","name":"likemetkovic.hr","description":"Misli pozitivno... \u010ditaj LIKE","potentialAction":[{"@type":"SearchAction","target":{"@type":"EntryPoint","urlTemplate":"https:\/\/likemetkovic.hr\/?s={search_term_string}"},"query-input":{"@type":"PropertyValueSpecification","valueRequired":true,"valueName":"search_term_string"}}],"inLanguage":"hr"},{"@type":"Person","@id":"https:\/\/likemetkovic.hr\/#\/schema\/person\/a42711f3385a0e2be6f7e0443bfb28f0","name":"LIKEmetkovic.hr","sameAs":["http:\/\/likemetkovic.hr"],"url":"https:\/\/likemetkovic.hr\/portal\/author\/likemetkovic-hr\/"}]}},"_links":{"self":[{"href":"https:\/\/likemetkovic.hr\/portal\/wp-json\/wp\/v2\/posts\/64890","targetHints":{"allow":["GET"]}}],"collection":[{"href":"https:\/\/likemetkovic.hr\/portal\/wp-json\/wp\/v2\/posts"}],"about":[{"href":"https:\/\/likemetkovic.hr\/portal\/wp-json\/wp\/v2\/types\/post"}],"author":[{"embeddable":true,"href":"https:\/\/likemetkovic.hr\/portal\/wp-json\/wp\/v2\/users\/7"}],"replies":[{"embeddable":true,"href":"https:\/\/likemetkovic.hr\/portal\/wp-json\/wp\/v2\/comments?post=64890"}],"version-history":[{"count":0,"href":"https:\/\/likemetkovic.hr\/portal\/wp-json\/wp\/v2\/posts\/64890\/revisions"}],"wp:featuredmedia":[{"embeddable":true,"href":"https:\/\/likemetkovic.hr\/portal\/wp-json\/wp\/v2\/media\/64891"}],"wp:attachment":[{"href":"https:\/\/likemetkovic.hr\/portal\/wp-json\/wp\/v2\/media?parent=64890"}],"wp:term":[{"taxonomy":"category","embeddable":true,"href":"https:\/\/likemetkovic.hr\/portal\/wp-json\/wp\/v2\/categories?post=64890"},{"taxonomy":"post_tag","embeddable":true,"href":"https:\/\/likemetkovic.hr\/portal\/wp-json\/wp\/v2\/tags?post=64890"}],"curies":[{"name":"wp","href":"https:\/\/api.w.org\/{rel}","templated":true}]}}