{"id":64914,"date":"2018-07-09T13:33:39","date_gmt":"2018-07-09T11:33:39","guid":{"rendered":"http:\/\/likemetkovic.hr\/?p=64914"},"modified":"2018-07-09T14:00:42","modified_gmt":"2018-07-09T12:00:42","slug":"zastava-je-spustena-zavrseno-je-europsko-prvenstvo-u-kajak-kanu-maratonu","status":"publish","type":"post","link":"https:\/\/likemetkovic.hr\/portal\/zastava-je-spustena-zavrseno-je-europsko-prvenstvo-u-kajak-kanu-maratonu\/","title":{"rendered":"ZASTAVA JE SPU\u0160TENA! Zavr\u0161eno je Europsko prvenstvo u kajak-kanu maratonu"},"content":{"rendered":"<p>Metkovi\u0107 je polo\u017eio ispit! Europsko prvenstvo u kajak-kanu maratonu za juniore i seniore je zavr\u0161ilo ju\u010der simboli\u010dnim spu\u0161tanjem zastave Europskog kanu saveza koju je gradona\u010delnik <strong>Dalibor Milan<\/strong> uru\u010dio sljede\u0107im doma\u0107inima, predstavnicima francuskog grada\u00a0Decizea.<\/p>\n<p>U prigodnoj ceremoniji zatvaranja okupljenim sporta\u0161ima i gra\u0111anima obratili su se predsjednik Hrvatskoga kajak-kanu saveza <strong>Marko \u0106urkovi\u0107<\/strong> i predsjednik Europske kajaka\u0161ke asocijacije <strong>Albert Woods<\/strong>. Obojica su izrazila zadovljstvo organizacijom Europskog prvenstva i najavili mogu\u0107e doma\u0107instvo Svjetskoga prvenstva. Ono \u0161to je va\u017enije jest \u010dinjenica da je tijekom \u010detiri dana slika s Neretve obi\u0161la svijet putem tv-prijenosa. Pri tome sporta\u0161i i njihovi treneri nisu krili zadovoljstvo isti\u010du\u0107i idealne uvjete\u00a0 koje im je pru\u017eila rijeka Neretva i Metkovi\u0107.<\/p>\n<p>Vrijedi spomenuti da je Portugalac <strong>Jos\u00e9 Ramalho<\/strong>, pobjednik u najte\u017eoj disciplini, u kajaku jednosjedu na 30 km, nakon utrke izjavio da je ovo <em>najbolja staza na kojoj je ikada veslao<\/em>! Stoga mnoge od njih mo\u017eemo u skoroj budu\u0107nosti o\u010dekivati na pripremama upravo u Metkovi\u0107u, odnosno u dolini Neretve.<\/p>\n<p>Gradu Metkovi\u0107u je uru\u010deno priznanje za uspje\u0161nu organizaciju prvenstva od strane Europskog kanu saveza. Potom su zamjenica \u017eupana \u017daklina Marevi\u0107 i gradona\u010delnik Milan podijelili medalje najboljima u zadnjoj utrci seniora u kajaku dvosjedu.<\/p>\n<p>Mo\u017eemo zaklju\u010diti da se isplatio trogodi\u0161nji trud. <strong>Sve je po\u010delo jo\u0161 2015. godine<\/strong> kada je Grad Metkovi\u0107 je na poziv predsjednika Europskog kanu saveza poslao \u010detvero\u010dlanu delegaciju koja\u00a0 boravila u ma\u0111arskom Gyoru za vrijeme Svjetskog prvenstva u kajak-kanu maratonu.<\/p>\n<p>Velik doprinos u organizaciji prvenstva su dali mnogi volonteri, udruge, sportski kolektivi, Grad, gradske ustanove i poduze\u0107a, Turisti\u010dka zajednica, vatrogasci, HGSS-ovci&#8230; ali nikako ne smijemo presko\u010diti ekipu iz <strong>VK Neretvanski gusar<\/strong> koji su u ovoj lijepoj pri\u010di od samih po\u010detaka i \u010diji su kontakti s istaknutim ljudima iz vesla\u010dkog svijeta na neki na\u010din osigurali odr\u017eavanje ovog povijesnog doga\u0111aja za Metkovi\u0107 i Dolinu.<\/p>\n<p>Mi svima koji su na bilo koji na\u010din bili uklju\u010deni u organizaciju i provedbu <em>EP u kajak -kanu Metkovi\u0107 2018.<\/em> <strong>\u010destitamo na odli\u010dno odra\u0111enom poslu!<\/strong><\/p>\n\r\n                <style type=\"text\/css\">\r\n                    \r\n                    #tdi_1  .td-doubleSlider-2 .td-item1 {\r\n                        background: url(https:\/\/likemetkovic.hr\/portal\/wp-content\/uploads\/2018\/07\/EP-kajak-kanu-zatvaranje-1-80x60.jpg) 0 0 no-repeat;\r\n                    }\r\n                    #tdi_1  .td-doubleSlider-2 .td-item2 {\r\n                        background: url(https:\/\/likemetkovic.hr\/portal\/wp-content\/uploads\/2018\/07\/EP-kajak-kanu-zatvaranje-2-80x60.jpg) 0 0 no-repeat;\r\n                    }\r\n                    #tdi_1  .td-doubleSlider-2 .td-item3 {\r\n                        background: url(https:\/\/likemetkovic.hr\/portal\/wp-content\/uploads\/2018\/07\/EP-kajak-kanu-zatvaranje-3-80x60.jpg) 0 0 no-repeat;\r\n                    }\r\n                    #tdi_1  .td-doubleSlider-2 .td-item4 {\r\n                        background: url(https:\/\/likemetkovic.hr\/portal\/wp-content\/uploads\/2018\/07\/EP-kajak-kanu-zatvaranje-4-80x60.jpg) 0 0 no-repeat;\r\n                    }\r\n                    #tdi_1  .td-doubleSlider-2 .td-item5 {\r\n                        background: url(https:\/\/likemetkovic.hr\/portal\/wp-content\/uploads\/2018\/07\/EP-kajak-kanu-zatvaranje-5-80x60.jpg) 0 0 no-repeat;\r\n                    }\r\n                    #tdi_1  .td-doubleSlider-2 .td-item6 {\r\n                        background: url(https:\/\/likemetkovic.hr\/portal\/wp-content\/uploads\/2018\/07\/EP-kajak-kanu-zatvaranje-6-80x60.jpg) 0 0 no-repeat;\r\n                    }\r\n                    #tdi_1  .td-doubleSlider-2 .td-item7 {\r\n                        background: url(https:\/\/likemetkovic.hr\/portal\/wp-content\/uploads\/2018\/07\/EP-kajak-kanu-zatvaranje-7-80x60.jpg) 0 0 no-repeat;\r\n                    }\r\n                <\/style>\r\n\r\n                <div id=\"tdi_1\" class=\"td-gallery td-slide-on-2-columns\">\r\n                    <div class=\"post_td_gallery\">\r\n                        <div class=\"td-gallery-slide-top\">\r\n                           <div class=\"td-gallery-title\"><\/div>\r\n\r\n                            <div class=\"td-gallery-controls-wrapper\">\r\n                                <div class=\"td-gallery-slide-count\"><span class=\"td-gallery-slide-item-focus\">1<\/span> of 7<\/div>\r\n                                <div class=\"td-gallery-slide-prev-next-but\">\r\n                                    <i class = \"td-icon-left doubleSliderPrevButton\"><\/i>\r\n                                    <i class = \"td-icon-right doubleSliderNextButton\"><\/i>\r\n                                <\/div>\r\n                            <\/div>\r\n                        <\/div>\r\n\r\n                        <div class = \"td-doubleSlider-1 \">\r\n                            <div class = \"td-slider\">\r\n                                \r\n                    <div class = \"td-slide-item td-item1\">\r\n                        <figure class=\"td-slide-galery-figure td-slide-popup-gallery\">\r\n                            <a class=\"slide-gallery-image-link\" href=\"https:\/\/likemetkovic.hr\/portal\/wp-content\/uploads\/2018\/07\/EP-kajak-kanu-zatvaranje-1.jpg\" title=\"EP kajak kanu zatvaranje (1)\"  data-caption=\"\"  data-description=\"\">\r\n                                <img decoding=\"async\" src=\"https:\/\/likemetkovic.hr\/portal\/wp-content\/uploads\/2018\/07\/EP-kajak-kanu-zatvaranje-1-630x420.jpg\" srcset=\"https:\/\/likemetkovic.hr\/portal\/wp-content\/uploads\/2018\/07\/EP-kajak-kanu-zatvaranje-1-630x420.jpg 630w, https:\/\/likemetkovic.hr\/portal\/wp-content\/uploads\/2018\/07\/EP-kajak-kanu-zatvaranje-1.jpg 800w, https:\/\/likemetkovic.hr\/portal\/wp-content\/uploads\/2018\/07\/EP-kajak-kanu-zatvaranje-1-768x512.jpg 768w, https:\/\/likemetkovic.hr\/portal\/wp-content\/uploads\/2018\/07\/EP-kajak-kanu-zatvaranje-1-696x464.jpg 696w\" sizes=\"(max-width: 630px) 100vw, 630px\" alt=\"\">\r\n                            <\/a>\r\n                            \r\n                        <\/figure>\r\n                    <\/div>\r\n                    <div class = \"td-slide-item td-item2\">\r\n                        <figure class=\"td-slide-galery-figure td-slide-popup-gallery\">\r\n                            <a class=\"slide-gallery-image-link\" href=\"https:\/\/likemetkovic.hr\/portal\/wp-content\/uploads\/2018\/07\/EP-kajak-kanu-zatvaranje-2.jpg\" title=\"EP kajak kanu zatvaranje (2)\"  data-caption=\"\"  data-description=\"\">\r\n                                <img decoding=\"async\" src=\"https:\/\/likemetkovic.hr\/portal\/wp-content\/uploads\/2018\/07\/EP-kajak-kanu-zatvaranje-2-630x420.jpg\" srcset=\"https:\/\/likemetkovic.hr\/portal\/wp-content\/uploads\/2018\/07\/EP-kajak-kanu-zatvaranje-2-630x420.jpg 630w, https:\/\/likemetkovic.hr\/portal\/wp-content\/uploads\/2018\/07\/EP-kajak-kanu-zatvaranje-2.jpg 800w, https:\/\/likemetkovic.hr\/portal\/wp-content\/uploads\/2018\/07\/EP-kajak-kanu-zatvaranje-2-768x512.jpg 768w, https:\/\/likemetkovic.hr\/portal\/wp-content\/uploads\/2018\/07\/EP-kajak-kanu-zatvaranje-2-696x464.jpg 696w\" sizes=\"(max-width: 630px) 100vw, 630px\" alt=\"\">\r\n                            <\/a>\r\n                            \r\n                        <\/figure>\r\n                    <\/div>\r\n                    <div class = \"td-slide-item td-item3\">\r\n                        <figure class=\"td-slide-galery-figure td-slide-popup-gallery\">\r\n                            <a class=\"slide-gallery-image-link\" href=\"https:\/\/likemetkovic.hr\/portal\/wp-content\/uploads\/2018\/07\/EP-kajak-kanu-zatvaranje-3.jpg\" title=\"EP kajak kanu zatvaranje (3)\"  data-caption=\"\"  data-description=\"\">\r\n                                <img decoding=\"async\" src=\"https:\/\/likemetkovic.hr\/portal\/wp-content\/uploads\/2018\/07\/EP-kajak-kanu-zatvaranje-3-630x420.jpg\" srcset=\"https:\/\/likemetkovic.hr\/portal\/wp-content\/uploads\/2018\/07\/EP-kajak-kanu-zatvaranje-3-630x420.jpg 630w, https:\/\/likemetkovic.hr\/portal\/wp-content\/uploads\/2018\/07\/EP-kajak-kanu-zatvaranje-3.jpg 800w, https:\/\/likemetkovic.hr\/portal\/wp-content\/uploads\/2018\/07\/EP-kajak-kanu-zatvaranje-3-768x512.jpg 768w, https:\/\/likemetkovic.hr\/portal\/wp-content\/uploads\/2018\/07\/EP-kajak-kanu-zatvaranje-3-696x464.jpg 696w\" sizes=\"(max-width: 630px) 100vw, 630px\" alt=\"\">\r\n                            <\/a>\r\n                            \r\n                        <\/figure>\r\n                    <\/div>\r\n                    <div class = \"td-slide-item td-item4\">\r\n                        <figure class=\"td-slide-galery-figure td-slide-popup-gallery\">\r\n                            <a class=\"slide-gallery-image-link\" href=\"https:\/\/likemetkovic.hr\/portal\/wp-content\/uploads\/2018\/07\/EP-kajak-kanu-zatvaranje-4.jpg\" title=\"EP kajak kanu zatvaranje (4)\"  data-caption=\"\"  data-description=\"\">\r\n                                <img decoding=\"async\" src=\"https:\/\/likemetkovic.hr\/portal\/wp-content\/uploads\/2018\/07\/EP-kajak-kanu-zatvaranje-4-630x420.jpg\" srcset=\"https:\/\/likemetkovic.hr\/portal\/wp-content\/uploads\/2018\/07\/EP-kajak-kanu-zatvaranje-4-630x420.jpg 630w, https:\/\/likemetkovic.hr\/portal\/wp-content\/uploads\/2018\/07\/EP-kajak-kanu-zatvaranje-4.jpg 800w, https:\/\/likemetkovic.hr\/portal\/wp-content\/uploads\/2018\/07\/EP-kajak-kanu-zatvaranje-4-768x512.jpg 768w, https:\/\/likemetkovic.hr\/portal\/wp-content\/uploads\/2018\/07\/EP-kajak-kanu-zatvaranje-4-696x464.jpg 696w\" sizes=\"(max-width: 630px) 100vw, 630px\" alt=\"\">\r\n                            <\/a>\r\n                            \r\n                        <\/figure>\r\n                    <\/div>\r\n                    <div class = \"td-slide-item td-item5\">\r\n                        <figure class=\"td-slide-galery-figure td-slide-popup-gallery\">\r\n                            <a class=\"slide-gallery-image-link\" href=\"https:\/\/likemetkovic.hr\/portal\/wp-content\/uploads\/2018\/07\/EP-kajak-kanu-zatvaranje-5.jpg\" title=\"EP kajak kanu zatvaranje (5)\"  data-caption=\"\"  data-description=\"\">\r\n                                <img decoding=\"async\" src=\"https:\/\/likemetkovic.hr\/portal\/wp-content\/uploads\/2018\/07\/EP-kajak-kanu-zatvaranje-5-630x420.jpg\" srcset=\"https:\/\/likemetkovic.hr\/portal\/wp-content\/uploads\/2018\/07\/EP-kajak-kanu-zatvaranje-5-630x420.jpg 630w, https:\/\/likemetkovic.hr\/portal\/wp-content\/uploads\/2018\/07\/EP-kajak-kanu-zatvaranje-5.jpg 800w, https:\/\/likemetkovic.hr\/portal\/wp-content\/uploads\/2018\/07\/EP-kajak-kanu-zatvaranje-5-768x512.jpg 768w, https:\/\/likemetkovic.hr\/portal\/wp-content\/uploads\/2018\/07\/EP-kajak-kanu-zatvaranje-5-696x464.jpg 696w\" sizes=\"(max-width: 630px) 100vw, 630px\" alt=\"\">\r\n                            <\/a>\r\n                            \r\n                        <\/figure>\r\n                    <\/div>\r\n                    <div class = \"td-slide-item td-item6\">\r\n                        <figure class=\"td-slide-galery-figure td-slide-popup-gallery\">\r\n                            <a class=\"slide-gallery-image-link\" href=\"https:\/\/likemetkovic.hr\/portal\/wp-content\/uploads\/2018\/07\/EP-kajak-kanu-zatvaranje-6.jpg\" title=\"EP kajak kanu zatvaranje (6)\"  data-caption=\"\"  data-description=\"\">\r\n                                <img decoding=\"async\" src=\"https:\/\/likemetkovic.hr\/portal\/wp-content\/uploads\/2018\/07\/EP-kajak-kanu-zatvaranje-6-630x420.jpg\" srcset=\"https:\/\/likemetkovic.hr\/portal\/wp-content\/uploads\/2018\/07\/EP-kajak-kanu-zatvaranje-6-630x420.jpg 630w, https:\/\/likemetkovic.hr\/portal\/wp-content\/uploads\/2018\/07\/EP-kajak-kanu-zatvaranje-6.jpg 800w, https:\/\/likemetkovic.hr\/portal\/wp-content\/uploads\/2018\/07\/EP-kajak-kanu-zatvaranje-6-768x512.jpg 768w, https:\/\/likemetkovic.hr\/portal\/wp-content\/uploads\/2018\/07\/EP-kajak-kanu-zatvaranje-6-696x464.jpg 696w\" sizes=\"(max-width: 630px) 100vw, 630px\" alt=\"\">\r\n                            <\/a>\r\n                            \r\n                        <\/figure>\r\n                    <\/div>\r\n                    <div class = \"td-slide-item td-item7\">\r\n                        <figure class=\"td-slide-galery-figure td-slide-popup-gallery\">\r\n                            <a class=\"slide-gallery-image-link\" href=\"https:\/\/likemetkovic.hr\/portal\/wp-content\/uploads\/2018\/07\/EP-kajak-kanu-zatvaranje-7.jpg\" title=\"EP kajak kanu zatvaranje (7)\"  data-caption=\"\"  data-description=\"\">\r\n                                <img decoding=\"async\" src=\"https:\/\/likemetkovic.hr\/portal\/wp-content\/uploads\/2018\/07\/EP-kajak-kanu-zatvaranje-7-630x420.jpg\" srcset=\"https:\/\/likemetkovic.hr\/portal\/wp-content\/uploads\/2018\/07\/EP-kajak-kanu-zatvaranje-7-630x420.jpg 630w, https:\/\/likemetkovic.hr\/portal\/wp-content\/uploads\/2018\/07\/EP-kajak-kanu-zatvaranje-7.jpg 800w, https:\/\/likemetkovic.hr\/portal\/wp-content\/uploads\/2018\/07\/EP-kajak-kanu-zatvaranje-7-768x512.jpg 768w, https:\/\/likemetkovic.hr\/portal\/wp-content\/uploads\/2018\/07\/EP-kajak-kanu-zatvaranje-7-696x464.jpg 696w\" sizes=\"(max-width: 630px) 100vw, 630px\" alt=\"\">\r\n                            <\/a>\r\n                            \r\n                        <\/figure>\r\n                    <\/div>\r\n                            <\/div>\r\n                        <\/div>\r\n\r\n                        <div class = \"td-doubleSlider-2\">\r\n                            <div class = \"td-slider\">\r\n                                \r\n                    <div class = \"td-button td-item1\">\r\n                        <div class = \"td-border\"><\/div>\r\n                    <\/div>\r\n                    <div class = \"td-button td-item2\">\r\n                        <div class = \"td-border\"><\/div>\r\n                    <\/div>\r\n                    <div class = \"td-button td-item3\">\r\n                        <div class = \"td-border\"><\/div>\r\n                    <\/div>\r\n                    <div class = \"td-button td-item4\">\r\n                        <div class = \"td-border\"><\/div>\r\n                    <\/div>\r\n                    <div class = \"td-button td-item5\">\r\n                        <div class = \"td-border\"><\/div>\r\n                    <\/div>\r\n                    <div class = \"td-button td-item6\">\r\n                        <div class = \"td-border\"><\/div>\r\n                    <\/div>\r\n                    <div class = \"td-button td-item7\">\r\n                        <div class = \"td-border\"><\/div>\r\n                    <\/div>\r\n                            <\/div>\r\n                        <\/div>\r\n\r\n                    <\/div>\r\n\r\n                <\/div>\r\n                \n<p>Foto: Stane Klemenc<\/p>\n","protected":false},"excerpt":{"rendered":"<p>Metkovi\u0107 je polo\u017eio ispit! Europsko prvenstvo u kajak-kanu maratonu za juniore i seniore je zavr\u0161ilo ju\u010der simboli\u010dnim spu\u0161tanjem zastave Europskog kanu saveza koju je gradona\u010delnik Dalibor Milan uru\u010dio sljede\u0107im doma\u0107inima, predstavnicima francuskog grada\u00a0Decizea. U prigodnoj ceremoniji zatvaranja okupljenim sporta\u0161ima i gra\u0111anima obratili su se predsjednik Hrvatskoga kajak-kanu saveza Marko \u0106urkovi\u0107 i predsjednik Europske kajaka\u0161ke asocijacije [&hellip;]<\/p>\n","protected":false},"author":7,"featured_media":64919,"comment_status":"open","ping_status":"open","sticky":false,"template":"","format":"standard","meta":{"footnotes":""},"categories":[283,10],"tags":[3476,3432,3477],"class_list":{"0":"post-64914","1":"post","2":"type-post","3":"status-publish","4":"format-standard","5":"has-post-thumbnail","7":"category-a","8":"category-sport","9":"tag-europsko-prvenstvo-u-kajak-kanu-maratonu","10":"tag-metkovic-2018","11":"tag-zatvaranje-prvenstva"},"yoast_head":"<!-- This site is optimized with the Yoast SEO plugin v25.2 - https:\/\/yoast.com\/wordpress\/plugins\/seo\/ -->\n<title>ZASTAVA JE SPU\u0160TENA! Zavr\u0161eno je Europsko prvenstvo u kajak-kanu maratonu - likemetkovic.hr<\/title>\n<meta name=\"robots\" content=\"index, follow, max-snippet:-1, max-image-preview:large, max-video-preview:-1\" \/>\n<link rel=\"canonical\" href=\"https:\/\/likemetkovic.hr\/zastava-je-spustena-zavrseno-je-europsko-prvenstvo-u-kajak-kanu-maratonu\/\" \/>\n<meta property=\"og:locale\" content=\"hr_HR\" \/>\n<meta property=\"og:type\" content=\"article\" \/>\n<meta property=\"og:title\" content=\"ZASTAVA JE SPU\u0160TENA! Zavr\u0161eno je Europsko prvenstvo u kajak-kanu maratonu - likemetkovic.hr\" \/>\n<meta property=\"og:description\" content=\"Metkovi\u0107 je polo\u017eio ispit! Europsko prvenstvo u kajak-kanu maratonu za juniore i seniore je zavr\u0161ilo ju\u010der simboli\u010dnim spu\u0161tanjem zastave Europskog kanu saveza koju je gradona\u010delnik Dalibor Milan uru\u010dio sljede\u0107im doma\u0107inima, predstavnicima francuskog grada\u00a0Decizea. U prigodnoj ceremoniji zatvaranja okupljenim sporta\u0161ima i gra\u0111anima obratili su se predsjednik Hrvatskoga kajak-kanu saveza Marko \u0106urkovi\u0107 i predsjednik Europske kajaka\u0161ke asocijacije [&hellip;]\" \/>\n<meta property=\"og:url\" content=\"https:\/\/likemetkovic.hr\/zastava-je-spustena-zavrseno-je-europsko-prvenstvo-u-kajak-kanu-maratonu\/\" \/>\n<meta property=\"og:site_name\" content=\"likemetkovic.hr\" \/>\n<meta property=\"article:publisher\" content=\"https:\/\/www.facebook.com\/likemetkovic.hr\/\" \/>\n<meta property=\"article:published_time\" content=\"2018-07-09T11:33:39+00:00\" \/>\n<meta property=\"article:modified_time\" content=\"2018-07-09T12:00:42+00:00\" \/>\n<meta property=\"og:image\" content=\"https:\/\/likemetkovic.hr\/wp-content\/uploads\/2018\/07\/EP-kajak-kanu-zatvaranje-5.jpg\" \/>\n\t<meta property=\"og:image:width\" content=\"800\" \/>\n\t<meta property=\"og:image:height\" content=\"533\" \/>\n\t<meta property=\"og:image:type\" content=\"image\/jpeg\" \/>\n<meta name=\"author\" content=\"LIKEmetkovic.hr\" \/>\n<meta name=\"twitter:card\" content=\"summary_large_image\" \/>\n<meta name=\"twitter:label1\" content=\"Napisao\/la\" \/>\n\t<meta name=\"twitter:data1\" content=\"LIKEmetkovic.hr\" \/>\n\t<meta name=\"twitter:label2\" content=\"Procijenjeno vrijeme \u010ditanja\" \/>\n\t<meta name=\"twitter:data2\" content=\"2 minute\" \/>\n<script type=\"application\/ld+json\" class=\"yoast-schema-graph\">{\"@context\":\"https:\/\/schema.org\",\"@graph\":[{\"@type\":\"WebPage\",\"@id\":\"https:\/\/likemetkovic.hr\/zastava-je-spustena-zavrseno-je-europsko-prvenstvo-u-kajak-kanu-maratonu\/\",\"url\":\"https:\/\/likemetkovic.hr\/zastava-je-spustena-zavrseno-je-europsko-prvenstvo-u-kajak-kanu-maratonu\/\",\"name\":\"ZASTAVA JE SPU\u0160TENA! Zavr\u0161eno je Europsko prvenstvo u kajak-kanu maratonu - likemetkovic.hr\",\"isPartOf\":{\"@id\":\"https:\/\/likemetkovic.hr\/#website\"},\"primaryImageOfPage\":{\"@id\":\"https:\/\/likemetkovic.hr\/zastava-je-spustena-zavrseno-je-europsko-prvenstvo-u-kajak-kanu-maratonu\/#primaryimage\"},\"image\":{\"@id\":\"https:\/\/likemetkovic.hr\/zastava-je-spustena-zavrseno-je-europsko-prvenstvo-u-kajak-kanu-maratonu\/#primaryimage\"},\"thumbnailUrl\":\"https:\/\/likemetkovic.hr\/portal\/wp-content\/uploads\/2018\/07\/EP-kajak-kanu-zatvaranje-5.jpg\",\"datePublished\":\"2018-07-09T11:33:39+00:00\",\"dateModified\":\"2018-07-09T12:00:42+00:00\",\"author\":{\"@id\":\"https:\/\/likemetkovic.hr\/#\/schema\/person\/a42711f3385a0e2be6f7e0443bfb28f0\"},\"breadcrumb\":{\"@id\":\"https:\/\/likemetkovic.hr\/zastava-je-spustena-zavrseno-je-europsko-prvenstvo-u-kajak-kanu-maratonu\/#breadcrumb\"},\"inLanguage\":\"hr\",\"potentialAction\":[{\"@type\":\"ReadAction\",\"target\":[\"https:\/\/likemetkovic.hr\/zastava-je-spustena-zavrseno-je-europsko-prvenstvo-u-kajak-kanu-maratonu\/\"]}]},{\"@type\":\"ImageObject\",\"inLanguage\":\"hr\",\"@id\":\"https:\/\/likemetkovic.hr\/zastava-je-spustena-zavrseno-je-europsko-prvenstvo-u-kajak-kanu-maratonu\/#primaryimage\",\"url\":\"https:\/\/likemetkovic.hr\/portal\/wp-content\/uploads\/2018\/07\/EP-kajak-kanu-zatvaranje-5.jpg\",\"contentUrl\":\"https:\/\/likemetkovic.hr\/portal\/wp-content\/uploads\/2018\/07\/EP-kajak-kanu-zatvaranje-5.jpg\",\"width\":800,\"height\":533},{\"@type\":\"BreadcrumbList\",\"@id\":\"https:\/\/likemetkovic.hr\/zastava-je-spustena-zavrseno-je-europsko-prvenstvo-u-kajak-kanu-maratonu\/#breadcrumb\",\"itemListElement\":[{\"@type\":\"ListItem\",\"position\":1,\"name\":\"Po\u010detna stranica\",\"item\":\"https:\/\/likemetkovic.hr\/portal\/\"},{\"@type\":\"ListItem\",\"position\":2,\"name\":\"ZASTAVA JE SPU\u0160TENA! Zavr\u0161eno je Europsko prvenstvo u kajak-kanu maratonu\"}]},{\"@type\":\"WebSite\",\"@id\":\"https:\/\/likemetkovic.hr\/#website\",\"url\":\"https:\/\/likemetkovic.hr\/\",\"name\":\"likemetkovic.hr\",\"description\":\"Misli pozitivno... \u010ditaj LIKE\",\"potentialAction\":[{\"@type\":\"SearchAction\",\"target\":{\"@type\":\"EntryPoint\",\"urlTemplate\":\"https:\/\/likemetkovic.hr\/?s={search_term_string}\"},\"query-input\":{\"@type\":\"PropertyValueSpecification\",\"valueRequired\":true,\"valueName\":\"search_term_string\"}}],\"inLanguage\":\"hr\"},{\"@type\":\"Person\",\"@id\":\"https:\/\/likemetkovic.hr\/#\/schema\/person\/a42711f3385a0e2be6f7e0443bfb28f0\",\"name\":\"LIKEmetkovic.hr\",\"sameAs\":[\"http:\/\/likemetkovic.hr\"],\"url\":\"https:\/\/likemetkovic.hr\/portal\/author\/likemetkovic-hr\/\"}]}<\/script>\n<!-- \/ Yoast SEO plugin. -->","yoast_head_json":{"title":"ZASTAVA JE SPU\u0160TENA! Zavr\u0161eno je Europsko prvenstvo u kajak-kanu maratonu - likemetkovic.hr","robots":{"index":"index","follow":"follow","max-snippet":"max-snippet:-1","max-image-preview":"max-image-preview:large","max-video-preview":"max-video-preview:-1"},"canonical":"https:\/\/likemetkovic.hr\/zastava-je-spustena-zavrseno-je-europsko-prvenstvo-u-kajak-kanu-maratonu\/","og_locale":"hr_HR","og_type":"article","og_title":"ZASTAVA JE SPU\u0160TENA! Zavr\u0161eno je Europsko prvenstvo u kajak-kanu maratonu - likemetkovic.hr","og_description":"Metkovi\u0107 je polo\u017eio ispit! Europsko prvenstvo u kajak-kanu maratonu za juniore i seniore je zavr\u0161ilo ju\u010der simboli\u010dnim spu\u0161tanjem zastave Europskog kanu saveza koju je gradona\u010delnik Dalibor Milan uru\u010dio sljede\u0107im doma\u0107inima, predstavnicima francuskog grada\u00a0Decizea. U prigodnoj ceremoniji zatvaranja okupljenim sporta\u0161ima i gra\u0111anima obratili su se predsjednik Hrvatskoga kajak-kanu saveza Marko \u0106urkovi\u0107 i predsjednik Europske kajaka\u0161ke asocijacije [&hellip;]","og_url":"https:\/\/likemetkovic.hr\/zastava-je-spustena-zavrseno-je-europsko-prvenstvo-u-kajak-kanu-maratonu\/","og_site_name":"likemetkovic.hr","article_publisher":"https:\/\/www.facebook.com\/likemetkovic.hr\/","article_published_time":"2018-07-09T11:33:39+00:00","article_modified_time":"2018-07-09T12:00:42+00:00","og_image":[{"width":800,"height":533,"url":"https:\/\/likemetkovic.hr\/wp-content\/uploads\/2018\/07\/EP-kajak-kanu-zatvaranje-5.jpg","type":"image\/jpeg"}],"author":"LIKEmetkovic.hr","twitter_card":"summary_large_image","twitter_misc":{"Napisao\/la":"LIKEmetkovic.hr","Procijenjeno vrijeme \u010ditanja":"2 minute"},"schema":{"@context":"https:\/\/schema.org","@graph":[{"@type":"WebPage","@id":"https:\/\/likemetkovic.hr\/zastava-je-spustena-zavrseno-je-europsko-prvenstvo-u-kajak-kanu-maratonu\/","url":"https:\/\/likemetkovic.hr\/zastava-je-spustena-zavrseno-je-europsko-prvenstvo-u-kajak-kanu-maratonu\/","name":"ZASTAVA JE SPU\u0160TENA! Zavr\u0161eno je Europsko prvenstvo u kajak-kanu maratonu - likemetkovic.hr","isPartOf":{"@id":"https:\/\/likemetkovic.hr\/#website"},"primaryImageOfPage":{"@id":"https:\/\/likemetkovic.hr\/zastava-je-spustena-zavrseno-je-europsko-prvenstvo-u-kajak-kanu-maratonu\/#primaryimage"},"image":{"@id":"https:\/\/likemetkovic.hr\/zastava-je-spustena-zavrseno-je-europsko-prvenstvo-u-kajak-kanu-maratonu\/#primaryimage"},"thumbnailUrl":"https:\/\/likemetkovic.hr\/portal\/wp-content\/uploads\/2018\/07\/EP-kajak-kanu-zatvaranje-5.jpg","datePublished":"2018-07-09T11:33:39+00:00","dateModified":"2018-07-09T12:00:42+00:00","author":{"@id":"https:\/\/likemetkovic.hr\/#\/schema\/person\/a42711f3385a0e2be6f7e0443bfb28f0"},"breadcrumb":{"@id":"https:\/\/likemetkovic.hr\/zastava-je-spustena-zavrseno-je-europsko-prvenstvo-u-kajak-kanu-maratonu\/#breadcrumb"},"inLanguage":"hr","potentialAction":[{"@type":"ReadAction","target":["https:\/\/likemetkovic.hr\/zastava-je-spustena-zavrseno-je-europsko-prvenstvo-u-kajak-kanu-maratonu\/"]}]},{"@type":"ImageObject","inLanguage":"hr","@id":"https:\/\/likemetkovic.hr\/zastava-je-spustena-zavrseno-je-europsko-prvenstvo-u-kajak-kanu-maratonu\/#primaryimage","url":"https:\/\/likemetkovic.hr\/portal\/wp-content\/uploads\/2018\/07\/EP-kajak-kanu-zatvaranje-5.jpg","contentUrl":"https:\/\/likemetkovic.hr\/portal\/wp-content\/uploads\/2018\/07\/EP-kajak-kanu-zatvaranje-5.jpg","width":800,"height":533},{"@type":"BreadcrumbList","@id":"https:\/\/likemetkovic.hr\/zastava-je-spustena-zavrseno-je-europsko-prvenstvo-u-kajak-kanu-maratonu\/#breadcrumb","itemListElement":[{"@type":"ListItem","position":1,"name":"Po\u010detna stranica","item":"https:\/\/likemetkovic.hr\/portal\/"},{"@type":"ListItem","position":2,"name":"ZASTAVA JE SPU\u0160TENA! Zavr\u0161eno je Europsko prvenstvo u kajak-kanu maratonu"}]},{"@type":"WebSite","@id":"https:\/\/likemetkovic.hr\/#website","url":"https:\/\/likemetkovic.hr\/","name":"likemetkovic.hr","description":"Misli pozitivno... \u010ditaj LIKE","potentialAction":[{"@type":"SearchAction","target":{"@type":"EntryPoint","urlTemplate":"https:\/\/likemetkovic.hr\/?s={search_term_string}"},"query-input":{"@type":"PropertyValueSpecification","valueRequired":true,"valueName":"search_term_string"}}],"inLanguage":"hr"},{"@type":"Person","@id":"https:\/\/likemetkovic.hr\/#\/schema\/person\/a42711f3385a0e2be6f7e0443bfb28f0","name":"LIKEmetkovic.hr","sameAs":["http:\/\/likemetkovic.hr"],"url":"https:\/\/likemetkovic.hr\/portal\/author\/likemetkovic-hr\/"}]}},"_links":{"self":[{"href":"https:\/\/likemetkovic.hr\/portal\/wp-json\/wp\/v2\/posts\/64914","targetHints":{"allow":["GET"]}}],"collection":[{"href":"https:\/\/likemetkovic.hr\/portal\/wp-json\/wp\/v2\/posts"}],"about":[{"href":"https:\/\/likemetkovic.hr\/portal\/wp-json\/wp\/v2\/types\/post"}],"author":[{"embeddable":true,"href":"https:\/\/likemetkovic.hr\/portal\/wp-json\/wp\/v2\/users\/7"}],"replies":[{"embeddable":true,"href":"https:\/\/likemetkovic.hr\/portal\/wp-json\/wp\/v2\/comments?post=64914"}],"version-history":[{"count":0,"href":"https:\/\/likemetkovic.hr\/portal\/wp-json\/wp\/v2\/posts\/64914\/revisions"}],"wp:featuredmedia":[{"embeddable":true,"href":"https:\/\/likemetkovic.hr\/portal\/wp-json\/wp\/v2\/media\/64919"}],"wp:attachment":[{"href":"https:\/\/likemetkovic.hr\/portal\/wp-json\/wp\/v2\/media?parent=64914"}],"wp:term":[{"taxonomy":"category","embeddable":true,"href":"https:\/\/likemetkovic.hr\/portal\/wp-json\/wp\/v2\/categories?post=64914"},{"taxonomy":"post_tag","embeddable":true,"href":"https:\/\/likemetkovic.hr\/portal\/wp-json\/wp\/v2\/tags?post=64914"}],"curies":[{"name":"wp","href":"https:\/\/api.w.org\/{rel}","templated":true}]}}