{"id":64933,"date":"2018-07-10T08:01:18","date_gmt":"2018-07-10T06:01:18","guid":{"rendered":"http:\/\/likemetkovic.hr\/?p=64933"},"modified":"2018-07-10T08:01:18","modified_gmt":"2018-07-10T06:01:18","slug":"zupanijski-socijaldemokrati-porucuju-neretvanska-poljoprivreda-je-bacena-na-koljena","status":"publish","type":"post","link":"https:\/\/likemetkovic.hr\/portal\/zupanijski-socijaldemokrati-porucuju-neretvanska-poljoprivreda-je-bacena-na-koljena\/","title":{"rendered":"\u017dupanijski socijaldemokrati poru\u010duju: Neretvanska poljoprivreda je ba\u010dena na koljena!"},"content":{"rendered":"<p>Organizacija SDP-a Dubrova\u010dko-neretvanske \u017eupanije oglasila se o problemima poljoprivredne u Dolini Neretve putem priop\u0107enja za javnost koju potpisuje predsjednik <strong>Kre\u0161imir Kuran<\/strong>. Priop\u0107enje prenosimo u cijelosti.<\/p>\n<p><em>Dok hrvatska nogometna reprezentacija pro\u017eivljava najuspje\u0161nije trenutke, <strong>neretvanska poljoprivreda je ba\u010dena na koljena<\/strong>. Nakon godina nebrige za poljoprivredno zemlji\u0161te i sustave navodnjavanja sve vi\u0161e dolazi do izra\u017eaja zanemarivanje samih poljoprivrednih radnika.<\/em><\/p>\n<p><em>Kao nikada do sada ove godine su vrlo rano<strong> Hrvatsko tr\u017ei\u0161te zatrpali uvozni proizvodi<\/strong> iz EU, Albanije, Makedonije pa preko zemalja EU proizvodi iz Afrike i to mahom lo\u0161ije kvalitete.\u00a0<\/em><em>Takav rani uvoz potpuno je uni\u0161tio doma\u0107u proizvodnju. Povr\u0107e proizvedeno u plastenicima, raj\u010dice, krastavci, paprike ne mo\u017ee se prodati ili se prodaje po vrlo niskim cijenama, a ni\u0161ta bolja situacija nije ni s lubenicama.<\/em><\/p>\n<p><em><strong>\u010cesto se takva roba deklarira kao doma\u0107a<\/strong>, dok doma\u0107a jo\u0161 nije ni sazrela i tu je o\u010dita namjera prevare potro\u0161a\u010da. Slaba je kontrola deklariranja proizvoda i kvalitete proizvoda pa \u010desto imamo reakcije gra\u0111ana na lo\u0161iju kvalitetu poljoprivrednih proizvoda koje su kupili uz pritu\u017ebe na okus i miris istih.<\/em><\/p>\n<p><em>Problema je vi\u0161e i svi su usko povezani. Dr\u017eava i \u017dupanija isti\u010du rad za <strong>boljitak poljoprivrede i poljoprivrednika<\/strong>, ali je iz godine u godinu stanje u poljoprivredi sve te\u017ee i te\u017ee dok iz Doline Neretve sve vi\u0161e mladih odlazi u inozemstvo i napu\u0161taju poljoprivrednu proizvodnju.<\/em><\/p>\n<p><em>Najve\u0107i problem je \u0161to <strong>ljudi iz ministarstava ne dolaze \u010desto na teren<\/strong> sa poljoprivrednicima zajedni\u010dki izna\u0107i rje\u0161enja za probleme, ve\u0107 ih rje\u0161avaju iz ureda. Najo\u010ditiji primjer toga je ve\u0107a anga\u017eiranost dr\u017eavne tajnice Ministarstva poljoprivrede Marije Vu\u010dkovi\u0107 u rje\u0161avanju problematike kadroviranja u Gradu Plo\u010dama nego u rje\u0161avanju ovog goru\u0107eg problema za \u010dije rje\u0161avanje je gra\u0111ani pla\u0107aju.<\/em><\/p>\n<p><em>Za ovakvu situaciju postoje rje\u0161enja. <strong>Dr\u017eava mora ozbiljnije nadzirati uvoz i kvalitetu uvezenih proizvoda<\/strong> te u suradnji sa \u017dupanijom potaknuti izgradnju i otvaranje Agrocentra za Dolinu Neretve kroz koji bi se proizvodi plasirali na tr\u017ei\u0161te. <\/em><\/p>\n<p><em>SDP Dubrova\u010dko-neretvanske \u017eupanije je protiv nekontroliranog uvoza svih onih proizvoda koje hrvatski poljoprivrednici mogu sami proizvesti u dovoljnim koli\u010dinama, ali isto tako za one proizvode koje ne proizvodimo tra\u017eimo kontrolu kvalitete na na\u010din da gra\u0111anin u bilo koje vrijeme mo\u017ee saznati sve podatke o proizvodu koji je kupio.<\/em><\/p>\n<p><em>Ukoliko do\u0111e do <strong>prosvjeda<\/strong> poljoprivrednika smatramo ih opravdanima i takvima \u0107emo dati podr\u0161ku.<\/em><\/p>\n","protected":false},"excerpt":{"rendered":"<p>Organizacija SDP-a Dubrova\u010dko-neretvanske \u017eupanije oglasila se o problemima poljoprivredne u Dolini Neretve putem priop\u0107enja za javnost koju potpisuje predsjednik Kre\u0161imir Kuran. Priop\u0107enje prenosimo u cijelosti. Dok hrvatska nogometna reprezentacija pro\u017eivljava najuspje\u0161nije trenutke, neretvanska poljoprivreda je ba\u010dena na koljena. Nakon godina nebrige za poljoprivredno zemlji\u0161te i sustave navodnjavanja sve vi\u0161e dolazi do izra\u017eaja zanemarivanje samih poljoprivrednih [&hellip;]<\/p>\n","protected":false},"author":7,"featured_media":10026,"comment_status":"open","ping_status":"open","sticky":false,"template":"","format":"standard","meta":{"footnotes":""},"categories":[296,290],"tags":[420,363,341,3478],"class_list":{"0":"post-64933","1":"post","2":"type-post","3":"status-publish","4":"format-standard","5":"has-post-thumbnail","7":"category-ab","8":"category-politika","9":"tag-dolina-neretve","10":"tag-kresimir-kuran","11":"tag-poljoprivreda","12":"tag-sdp-dnz"},"yoast_head":"<!-- This site is optimized with the Yoast SEO plugin v25.2 - https:\/\/yoast.com\/wordpress\/plugins\/seo\/ -->\n<title>\u017dupanijski socijaldemokrati poru\u010duju: Neretvanska poljoprivreda je ba\u010dena na koljena! - likemetkovic.hr<\/title>\n<meta name=\"description\" content=\"Organizacija SDP-a Dubrova\u010dko-neretvanske \u017eupanije oglasila se o problemima poljoprivredne u Dolini Neretve putem priop\u0107enja za javnost.\" \/>\n<meta name=\"robots\" content=\"index, follow, max-snippet:-1, max-image-preview:large, max-video-preview:-1\" \/>\n<link rel=\"canonical\" href=\"https:\/\/likemetkovic.hr\/zupanijski-socijaldemokrati-porucuju-neretvanska-poljoprivreda-je-bacena-na-koljena\/\" \/>\n<meta property=\"og:locale\" content=\"hr_HR\" \/>\n<meta property=\"og:type\" content=\"article\" \/>\n<meta property=\"og:title\" content=\"\u017dupanijski socijaldemokrati poru\u010duju: Neretvanska poljoprivreda je ba\u010dena na koljena! - likemetkovic.hr\" \/>\n<meta property=\"og:description\" content=\"Organizacija SDP-a Dubrova\u010dko-neretvanske \u017eupanije oglasila se o problemima poljoprivredne u Dolini Neretve putem priop\u0107enja za javnost.\" \/>\n<meta property=\"og:url\" content=\"https:\/\/likemetkovic.hr\/zupanijski-socijaldemokrati-porucuju-neretvanska-poljoprivreda-je-bacena-na-koljena\/\" \/>\n<meta property=\"og:site_name\" content=\"likemetkovic.hr\" \/>\n<meta property=\"article:publisher\" content=\"https:\/\/www.facebook.com\/likemetkovic.hr\/\" \/>\n<meta property=\"article:published_time\" content=\"2018-07-10T06:01:18+00:00\" \/>\n<meta property=\"og:image\" content=\"https:\/\/likemetkovic.hr\/wp-content\/uploads\/2015\/10\/dolina-neretve.jpg\" \/>\n\t<meta property=\"og:image:width\" content=\"800\" \/>\n\t<meta property=\"og:image:height\" content=\"546\" \/>\n\t<meta property=\"og:image:type\" content=\"image\/jpeg\" \/>\n<meta name=\"author\" content=\"LIKEmetkovic.hr\" \/>\n<meta name=\"twitter:card\" content=\"summary_large_image\" \/>\n<meta name=\"twitter:label1\" content=\"Napisao\/la\" \/>\n\t<meta name=\"twitter:data1\" content=\"LIKEmetkovic.hr\" \/>\n\t<meta name=\"twitter:label2\" content=\"Procijenjeno vrijeme \u010ditanja\" \/>\n\t<meta name=\"twitter:data2\" content=\"2 minute\" \/>\n<script type=\"application\/ld+json\" class=\"yoast-schema-graph\">{\"@context\":\"https:\/\/schema.org\",\"@graph\":[{\"@type\":\"WebPage\",\"@id\":\"https:\/\/likemetkovic.hr\/zupanijski-socijaldemokrati-porucuju-neretvanska-poljoprivreda-je-bacena-na-koljena\/\",\"url\":\"https:\/\/likemetkovic.hr\/zupanijski-socijaldemokrati-porucuju-neretvanska-poljoprivreda-je-bacena-na-koljena\/\",\"name\":\"\u017dupanijski socijaldemokrati poru\u010duju: Neretvanska poljoprivreda je ba\u010dena na koljena! - likemetkovic.hr\",\"isPartOf\":{\"@id\":\"https:\/\/likemetkovic.hr\/#website\"},\"primaryImageOfPage\":{\"@id\":\"https:\/\/likemetkovic.hr\/zupanijski-socijaldemokrati-porucuju-neretvanska-poljoprivreda-je-bacena-na-koljena\/#primaryimage\"},\"image\":{\"@id\":\"https:\/\/likemetkovic.hr\/zupanijski-socijaldemokrati-porucuju-neretvanska-poljoprivreda-je-bacena-na-koljena\/#primaryimage\"},\"thumbnailUrl\":\"https:\/\/likemetkovic.hr\/portal\/wp-content\/uploads\/2015\/10\/dolina-neretve.jpg\",\"datePublished\":\"2018-07-10T06:01:18+00:00\",\"author\":{\"@id\":\"https:\/\/likemetkovic.hr\/#\/schema\/person\/a42711f3385a0e2be6f7e0443bfb28f0\"},\"description\":\"Organizacija SDP-a Dubrova\u010dko-neretvanske \u017eupanije oglasila se o problemima poljoprivredne u Dolini Neretve putem priop\u0107enja za javnost.\",\"breadcrumb\":{\"@id\":\"https:\/\/likemetkovic.hr\/zupanijski-socijaldemokrati-porucuju-neretvanska-poljoprivreda-je-bacena-na-koljena\/#breadcrumb\"},\"inLanguage\":\"hr\",\"potentialAction\":[{\"@type\":\"ReadAction\",\"target\":[\"https:\/\/likemetkovic.hr\/zupanijski-socijaldemokrati-porucuju-neretvanska-poljoprivreda-je-bacena-na-koljena\/\"]}]},{\"@type\":\"ImageObject\",\"inLanguage\":\"hr\",\"@id\":\"https:\/\/likemetkovic.hr\/zupanijski-socijaldemokrati-porucuju-neretvanska-poljoprivreda-je-bacena-na-koljena\/#primaryimage\",\"url\":\"https:\/\/likemetkovic.hr\/portal\/wp-content\/uploads\/2015\/10\/dolina-neretve.jpg\",\"contentUrl\":\"https:\/\/likemetkovic.hr\/portal\/wp-content\/uploads\/2015\/10\/dolina-neretve.jpg\",\"width\":800,\"height\":546},{\"@type\":\"BreadcrumbList\",\"@id\":\"https:\/\/likemetkovic.hr\/zupanijski-socijaldemokrati-porucuju-neretvanska-poljoprivreda-je-bacena-na-koljena\/#breadcrumb\",\"itemListElement\":[{\"@type\":\"ListItem\",\"position\":1,\"name\":\"Po\u010detna stranica\",\"item\":\"https:\/\/likemetkovic.hr\/portal\/\"},{\"@type\":\"ListItem\",\"position\":2,\"name\":\"\u017dupanijski socijaldemokrati poru\u010duju: Neretvanska poljoprivreda je ba\u010dena na koljena!\"}]},{\"@type\":\"WebSite\",\"@id\":\"https:\/\/likemetkovic.hr\/#website\",\"url\":\"https:\/\/likemetkovic.hr\/\",\"name\":\"likemetkovic.hr\",\"description\":\"Misli pozitivno... \u010ditaj LIKE\",\"potentialAction\":[{\"@type\":\"SearchAction\",\"target\":{\"@type\":\"EntryPoint\",\"urlTemplate\":\"https:\/\/likemetkovic.hr\/?s={search_term_string}\"},\"query-input\":{\"@type\":\"PropertyValueSpecification\",\"valueRequired\":true,\"valueName\":\"search_term_string\"}}],\"inLanguage\":\"hr\"},{\"@type\":\"Person\",\"@id\":\"https:\/\/likemetkovic.hr\/#\/schema\/person\/a42711f3385a0e2be6f7e0443bfb28f0\",\"name\":\"LIKEmetkovic.hr\",\"sameAs\":[\"http:\/\/likemetkovic.hr\"],\"url\":\"https:\/\/likemetkovic.hr\/portal\/author\/likemetkovic-hr\/\"}]}<\/script>\n<!-- \/ Yoast SEO plugin. -->","yoast_head_json":{"title":"\u017dupanijski socijaldemokrati poru\u010duju: Neretvanska poljoprivreda je ba\u010dena na koljena! - likemetkovic.hr","description":"Organizacija SDP-a Dubrova\u010dko-neretvanske \u017eupanije oglasila se o problemima poljoprivredne u Dolini Neretve putem priop\u0107enja za javnost.","robots":{"index":"index","follow":"follow","max-snippet":"max-snippet:-1","max-image-preview":"max-image-preview:large","max-video-preview":"max-video-preview:-1"},"canonical":"https:\/\/likemetkovic.hr\/zupanijski-socijaldemokrati-porucuju-neretvanska-poljoprivreda-je-bacena-na-koljena\/","og_locale":"hr_HR","og_type":"article","og_title":"\u017dupanijski socijaldemokrati poru\u010duju: Neretvanska poljoprivreda je ba\u010dena na koljena! - likemetkovic.hr","og_description":"Organizacija SDP-a Dubrova\u010dko-neretvanske \u017eupanije oglasila se o problemima poljoprivredne u Dolini Neretve putem priop\u0107enja za javnost.","og_url":"https:\/\/likemetkovic.hr\/zupanijski-socijaldemokrati-porucuju-neretvanska-poljoprivreda-je-bacena-na-koljena\/","og_site_name":"likemetkovic.hr","article_publisher":"https:\/\/www.facebook.com\/likemetkovic.hr\/","article_published_time":"2018-07-10T06:01:18+00:00","og_image":[{"width":800,"height":546,"url":"https:\/\/likemetkovic.hr\/wp-content\/uploads\/2015\/10\/dolina-neretve.jpg","type":"image\/jpeg"}],"author":"LIKEmetkovic.hr","twitter_card":"summary_large_image","twitter_misc":{"Napisao\/la":"LIKEmetkovic.hr","Procijenjeno vrijeme \u010ditanja":"2 minute"},"schema":{"@context":"https:\/\/schema.org","@graph":[{"@type":"WebPage","@id":"https:\/\/likemetkovic.hr\/zupanijski-socijaldemokrati-porucuju-neretvanska-poljoprivreda-je-bacena-na-koljena\/","url":"https:\/\/likemetkovic.hr\/zupanijski-socijaldemokrati-porucuju-neretvanska-poljoprivreda-je-bacena-na-koljena\/","name":"\u017dupanijski socijaldemokrati poru\u010duju: Neretvanska poljoprivreda je ba\u010dena na koljena! - likemetkovic.hr","isPartOf":{"@id":"https:\/\/likemetkovic.hr\/#website"},"primaryImageOfPage":{"@id":"https:\/\/likemetkovic.hr\/zupanijski-socijaldemokrati-porucuju-neretvanska-poljoprivreda-je-bacena-na-koljena\/#primaryimage"},"image":{"@id":"https:\/\/likemetkovic.hr\/zupanijski-socijaldemokrati-porucuju-neretvanska-poljoprivreda-je-bacena-na-koljena\/#primaryimage"},"thumbnailUrl":"https:\/\/likemetkovic.hr\/portal\/wp-content\/uploads\/2015\/10\/dolina-neretve.jpg","datePublished":"2018-07-10T06:01:18+00:00","author":{"@id":"https:\/\/likemetkovic.hr\/#\/schema\/person\/a42711f3385a0e2be6f7e0443bfb28f0"},"description":"Organizacija SDP-a Dubrova\u010dko-neretvanske \u017eupanije oglasila se o problemima poljoprivredne u Dolini Neretve putem priop\u0107enja za javnost.","breadcrumb":{"@id":"https:\/\/likemetkovic.hr\/zupanijski-socijaldemokrati-porucuju-neretvanska-poljoprivreda-je-bacena-na-koljena\/#breadcrumb"},"inLanguage":"hr","potentialAction":[{"@type":"ReadAction","target":["https:\/\/likemetkovic.hr\/zupanijski-socijaldemokrati-porucuju-neretvanska-poljoprivreda-je-bacena-na-koljena\/"]}]},{"@type":"ImageObject","inLanguage":"hr","@id":"https:\/\/likemetkovic.hr\/zupanijski-socijaldemokrati-porucuju-neretvanska-poljoprivreda-je-bacena-na-koljena\/#primaryimage","url":"https:\/\/likemetkovic.hr\/portal\/wp-content\/uploads\/2015\/10\/dolina-neretve.jpg","contentUrl":"https:\/\/likemetkovic.hr\/portal\/wp-content\/uploads\/2015\/10\/dolina-neretve.jpg","width":800,"height":546},{"@type":"BreadcrumbList","@id":"https:\/\/likemetkovic.hr\/zupanijski-socijaldemokrati-porucuju-neretvanska-poljoprivreda-je-bacena-na-koljena\/#breadcrumb","itemListElement":[{"@type":"ListItem","position":1,"name":"Po\u010detna stranica","item":"https:\/\/likemetkovic.hr\/portal\/"},{"@type":"ListItem","position":2,"name":"\u017dupanijski socijaldemokrati poru\u010duju: Neretvanska poljoprivreda je ba\u010dena na koljena!"}]},{"@type":"WebSite","@id":"https:\/\/likemetkovic.hr\/#website","url":"https:\/\/likemetkovic.hr\/","name":"likemetkovic.hr","description":"Misli pozitivno... \u010ditaj LIKE","potentialAction":[{"@type":"SearchAction","target":{"@type":"EntryPoint","urlTemplate":"https:\/\/likemetkovic.hr\/?s={search_term_string}"},"query-input":{"@type":"PropertyValueSpecification","valueRequired":true,"valueName":"search_term_string"}}],"inLanguage":"hr"},{"@type":"Person","@id":"https:\/\/likemetkovic.hr\/#\/schema\/person\/a42711f3385a0e2be6f7e0443bfb28f0","name":"LIKEmetkovic.hr","sameAs":["http:\/\/likemetkovic.hr"],"url":"https:\/\/likemetkovic.hr\/portal\/author\/likemetkovic-hr\/"}]}},"_links":{"self":[{"href":"https:\/\/likemetkovic.hr\/portal\/wp-json\/wp\/v2\/posts\/64933","targetHints":{"allow":["GET"]}}],"collection":[{"href":"https:\/\/likemetkovic.hr\/portal\/wp-json\/wp\/v2\/posts"}],"about":[{"href":"https:\/\/likemetkovic.hr\/portal\/wp-json\/wp\/v2\/types\/post"}],"author":[{"embeddable":true,"href":"https:\/\/likemetkovic.hr\/portal\/wp-json\/wp\/v2\/users\/7"}],"replies":[{"embeddable":true,"href":"https:\/\/likemetkovic.hr\/portal\/wp-json\/wp\/v2\/comments?post=64933"}],"version-history":[{"count":0,"href":"https:\/\/likemetkovic.hr\/portal\/wp-json\/wp\/v2\/posts\/64933\/revisions"}],"wp:featuredmedia":[{"embeddable":true,"href":"https:\/\/likemetkovic.hr\/portal\/wp-json\/wp\/v2\/media\/10026"}],"wp:attachment":[{"href":"https:\/\/likemetkovic.hr\/portal\/wp-json\/wp\/v2\/media?parent=64933"}],"wp:term":[{"taxonomy":"category","embeddable":true,"href":"https:\/\/likemetkovic.hr\/portal\/wp-json\/wp\/v2\/categories?post=64933"},{"taxonomy":"post_tag","embeddable":true,"href":"https:\/\/likemetkovic.hr\/portal\/wp-json\/wp\/v2\/tags?post=64933"}],"curies":[{"name":"wp","href":"https:\/\/api.w.org\/{rel}","templated":true}]}}