{"id":64946,"date":"2018-07-10T10:10:14","date_gmt":"2018-07-10T08:10:14","guid":{"rendered":"http:\/\/likemetkovic.hr\/?p=64946"},"modified":"2018-07-10T10:10:14","modified_gmt":"2018-07-10T08:10:14","slug":"najava-ove-godine-povodom-dana-grada-zabavljat-ce-vas-maja-suput","status":"publish","type":"post","link":"https:\/\/likemetkovic.hr\/portal\/najava-ove-godine-povodom-dana-grada-zabavljat-ce-vas-maja-suput\/","title":{"rendered":"NAJAVA Ove godine povodom Dana Grada zabavljat \u0107e vas Maja \u0160uput"},"content":{"rendered":"<p>Turisti\u010dka zajednica Grada Metkovi\u0107a najavljuje koncert povodom Dana Grada koji \u0107e se odr\u017eati u srijedu, 18. srpnja 2018.<\/p>\n<p>Ove godine \u0107e nas na Trgu Franje Tu\u0111mana zabavljati jedna od najpopularnijih pjeva\u010dica na hrvatskoj glazbenoj sceni, <strong>Maja \u0160uput.\u00a0<\/strong>Koncert \u0107e po\u010deti u 21 sati.<\/p>\n","protected":false},"excerpt":{"rendered":"<p>Turisti\u010dka zajednica Grada Metkovi\u0107a najavljuje koncert povodom Dana Grada koji \u0107e se odr\u017eati u srijedu, 18. srpnja 2018. Ove godine \u0107e nas na Trgu Franje Tu\u0111mana zabavljati jedna od najpopularnijih pjeva\u010dica na hrvatskoj glazbenoj sceni, Maja \u0160uput.\u00a0Koncert \u0107e po\u010deti u 21 sati.<\/p>\n","protected":false},"author":7,"featured_media":64947,"comment_status":"open","ping_status":"open","sticky":false,"template":"","format":"standard","meta":{"footnotes":""},"categories":[296,291],"tags":[3481,3482,2246],"class_list":{"0":"post-64946","1":"post","2":"type-post","3":"status-publish","4":"format-standard","5":"has-post-thumbnail","7":"category-ab","8":"category-servisne-informacije","9":"tag-dan-grada-metkoivca","10":"tag-maja-suput","11":"tag-najava"},"yoast_head":"<!-- This site is optimized with the Yoast SEO plugin v25.2 - https:\/\/yoast.com\/wordpress\/plugins\/seo\/ -->\n<title>NAJAVA Ove godine povodom Dana Grada zabavljat \u0107e vas Maja \u0160uput - likemetkovic.hr<\/title>\n<meta name=\"robots\" content=\"index, follow, max-snippet:-1, max-image-preview:large, max-video-preview:-1\" \/>\n<link rel=\"canonical\" href=\"https:\/\/likemetkovic.hr\/najava-ove-godine-povodom-dana-grada-zabavljat-ce-vas-maja-suput\/\" \/>\n<meta property=\"og:locale\" content=\"hr_HR\" \/>\n<meta property=\"og:type\" content=\"article\" \/>\n<meta property=\"og:title\" content=\"NAJAVA Ove godine povodom Dana Grada zabavljat \u0107e vas Maja \u0160uput - likemetkovic.hr\" \/>\n<meta property=\"og:description\" content=\"Turisti\u010dka zajednica Grada Metkovi\u0107a najavljuje koncert povodom Dana Grada koji \u0107e se odr\u017eati u srijedu, 18. srpnja 2018. Ove godine \u0107e nas na Trgu Franje Tu\u0111mana zabavljati jedna od najpopularnijih pjeva\u010dica na hrvatskoj glazbenoj sceni, Maja \u0160uput.\u00a0Koncert \u0107e po\u010deti u 21 sati.\" \/>\n<meta property=\"og:url\" content=\"https:\/\/likemetkovic.hr\/najava-ove-godine-povodom-dana-grada-zabavljat-ce-vas-maja-suput\/\" \/>\n<meta property=\"og:site_name\" content=\"likemetkovic.hr\" \/>\n<meta property=\"article:publisher\" content=\"https:\/\/www.facebook.com\/likemetkovic.hr\/\" \/>\n<meta property=\"article:published_time\" content=\"2018-07-10T08:10:14+00:00\" \/>\n<meta property=\"og:image\" content=\"https:\/\/likemetkovic.hr\/wp-content\/uploads\/2018\/07\/maja-\u0161uput.jpg\" \/>\n\t<meta property=\"og:image:width\" content=\"640\" \/>\n\t<meta property=\"og:image:height\" content=\"414\" \/>\n\t<meta property=\"og:image:type\" content=\"image\/jpeg\" \/>\n<meta name=\"author\" content=\"LIKEmetkovic.hr\" \/>\n<meta name=\"twitter:card\" content=\"summary_large_image\" \/>\n<meta name=\"twitter:label1\" content=\"Napisao\/la\" \/>\n\t<meta name=\"twitter:data1\" content=\"LIKEmetkovic.hr\" \/>\n<script type=\"application\/ld+json\" class=\"yoast-schema-graph\">{\"@context\":\"https:\/\/schema.org\",\"@graph\":[{\"@type\":\"WebPage\",\"@id\":\"https:\/\/likemetkovic.hr\/najava-ove-godine-povodom-dana-grada-zabavljat-ce-vas-maja-suput\/\",\"url\":\"https:\/\/likemetkovic.hr\/najava-ove-godine-povodom-dana-grada-zabavljat-ce-vas-maja-suput\/\",\"name\":\"NAJAVA Ove godine povodom Dana Grada zabavljat \u0107e vas Maja \u0160uput - likemetkovic.hr\",\"isPartOf\":{\"@id\":\"https:\/\/likemetkovic.hr\/#website\"},\"primaryImageOfPage\":{\"@id\":\"https:\/\/likemetkovic.hr\/najava-ove-godine-povodom-dana-grada-zabavljat-ce-vas-maja-suput\/#primaryimage\"},\"image\":{\"@id\":\"https:\/\/likemetkovic.hr\/najava-ove-godine-povodom-dana-grada-zabavljat-ce-vas-maja-suput\/#primaryimage\"},\"thumbnailUrl\":\"https:\/\/likemetkovic.hr\/portal\/wp-content\/uploads\/2018\/07\/maja-\u0161uput.jpg\",\"datePublished\":\"2018-07-10T08:10:14+00:00\",\"author\":{\"@id\":\"https:\/\/likemetkovic.hr\/#\/schema\/person\/a42711f3385a0e2be6f7e0443bfb28f0\"},\"breadcrumb\":{\"@id\":\"https:\/\/likemetkovic.hr\/najava-ove-godine-povodom-dana-grada-zabavljat-ce-vas-maja-suput\/#breadcrumb\"},\"inLanguage\":\"hr\",\"potentialAction\":[{\"@type\":\"ReadAction\",\"target\":[\"https:\/\/likemetkovic.hr\/najava-ove-godine-povodom-dana-grada-zabavljat-ce-vas-maja-suput\/\"]}]},{\"@type\":\"ImageObject\",\"inLanguage\":\"hr\",\"@id\":\"https:\/\/likemetkovic.hr\/najava-ove-godine-povodom-dana-grada-zabavljat-ce-vas-maja-suput\/#primaryimage\",\"url\":\"https:\/\/likemetkovic.hr\/portal\/wp-content\/uploads\/2018\/07\/maja-\u0161uput.jpg\",\"contentUrl\":\"https:\/\/likemetkovic.hr\/portal\/wp-content\/uploads\/2018\/07\/maja-\u0161uput.jpg\",\"width\":640,\"height\":414},{\"@type\":\"BreadcrumbList\",\"@id\":\"https:\/\/likemetkovic.hr\/najava-ove-godine-povodom-dana-grada-zabavljat-ce-vas-maja-suput\/#breadcrumb\",\"itemListElement\":[{\"@type\":\"ListItem\",\"position\":1,\"name\":\"Po\u010detna stranica\",\"item\":\"https:\/\/likemetkovic.hr\/portal\/\"},{\"@type\":\"ListItem\",\"position\":2,\"name\":\"NAJAVA Ove godine povodom Dana Grada zabavljat \u0107e vas Maja \u0160uput\"}]},{\"@type\":\"WebSite\",\"@id\":\"https:\/\/likemetkovic.hr\/#website\",\"url\":\"https:\/\/likemetkovic.hr\/\",\"name\":\"likemetkovic.hr\",\"description\":\"Misli pozitivno... \u010ditaj LIKE\",\"potentialAction\":[{\"@type\":\"SearchAction\",\"target\":{\"@type\":\"EntryPoint\",\"urlTemplate\":\"https:\/\/likemetkovic.hr\/?s={search_term_string}\"},\"query-input\":{\"@type\":\"PropertyValueSpecification\",\"valueRequired\":true,\"valueName\":\"search_term_string\"}}],\"inLanguage\":\"hr\"},{\"@type\":\"Person\",\"@id\":\"https:\/\/likemetkovic.hr\/#\/schema\/person\/a42711f3385a0e2be6f7e0443bfb28f0\",\"name\":\"LIKEmetkovic.hr\",\"sameAs\":[\"http:\/\/likemetkovic.hr\"],\"url\":\"https:\/\/likemetkovic.hr\/portal\/author\/likemetkovic-hr\/\"}]}<\/script>\n<!-- \/ Yoast SEO plugin. -->","yoast_head_json":{"title":"NAJAVA Ove godine povodom Dana Grada zabavljat \u0107e vas Maja \u0160uput - likemetkovic.hr","robots":{"index":"index","follow":"follow","max-snippet":"max-snippet:-1","max-image-preview":"max-image-preview:large","max-video-preview":"max-video-preview:-1"},"canonical":"https:\/\/likemetkovic.hr\/najava-ove-godine-povodom-dana-grada-zabavljat-ce-vas-maja-suput\/","og_locale":"hr_HR","og_type":"article","og_title":"NAJAVA Ove godine povodom Dana Grada zabavljat \u0107e vas Maja \u0160uput - likemetkovic.hr","og_description":"Turisti\u010dka zajednica Grada Metkovi\u0107a najavljuje koncert povodom Dana Grada koji \u0107e se odr\u017eati u srijedu, 18. srpnja 2018. Ove godine \u0107e nas na Trgu Franje Tu\u0111mana zabavljati jedna od najpopularnijih pjeva\u010dica na hrvatskoj glazbenoj sceni, Maja \u0160uput.\u00a0Koncert \u0107e po\u010deti u 21 sati.","og_url":"https:\/\/likemetkovic.hr\/najava-ove-godine-povodom-dana-grada-zabavljat-ce-vas-maja-suput\/","og_site_name":"likemetkovic.hr","article_publisher":"https:\/\/www.facebook.com\/likemetkovic.hr\/","article_published_time":"2018-07-10T08:10:14+00:00","og_image":[{"width":640,"height":414,"url":"https:\/\/likemetkovic.hr\/wp-content\/uploads\/2018\/07\/maja-\u0161uput.jpg","type":"image\/jpeg"}],"author":"LIKEmetkovic.hr","twitter_card":"summary_large_image","twitter_misc":{"Napisao\/la":"LIKEmetkovic.hr"},"schema":{"@context":"https:\/\/schema.org","@graph":[{"@type":"WebPage","@id":"https:\/\/likemetkovic.hr\/najava-ove-godine-povodom-dana-grada-zabavljat-ce-vas-maja-suput\/","url":"https:\/\/likemetkovic.hr\/najava-ove-godine-povodom-dana-grada-zabavljat-ce-vas-maja-suput\/","name":"NAJAVA Ove godine povodom Dana Grada zabavljat \u0107e vas Maja \u0160uput - likemetkovic.hr","isPartOf":{"@id":"https:\/\/likemetkovic.hr\/#website"},"primaryImageOfPage":{"@id":"https:\/\/likemetkovic.hr\/najava-ove-godine-povodom-dana-grada-zabavljat-ce-vas-maja-suput\/#primaryimage"},"image":{"@id":"https:\/\/likemetkovic.hr\/najava-ove-godine-povodom-dana-grada-zabavljat-ce-vas-maja-suput\/#primaryimage"},"thumbnailUrl":"https:\/\/likemetkovic.hr\/portal\/wp-content\/uploads\/2018\/07\/maja-\u0161uput.jpg","datePublished":"2018-07-10T08:10:14+00:00","author":{"@id":"https:\/\/likemetkovic.hr\/#\/schema\/person\/a42711f3385a0e2be6f7e0443bfb28f0"},"breadcrumb":{"@id":"https:\/\/likemetkovic.hr\/najava-ove-godine-povodom-dana-grada-zabavljat-ce-vas-maja-suput\/#breadcrumb"},"inLanguage":"hr","potentialAction":[{"@type":"ReadAction","target":["https:\/\/likemetkovic.hr\/najava-ove-godine-povodom-dana-grada-zabavljat-ce-vas-maja-suput\/"]}]},{"@type":"ImageObject","inLanguage":"hr","@id":"https:\/\/likemetkovic.hr\/najava-ove-godine-povodom-dana-grada-zabavljat-ce-vas-maja-suput\/#primaryimage","url":"https:\/\/likemetkovic.hr\/portal\/wp-content\/uploads\/2018\/07\/maja-\u0161uput.jpg","contentUrl":"https:\/\/likemetkovic.hr\/portal\/wp-content\/uploads\/2018\/07\/maja-\u0161uput.jpg","width":640,"height":414},{"@type":"BreadcrumbList","@id":"https:\/\/likemetkovic.hr\/najava-ove-godine-povodom-dana-grada-zabavljat-ce-vas-maja-suput\/#breadcrumb","itemListElement":[{"@type":"ListItem","position":1,"name":"Po\u010detna stranica","item":"https:\/\/likemetkovic.hr\/portal\/"},{"@type":"ListItem","position":2,"name":"NAJAVA Ove godine povodom Dana Grada zabavljat \u0107e vas Maja \u0160uput"}]},{"@type":"WebSite","@id":"https:\/\/likemetkovic.hr\/#website","url":"https:\/\/likemetkovic.hr\/","name":"likemetkovic.hr","description":"Misli pozitivno... \u010ditaj LIKE","potentialAction":[{"@type":"SearchAction","target":{"@type":"EntryPoint","urlTemplate":"https:\/\/likemetkovic.hr\/?s={search_term_string}"},"query-input":{"@type":"PropertyValueSpecification","valueRequired":true,"valueName":"search_term_string"}}],"inLanguage":"hr"},{"@type":"Person","@id":"https:\/\/likemetkovic.hr\/#\/schema\/person\/a42711f3385a0e2be6f7e0443bfb28f0","name":"LIKEmetkovic.hr","sameAs":["http:\/\/likemetkovic.hr"],"url":"https:\/\/likemetkovic.hr\/portal\/author\/likemetkovic-hr\/"}]}},"_links":{"self":[{"href":"https:\/\/likemetkovic.hr\/portal\/wp-json\/wp\/v2\/posts\/64946","targetHints":{"allow":["GET"]}}],"collection":[{"href":"https:\/\/likemetkovic.hr\/portal\/wp-json\/wp\/v2\/posts"}],"about":[{"href":"https:\/\/likemetkovic.hr\/portal\/wp-json\/wp\/v2\/types\/post"}],"author":[{"embeddable":true,"href":"https:\/\/likemetkovic.hr\/portal\/wp-json\/wp\/v2\/users\/7"}],"replies":[{"embeddable":true,"href":"https:\/\/likemetkovic.hr\/portal\/wp-json\/wp\/v2\/comments?post=64946"}],"version-history":[{"count":0,"href":"https:\/\/likemetkovic.hr\/portal\/wp-json\/wp\/v2\/posts\/64946\/revisions"}],"wp:featuredmedia":[{"embeddable":true,"href":"https:\/\/likemetkovic.hr\/portal\/wp-json\/wp\/v2\/media\/64947"}],"wp:attachment":[{"href":"https:\/\/likemetkovic.hr\/portal\/wp-json\/wp\/v2\/media?parent=64946"}],"wp:term":[{"taxonomy":"category","embeddable":true,"href":"https:\/\/likemetkovic.hr\/portal\/wp-json\/wp\/v2\/categories?post=64946"},{"taxonomy":"post_tag","embeddable":true,"href":"https:\/\/likemetkovic.hr\/portal\/wp-json\/wp\/v2\/tags?post=64946"}],"curies":[{"name":"wp","href":"https:\/\/api.w.org\/{rel}","templated":true}]}}