{"id":64954,"date":"2018-07-10T17:52:15","date_gmt":"2018-07-10T15:52:15","guid":{"rendered":"http:\/\/likemetkovic.hr\/?p=64954"},"modified":"2018-07-10T18:07:17","modified_gmt":"2018-07-10T16:07:17","slug":"darijo-srna-svim-svojim-srcem-sam-uz-vas-jednom-vatreni-uvijek-vatreni","status":"publish","type":"post","link":"https:\/\/likemetkovic.hr\/portal\/darijo-srna-svim-svojim-srcem-sam-uz-vas-jednom-vatreni-uvijek-vatreni\/","title":{"rendered":"DARIJO SRNA: Svim svojim srcem sam uz vas! Jednom &#8216;Vatreni&#8217; &#8211; uvijek &#8216;Vatreni&#8217;!"},"content":{"rendered":"<p>Ve\u010deras je na rasporedu prva od dvije polufinalne utakmice Svjetskog nogometnog prvenstva. U Sankt Peterburgu \u0107e u 20 sati na travnjak istr\u010dati <strong>Francuzi i Belgijanci<\/strong>. Ono \u0161to nas vi\u0161e zanima je sutra\u0161nja druga polufinalna utakmica izme\u0111u <strong>Hrvatske<\/strong> i<strong> Engleske <\/strong>koja se u 20 sati igra na moskovkom stadionu <i>Lu\u017enjiki<\/i>.<\/p>\n<p>I dok nas Englezi tap\u0161u po ramenu rije\u010dima <i>U<\/i><i>morni ste, ne mo\u017eete dalje! Prejaki smo za vas!, <\/i>podr\u0161ku <strong><i>Vatrenima<\/i><\/strong> uputio je putem <i>Instagrama<\/i> doju\u010dera\u0161nji kapetan<strong> Darijo Srna<\/strong>, rekorder po broju nastupa za Hrvatsku (134), koji se od reprezentacije oprostio u Portugalu prije dvije godine.<\/p>\n<p>Njegova poruka <i>Vatrenima <\/i>nije promakla engleskim medijima:<\/p>\n<p>&#8211;<i> Sutra je za povijest i za beskona\u010dnost! Hvala vam \u0161to \u017eivite sve na\u0161e zajedni\u010dke snove i \u0161to sve one godine nisu bile uzalud! Hvala vam \u0161to sam i sada tamo s vama, svaki korak, svaki korner, svaki faul, svaki aut i svaki penal! Hvala vam \u0161to ste zauvijek moje srce i du\u0161a, moja bra\u0107a, i vi\u0161e od toga! Hvala vam jer znam da i ovaj put sve ovo radite i za sebe i za sve nas! Ne dajte da se probudimo, pustite nas da jo\u0161 malo sanjamo zajedno, ovaj put do kraja! Svim svojim srcem uz vas!!! <\/i><i><strong>Jednom Vatreni &#8211; uvijek Vatreni&#8217;<\/strong><\/i> \u2013 napisao je Dario.<\/p>\n","protected":false},"excerpt":{"rendered":"<p>Ve\u010deras je na rasporedu prva od dvije polufinalne utakmice Svjetskog nogometnog prvenstva. U Sankt Peterburgu \u0107e u 20 sati na travnjak istr\u010dati Francuzi i Belgijanci. Ono \u0161to nas vi\u0161e zanima je sutra\u0161nja druga polufinalna utakmica izme\u0111u Hrvatske i Engleske koja se u 20 sati igra na moskovkom stadionu Lu\u017enjiki. I dok nas Englezi tap\u0161u po [&hellip;]<\/p>\n","protected":false},"author":7,"featured_media":64957,"comment_status":"open","ping_status":"open","sticky":false,"template":"","format":"standard","meta":{"footnotes":""},"categories":[283,30],"tags":[1093,3487,1007,1095,3427,3413],"class_list":{"0":"post-64954","1":"post","2":"type-post","3":"status-publish","4":"format-standard","5":"has-post-thumbnail","7":"category-a","8":"category-nogomet","9":"tag-dario-srna","10":"tag-engleska","11":"tag-hrvatska","12":"tag-rusija-2018","13":"tag-svjetsko-nogometno-prvenstvo","14":"tag-vatreni"},"yoast_head":"<!-- This site is optimized with the Yoast SEO plugin v25.2 - https:\/\/yoast.com\/wordpress\/plugins\/seo\/ -->\n<title>DARIJO SRNA: Svim svojim srcem sam uz vas! Jednom &#039;Vatreni&#039; - uvijek &#039;Vatreni&#039;! - likemetkovic.hr<\/title>\n<meta name=\"description\" content=\"I dok nas Englezi tap\u0161u po ramenu rije\u010dima\u00a0Umorni ste, ne mo\u017eete dalje! Prejaki smo za vas!,\u00a0podr\u0161ku Vatrenima uputio je i doju\u010dera\u0161nji kapetan\u00a0Darijo Srna.\" \/>\n<meta name=\"robots\" content=\"index, follow, max-snippet:-1, max-image-preview:large, max-video-preview:-1\" \/>\n<link rel=\"canonical\" href=\"https:\/\/likemetkovic.hr\/darijo-srna-svim-svojim-srcem-sam-uz-vas-jednom-vatreni-uvijek-vatreni\/\" \/>\n<meta property=\"og:locale\" content=\"hr_HR\" \/>\n<meta property=\"og:type\" content=\"article\" \/>\n<meta property=\"og:title\" content=\"DARIJO SRNA: Svim svojim srcem sam uz vas! Jednom &#039;Vatreni&#039; - uvijek &#039;Vatreni&#039;! - likemetkovic.hr\" \/>\n<meta property=\"og:description\" content=\"I dok nas Englezi tap\u0161u po ramenu rije\u010dima\u00a0Umorni ste, ne mo\u017eete dalje! Prejaki smo za vas!,\u00a0podr\u0161ku Vatrenima uputio je i doju\u010dera\u0161nji kapetan\u00a0Darijo Srna.\" \/>\n<meta property=\"og:url\" content=\"https:\/\/likemetkovic.hr\/darijo-srna-svim-svojim-srcem-sam-uz-vas-jednom-vatreni-uvijek-vatreni\/\" \/>\n<meta property=\"og:site_name\" content=\"likemetkovic.hr\" \/>\n<meta property=\"article:publisher\" content=\"https:\/\/www.facebook.com\/likemetkovic.hr\/\" \/>\n<meta property=\"article:published_time\" content=\"2018-07-10T15:52:15+00:00\" \/>\n<meta property=\"article:modified_time\" content=\"2018-07-10T16:07:17+00:00\" \/>\n<meta property=\"og:image\" content=\"https:\/\/likemetkovic.hr\/wp-content\/uploads\/2018\/07\/modric-srna-990x556.jpg\" \/>\n\t<meta property=\"og:image:width\" content=\"990\" \/>\n\t<meta property=\"og:image:height\" content=\"556\" \/>\n\t<meta property=\"og:image:type\" content=\"image\/jpeg\" \/>\n<meta name=\"author\" content=\"LIKEmetkovic.hr\" \/>\n<meta name=\"twitter:card\" content=\"summary_large_image\" \/>\n<meta name=\"twitter:label1\" content=\"Napisao\/la\" \/>\n\t<meta name=\"twitter:data1\" content=\"LIKEmetkovic.hr\" \/>\n\t<meta name=\"twitter:label2\" content=\"Procijenjeno vrijeme \u010ditanja\" \/>\n\t<meta name=\"twitter:data2\" content=\"1 minuta\" \/>\n<script type=\"application\/ld+json\" class=\"yoast-schema-graph\">{\"@context\":\"https:\/\/schema.org\",\"@graph\":[{\"@type\":\"WebPage\",\"@id\":\"https:\/\/likemetkovic.hr\/darijo-srna-svim-svojim-srcem-sam-uz-vas-jednom-vatreni-uvijek-vatreni\/\",\"url\":\"https:\/\/likemetkovic.hr\/darijo-srna-svim-svojim-srcem-sam-uz-vas-jednom-vatreni-uvijek-vatreni\/\",\"name\":\"DARIJO SRNA: Svim svojim srcem sam uz vas! Jednom 'Vatreni' - uvijek 'Vatreni'! - likemetkovic.hr\",\"isPartOf\":{\"@id\":\"https:\/\/likemetkovic.hr\/#website\"},\"primaryImageOfPage\":{\"@id\":\"https:\/\/likemetkovic.hr\/darijo-srna-svim-svojim-srcem-sam-uz-vas-jednom-vatreni-uvijek-vatreni\/#primaryimage\"},\"image\":{\"@id\":\"https:\/\/likemetkovic.hr\/darijo-srna-svim-svojim-srcem-sam-uz-vas-jednom-vatreni-uvijek-vatreni\/#primaryimage\"},\"thumbnailUrl\":\"https:\/\/likemetkovic.hr\/portal\/wp-content\/uploads\/2018\/07\/modric-srna-990x556.jpg\",\"datePublished\":\"2018-07-10T15:52:15+00:00\",\"dateModified\":\"2018-07-10T16:07:17+00:00\",\"author\":{\"@id\":\"https:\/\/likemetkovic.hr\/#\/schema\/person\/a42711f3385a0e2be6f7e0443bfb28f0\"},\"description\":\"I dok nas Englezi tap\u0161u po ramenu rije\u010dima\u00a0Umorni ste, ne mo\u017eete dalje! Prejaki smo za vas!,\u00a0podr\u0161ku Vatrenima uputio je i doju\u010dera\u0161nji kapetan\u00a0Darijo Srna.\",\"breadcrumb\":{\"@id\":\"https:\/\/likemetkovic.hr\/darijo-srna-svim-svojim-srcem-sam-uz-vas-jednom-vatreni-uvijek-vatreni\/#breadcrumb\"},\"inLanguage\":\"hr\",\"potentialAction\":[{\"@type\":\"ReadAction\",\"target\":[\"https:\/\/likemetkovic.hr\/darijo-srna-svim-svojim-srcem-sam-uz-vas-jednom-vatreni-uvijek-vatreni\/\"]}]},{\"@type\":\"ImageObject\",\"inLanguage\":\"hr\",\"@id\":\"https:\/\/likemetkovic.hr\/darijo-srna-svim-svojim-srcem-sam-uz-vas-jednom-vatreni-uvijek-vatreni\/#primaryimage\",\"url\":\"https:\/\/likemetkovic.hr\/portal\/wp-content\/uploads\/2018\/07\/modric-srna-990x556.jpg\",\"contentUrl\":\"https:\/\/likemetkovic.hr\/portal\/wp-content\/uploads\/2018\/07\/modric-srna-990x556.jpg\",\"width\":990,\"height\":556},{\"@type\":\"BreadcrumbList\",\"@id\":\"https:\/\/likemetkovic.hr\/darijo-srna-svim-svojim-srcem-sam-uz-vas-jednom-vatreni-uvijek-vatreni\/#breadcrumb\",\"itemListElement\":[{\"@type\":\"ListItem\",\"position\":1,\"name\":\"Po\u010detna stranica\",\"item\":\"https:\/\/likemetkovic.hr\/portal\/\"},{\"@type\":\"ListItem\",\"position\":2,\"name\":\"DARIJO SRNA: Svim svojim srcem sam uz vas! Jednom &#8216;Vatreni&#8217; &#8211; uvijek &#8216;Vatreni&#8217;!\"}]},{\"@type\":\"WebSite\",\"@id\":\"https:\/\/likemetkovic.hr\/#website\",\"url\":\"https:\/\/likemetkovic.hr\/\",\"name\":\"likemetkovic.hr\",\"description\":\"Misli pozitivno... \u010ditaj LIKE\",\"potentialAction\":[{\"@type\":\"SearchAction\",\"target\":{\"@type\":\"EntryPoint\",\"urlTemplate\":\"https:\/\/likemetkovic.hr\/?s={search_term_string}\"},\"query-input\":{\"@type\":\"PropertyValueSpecification\",\"valueRequired\":true,\"valueName\":\"search_term_string\"}}],\"inLanguage\":\"hr\"},{\"@type\":\"Person\",\"@id\":\"https:\/\/likemetkovic.hr\/#\/schema\/person\/a42711f3385a0e2be6f7e0443bfb28f0\",\"name\":\"LIKEmetkovic.hr\",\"sameAs\":[\"http:\/\/likemetkovic.hr\"],\"url\":\"https:\/\/likemetkovic.hr\/portal\/author\/likemetkovic-hr\/\"}]}<\/script>\n<!-- \/ Yoast SEO plugin. -->","yoast_head_json":{"title":"DARIJO SRNA: Svim svojim srcem sam uz vas! Jednom 'Vatreni' - uvijek 'Vatreni'! - likemetkovic.hr","description":"I dok nas Englezi tap\u0161u po ramenu rije\u010dima\u00a0Umorni ste, ne mo\u017eete dalje! Prejaki smo za vas!,\u00a0podr\u0161ku Vatrenima uputio je i doju\u010dera\u0161nji kapetan\u00a0Darijo Srna.","robots":{"index":"index","follow":"follow","max-snippet":"max-snippet:-1","max-image-preview":"max-image-preview:large","max-video-preview":"max-video-preview:-1"},"canonical":"https:\/\/likemetkovic.hr\/darijo-srna-svim-svojim-srcem-sam-uz-vas-jednom-vatreni-uvijek-vatreni\/","og_locale":"hr_HR","og_type":"article","og_title":"DARIJO SRNA: Svim svojim srcem sam uz vas! Jednom 'Vatreni' - uvijek 'Vatreni'! - likemetkovic.hr","og_description":"I dok nas Englezi tap\u0161u po ramenu rije\u010dima\u00a0Umorni ste, ne mo\u017eete dalje! Prejaki smo za vas!,\u00a0podr\u0161ku Vatrenima uputio je i doju\u010dera\u0161nji kapetan\u00a0Darijo Srna.","og_url":"https:\/\/likemetkovic.hr\/darijo-srna-svim-svojim-srcem-sam-uz-vas-jednom-vatreni-uvijek-vatreni\/","og_site_name":"likemetkovic.hr","article_publisher":"https:\/\/www.facebook.com\/likemetkovic.hr\/","article_published_time":"2018-07-10T15:52:15+00:00","article_modified_time":"2018-07-10T16:07:17+00:00","og_image":[{"width":990,"height":556,"url":"https:\/\/likemetkovic.hr\/wp-content\/uploads\/2018\/07\/modric-srna-990x556.jpg","type":"image\/jpeg"}],"author":"LIKEmetkovic.hr","twitter_card":"summary_large_image","twitter_misc":{"Napisao\/la":"LIKEmetkovic.hr","Procijenjeno vrijeme \u010ditanja":"1 minuta"},"schema":{"@context":"https:\/\/schema.org","@graph":[{"@type":"WebPage","@id":"https:\/\/likemetkovic.hr\/darijo-srna-svim-svojim-srcem-sam-uz-vas-jednom-vatreni-uvijek-vatreni\/","url":"https:\/\/likemetkovic.hr\/darijo-srna-svim-svojim-srcem-sam-uz-vas-jednom-vatreni-uvijek-vatreni\/","name":"DARIJO SRNA: Svim svojim srcem sam uz vas! Jednom 'Vatreni' - uvijek 'Vatreni'! - likemetkovic.hr","isPartOf":{"@id":"https:\/\/likemetkovic.hr\/#website"},"primaryImageOfPage":{"@id":"https:\/\/likemetkovic.hr\/darijo-srna-svim-svojim-srcem-sam-uz-vas-jednom-vatreni-uvijek-vatreni\/#primaryimage"},"image":{"@id":"https:\/\/likemetkovic.hr\/darijo-srna-svim-svojim-srcem-sam-uz-vas-jednom-vatreni-uvijek-vatreni\/#primaryimage"},"thumbnailUrl":"https:\/\/likemetkovic.hr\/portal\/wp-content\/uploads\/2018\/07\/modric-srna-990x556.jpg","datePublished":"2018-07-10T15:52:15+00:00","dateModified":"2018-07-10T16:07:17+00:00","author":{"@id":"https:\/\/likemetkovic.hr\/#\/schema\/person\/a42711f3385a0e2be6f7e0443bfb28f0"},"description":"I dok nas Englezi tap\u0161u po ramenu rije\u010dima\u00a0Umorni ste, ne mo\u017eete dalje! Prejaki smo za vas!,\u00a0podr\u0161ku Vatrenima uputio je i doju\u010dera\u0161nji kapetan\u00a0Darijo Srna.","breadcrumb":{"@id":"https:\/\/likemetkovic.hr\/darijo-srna-svim-svojim-srcem-sam-uz-vas-jednom-vatreni-uvijek-vatreni\/#breadcrumb"},"inLanguage":"hr","potentialAction":[{"@type":"ReadAction","target":["https:\/\/likemetkovic.hr\/darijo-srna-svim-svojim-srcem-sam-uz-vas-jednom-vatreni-uvijek-vatreni\/"]}]},{"@type":"ImageObject","inLanguage":"hr","@id":"https:\/\/likemetkovic.hr\/darijo-srna-svim-svojim-srcem-sam-uz-vas-jednom-vatreni-uvijek-vatreni\/#primaryimage","url":"https:\/\/likemetkovic.hr\/portal\/wp-content\/uploads\/2018\/07\/modric-srna-990x556.jpg","contentUrl":"https:\/\/likemetkovic.hr\/portal\/wp-content\/uploads\/2018\/07\/modric-srna-990x556.jpg","width":990,"height":556},{"@type":"BreadcrumbList","@id":"https:\/\/likemetkovic.hr\/darijo-srna-svim-svojim-srcem-sam-uz-vas-jednom-vatreni-uvijek-vatreni\/#breadcrumb","itemListElement":[{"@type":"ListItem","position":1,"name":"Po\u010detna stranica","item":"https:\/\/likemetkovic.hr\/portal\/"},{"@type":"ListItem","position":2,"name":"DARIJO SRNA: Svim svojim srcem sam uz vas! Jednom &#8216;Vatreni&#8217; &#8211; uvijek &#8216;Vatreni&#8217;!"}]},{"@type":"WebSite","@id":"https:\/\/likemetkovic.hr\/#website","url":"https:\/\/likemetkovic.hr\/","name":"likemetkovic.hr","description":"Misli pozitivno... \u010ditaj LIKE","potentialAction":[{"@type":"SearchAction","target":{"@type":"EntryPoint","urlTemplate":"https:\/\/likemetkovic.hr\/?s={search_term_string}"},"query-input":{"@type":"PropertyValueSpecification","valueRequired":true,"valueName":"search_term_string"}}],"inLanguage":"hr"},{"@type":"Person","@id":"https:\/\/likemetkovic.hr\/#\/schema\/person\/a42711f3385a0e2be6f7e0443bfb28f0","name":"LIKEmetkovic.hr","sameAs":["http:\/\/likemetkovic.hr"],"url":"https:\/\/likemetkovic.hr\/portal\/author\/likemetkovic-hr\/"}]}},"_links":{"self":[{"href":"https:\/\/likemetkovic.hr\/portal\/wp-json\/wp\/v2\/posts\/64954","targetHints":{"allow":["GET"]}}],"collection":[{"href":"https:\/\/likemetkovic.hr\/portal\/wp-json\/wp\/v2\/posts"}],"about":[{"href":"https:\/\/likemetkovic.hr\/portal\/wp-json\/wp\/v2\/types\/post"}],"author":[{"embeddable":true,"href":"https:\/\/likemetkovic.hr\/portal\/wp-json\/wp\/v2\/users\/7"}],"replies":[{"embeddable":true,"href":"https:\/\/likemetkovic.hr\/portal\/wp-json\/wp\/v2\/comments?post=64954"}],"version-history":[{"count":0,"href":"https:\/\/likemetkovic.hr\/portal\/wp-json\/wp\/v2\/posts\/64954\/revisions"}],"wp:featuredmedia":[{"embeddable":true,"href":"https:\/\/likemetkovic.hr\/portal\/wp-json\/wp\/v2\/media\/64957"}],"wp:attachment":[{"href":"https:\/\/likemetkovic.hr\/portal\/wp-json\/wp\/v2\/media?parent=64954"}],"wp:term":[{"taxonomy":"category","embeddable":true,"href":"https:\/\/likemetkovic.hr\/portal\/wp-json\/wp\/v2\/categories?post=64954"},{"taxonomy":"post_tag","embeddable":true,"href":"https:\/\/likemetkovic.hr\/portal\/wp-json\/wp\/v2\/tags?post=64954"}],"curies":[{"name":"wp","href":"https:\/\/api.w.org\/{rel}","templated":true}]}}