{"id":64963,"date":"2018-07-11T08:35:56","date_gmt":"2018-07-11T06:35:56","guid":{"rendered":"http:\/\/likemetkovic.hr\/?p=64963"},"modified":"2018-07-11T08:35:56","modified_gmt":"2018-07-11T06:35:56","slug":"polje-migranti-granicau-gabela-polju-se-sve-cesce-pojavljuju-migranti-koji-zele-prijeci-u-hrvatsku","status":"publish","type":"post","link":"https:\/\/likemetkovic.hr\/portal\/polje-migranti-granicau-gabela-polju-se-sve-cesce-pojavljuju-migranti-koji-zele-prijeci-u-hrvatsku\/","title":{"rendered":"U Gabela Polju se sve \u010de\u0161\u0107e pojavljuju migranti koji \u017eele prije\u0107i u Hrvatsku"},"content":{"rendered":"<p>Sukob u kojem je kori\u0161teno hladno oru\u017eje, provala u trgovinu, kra\u0111e, uni\u0161tavanje imovine okolnih stanovnika, samo su neka od kaznenih djela koja su u proteklom razdoblju po\u010dinili migranti smje\u0161teni u Salakovac kod Mostara, pi\u0161e <a href=\"https:\/\/www.vecernji.ba\/vijesti\/migranti-se-sukobljavaju-provaljuju-u-trgovine-unistavaju-tu-u-imovinu-1257336\">Ve\u010dernji list<\/a>.<\/p>\n<p>Posljednjih dana je zabilje\u017een ve\u0107i broj prijava kretanja migranata na podru\u010dju Policijske uprave \u010capljina.<\/p>\n<p>Mje\u0161tani <strong>Gabela Polja<\/strong> potvrdili su kako posljednjih dana vi\u0111aju sve ve\u0107i broj migranata koji se kre\u0107u oko njihovih ku\u0107a.<\/p>\n<p>&#8211;\u00a0<em>Strah nas je, zaklju\u010davamo se u ku\u0107e, hodaju u svako doba dana, ujutro i nave\u010der,\u00a0<\/em>ka\u017eu mje\u0161tani Gabela Polja, naselja uz granicu s Hrvatskom.<\/p>\n<p>Problem koji policija ima s migrantima je \u0161to ve\u0107ina njih nema odgovaraju\u0107e dokumente.<\/p>\n<p><em>&#8211; Ako netko od migranata u\u010dini kazneno djelo, procedura je duga jer najve\u0107i broj njih nema nikakve dokumente. Te\u0161ko je utvrditi kako se zovu,<\/em> ka\u017eu u policiji.<\/p>\n<p>Jedan od takvih primjera su sudionici sukoba u kojem je kori\u0161teno hladno oru\u017eje. Ni jedan od njih nije imao valjane dokumente. Trenuta\u010dno su na slobodi, a postupak vodi \u017eupanijsko Tu\u017eiteljstvo.<\/p>\n<p>U centar Salakovac je prema slu\u017ebenim podacima stiglo 450 migranata, a trenutno ih je u njemu 160, uglavnom ranjivija skupina, djeca s obiteljima. U BiH je do sada u\u0161lo oko 6500 migranata,a u sve ve\u0107em broju dolaze iz Pakistana, Afganistana, Sirije, Iraka i dr\u017eava sjeverne Afrike. Neki od njih putuju ve\u0107 dvije godine\u00a0 pri \u010demu\u00a0 su krijum\u010darima dali ve\u0107 velike iznose novca.<\/p>\n<p>Migranti koriste novu, balkansku rutu. Prelaze granicu izme\u0111u Crne Gore i BiH i upu\u0107uju se u unutra\u0161njost\u00a0 prema Sarajevu, a onda ve\u0107im dijelom idu prema zapadu na podru\u010dje Velike Kladu\u0161e gdje nastoje prije\u0107i u Hrvatsku.<\/p>\n<p>Procjenjuje se da novom balkanskom rutom namjerava pro\u0107i preko 50 000 migranata.<\/p>\n","protected":false},"excerpt":{"rendered":"<p>Sukob u kojem je kori\u0161teno hladno oru\u017eje, provala u trgovinu, kra\u0111e, uni\u0161tavanje imovine okolnih stanovnika, samo su neka od kaznenih djela koja su u proteklom razdoblju po\u010dinili migranti smje\u0161teni u Salakovac kod Mostara, pi\u0161e Ve\u010dernji list. Posljednjih dana je zabilje\u017een ve\u0107i broj prijava kretanja migranata na podru\u010dju Policijske uprave \u010capljina. Mje\u0161tani Gabela Polja potvrdili su [&hellip;]<\/p>\n","protected":false},"author":7,"featured_media":64967,"comment_status":"open","ping_status":"open","sticky":false,"template":"","format":"standard","meta":{"footnotes":""},"categories":[283,1026],"tags":[3489,2871,1288,3488],"class_list":{"0":"post-64963","1":"post","2":"type-post","3":"status-publish","4":"format-standard","5":"has-post-thumbnail","7":"category-a","8":"category-vijesti","9":"tag-bosna-i-hercegovina","10":"tag-gabela-polje","11":"tag-granica","12":"tag-migranti"},"yoast_head":"<!-- This site is optimized with the Yoast SEO plugin v25.2 - https:\/\/yoast.com\/wordpress\/plugins\/seo\/ -->\n<title>U Gabela Polju se sve \u010de\u0161\u0107e pojavljuju migranti koji \u017eele prije\u0107i u Hrvatsku - likemetkovic.hr<\/title>\n<meta name=\"description\" content=\"Posljednjih dana je zabilje\u017een ve\u0107i broj prijava kretanja migranata na podru\u010dju Policijske uprave \u010capljina.\" \/>\n<meta name=\"robots\" content=\"index, follow, max-snippet:-1, max-image-preview:large, max-video-preview:-1\" \/>\n<link rel=\"canonical\" href=\"https:\/\/likemetkovic.hr\/polje-migranti-granicau-gabela-polju-se-sve-cesce-pojavljuju-migranti-koji-zele-prijeci-u-hrvatsku\/\" \/>\n<meta property=\"og:locale\" content=\"hr_HR\" \/>\n<meta property=\"og:type\" content=\"article\" \/>\n<meta property=\"og:title\" content=\"U Gabela Polju se sve \u010de\u0161\u0107e pojavljuju migranti koji \u017eele prije\u0107i u Hrvatsku - likemetkovic.hr\" \/>\n<meta property=\"og:description\" content=\"Posljednjih dana je zabilje\u017een ve\u0107i broj prijava kretanja migranata na podru\u010dju Policijske uprave \u010capljina.\" \/>\n<meta property=\"og:url\" content=\"https:\/\/likemetkovic.hr\/polje-migranti-granicau-gabela-polju-se-sve-cesce-pojavljuju-migranti-koji-zele-prijeci-u-hrvatsku\/\" \/>\n<meta property=\"og:site_name\" content=\"likemetkovic.hr\" \/>\n<meta property=\"article:publisher\" content=\"https:\/\/www.facebook.com\/likemetkovic.hr\/\" \/>\n<meta property=\"article:published_time\" content=\"2018-07-11T06:35:56+00:00\" \/>\n<meta property=\"og:image\" content=\"https:\/\/likemetkovic.hr\/wp-content\/uploads\/2018\/07\/migranti-kladu\u0161a.jpg\" \/>\n\t<meta property=\"og:image:width\" content=\"800\" \/>\n\t<meta property=\"og:image:height\" content=\"591\" \/>\n\t<meta property=\"og:image:type\" content=\"image\/jpeg\" \/>\n<meta name=\"author\" content=\"LIKEmetkovic.hr\" \/>\n<meta name=\"twitter:card\" content=\"summary_large_image\" \/>\n<meta name=\"twitter:label1\" content=\"Napisao\/la\" \/>\n\t<meta name=\"twitter:data1\" content=\"LIKEmetkovic.hr\" \/>\n\t<meta name=\"twitter:label2\" content=\"Procijenjeno vrijeme \u010ditanja\" \/>\n\t<meta name=\"twitter:data2\" content=\"2 minute\" \/>\n<script type=\"application\/ld+json\" class=\"yoast-schema-graph\">{\"@context\":\"https:\/\/schema.org\",\"@graph\":[{\"@type\":\"WebPage\",\"@id\":\"https:\/\/likemetkovic.hr\/polje-migranti-granicau-gabela-polju-se-sve-cesce-pojavljuju-migranti-koji-zele-prijeci-u-hrvatsku\/\",\"url\":\"https:\/\/likemetkovic.hr\/polje-migranti-granicau-gabela-polju-se-sve-cesce-pojavljuju-migranti-koji-zele-prijeci-u-hrvatsku\/\",\"name\":\"U Gabela Polju se sve \u010de\u0161\u0107e pojavljuju migranti koji \u017eele prije\u0107i u Hrvatsku - likemetkovic.hr\",\"isPartOf\":{\"@id\":\"https:\/\/likemetkovic.hr\/#website\"},\"primaryImageOfPage\":{\"@id\":\"https:\/\/likemetkovic.hr\/polje-migranti-granicau-gabela-polju-se-sve-cesce-pojavljuju-migranti-koji-zele-prijeci-u-hrvatsku\/#primaryimage\"},\"image\":{\"@id\":\"https:\/\/likemetkovic.hr\/polje-migranti-granicau-gabela-polju-se-sve-cesce-pojavljuju-migranti-koji-zele-prijeci-u-hrvatsku\/#primaryimage\"},\"thumbnailUrl\":\"https:\/\/likemetkovic.hr\/portal\/wp-content\/uploads\/2018\/07\/migranti-kladu\u0161a.jpg\",\"datePublished\":\"2018-07-11T06:35:56+00:00\",\"author\":{\"@id\":\"https:\/\/likemetkovic.hr\/#\/schema\/person\/a42711f3385a0e2be6f7e0443bfb28f0\"},\"description\":\"Posljednjih dana je zabilje\u017een ve\u0107i broj prijava kretanja migranata na podru\u010dju Policijske uprave \u010capljina.\",\"breadcrumb\":{\"@id\":\"https:\/\/likemetkovic.hr\/polje-migranti-granicau-gabela-polju-se-sve-cesce-pojavljuju-migranti-koji-zele-prijeci-u-hrvatsku\/#breadcrumb\"},\"inLanguage\":\"hr\",\"potentialAction\":[{\"@type\":\"ReadAction\",\"target\":[\"https:\/\/likemetkovic.hr\/polje-migranti-granicau-gabela-polju-se-sve-cesce-pojavljuju-migranti-koji-zele-prijeci-u-hrvatsku\/\"]}]},{\"@type\":\"ImageObject\",\"inLanguage\":\"hr\",\"@id\":\"https:\/\/likemetkovic.hr\/polje-migranti-granicau-gabela-polju-se-sve-cesce-pojavljuju-migranti-koji-zele-prijeci-u-hrvatsku\/#primaryimage\",\"url\":\"https:\/\/likemetkovic.hr\/portal\/wp-content\/uploads\/2018\/07\/migranti-kladu\u0161a.jpg\",\"contentUrl\":\"https:\/\/likemetkovic.hr\/portal\/wp-content\/uploads\/2018\/07\/migranti-kladu\u0161a.jpg\",\"width\":800,\"height\":591},{\"@type\":\"BreadcrumbList\",\"@id\":\"https:\/\/likemetkovic.hr\/polje-migranti-granicau-gabela-polju-se-sve-cesce-pojavljuju-migranti-koji-zele-prijeci-u-hrvatsku\/#breadcrumb\",\"itemListElement\":[{\"@type\":\"ListItem\",\"position\":1,\"name\":\"Po\u010detna stranica\",\"item\":\"https:\/\/likemetkovic.hr\/portal\/\"},{\"@type\":\"ListItem\",\"position\":2,\"name\":\"U Gabela Polju se sve \u010de\u0161\u0107e pojavljuju migranti koji \u017eele prije\u0107i u Hrvatsku\"}]},{\"@type\":\"WebSite\",\"@id\":\"https:\/\/likemetkovic.hr\/#website\",\"url\":\"https:\/\/likemetkovic.hr\/\",\"name\":\"likemetkovic.hr\",\"description\":\"Misli pozitivno... \u010ditaj LIKE\",\"potentialAction\":[{\"@type\":\"SearchAction\",\"target\":{\"@type\":\"EntryPoint\",\"urlTemplate\":\"https:\/\/likemetkovic.hr\/?s={search_term_string}\"},\"query-input\":{\"@type\":\"PropertyValueSpecification\",\"valueRequired\":true,\"valueName\":\"search_term_string\"}}],\"inLanguage\":\"hr\"},{\"@type\":\"Person\",\"@id\":\"https:\/\/likemetkovic.hr\/#\/schema\/person\/a42711f3385a0e2be6f7e0443bfb28f0\",\"name\":\"LIKEmetkovic.hr\",\"sameAs\":[\"http:\/\/likemetkovic.hr\"],\"url\":\"https:\/\/likemetkovic.hr\/portal\/author\/likemetkovic-hr\/\"}]}<\/script>\n<!-- \/ Yoast SEO plugin. -->","yoast_head_json":{"title":"U Gabela Polju se sve \u010de\u0161\u0107e pojavljuju migranti koji \u017eele prije\u0107i u Hrvatsku - likemetkovic.hr","description":"Posljednjih dana je zabilje\u017een ve\u0107i broj prijava kretanja migranata na podru\u010dju Policijske uprave \u010capljina.","robots":{"index":"index","follow":"follow","max-snippet":"max-snippet:-1","max-image-preview":"max-image-preview:large","max-video-preview":"max-video-preview:-1"},"canonical":"https:\/\/likemetkovic.hr\/polje-migranti-granicau-gabela-polju-se-sve-cesce-pojavljuju-migranti-koji-zele-prijeci-u-hrvatsku\/","og_locale":"hr_HR","og_type":"article","og_title":"U Gabela Polju se sve \u010de\u0161\u0107e pojavljuju migranti koji \u017eele prije\u0107i u Hrvatsku - likemetkovic.hr","og_description":"Posljednjih dana je zabilje\u017een ve\u0107i broj prijava kretanja migranata na podru\u010dju Policijske uprave \u010capljina.","og_url":"https:\/\/likemetkovic.hr\/polje-migranti-granicau-gabela-polju-se-sve-cesce-pojavljuju-migranti-koji-zele-prijeci-u-hrvatsku\/","og_site_name":"likemetkovic.hr","article_publisher":"https:\/\/www.facebook.com\/likemetkovic.hr\/","article_published_time":"2018-07-11T06:35:56+00:00","og_image":[{"width":800,"height":591,"url":"https:\/\/likemetkovic.hr\/wp-content\/uploads\/2018\/07\/migranti-kladu\u0161a.jpg","type":"image\/jpeg"}],"author":"LIKEmetkovic.hr","twitter_card":"summary_large_image","twitter_misc":{"Napisao\/la":"LIKEmetkovic.hr","Procijenjeno vrijeme \u010ditanja":"2 minute"},"schema":{"@context":"https:\/\/schema.org","@graph":[{"@type":"WebPage","@id":"https:\/\/likemetkovic.hr\/polje-migranti-granicau-gabela-polju-se-sve-cesce-pojavljuju-migranti-koji-zele-prijeci-u-hrvatsku\/","url":"https:\/\/likemetkovic.hr\/polje-migranti-granicau-gabela-polju-se-sve-cesce-pojavljuju-migranti-koji-zele-prijeci-u-hrvatsku\/","name":"U Gabela Polju se sve \u010de\u0161\u0107e pojavljuju migranti koji \u017eele prije\u0107i u Hrvatsku - likemetkovic.hr","isPartOf":{"@id":"https:\/\/likemetkovic.hr\/#website"},"primaryImageOfPage":{"@id":"https:\/\/likemetkovic.hr\/polje-migranti-granicau-gabela-polju-se-sve-cesce-pojavljuju-migranti-koji-zele-prijeci-u-hrvatsku\/#primaryimage"},"image":{"@id":"https:\/\/likemetkovic.hr\/polje-migranti-granicau-gabela-polju-se-sve-cesce-pojavljuju-migranti-koji-zele-prijeci-u-hrvatsku\/#primaryimage"},"thumbnailUrl":"https:\/\/likemetkovic.hr\/portal\/wp-content\/uploads\/2018\/07\/migranti-kladu\u0161a.jpg","datePublished":"2018-07-11T06:35:56+00:00","author":{"@id":"https:\/\/likemetkovic.hr\/#\/schema\/person\/a42711f3385a0e2be6f7e0443bfb28f0"},"description":"Posljednjih dana je zabilje\u017een ve\u0107i broj prijava kretanja migranata na podru\u010dju Policijske uprave \u010capljina.","breadcrumb":{"@id":"https:\/\/likemetkovic.hr\/polje-migranti-granicau-gabela-polju-se-sve-cesce-pojavljuju-migranti-koji-zele-prijeci-u-hrvatsku\/#breadcrumb"},"inLanguage":"hr","potentialAction":[{"@type":"ReadAction","target":["https:\/\/likemetkovic.hr\/polje-migranti-granicau-gabela-polju-se-sve-cesce-pojavljuju-migranti-koji-zele-prijeci-u-hrvatsku\/"]}]},{"@type":"ImageObject","inLanguage":"hr","@id":"https:\/\/likemetkovic.hr\/polje-migranti-granicau-gabela-polju-se-sve-cesce-pojavljuju-migranti-koji-zele-prijeci-u-hrvatsku\/#primaryimage","url":"https:\/\/likemetkovic.hr\/portal\/wp-content\/uploads\/2018\/07\/migranti-kladu\u0161a.jpg","contentUrl":"https:\/\/likemetkovic.hr\/portal\/wp-content\/uploads\/2018\/07\/migranti-kladu\u0161a.jpg","width":800,"height":591},{"@type":"BreadcrumbList","@id":"https:\/\/likemetkovic.hr\/polje-migranti-granicau-gabela-polju-se-sve-cesce-pojavljuju-migranti-koji-zele-prijeci-u-hrvatsku\/#breadcrumb","itemListElement":[{"@type":"ListItem","position":1,"name":"Po\u010detna stranica","item":"https:\/\/likemetkovic.hr\/portal\/"},{"@type":"ListItem","position":2,"name":"U Gabela Polju se sve \u010de\u0161\u0107e pojavljuju migranti koji \u017eele prije\u0107i u Hrvatsku"}]},{"@type":"WebSite","@id":"https:\/\/likemetkovic.hr\/#website","url":"https:\/\/likemetkovic.hr\/","name":"likemetkovic.hr","description":"Misli pozitivno... \u010ditaj LIKE","potentialAction":[{"@type":"SearchAction","target":{"@type":"EntryPoint","urlTemplate":"https:\/\/likemetkovic.hr\/?s={search_term_string}"},"query-input":{"@type":"PropertyValueSpecification","valueRequired":true,"valueName":"search_term_string"}}],"inLanguage":"hr"},{"@type":"Person","@id":"https:\/\/likemetkovic.hr\/#\/schema\/person\/a42711f3385a0e2be6f7e0443bfb28f0","name":"LIKEmetkovic.hr","sameAs":["http:\/\/likemetkovic.hr"],"url":"https:\/\/likemetkovic.hr\/portal\/author\/likemetkovic-hr\/"}]}},"_links":{"self":[{"href":"https:\/\/likemetkovic.hr\/portal\/wp-json\/wp\/v2\/posts\/64963","targetHints":{"allow":["GET"]}}],"collection":[{"href":"https:\/\/likemetkovic.hr\/portal\/wp-json\/wp\/v2\/posts"}],"about":[{"href":"https:\/\/likemetkovic.hr\/portal\/wp-json\/wp\/v2\/types\/post"}],"author":[{"embeddable":true,"href":"https:\/\/likemetkovic.hr\/portal\/wp-json\/wp\/v2\/users\/7"}],"replies":[{"embeddable":true,"href":"https:\/\/likemetkovic.hr\/portal\/wp-json\/wp\/v2\/comments?post=64963"}],"version-history":[{"count":0,"href":"https:\/\/likemetkovic.hr\/portal\/wp-json\/wp\/v2\/posts\/64963\/revisions"}],"wp:featuredmedia":[{"embeddable":true,"href":"https:\/\/likemetkovic.hr\/portal\/wp-json\/wp\/v2\/media\/64967"}],"wp:attachment":[{"href":"https:\/\/likemetkovic.hr\/portal\/wp-json\/wp\/v2\/media?parent=64963"}],"wp:term":[{"taxonomy":"category","embeddable":true,"href":"https:\/\/likemetkovic.hr\/portal\/wp-json\/wp\/v2\/categories?post=64963"},{"taxonomy":"post_tag","embeddable":true,"href":"https:\/\/likemetkovic.hr\/portal\/wp-json\/wp\/v2\/tags?post=64963"}],"curies":[{"name":"wp","href":"https:\/\/api.w.org\/{rel}","templated":true}]}}