{"id":64977,"date":"2018-07-11T14:09:01","date_gmt":"2018-07-11T12:09:01","guid":{"rendered":"http:\/\/likemetkovic.hr\/?p=64977"},"modified":"2018-07-11T14:14:31","modified_gmt":"2018-07-11T12:14:31","slug":"novi-rezultati-upisa-djece-u-vrtic-smanjen-proj-neupisane-djece","status":"publish","type":"post","link":"https:\/\/likemetkovic.hr\/portal\/novi-rezultati-upisa-djece-u-vrtic-smanjen-proj-neupisane-djece\/","title":{"rendered":"Novi rezultati upisa djece u vrti\u0107: smanjen proj neupisane djece"},"content":{"rendered":"<p>Na mre\u017enoj stranici <em>Dje\u010djih vrti\u0107a Metkovi\u0107<\/em> objavljeni su <strong>novi rezultati upisa djece<\/strong> u novu pedago\u0161ku godinu\u00a02018.\/19 prema kojim je dodatno upisano 60-tak djece te je tako smanjen\u00a0broj djece na \u010dekanju.<\/p>\n<p>Zbog pove\u0107anog interesa roditelja za upisom djece u vrti\u0107,<strong> Dje\u010dji vrti\u0107i Metkovi\u0107<\/strong>\u00a0ove godine ne uspijevaju upisati svu prijavljenu djecu. Prema objavljenom popisu iz lipnja, 109 djece je ostalo\u00a0<em>na \u010dekanju<\/em>.<\/p>\n<p><strong>5. svibnja 2018.<\/strong> su objavljeni novi rezultati prema kojima je broj neupisane djece smanjen na 48.Tako je na \u010dekanju ostalo jo\u0161 26 djece jasli\u010dke dobi i 24 djeteta vrti\u0107ke dobi.<\/p>\n<p>Prema vrti\u0107ima broj upisane djece je sljede\u0107i:<\/p>\n<ul>\n<li>Sredi\u0161nji vrti\u0107 &#8211; 358 djece (neupisano 48)<\/li>\n<li>Dje\u010dji vrti\u0107\u00a0<em>Radost<\/em>\u00a0&#8211; 94 djece<\/li>\n<li>Dje\u010dji vrti\u0107 Vid &#8211; 15 djece<\/li>\n<li>Dje\u010dji vrti\u0107 Otri\u0107 Seoci &#8211; 18 djece<\/li>\n<\/ul>\n<p>Nove rezulatate upisa i dodatne informacije roditelji mogu vidje na mre\u017enoj stranici<a href=\"http:\/\/vrticimetkovic.hr\/2018\/rezultati-upisa-za-2018-2019-pedagosku-godinu\/\"> <strong>DV Metkovi\u0107<\/strong><\/a>.<\/p>\n","protected":false},"excerpt":{"rendered":"<p>Na mre\u017enoj stranici Dje\u010djih vrti\u0107a Metkovi\u0107 objavljeni su novi rezultati upisa djece u novu pedago\u0161ku godinu\u00a02018.\/19 prema kojim je dodatno upisano 60-tak djece te je tako smanjen\u00a0broj djece na \u010dekanju. Zbog pove\u0107anog interesa roditelja za upisom djece u vrti\u0107, Dje\u010dji vrti\u0107i Metkovi\u0107\u00a0ove godine ne uspijevaju upisati svu prijavljenu djecu. Prema objavljenom popisu iz lipnja, 109 [&hellip;]<\/p>\n","protected":false},"author":7,"featured_media":19448,"comment_status":"open","ping_status":"open","sticky":false,"template":"","format":"standard","meta":{"footnotes":""},"categories":[283,11],"tags":[1254,3374],"class_list":{"0":"post-64977","1":"post","2":"type-post","3":"status-publish","4":"format-standard","5":"has-post-thumbnail","7":"category-a","8":"category-metkovic-dolina","9":"tag-djecji-vrtic-metkovic","10":"tag-upis-djece"},"yoast_head":"<!-- This site is optimized with the Yoast SEO plugin v25.2 - https:\/\/yoast.com\/wordpress\/plugins\/seo\/ -->\n<title>Novi rezultati upisa djece u vrti\u0107: smanjen proj neupisane djece - likemetkovic.hr<\/title>\n<meta name=\"description\" content=\"Zbog pove\u0107anog interesa roditelja za upisom djece u vrti\u0107, Dje\u010dji vrti\u0107i Metkovi\u0107\u00a0ove godine ne uspijevaju upisati svu prijavljenu djecu. Prema objavljenom popisu iz lipnja, 109 djece je ostalo\u00a0na \u010dekanju.\" \/>\n<meta name=\"robots\" content=\"index, follow, max-snippet:-1, max-image-preview:large, max-video-preview:-1\" \/>\n<link rel=\"canonical\" href=\"https:\/\/likemetkovic.hr\/novi-rezultati-upisa-djece-u-vrtic-smanjen-proj-neupisane-djece\/\" \/>\n<meta property=\"og:locale\" content=\"hr_HR\" \/>\n<meta property=\"og:type\" content=\"article\" \/>\n<meta property=\"og:title\" content=\"Novi rezultati upisa djece u vrti\u0107: smanjen proj neupisane djece - likemetkovic.hr\" \/>\n<meta property=\"og:description\" content=\"Zbog pove\u0107anog interesa roditelja za upisom djece u vrti\u0107, Dje\u010dji vrti\u0107i Metkovi\u0107\u00a0ove godine ne uspijevaju upisati svu prijavljenu djecu. Prema objavljenom popisu iz lipnja, 109 djece je ostalo\u00a0na \u010dekanju.\" \/>\n<meta property=\"og:url\" content=\"https:\/\/likemetkovic.hr\/novi-rezultati-upisa-djece-u-vrtic-smanjen-proj-neupisane-djece\/\" \/>\n<meta property=\"og:site_name\" content=\"likemetkovic.hr\" \/>\n<meta property=\"article:publisher\" content=\"https:\/\/www.facebook.com\/likemetkovic.hr\/\" \/>\n<meta property=\"article:published_time\" content=\"2018-07-11T12:09:01+00:00\" \/>\n<meta property=\"article:modified_time\" content=\"2018-07-11T12:14:31+00:00\" \/>\n<meta property=\"og:image\" content=\"https:\/\/likemetkovic.hr\/wp-content\/uploads\/2016\/04\/dje\u010dji-vrti\u0107_1.jpg\" \/>\n\t<meta property=\"og:image:width\" content=\"803\" \/>\n\t<meta property=\"og:image:height\" content=\"600\" \/>\n\t<meta property=\"og:image:type\" content=\"image\/jpeg\" \/>\n<meta name=\"author\" content=\"LIKEmetkovic.hr\" \/>\n<meta name=\"twitter:card\" content=\"summary_large_image\" \/>\n<meta name=\"twitter:label1\" content=\"Napisao\/la\" \/>\n\t<meta name=\"twitter:data1\" content=\"LIKEmetkovic.hr\" \/>\n\t<meta name=\"twitter:label2\" content=\"Procijenjeno vrijeme \u010ditanja\" \/>\n\t<meta name=\"twitter:data2\" content=\"1 minuta\" \/>\n<script type=\"application\/ld+json\" class=\"yoast-schema-graph\">{\"@context\":\"https:\/\/schema.org\",\"@graph\":[{\"@type\":\"WebPage\",\"@id\":\"https:\/\/likemetkovic.hr\/novi-rezultati-upisa-djece-u-vrtic-smanjen-proj-neupisane-djece\/\",\"url\":\"https:\/\/likemetkovic.hr\/novi-rezultati-upisa-djece-u-vrtic-smanjen-proj-neupisane-djece\/\",\"name\":\"Novi rezultati upisa djece u vrti\u0107: smanjen proj neupisane djece - likemetkovic.hr\",\"isPartOf\":{\"@id\":\"https:\/\/likemetkovic.hr\/#website\"},\"primaryImageOfPage\":{\"@id\":\"https:\/\/likemetkovic.hr\/novi-rezultati-upisa-djece-u-vrtic-smanjen-proj-neupisane-djece\/#primaryimage\"},\"image\":{\"@id\":\"https:\/\/likemetkovic.hr\/novi-rezultati-upisa-djece-u-vrtic-smanjen-proj-neupisane-djece\/#primaryimage\"},\"thumbnailUrl\":\"https:\/\/likemetkovic.hr\/portal\/wp-content\/uploads\/2016\/04\/dje\u010dji-vrti\u0107_1.jpg\",\"datePublished\":\"2018-07-11T12:09:01+00:00\",\"dateModified\":\"2018-07-11T12:14:31+00:00\",\"author\":{\"@id\":\"https:\/\/likemetkovic.hr\/#\/schema\/person\/a42711f3385a0e2be6f7e0443bfb28f0\"},\"description\":\"Zbog pove\u0107anog interesa roditelja za upisom djece u vrti\u0107, Dje\u010dji vrti\u0107i Metkovi\u0107\u00a0ove godine ne uspijevaju upisati svu prijavljenu djecu. Prema objavljenom popisu iz lipnja, 109 djece je ostalo\u00a0na \u010dekanju.\",\"breadcrumb\":{\"@id\":\"https:\/\/likemetkovic.hr\/novi-rezultati-upisa-djece-u-vrtic-smanjen-proj-neupisane-djece\/#breadcrumb\"},\"inLanguage\":\"hr\",\"potentialAction\":[{\"@type\":\"ReadAction\",\"target\":[\"https:\/\/likemetkovic.hr\/novi-rezultati-upisa-djece-u-vrtic-smanjen-proj-neupisane-djece\/\"]}]},{\"@type\":\"ImageObject\",\"inLanguage\":\"hr\",\"@id\":\"https:\/\/likemetkovic.hr\/novi-rezultati-upisa-djece-u-vrtic-smanjen-proj-neupisane-djece\/#primaryimage\",\"url\":\"https:\/\/likemetkovic.hr\/portal\/wp-content\/uploads\/2016\/04\/dje\u010dji-vrti\u0107_1.jpg\",\"contentUrl\":\"https:\/\/likemetkovic.hr\/portal\/wp-content\/uploads\/2016\/04\/dje\u010dji-vrti\u0107_1.jpg\",\"width\":803,\"height\":600},{\"@type\":\"BreadcrumbList\",\"@id\":\"https:\/\/likemetkovic.hr\/novi-rezultati-upisa-djece-u-vrtic-smanjen-proj-neupisane-djece\/#breadcrumb\",\"itemListElement\":[{\"@type\":\"ListItem\",\"position\":1,\"name\":\"Po\u010detna stranica\",\"item\":\"https:\/\/likemetkovic.hr\/portal\/\"},{\"@type\":\"ListItem\",\"position\":2,\"name\":\"Novi rezultati upisa djece u vrti\u0107: smanjen proj neupisane djece\"}]},{\"@type\":\"WebSite\",\"@id\":\"https:\/\/likemetkovic.hr\/#website\",\"url\":\"https:\/\/likemetkovic.hr\/\",\"name\":\"likemetkovic.hr\",\"description\":\"Misli pozitivno... \u010ditaj LIKE\",\"potentialAction\":[{\"@type\":\"SearchAction\",\"target\":{\"@type\":\"EntryPoint\",\"urlTemplate\":\"https:\/\/likemetkovic.hr\/?s={search_term_string}\"},\"query-input\":{\"@type\":\"PropertyValueSpecification\",\"valueRequired\":true,\"valueName\":\"search_term_string\"}}],\"inLanguage\":\"hr\"},{\"@type\":\"Person\",\"@id\":\"https:\/\/likemetkovic.hr\/#\/schema\/person\/a42711f3385a0e2be6f7e0443bfb28f0\",\"name\":\"LIKEmetkovic.hr\",\"sameAs\":[\"http:\/\/likemetkovic.hr\"],\"url\":\"https:\/\/likemetkovic.hr\/portal\/author\/likemetkovic-hr\/\"}]}<\/script>\n<!-- \/ Yoast SEO plugin. -->","yoast_head_json":{"title":"Novi rezultati upisa djece u vrti\u0107: smanjen proj neupisane djece - likemetkovic.hr","description":"Zbog pove\u0107anog interesa roditelja za upisom djece u vrti\u0107, Dje\u010dji vrti\u0107i Metkovi\u0107\u00a0ove godine ne uspijevaju upisati svu prijavljenu djecu. Prema objavljenom popisu iz lipnja, 109 djece je ostalo\u00a0na \u010dekanju.","robots":{"index":"index","follow":"follow","max-snippet":"max-snippet:-1","max-image-preview":"max-image-preview:large","max-video-preview":"max-video-preview:-1"},"canonical":"https:\/\/likemetkovic.hr\/novi-rezultati-upisa-djece-u-vrtic-smanjen-proj-neupisane-djece\/","og_locale":"hr_HR","og_type":"article","og_title":"Novi rezultati upisa djece u vrti\u0107: smanjen proj neupisane djece - likemetkovic.hr","og_description":"Zbog pove\u0107anog interesa roditelja za upisom djece u vrti\u0107, Dje\u010dji vrti\u0107i Metkovi\u0107\u00a0ove godine ne uspijevaju upisati svu prijavljenu djecu. Prema objavljenom popisu iz lipnja, 109 djece je ostalo\u00a0na \u010dekanju.","og_url":"https:\/\/likemetkovic.hr\/novi-rezultati-upisa-djece-u-vrtic-smanjen-proj-neupisane-djece\/","og_site_name":"likemetkovic.hr","article_publisher":"https:\/\/www.facebook.com\/likemetkovic.hr\/","article_published_time":"2018-07-11T12:09:01+00:00","article_modified_time":"2018-07-11T12:14:31+00:00","og_image":[{"width":803,"height":600,"url":"https:\/\/likemetkovic.hr\/wp-content\/uploads\/2016\/04\/dje\u010dji-vrti\u0107_1.jpg","type":"image\/jpeg"}],"author":"LIKEmetkovic.hr","twitter_card":"summary_large_image","twitter_misc":{"Napisao\/la":"LIKEmetkovic.hr","Procijenjeno vrijeme \u010ditanja":"1 minuta"},"schema":{"@context":"https:\/\/schema.org","@graph":[{"@type":"WebPage","@id":"https:\/\/likemetkovic.hr\/novi-rezultati-upisa-djece-u-vrtic-smanjen-proj-neupisane-djece\/","url":"https:\/\/likemetkovic.hr\/novi-rezultati-upisa-djece-u-vrtic-smanjen-proj-neupisane-djece\/","name":"Novi rezultati upisa djece u vrti\u0107: smanjen proj neupisane djece - likemetkovic.hr","isPartOf":{"@id":"https:\/\/likemetkovic.hr\/#website"},"primaryImageOfPage":{"@id":"https:\/\/likemetkovic.hr\/novi-rezultati-upisa-djece-u-vrtic-smanjen-proj-neupisane-djece\/#primaryimage"},"image":{"@id":"https:\/\/likemetkovic.hr\/novi-rezultati-upisa-djece-u-vrtic-smanjen-proj-neupisane-djece\/#primaryimage"},"thumbnailUrl":"https:\/\/likemetkovic.hr\/portal\/wp-content\/uploads\/2016\/04\/dje\u010dji-vrti\u0107_1.jpg","datePublished":"2018-07-11T12:09:01+00:00","dateModified":"2018-07-11T12:14:31+00:00","author":{"@id":"https:\/\/likemetkovic.hr\/#\/schema\/person\/a42711f3385a0e2be6f7e0443bfb28f0"},"description":"Zbog pove\u0107anog interesa roditelja za upisom djece u vrti\u0107, Dje\u010dji vrti\u0107i Metkovi\u0107\u00a0ove godine ne uspijevaju upisati svu prijavljenu djecu. Prema objavljenom popisu iz lipnja, 109 djece je ostalo\u00a0na \u010dekanju.","breadcrumb":{"@id":"https:\/\/likemetkovic.hr\/novi-rezultati-upisa-djece-u-vrtic-smanjen-proj-neupisane-djece\/#breadcrumb"},"inLanguage":"hr","potentialAction":[{"@type":"ReadAction","target":["https:\/\/likemetkovic.hr\/novi-rezultati-upisa-djece-u-vrtic-smanjen-proj-neupisane-djece\/"]}]},{"@type":"ImageObject","inLanguage":"hr","@id":"https:\/\/likemetkovic.hr\/novi-rezultati-upisa-djece-u-vrtic-smanjen-proj-neupisane-djece\/#primaryimage","url":"https:\/\/likemetkovic.hr\/portal\/wp-content\/uploads\/2016\/04\/dje\u010dji-vrti\u0107_1.jpg","contentUrl":"https:\/\/likemetkovic.hr\/portal\/wp-content\/uploads\/2016\/04\/dje\u010dji-vrti\u0107_1.jpg","width":803,"height":600},{"@type":"BreadcrumbList","@id":"https:\/\/likemetkovic.hr\/novi-rezultati-upisa-djece-u-vrtic-smanjen-proj-neupisane-djece\/#breadcrumb","itemListElement":[{"@type":"ListItem","position":1,"name":"Po\u010detna stranica","item":"https:\/\/likemetkovic.hr\/portal\/"},{"@type":"ListItem","position":2,"name":"Novi rezultati upisa djece u vrti\u0107: smanjen proj neupisane djece"}]},{"@type":"WebSite","@id":"https:\/\/likemetkovic.hr\/#website","url":"https:\/\/likemetkovic.hr\/","name":"likemetkovic.hr","description":"Misli pozitivno... \u010ditaj LIKE","potentialAction":[{"@type":"SearchAction","target":{"@type":"EntryPoint","urlTemplate":"https:\/\/likemetkovic.hr\/?s={search_term_string}"},"query-input":{"@type":"PropertyValueSpecification","valueRequired":true,"valueName":"search_term_string"}}],"inLanguage":"hr"},{"@type":"Person","@id":"https:\/\/likemetkovic.hr\/#\/schema\/person\/a42711f3385a0e2be6f7e0443bfb28f0","name":"LIKEmetkovic.hr","sameAs":["http:\/\/likemetkovic.hr"],"url":"https:\/\/likemetkovic.hr\/portal\/author\/likemetkovic-hr\/"}]}},"_links":{"self":[{"href":"https:\/\/likemetkovic.hr\/portal\/wp-json\/wp\/v2\/posts\/64977","targetHints":{"allow":["GET"]}}],"collection":[{"href":"https:\/\/likemetkovic.hr\/portal\/wp-json\/wp\/v2\/posts"}],"about":[{"href":"https:\/\/likemetkovic.hr\/portal\/wp-json\/wp\/v2\/types\/post"}],"author":[{"embeddable":true,"href":"https:\/\/likemetkovic.hr\/portal\/wp-json\/wp\/v2\/users\/7"}],"replies":[{"embeddable":true,"href":"https:\/\/likemetkovic.hr\/portal\/wp-json\/wp\/v2\/comments?post=64977"}],"version-history":[{"count":0,"href":"https:\/\/likemetkovic.hr\/portal\/wp-json\/wp\/v2\/posts\/64977\/revisions"}],"wp:featuredmedia":[{"embeddable":true,"href":"https:\/\/likemetkovic.hr\/portal\/wp-json\/wp\/v2\/media\/19448"}],"wp:attachment":[{"href":"https:\/\/likemetkovic.hr\/portal\/wp-json\/wp\/v2\/media?parent=64977"}],"wp:term":[{"taxonomy":"category","embeddable":true,"href":"https:\/\/likemetkovic.hr\/portal\/wp-json\/wp\/v2\/categories?post=64977"},{"taxonomy":"post_tag","embeddable":true,"href":"https:\/\/likemetkovic.hr\/portal\/wp-json\/wp\/v2\/tags?post=64977"}],"curies":[{"name":"wp","href":"https:\/\/api.w.org\/{rel}","templated":true}]}}