{"id":65043,"date":"2018-07-12T17:54:38","date_gmt":"2018-07-12T15:54:38","guid":{"rendered":"http:\/\/likemetkovic.hr\/?p=65043"},"modified":"2018-07-12T20:07:50","modified_gmt":"2018-07-12T18:07:50","slug":"gradsko-vijece-ovo-su-ovogodisnji-dobitnici-javnih-priznanja-grada-metkovica","status":"publish","type":"post","link":"https:\/\/likemetkovic.hr\/portal\/gradsko-vijece-ovo-su-ovogodisnji-dobitnici-javnih-priznanja-grada-metkovica\/","title":{"rendered":"GRADSKO VIJE\u0106E: Ovo su ovogodi\u0161nji dobitnici javnih priznanja Grada Metkovi\u0107a"},"content":{"rendered":"<p>Gradsko vije\u0107e Grada Metkovi\u0107a donijelo je na svojoj 11. sjednici, koja se danas odr\u017eala u Zgradi politi\u010dkih stranaka,\u00a0<strong>Odluku o dodjeli javnih priznanja Grada Metkovi\u0107a za 2018. godinu<\/strong> na prijedlog Odbora za javna priznanja kojem predsjedava Robert Doko, zamjenik gradona\u010delnika.<\/p>\n<p>Ovo su ovogodi\u0161nji laureati:<\/p>\n<ul>\n<li>po\u010dasnim gra\u0111aninom Grada Metkovi\u0107a progla\u0161en je ministar obrane i umirovljeni general <strong>Damir Krsti\u010devi\u0107<\/strong><\/li>\n<li>posmrtno je Nagrada Grada Metkovi\u0107a\u00a0<em>Narona<\/em> u podru\u010dju kulture i obrazovanja dodijeljena profesorima\u00a0<strong>Frani Prskalu<\/strong> i<strong> Mati Mustapi\u0107u<\/strong><\/li>\n<li>Nagrada Grada Metkovi\u0107a\u00a0<em>Narona<\/em> u podru\u010dju kulture i obrazovanja dodijeljena je i prof. <strong>Mirku Crn\u010devi\u0107u<\/strong><\/li>\n<li>Nagrada Grada Metkovi\u0107a\u00a0<em>\u017ddral\u00a0<\/em>u podru\u010dju sporta dodijeljene su\u00a0<strong>Bo\u0107arskom klubu <em>Metkovi\u0107<\/em><\/strong> i<strong> Vesla\u010dkom klubu <em>Neretvanski gusar<\/em><\/strong><\/li>\n<\/ul>\n<p>\u010cestitamo ovogodi\u0161njim dobitnicima javnih priznanja i nagrada Grada Metkovi\u0107a koje \u0107e biti dodijeljene na sve\u010danoj sjednici Gradskoga vije\u0107a koja \u0107e se odr\u017eati povodom Dana Grada i blagdana sv. Ilije.<\/p>\n","protected":false},"excerpt":{"rendered":"<p>Gradsko vije\u0107e Grada Metkovi\u0107a donijelo je na svojoj 11. sjednici, koja se danas odr\u017eala u Zgradi politi\u010dkih stranaka,\u00a0Odluku o dodjeli javnih priznanja Grada Metkovi\u0107a za 2018. godinu na prijedlog Odbora za javna priznanja kojem predsjedava Robert Doko, zamjenik gradona\u010delnika. Ovo su ovogodi\u0161nji laureati: po\u010dasnim gra\u0111aninom Grada Metkovi\u0107a progla\u0161en je ministar obrane i umirovljeni general Damir [&hellip;]<\/p>\n","protected":false},"author":7,"featured_media":52473,"comment_status":"open","ping_status":"open","sticky":false,"template":"","format":"standard","meta":{"footnotes":""},"categories":[296,11],"tags":[1321,3494],"class_list":{"0":"post-65043","1":"post","2":"type-post","3":"status-publish","4":"format-standard","5":"has-post-thumbnail","7":"category-ab","8":"category-metkovic-dolina","9":"tag-gradsko-vijece","10":"tag-javna-priznanja-grada-metkovica"},"yoast_head":"<!-- This site is optimized with the Yoast SEO plugin v25.2 - https:\/\/yoast.com\/wordpress\/plugins\/seo\/ -->\n<title>GRADSKO VIJE\u0106E: Ovo su ovogodi\u0161nji dobitnici javnih priznanja Grada Metkovi\u0107a - likemetkovic.hr<\/title>\n<meta name=\"description\" content=\"Gradsko vije\u0107e Grada Metkovi\u0107a donijelo je danas, na svojoj 11. sjednici,\u00a0Odluku o dodjeli javnih priznanja Grada Metkovi\u0107a za 2018. godinu.\" \/>\n<meta name=\"robots\" content=\"index, follow, max-snippet:-1, max-image-preview:large, max-video-preview:-1\" \/>\n<link rel=\"canonical\" href=\"https:\/\/likemetkovic.hr\/gradsko-vijece-ovo-su-ovogodisnji-dobitnici-javnih-priznanja-grada-metkovica\/\" \/>\n<meta property=\"og:locale\" content=\"hr_HR\" \/>\n<meta property=\"og:type\" content=\"article\" \/>\n<meta property=\"og:title\" content=\"GRADSKO VIJE\u0106E: Ovo su ovogodi\u0161nji dobitnici javnih priznanja Grada Metkovi\u0107a - likemetkovic.hr\" \/>\n<meta property=\"og:description\" content=\"Gradsko vije\u0107e Grada Metkovi\u0107a donijelo je danas, na svojoj 11. sjednici,\u00a0Odluku o dodjeli javnih priznanja Grada Metkovi\u0107a za 2018. godinu.\" \/>\n<meta property=\"og:url\" content=\"https:\/\/likemetkovic.hr\/gradsko-vijece-ovo-su-ovogodisnji-dobitnici-javnih-priznanja-grada-metkovica\/\" \/>\n<meta property=\"og:site_name\" content=\"likemetkovic.hr\" \/>\n<meta property=\"article:publisher\" content=\"https:\/\/www.facebook.com\/likemetkovic.hr\/\" \/>\n<meta property=\"article:published_time\" content=\"2018-07-12T15:54:38+00:00\" \/>\n<meta property=\"article:modified_time\" content=\"2018-07-12T18:07:50+00:00\" \/>\n<meta property=\"og:image\" content=\"https:\/\/likemetkovic.hr\/wp-content\/uploads\/2018\/01\/sjednica-gv-20171220-001.jpg\" \/>\n\t<meta property=\"og:image:width\" content=\"800\" \/>\n\t<meta property=\"og:image:height\" content=\"530\" \/>\n\t<meta property=\"og:image:type\" content=\"image\/jpeg\" \/>\n<meta name=\"author\" content=\"LIKEmetkovic.hr\" \/>\n<meta name=\"twitter:card\" content=\"summary_large_image\" \/>\n<meta name=\"twitter:label1\" content=\"Napisao\/la\" \/>\n\t<meta name=\"twitter:data1\" content=\"LIKEmetkovic.hr\" \/>\n\t<meta name=\"twitter:label2\" content=\"Procijenjeno vrijeme \u010ditanja\" \/>\n\t<meta name=\"twitter:data2\" content=\"1 minuta\" \/>\n<script type=\"application\/ld+json\" class=\"yoast-schema-graph\">{\"@context\":\"https:\/\/schema.org\",\"@graph\":[{\"@type\":\"WebPage\",\"@id\":\"https:\/\/likemetkovic.hr\/gradsko-vijece-ovo-su-ovogodisnji-dobitnici-javnih-priznanja-grada-metkovica\/\",\"url\":\"https:\/\/likemetkovic.hr\/gradsko-vijece-ovo-su-ovogodisnji-dobitnici-javnih-priznanja-grada-metkovica\/\",\"name\":\"GRADSKO VIJE\u0106E: Ovo su ovogodi\u0161nji dobitnici javnih priznanja Grada Metkovi\u0107a - likemetkovic.hr\",\"isPartOf\":{\"@id\":\"https:\/\/likemetkovic.hr\/#website\"},\"primaryImageOfPage\":{\"@id\":\"https:\/\/likemetkovic.hr\/gradsko-vijece-ovo-su-ovogodisnji-dobitnici-javnih-priznanja-grada-metkovica\/#primaryimage\"},\"image\":{\"@id\":\"https:\/\/likemetkovic.hr\/gradsko-vijece-ovo-su-ovogodisnji-dobitnici-javnih-priznanja-grada-metkovica\/#primaryimage\"},\"thumbnailUrl\":\"https:\/\/likemetkovic.hr\/portal\/wp-content\/uploads\/2018\/01\/sjednica-gv-20171220-001.jpg\",\"datePublished\":\"2018-07-12T15:54:38+00:00\",\"dateModified\":\"2018-07-12T18:07:50+00:00\",\"author\":{\"@id\":\"https:\/\/likemetkovic.hr\/#\/schema\/person\/a42711f3385a0e2be6f7e0443bfb28f0\"},\"description\":\"Gradsko vije\u0107e Grada Metkovi\u0107a donijelo je danas, na svojoj 11. sjednici,\u00a0Odluku o dodjeli javnih priznanja Grada Metkovi\u0107a za 2018. godinu.\",\"breadcrumb\":{\"@id\":\"https:\/\/likemetkovic.hr\/gradsko-vijece-ovo-su-ovogodisnji-dobitnici-javnih-priznanja-grada-metkovica\/#breadcrumb\"},\"inLanguage\":\"hr\",\"potentialAction\":[{\"@type\":\"ReadAction\",\"target\":[\"https:\/\/likemetkovic.hr\/gradsko-vijece-ovo-su-ovogodisnji-dobitnici-javnih-priznanja-grada-metkovica\/\"]}]},{\"@type\":\"ImageObject\",\"inLanguage\":\"hr\",\"@id\":\"https:\/\/likemetkovic.hr\/gradsko-vijece-ovo-su-ovogodisnji-dobitnici-javnih-priznanja-grada-metkovica\/#primaryimage\",\"url\":\"https:\/\/likemetkovic.hr\/portal\/wp-content\/uploads\/2018\/01\/sjednica-gv-20171220-001.jpg\",\"contentUrl\":\"https:\/\/likemetkovic.hr\/portal\/wp-content\/uploads\/2018\/01\/sjednica-gv-20171220-001.jpg\",\"width\":800,\"height\":530},{\"@type\":\"BreadcrumbList\",\"@id\":\"https:\/\/likemetkovic.hr\/gradsko-vijece-ovo-su-ovogodisnji-dobitnici-javnih-priznanja-grada-metkovica\/#breadcrumb\",\"itemListElement\":[{\"@type\":\"ListItem\",\"position\":1,\"name\":\"Po\u010detna stranica\",\"item\":\"https:\/\/likemetkovic.hr\/portal\/\"},{\"@type\":\"ListItem\",\"position\":2,\"name\":\"GRADSKO VIJE\u0106E: Ovo su ovogodi\u0161nji dobitnici javnih priznanja Grada Metkovi\u0107a\"}]},{\"@type\":\"WebSite\",\"@id\":\"https:\/\/likemetkovic.hr\/#website\",\"url\":\"https:\/\/likemetkovic.hr\/\",\"name\":\"likemetkovic.hr\",\"description\":\"Misli pozitivno... \u010ditaj LIKE\",\"potentialAction\":[{\"@type\":\"SearchAction\",\"target\":{\"@type\":\"EntryPoint\",\"urlTemplate\":\"https:\/\/likemetkovic.hr\/?s={search_term_string}\"},\"query-input\":{\"@type\":\"PropertyValueSpecification\",\"valueRequired\":true,\"valueName\":\"search_term_string\"}}],\"inLanguage\":\"hr\"},{\"@type\":\"Person\",\"@id\":\"https:\/\/likemetkovic.hr\/#\/schema\/person\/a42711f3385a0e2be6f7e0443bfb28f0\",\"name\":\"LIKEmetkovic.hr\",\"sameAs\":[\"http:\/\/likemetkovic.hr\"],\"url\":\"https:\/\/likemetkovic.hr\/portal\/author\/likemetkovic-hr\/\"}]}<\/script>\n<!-- \/ Yoast SEO plugin. -->","yoast_head_json":{"title":"GRADSKO VIJE\u0106E: Ovo su ovogodi\u0161nji dobitnici javnih priznanja Grada Metkovi\u0107a - likemetkovic.hr","description":"Gradsko vije\u0107e Grada Metkovi\u0107a donijelo je danas, na svojoj 11. sjednici,\u00a0Odluku o dodjeli javnih priznanja Grada Metkovi\u0107a za 2018. godinu.","robots":{"index":"index","follow":"follow","max-snippet":"max-snippet:-1","max-image-preview":"max-image-preview:large","max-video-preview":"max-video-preview:-1"},"canonical":"https:\/\/likemetkovic.hr\/gradsko-vijece-ovo-su-ovogodisnji-dobitnici-javnih-priznanja-grada-metkovica\/","og_locale":"hr_HR","og_type":"article","og_title":"GRADSKO VIJE\u0106E: Ovo su ovogodi\u0161nji dobitnici javnih priznanja Grada Metkovi\u0107a - likemetkovic.hr","og_description":"Gradsko vije\u0107e Grada Metkovi\u0107a donijelo je danas, na svojoj 11. sjednici,\u00a0Odluku o dodjeli javnih priznanja Grada Metkovi\u0107a za 2018. godinu.","og_url":"https:\/\/likemetkovic.hr\/gradsko-vijece-ovo-su-ovogodisnji-dobitnici-javnih-priznanja-grada-metkovica\/","og_site_name":"likemetkovic.hr","article_publisher":"https:\/\/www.facebook.com\/likemetkovic.hr\/","article_published_time":"2018-07-12T15:54:38+00:00","article_modified_time":"2018-07-12T18:07:50+00:00","og_image":[{"width":800,"height":530,"url":"https:\/\/likemetkovic.hr\/wp-content\/uploads\/2018\/01\/sjednica-gv-20171220-001.jpg","type":"image\/jpeg"}],"author":"LIKEmetkovic.hr","twitter_card":"summary_large_image","twitter_misc":{"Napisao\/la":"LIKEmetkovic.hr","Procijenjeno vrijeme \u010ditanja":"1 minuta"},"schema":{"@context":"https:\/\/schema.org","@graph":[{"@type":"WebPage","@id":"https:\/\/likemetkovic.hr\/gradsko-vijece-ovo-su-ovogodisnji-dobitnici-javnih-priznanja-grada-metkovica\/","url":"https:\/\/likemetkovic.hr\/gradsko-vijece-ovo-su-ovogodisnji-dobitnici-javnih-priznanja-grada-metkovica\/","name":"GRADSKO VIJE\u0106E: Ovo su ovogodi\u0161nji dobitnici javnih priznanja Grada Metkovi\u0107a - likemetkovic.hr","isPartOf":{"@id":"https:\/\/likemetkovic.hr\/#website"},"primaryImageOfPage":{"@id":"https:\/\/likemetkovic.hr\/gradsko-vijece-ovo-su-ovogodisnji-dobitnici-javnih-priznanja-grada-metkovica\/#primaryimage"},"image":{"@id":"https:\/\/likemetkovic.hr\/gradsko-vijece-ovo-su-ovogodisnji-dobitnici-javnih-priznanja-grada-metkovica\/#primaryimage"},"thumbnailUrl":"https:\/\/likemetkovic.hr\/portal\/wp-content\/uploads\/2018\/01\/sjednica-gv-20171220-001.jpg","datePublished":"2018-07-12T15:54:38+00:00","dateModified":"2018-07-12T18:07:50+00:00","author":{"@id":"https:\/\/likemetkovic.hr\/#\/schema\/person\/a42711f3385a0e2be6f7e0443bfb28f0"},"description":"Gradsko vije\u0107e Grada Metkovi\u0107a donijelo je danas, na svojoj 11. sjednici,\u00a0Odluku o dodjeli javnih priznanja Grada Metkovi\u0107a za 2018. godinu.","breadcrumb":{"@id":"https:\/\/likemetkovic.hr\/gradsko-vijece-ovo-su-ovogodisnji-dobitnici-javnih-priznanja-grada-metkovica\/#breadcrumb"},"inLanguage":"hr","potentialAction":[{"@type":"ReadAction","target":["https:\/\/likemetkovic.hr\/gradsko-vijece-ovo-su-ovogodisnji-dobitnici-javnih-priznanja-grada-metkovica\/"]}]},{"@type":"ImageObject","inLanguage":"hr","@id":"https:\/\/likemetkovic.hr\/gradsko-vijece-ovo-su-ovogodisnji-dobitnici-javnih-priznanja-grada-metkovica\/#primaryimage","url":"https:\/\/likemetkovic.hr\/portal\/wp-content\/uploads\/2018\/01\/sjednica-gv-20171220-001.jpg","contentUrl":"https:\/\/likemetkovic.hr\/portal\/wp-content\/uploads\/2018\/01\/sjednica-gv-20171220-001.jpg","width":800,"height":530},{"@type":"BreadcrumbList","@id":"https:\/\/likemetkovic.hr\/gradsko-vijece-ovo-su-ovogodisnji-dobitnici-javnih-priznanja-grada-metkovica\/#breadcrumb","itemListElement":[{"@type":"ListItem","position":1,"name":"Po\u010detna stranica","item":"https:\/\/likemetkovic.hr\/portal\/"},{"@type":"ListItem","position":2,"name":"GRADSKO VIJE\u0106E: Ovo su ovogodi\u0161nji dobitnici javnih priznanja Grada Metkovi\u0107a"}]},{"@type":"WebSite","@id":"https:\/\/likemetkovic.hr\/#website","url":"https:\/\/likemetkovic.hr\/","name":"likemetkovic.hr","description":"Misli pozitivno... \u010ditaj LIKE","potentialAction":[{"@type":"SearchAction","target":{"@type":"EntryPoint","urlTemplate":"https:\/\/likemetkovic.hr\/?s={search_term_string}"},"query-input":{"@type":"PropertyValueSpecification","valueRequired":true,"valueName":"search_term_string"}}],"inLanguage":"hr"},{"@type":"Person","@id":"https:\/\/likemetkovic.hr\/#\/schema\/person\/a42711f3385a0e2be6f7e0443bfb28f0","name":"LIKEmetkovic.hr","sameAs":["http:\/\/likemetkovic.hr"],"url":"https:\/\/likemetkovic.hr\/portal\/author\/likemetkovic-hr\/"}]}},"_links":{"self":[{"href":"https:\/\/likemetkovic.hr\/portal\/wp-json\/wp\/v2\/posts\/65043","targetHints":{"allow":["GET"]}}],"collection":[{"href":"https:\/\/likemetkovic.hr\/portal\/wp-json\/wp\/v2\/posts"}],"about":[{"href":"https:\/\/likemetkovic.hr\/portal\/wp-json\/wp\/v2\/types\/post"}],"author":[{"embeddable":true,"href":"https:\/\/likemetkovic.hr\/portal\/wp-json\/wp\/v2\/users\/7"}],"replies":[{"embeddable":true,"href":"https:\/\/likemetkovic.hr\/portal\/wp-json\/wp\/v2\/comments?post=65043"}],"version-history":[{"count":0,"href":"https:\/\/likemetkovic.hr\/portal\/wp-json\/wp\/v2\/posts\/65043\/revisions"}],"wp:featuredmedia":[{"embeddable":true,"href":"https:\/\/likemetkovic.hr\/portal\/wp-json\/wp\/v2\/media\/52473"}],"wp:attachment":[{"href":"https:\/\/likemetkovic.hr\/portal\/wp-json\/wp\/v2\/media?parent=65043"}],"wp:term":[{"taxonomy":"category","embeddable":true,"href":"https:\/\/likemetkovic.hr\/portal\/wp-json\/wp\/v2\/categories?post=65043"},{"taxonomy":"post_tag","embeddable":true,"href":"https:\/\/likemetkovic.hr\/portal\/wp-json\/wp\/v2\/tags?post=65043"}],"curies":[{"name":"wp","href":"https:\/\/api.w.org\/{rel}","templated":true}]}}