{"id":65054,"date":"2018-07-13T09:36:55","date_gmt":"2018-07-13T07:36:55","guid":{"rendered":"http:\/\/likemetkovic.hr\/?p=65054"},"modified":"2018-07-13T09:38:19","modified_gmt":"2018-07-13T07:38:19","slug":"na-gp-metkovic-i-nova-sela-dvije-osobe-zatecene-s-drogom","status":"publish","type":"post","link":"https:\/\/likemetkovic.hr\/portal\/na-gp-metkovic-i-nova-sela-dvije-osobe-zatecene-s-drogom\/","title":{"rendered":"Na MGP Metkovi\u0107 i Nova Sela dvije osobe zate\u010dene s drogom"},"content":{"rendered":"<p>Policijski slu\u017ebenici Postaje grani\u010dne policije Metkovi\u0107 su \u00a012.srpnja, oko 12 sati, na <strong>MCGP Metkovi\u0107<\/strong>, prilikom ulazne grani\u010dne kontrole kod 36-godi\u0161njeg dr\u017eavljanina Ma\u0111arske prona\u0161li oko <strong>25 g marihuane, <\/strong>stoji u priop\u0107enju PU dubrova\u010dko-neretvanske.<\/p>\n<p>U popodnevnim satima istoga dana na <strong>MCGP Nova Sela<\/strong>, kao suvoza\u010da u osobnom vozilu, prilikom ulazne grani\u010dne kontrole, zatekli 39-godi\u0161njeg mu\u0161karca kod kojeg je prona\u0111eno oko <strong>93 g\u00a0 heroina<\/strong>.<\/p>\n<p>Droga je oduzeta, te je ma\u0111arski dr\u017eavljanin prekr\u0161ajno procesuiran temeljem Zakona o suzbijanju zlouporabe droga, dok je protiv 39-godi\u0161njaka zbog sumnje da je po\u010dinio kazneno djelo <em>neovla\u0161tena proizvodnja i promet drogama, <\/em>podnesena kaznena prijava nadle\u017enom dr\u017eavnom odvjetni\u0161tvu.<\/p>\n<h4>Na Pelje\u0161cu eksplodirala plinska boca<\/h4>\n<p>U ponedjeljak 9. srpnja, u popodnevnim satima, u jednom apartmanu u\u00a0 privatnoj ku\u0107i, na Pelje\u0161cu, do\u0161lo \u00a0je do eksplozije plina pri \u010demu su <strong>tjelesne ozljede zadobile dvije 40-godi\u0161nje dr\u017eavljanke \u010ce\u0161ke<\/strong>, korisnice apartmana te je jedna od navedenih zadobila opekotine koje pokrivaju 40% tjelesne povr\u0161ine i prevezena \u00a0je na lije\u010denje u Klini\u010dki bolni\u010dki centar Split.<\/p>\n<p>Provedenim kriminalisti\u010dkim istra\u017eivanjem utvr\u0111ena je sumnja da je 57-godi\u0161nja vlasnica apartmana, <strong>zbog neispravnog odr\u017eavanja regulatora<\/strong> na plinskoj boci zbog \u010dega je do\u0161lo do istjecanja plina, <em>iz nehaja<\/em> po\u010dinila kazneno djelo <em>dovo\u0111enje u opasnost \u017eivota i imovine<\/em> <em>op\u0107eopasnom radnjom ili sredstvom<\/em>, te je protiv iste Op\u0107inskom dr\u017eavnom odvjetni\u0161tvu podnesena kaznena prijava redovnim putem.<\/p>\n","protected":false},"excerpt":{"rendered":"<p>Policijski slu\u017ebenici Postaje grani\u010dne policije Metkovi\u0107 su \u00a012.srpnja, oko 12 sati, na MCGP Metkovi\u0107, prilikom ulazne grani\u010dne kontrole kod 36-godi\u0161njeg dr\u017eavljanina Ma\u0111arske prona\u0161li oko 25 g marihuane, stoji u priop\u0107enju PU dubrova\u010dko-neretvanske. U popodnevnim satima istoga dana na MCGP Nova Sela, kao suvoza\u010da u osobnom vozilu, prilikom ulazne grani\u010dne kontrole, zatekli 39-godi\u0161njeg mu\u0161karca kod kojeg [&hellip;]<\/p>\n","protected":false},"author":7,"featured_media":49158,"comment_status":"open","ping_status":"open","sticky":false,"template":"","format":"standard","meta":{"footnotes":""},"categories":[296,305],"tags":[1568,380,1163,3495],"class_list":{"0":"post-65054","1":"post","2":"type-post","3":"status-publish","4":"format-standard","5":"has-post-thumbnail","7":"category-ab","8":"category-crna-kronika","9":"tag-droga","10":"tag-metkovic","11":"tag-nova-sela","12":"tag-policijja"},"yoast_head":"<!-- This site is optimized with the Yoast SEO plugin v25.2 - https:\/\/yoast.com\/wordpress\/plugins\/seo\/ -->\n<title>Na MGP Metkovi\u0107 i Nova Sela dvije osobe zate\u010dene s drogom - likemetkovic.hr<\/title>\n<meta name=\"robots\" content=\"index, follow, max-snippet:-1, max-image-preview:large, max-video-preview:-1\" \/>\n<link rel=\"canonical\" href=\"https:\/\/likemetkovic.hr\/na-gp-metkovic-i-nova-sela-dvije-osobe-zatecene-s-drogom\/\" \/>\n<meta property=\"og:locale\" content=\"hr_HR\" \/>\n<meta property=\"og:type\" content=\"article\" \/>\n<meta property=\"og:title\" content=\"Na MGP Metkovi\u0107 i Nova Sela dvije osobe zate\u010dene s drogom - likemetkovic.hr\" \/>\n<meta property=\"og:description\" content=\"Policijski slu\u017ebenici Postaje grani\u010dne policije Metkovi\u0107 su \u00a012.srpnja, oko 12 sati, na MCGP Metkovi\u0107, prilikom ulazne grani\u010dne kontrole kod 36-godi\u0161njeg dr\u017eavljanina Ma\u0111arske prona\u0161li oko 25 g marihuane, stoji u priop\u0107enju PU dubrova\u010dko-neretvanske. U popodnevnim satima istoga dana na MCGP Nova Sela, kao suvoza\u010da u osobnom vozilu, prilikom ulazne grani\u010dne kontrole, zatekli 39-godi\u0161njeg mu\u0161karca kod kojeg [&hellip;]\" \/>\n<meta property=\"og:url\" content=\"https:\/\/likemetkovic.hr\/na-gp-metkovic-i-nova-sela-dvije-osobe-zatecene-s-drogom\/\" \/>\n<meta property=\"og:site_name\" content=\"likemetkovic.hr\" \/>\n<meta property=\"article:publisher\" content=\"https:\/\/www.facebook.com\/likemetkovic.hr\/\" \/>\n<meta property=\"article:published_time\" content=\"2018-07-13T07:36:55+00:00\" \/>\n<meta property=\"article:modified_time\" content=\"2018-07-13T07:38:19+00:00\" \/>\n<meta property=\"og:image\" content=\"https:\/\/likemetkovic.hr\/wp-content\/uploads\/2017\/11\/gp-metk-otvaranje-3.jpg\" \/>\n\t<meta property=\"og:image:width\" content=\"1200\" \/>\n\t<meta property=\"og:image:height\" content=\"674\" \/>\n\t<meta property=\"og:image:type\" content=\"image\/jpeg\" \/>\n<meta name=\"author\" content=\"LIKEmetkovic.hr\" \/>\n<meta name=\"twitter:card\" content=\"summary_large_image\" \/>\n<meta name=\"twitter:label1\" content=\"Napisao\/la\" \/>\n\t<meta name=\"twitter:data1\" content=\"LIKEmetkovic.hr\" \/>\n\t<meta name=\"twitter:label2\" content=\"Procijenjeno vrijeme \u010ditanja\" \/>\n\t<meta name=\"twitter:data2\" content=\"1 minuta\" \/>\n<script type=\"application\/ld+json\" class=\"yoast-schema-graph\">{\"@context\":\"https:\/\/schema.org\",\"@graph\":[{\"@type\":\"WebPage\",\"@id\":\"https:\/\/likemetkovic.hr\/na-gp-metkovic-i-nova-sela-dvije-osobe-zatecene-s-drogom\/\",\"url\":\"https:\/\/likemetkovic.hr\/na-gp-metkovic-i-nova-sela-dvije-osobe-zatecene-s-drogom\/\",\"name\":\"Na MGP Metkovi\u0107 i Nova Sela dvije osobe zate\u010dene s drogom - likemetkovic.hr\",\"isPartOf\":{\"@id\":\"https:\/\/likemetkovic.hr\/#website\"},\"primaryImageOfPage\":{\"@id\":\"https:\/\/likemetkovic.hr\/na-gp-metkovic-i-nova-sela-dvije-osobe-zatecene-s-drogom\/#primaryimage\"},\"image\":{\"@id\":\"https:\/\/likemetkovic.hr\/na-gp-metkovic-i-nova-sela-dvije-osobe-zatecene-s-drogom\/#primaryimage\"},\"thumbnailUrl\":\"https:\/\/likemetkovic.hr\/portal\/wp-content\/uploads\/2017\/11\/gp-metk-otvaranje-3.jpg\",\"datePublished\":\"2018-07-13T07:36:55+00:00\",\"dateModified\":\"2018-07-13T07:38:19+00:00\",\"author\":{\"@id\":\"https:\/\/likemetkovic.hr\/#\/schema\/person\/a42711f3385a0e2be6f7e0443bfb28f0\"},\"breadcrumb\":{\"@id\":\"https:\/\/likemetkovic.hr\/na-gp-metkovic-i-nova-sela-dvije-osobe-zatecene-s-drogom\/#breadcrumb\"},\"inLanguage\":\"hr\",\"potentialAction\":[{\"@type\":\"ReadAction\",\"target\":[\"https:\/\/likemetkovic.hr\/na-gp-metkovic-i-nova-sela-dvije-osobe-zatecene-s-drogom\/\"]}]},{\"@type\":\"ImageObject\",\"inLanguage\":\"hr\",\"@id\":\"https:\/\/likemetkovic.hr\/na-gp-metkovic-i-nova-sela-dvije-osobe-zatecene-s-drogom\/#primaryimage\",\"url\":\"https:\/\/likemetkovic.hr\/portal\/wp-content\/uploads\/2017\/11\/gp-metk-otvaranje-3.jpg\",\"contentUrl\":\"https:\/\/likemetkovic.hr\/portal\/wp-content\/uploads\/2017\/11\/gp-metk-otvaranje-3.jpg\",\"width\":1200,\"height\":674},{\"@type\":\"BreadcrumbList\",\"@id\":\"https:\/\/likemetkovic.hr\/na-gp-metkovic-i-nova-sela-dvije-osobe-zatecene-s-drogom\/#breadcrumb\",\"itemListElement\":[{\"@type\":\"ListItem\",\"position\":1,\"name\":\"Po\u010detna stranica\",\"item\":\"https:\/\/likemetkovic.hr\/portal\/\"},{\"@type\":\"ListItem\",\"position\":2,\"name\":\"Na MGP Metkovi\u0107 i Nova Sela dvije osobe zate\u010dene s drogom\"}]},{\"@type\":\"WebSite\",\"@id\":\"https:\/\/likemetkovic.hr\/#website\",\"url\":\"https:\/\/likemetkovic.hr\/\",\"name\":\"likemetkovic.hr\",\"description\":\"Misli pozitivno... \u010ditaj LIKE\",\"potentialAction\":[{\"@type\":\"SearchAction\",\"target\":{\"@type\":\"EntryPoint\",\"urlTemplate\":\"https:\/\/likemetkovic.hr\/?s={search_term_string}\"},\"query-input\":{\"@type\":\"PropertyValueSpecification\",\"valueRequired\":true,\"valueName\":\"search_term_string\"}}],\"inLanguage\":\"hr\"},{\"@type\":\"Person\",\"@id\":\"https:\/\/likemetkovic.hr\/#\/schema\/person\/a42711f3385a0e2be6f7e0443bfb28f0\",\"name\":\"LIKEmetkovic.hr\",\"sameAs\":[\"http:\/\/likemetkovic.hr\"],\"url\":\"https:\/\/likemetkovic.hr\/portal\/author\/likemetkovic-hr\/\"}]}<\/script>\n<!-- \/ Yoast SEO plugin. -->","yoast_head_json":{"title":"Na MGP Metkovi\u0107 i Nova Sela dvije osobe zate\u010dene s drogom - likemetkovic.hr","robots":{"index":"index","follow":"follow","max-snippet":"max-snippet:-1","max-image-preview":"max-image-preview:large","max-video-preview":"max-video-preview:-1"},"canonical":"https:\/\/likemetkovic.hr\/na-gp-metkovic-i-nova-sela-dvije-osobe-zatecene-s-drogom\/","og_locale":"hr_HR","og_type":"article","og_title":"Na MGP Metkovi\u0107 i Nova Sela dvije osobe zate\u010dene s drogom - likemetkovic.hr","og_description":"Policijski slu\u017ebenici Postaje grani\u010dne policije Metkovi\u0107 su \u00a012.srpnja, oko 12 sati, na MCGP Metkovi\u0107, prilikom ulazne grani\u010dne kontrole kod 36-godi\u0161njeg dr\u017eavljanina Ma\u0111arske prona\u0161li oko 25 g marihuane, stoji u priop\u0107enju PU dubrova\u010dko-neretvanske. U popodnevnim satima istoga dana na MCGP Nova Sela, kao suvoza\u010da u osobnom vozilu, prilikom ulazne grani\u010dne kontrole, zatekli 39-godi\u0161njeg mu\u0161karca kod kojeg [&hellip;]","og_url":"https:\/\/likemetkovic.hr\/na-gp-metkovic-i-nova-sela-dvije-osobe-zatecene-s-drogom\/","og_site_name":"likemetkovic.hr","article_publisher":"https:\/\/www.facebook.com\/likemetkovic.hr\/","article_published_time":"2018-07-13T07:36:55+00:00","article_modified_time":"2018-07-13T07:38:19+00:00","og_image":[{"width":1200,"height":674,"url":"https:\/\/likemetkovic.hr\/wp-content\/uploads\/2017\/11\/gp-metk-otvaranje-3.jpg","type":"image\/jpeg"}],"author":"LIKEmetkovic.hr","twitter_card":"summary_large_image","twitter_misc":{"Napisao\/la":"LIKEmetkovic.hr","Procijenjeno vrijeme \u010ditanja":"1 minuta"},"schema":{"@context":"https:\/\/schema.org","@graph":[{"@type":"WebPage","@id":"https:\/\/likemetkovic.hr\/na-gp-metkovic-i-nova-sela-dvije-osobe-zatecene-s-drogom\/","url":"https:\/\/likemetkovic.hr\/na-gp-metkovic-i-nova-sela-dvije-osobe-zatecene-s-drogom\/","name":"Na MGP Metkovi\u0107 i Nova Sela dvije osobe zate\u010dene s drogom - likemetkovic.hr","isPartOf":{"@id":"https:\/\/likemetkovic.hr\/#website"},"primaryImageOfPage":{"@id":"https:\/\/likemetkovic.hr\/na-gp-metkovic-i-nova-sela-dvije-osobe-zatecene-s-drogom\/#primaryimage"},"image":{"@id":"https:\/\/likemetkovic.hr\/na-gp-metkovic-i-nova-sela-dvije-osobe-zatecene-s-drogom\/#primaryimage"},"thumbnailUrl":"https:\/\/likemetkovic.hr\/portal\/wp-content\/uploads\/2017\/11\/gp-metk-otvaranje-3.jpg","datePublished":"2018-07-13T07:36:55+00:00","dateModified":"2018-07-13T07:38:19+00:00","author":{"@id":"https:\/\/likemetkovic.hr\/#\/schema\/person\/a42711f3385a0e2be6f7e0443bfb28f0"},"breadcrumb":{"@id":"https:\/\/likemetkovic.hr\/na-gp-metkovic-i-nova-sela-dvije-osobe-zatecene-s-drogom\/#breadcrumb"},"inLanguage":"hr","potentialAction":[{"@type":"ReadAction","target":["https:\/\/likemetkovic.hr\/na-gp-metkovic-i-nova-sela-dvije-osobe-zatecene-s-drogom\/"]}]},{"@type":"ImageObject","inLanguage":"hr","@id":"https:\/\/likemetkovic.hr\/na-gp-metkovic-i-nova-sela-dvije-osobe-zatecene-s-drogom\/#primaryimage","url":"https:\/\/likemetkovic.hr\/portal\/wp-content\/uploads\/2017\/11\/gp-metk-otvaranje-3.jpg","contentUrl":"https:\/\/likemetkovic.hr\/portal\/wp-content\/uploads\/2017\/11\/gp-metk-otvaranje-3.jpg","width":1200,"height":674},{"@type":"BreadcrumbList","@id":"https:\/\/likemetkovic.hr\/na-gp-metkovic-i-nova-sela-dvije-osobe-zatecene-s-drogom\/#breadcrumb","itemListElement":[{"@type":"ListItem","position":1,"name":"Po\u010detna stranica","item":"https:\/\/likemetkovic.hr\/portal\/"},{"@type":"ListItem","position":2,"name":"Na MGP Metkovi\u0107 i Nova Sela dvije osobe zate\u010dene s drogom"}]},{"@type":"WebSite","@id":"https:\/\/likemetkovic.hr\/#website","url":"https:\/\/likemetkovic.hr\/","name":"likemetkovic.hr","description":"Misli pozitivno... \u010ditaj LIKE","potentialAction":[{"@type":"SearchAction","target":{"@type":"EntryPoint","urlTemplate":"https:\/\/likemetkovic.hr\/?s={search_term_string}"},"query-input":{"@type":"PropertyValueSpecification","valueRequired":true,"valueName":"search_term_string"}}],"inLanguage":"hr"},{"@type":"Person","@id":"https:\/\/likemetkovic.hr\/#\/schema\/person\/a42711f3385a0e2be6f7e0443bfb28f0","name":"LIKEmetkovic.hr","sameAs":["http:\/\/likemetkovic.hr"],"url":"https:\/\/likemetkovic.hr\/portal\/author\/likemetkovic-hr\/"}]}},"_links":{"self":[{"href":"https:\/\/likemetkovic.hr\/portal\/wp-json\/wp\/v2\/posts\/65054","targetHints":{"allow":["GET"]}}],"collection":[{"href":"https:\/\/likemetkovic.hr\/portal\/wp-json\/wp\/v2\/posts"}],"about":[{"href":"https:\/\/likemetkovic.hr\/portal\/wp-json\/wp\/v2\/types\/post"}],"author":[{"embeddable":true,"href":"https:\/\/likemetkovic.hr\/portal\/wp-json\/wp\/v2\/users\/7"}],"replies":[{"embeddable":true,"href":"https:\/\/likemetkovic.hr\/portal\/wp-json\/wp\/v2\/comments?post=65054"}],"version-history":[{"count":0,"href":"https:\/\/likemetkovic.hr\/portal\/wp-json\/wp\/v2\/posts\/65054\/revisions"}],"wp:featuredmedia":[{"embeddable":true,"href":"https:\/\/likemetkovic.hr\/portal\/wp-json\/wp\/v2\/media\/49158"}],"wp:attachment":[{"href":"https:\/\/likemetkovic.hr\/portal\/wp-json\/wp\/v2\/media?parent=65054"}],"wp:term":[{"taxonomy":"category","embeddable":true,"href":"https:\/\/likemetkovic.hr\/portal\/wp-json\/wp\/v2\/categories?post=65054"},{"taxonomy":"post_tag","embeddable":true,"href":"https:\/\/likemetkovic.hr\/portal\/wp-json\/wp\/v2\/tags?post=65054"}],"curies":[{"name":"wp","href":"https:\/\/api.w.org\/{rel}","templated":true}]}}