{"id":65120,"date":"2018-07-15T10:40:33","date_gmt":"2018-07-15T08:40:33","guid":{"rendered":"http:\/\/likemetkovic.hr\/?p=65120"},"modified":"2018-07-15T11:57:12","modified_gmt":"2018-07-15T09:57:12","slug":"pocela-proslava-gospe-karmelske-na-bagalovicu","status":"publish","type":"post","link":"https:\/\/likemetkovic.hr\/portal\/pocela-proslava-gospe-karmelske-na-bagalovicu\/","title":{"rendered":"Po\u010dela proslava Gospe Karmelske na Bagalovi\u0107u"},"content":{"rendered":"<p>sveti\u0161tu Gospe Karmelske u petak 13. srpnja prvom ve\u010deri trodnevice otvoreno je svetkovanje Gospe Karmelske spu\u0161tanjem Gospina kipa iz ni\u0161e oltara uz molitve litanija i zvonjavom zvona.<\/p>\n<p>Kip su spustila \u010detvorica bratima Bratov\u0161tine Presvetog Sakramenta. Nakon molitve krunice misno slavlje predvodio je \u017eupnik \u017eupe sv. Stjepana iz Opuzena don Hrvoje Dragun, a u koncelebraciji su bili \u017eupnik don Augustin Radovi\u0107 i sve\u0107enici Neretvanskoga dekanata: neretvanski dekan i \u017eupnik \u017eupe Dobranje &#8211; Bijeli Vir pre\u010d. don Stipe Jerkovi\u0107, umirovljeni don Petar Miki\u0107, \u017eupnik \u017eupe Kraljice Neba i Zemlje iz Plo\u010da don Ante Antunovi\u0107, i \u017eupnik \u017eupe Vidonje don Mladen Margeta.<\/p>\n<p>Danas je zadnji dan trodnevne pripreme. U 20 sati je sv. misa kou predvodi fra Miroslav Bustruc, \u017eupnik u \u017divogo\u0161\u0107u.<\/p>\n<p>Sutra, na sam dan blagdana, sve\u010dano misno slavlje, koje \u0107e predvoditi don Alojzije Bav\u010devi\u0107, po\u010det \u0107e s procesijom u 9,30.<\/p>\n<p>U 18,30 \u0107e biti sv. misa nakon koje \u0107e biti blagoslov djece.<\/p>\n<p>Pi\u0161e: Antonija Menalo\/smn.hr<\/p>\n","protected":false},"excerpt":{"rendered":"<p>sveti\u0161tu Gospe Karmelske u petak 13. srpnja prvom ve\u010deri trodnevice otvoreno je svetkovanje Gospe Karmelske spu\u0161tanjem Gospina kipa iz ni\u0161e oltara uz molitve litanija i zvonjavom zvona. Kip su spustila \u010detvorica bratima Bratov\u0161tine Presvetog Sakramenta. Nakon molitve krunice misno slavlje predvodio je \u017eupnik \u017eupe sv. Stjepana iz Opuzena don Hrvoje Dragun, a u koncelebraciji su [&hellip;]<\/p>\n","protected":false},"author":7,"featured_media":65121,"comment_status":"open","ping_status":"open","sticky":false,"template":"","format":"standard","meta":{"footnotes":""},"categories":[296,27],"tags":[3502],"class_list":{"0":"post-65120","1":"post","2":"type-post","3":"status-publish","4":"format-standard","5":"has-post-thumbnail","7":"category-ab","8":"category-vjera-i-zivot","9":"tag-gospa-karmelska-bagalovic"},"yoast_head":"<!-- This site is optimized with the Yoast SEO plugin v25.2 - https:\/\/yoast.com\/wordpress\/plugins\/seo\/ -->\n<title>Po\u010dela proslava Gospe Karmelske na Bagalovi\u0107u - likemetkovic.hr<\/title>\n<meta name=\"robots\" content=\"index, follow, max-snippet:-1, max-image-preview:large, max-video-preview:-1\" \/>\n<link rel=\"canonical\" href=\"https:\/\/likemetkovic.hr\/pocela-proslava-gospe-karmelske-na-bagalovicu\/\" \/>\n<meta property=\"og:locale\" content=\"hr_HR\" \/>\n<meta property=\"og:type\" content=\"article\" \/>\n<meta property=\"og:title\" content=\"Po\u010dela proslava Gospe Karmelske na Bagalovi\u0107u - likemetkovic.hr\" \/>\n<meta property=\"og:description\" content=\"sveti\u0161tu Gospe Karmelske u petak 13. srpnja prvom ve\u010deri trodnevice otvoreno je svetkovanje Gospe Karmelske spu\u0161tanjem Gospina kipa iz ni\u0161e oltara uz molitve litanija i zvonjavom zvona. Kip su spustila \u010detvorica bratima Bratov\u0161tine Presvetog Sakramenta. Nakon molitve krunice misno slavlje predvodio je \u017eupnik \u017eupe sv. Stjepana iz Opuzena don Hrvoje Dragun, a u koncelebraciji su [&hellip;]\" \/>\n<meta property=\"og:url\" content=\"https:\/\/likemetkovic.hr\/pocela-proslava-gospe-karmelske-na-bagalovicu\/\" \/>\n<meta property=\"og:site_name\" content=\"likemetkovic.hr\" \/>\n<meta property=\"article:publisher\" content=\"https:\/\/www.facebook.com\/likemetkovic.hr\/\" \/>\n<meta property=\"article:published_time\" content=\"2018-07-15T08:40:33+00:00\" \/>\n<meta property=\"article:modified_time\" content=\"2018-07-15T09:57:12+00:00\" \/>\n<meta property=\"og:image\" content=\"https:\/\/likemetkovic.hr\/wp-content\/uploads\/2018\/07\/IMG_20180715_103718.jpg\" \/>\n\t<meta property=\"og:image:width\" content=\"800\" \/>\n\t<meta property=\"og:image:height\" content=\"600\" \/>\n\t<meta property=\"og:image:type\" content=\"image\/jpeg\" \/>\n<meta name=\"author\" content=\"LIKEmetkovic.hr\" \/>\n<meta name=\"twitter:card\" content=\"summary_large_image\" \/>\n<meta name=\"twitter:label1\" content=\"Napisao\/la\" \/>\n\t<meta name=\"twitter:data1\" content=\"LIKEmetkovic.hr\" \/>\n\t<meta name=\"twitter:label2\" content=\"Procijenjeno vrijeme \u010ditanja\" \/>\n\t<meta name=\"twitter:data2\" content=\"1 minuta\" \/>\n<script type=\"application\/ld+json\" class=\"yoast-schema-graph\">{\"@context\":\"https:\/\/schema.org\",\"@graph\":[{\"@type\":\"WebPage\",\"@id\":\"https:\/\/likemetkovic.hr\/pocela-proslava-gospe-karmelske-na-bagalovicu\/\",\"url\":\"https:\/\/likemetkovic.hr\/pocela-proslava-gospe-karmelske-na-bagalovicu\/\",\"name\":\"Po\u010dela proslava Gospe Karmelske na Bagalovi\u0107u - likemetkovic.hr\",\"isPartOf\":{\"@id\":\"https:\/\/likemetkovic.hr\/#website\"},\"primaryImageOfPage\":{\"@id\":\"https:\/\/likemetkovic.hr\/pocela-proslava-gospe-karmelske-na-bagalovicu\/#primaryimage\"},\"image\":{\"@id\":\"https:\/\/likemetkovic.hr\/pocela-proslava-gospe-karmelske-na-bagalovicu\/#primaryimage\"},\"thumbnailUrl\":\"https:\/\/likemetkovic.hr\/portal\/wp-content\/uploads\/2018\/07\/IMG_20180715_103718.jpg\",\"datePublished\":\"2018-07-15T08:40:33+00:00\",\"dateModified\":\"2018-07-15T09:57:12+00:00\",\"author\":{\"@id\":\"https:\/\/likemetkovic.hr\/#\/schema\/person\/a42711f3385a0e2be6f7e0443bfb28f0\"},\"breadcrumb\":{\"@id\":\"https:\/\/likemetkovic.hr\/pocela-proslava-gospe-karmelske-na-bagalovicu\/#breadcrumb\"},\"inLanguage\":\"hr\",\"potentialAction\":[{\"@type\":\"ReadAction\",\"target\":[\"https:\/\/likemetkovic.hr\/pocela-proslava-gospe-karmelske-na-bagalovicu\/\"]}]},{\"@type\":\"ImageObject\",\"inLanguage\":\"hr\",\"@id\":\"https:\/\/likemetkovic.hr\/pocela-proslava-gospe-karmelske-na-bagalovicu\/#primaryimage\",\"url\":\"https:\/\/likemetkovic.hr\/portal\/wp-content\/uploads\/2018\/07\/IMG_20180715_103718.jpg\",\"contentUrl\":\"https:\/\/likemetkovic.hr\/portal\/wp-content\/uploads\/2018\/07\/IMG_20180715_103718.jpg\",\"width\":800,\"height\":600},{\"@type\":\"BreadcrumbList\",\"@id\":\"https:\/\/likemetkovic.hr\/pocela-proslava-gospe-karmelske-na-bagalovicu\/#breadcrumb\",\"itemListElement\":[{\"@type\":\"ListItem\",\"position\":1,\"name\":\"Po\u010detna stranica\",\"item\":\"https:\/\/likemetkovic.hr\/portal\/\"},{\"@type\":\"ListItem\",\"position\":2,\"name\":\"Po\u010dela proslava Gospe Karmelske na Bagalovi\u0107u\"}]},{\"@type\":\"WebSite\",\"@id\":\"https:\/\/likemetkovic.hr\/#website\",\"url\":\"https:\/\/likemetkovic.hr\/\",\"name\":\"likemetkovic.hr\",\"description\":\"Misli pozitivno... \u010ditaj LIKE\",\"potentialAction\":[{\"@type\":\"SearchAction\",\"target\":{\"@type\":\"EntryPoint\",\"urlTemplate\":\"https:\/\/likemetkovic.hr\/?s={search_term_string}\"},\"query-input\":{\"@type\":\"PropertyValueSpecification\",\"valueRequired\":true,\"valueName\":\"search_term_string\"}}],\"inLanguage\":\"hr\"},{\"@type\":\"Person\",\"@id\":\"https:\/\/likemetkovic.hr\/#\/schema\/person\/a42711f3385a0e2be6f7e0443bfb28f0\",\"name\":\"LIKEmetkovic.hr\",\"sameAs\":[\"http:\/\/likemetkovic.hr\"],\"url\":\"https:\/\/likemetkovic.hr\/portal\/author\/likemetkovic-hr\/\"}]}<\/script>\n<!-- \/ Yoast SEO plugin. -->","yoast_head_json":{"title":"Po\u010dela proslava Gospe Karmelske na Bagalovi\u0107u - likemetkovic.hr","robots":{"index":"index","follow":"follow","max-snippet":"max-snippet:-1","max-image-preview":"max-image-preview:large","max-video-preview":"max-video-preview:-1"},"canonical":"https:\/\/likemetkovic.hr\/pocela-proslava-gospe-karmelske-na-bagalovicu\/","og_locale":"hr_HR","og_type":"article","og_title":"Po\u010dela proslava Gospe Karmelske na Bagalovi\u0107u - likemetkovic.hr","og_description":"sveti\u0161tu Gospe Karmelske u petak 13. srpnja prvom ve\u010deri trodnevice otvoreno je svetkovanje Gospe Karmelske spu\u0161tanjem Gospina kipa iz ni\u0161e oltara uz molitve litanija i zvonjavom zvona. Kip su spustila \u010detvorica bratima Bratov\u0161tine Presvetog Sakramenta. Nakon molitve krunice misno slavlje predvodio je \u017eupnik \u017eupe sv. Stjepana iz Opuzena don Hrvoje Dragun, a u koncelebraciji su [&hellip;]","og_url":"https:\/\/likemetkovic.hr\/pocela-proslava-gospe-karmelske-na-bagalovicu\/","og_site_name":"likemetkovic.hr","article_publisher":"https:\/\/www.facebook.com\/likemetkovic.hr\/","article_published_time":"2018-07-15T08:40:33+00:00","article_modified_time":"2018-07-15T09:57:12+00:00","og_image":[{"width":800,"height":600,"url":"https:\/\/likemetkovic.hr\/wp-content\/uploads\/2018\/07\/IMG_20180715_103718.jpg","type":"image\/jpeg"}],"author":"LIKEmetkovic.hr","twitter_card":"summary_large_image","twitter_misc":{"Napisao\/la":"LIKEmetkovic.hr","Procijenjeno vrijeme \u010ditanja":"1 minuta"},"schema":{"@context":"https:\/\/schema.org","@graph":[{"@type":"WebPage","@id":"https:\/\/likemetkovic.hr\/pocela-proslava-gospe-karmelske-na-bagalovicu\/","url":"https:\/\/likemetkovic.hr\/pocela-proslava-gospe-karmelske-na-bagalovicu\/","name":"Po\u010dela proslava Gospe Karmelske na Bagalovi\u0107u - likemetkovic.hr","isPartOf":{"@id":"https:\/\/likemetkovic.hr\/#website"},"primaryImageOfPage":{"@id":"https:\/\/likemetkovic.hr\/pocela-proslava-gospe-karmelske-na-bagalovicu\/#primaryimage"},"image":{"@id":"https:\/\/likemetkovic.hr\/pocela-proslava-gospe-karmelske-na-bagalovicu\/#primaryimage"},"thumbnailUrl":"https:\/\/likemetkovic.hr\/portal\/wp-content\/uploads\/2018\/07\/IMG_20180715_103718.jpg","datePublished":"2018-07-15T08:40:33+00:00","dateModified":"2018-07-15T09:57:12+00:00","author":{"@id":"https:\/\/likemetkovic.hr\/#\/schema\/person\/a42711f3385a0e2be6f7e0443bfb28f0"},"breadcrumb":{"@id":"https:\/\/likemetkovic.hr\/pocela-proslava-gospe-karmelske-na-bagalovicu\/#breadcrumb"},"inLanguage":"hr","potentialAction":[{"@type":"ReadAction","target":["https:\/\/likemetkovic.hr\/pocela-proslava-gospe-karmelske-na-bagalovicu\/"]}]},{"@type":"ImageObject","inLanguage":"hr","@id":"https:\/\/likemetkovic.hr\/pocela-proslava-gospe-karmelske-na-bagalovicu\/#primaryimage","url":"https:\/\/likemetkovic.hr\/portal\/wp-content\/uploads\/2018\/07\/IMG_20180715_103718.jpg","contentUrl":"https:\/\/likemetkovic.hr\/portal\/wp-content\/uploads\/2018\/07\/IMG_20180715_103718.jpg","width":800,"height":600},{"@type":"BreadcrumbList","@id":"https:\/\/likemetkovic.hr\/pocela-proslava-gospe-karmelske-na-bagalovicu\/#breadcrumb","itemListElement":[{"@type":"ListItem","position":1,"name":"Po\u010detna stranica","item":"https:\/\/likemetkovic.hr\/portal\/"},{"@type":"ListItem","position":2,"name":"Po\u010dela proslava Gospe Karmelske na Bagalovi\u0107u"}]},{"@type":"WebSite","@id":"https:\/\/likemetkovic.hr\/#website","url":"https:\/\/likemetkovic.hr\/","name":"likemetkovic.hr","description":"Misli pozitivno... \u010ditaj LIKE","potentialAction":[{"@type":"SearchAction","target":{"@type":"EntryPoint","urlTemplate":"https:\/\/likemetkovic.hr\/?s={search_term_string}"},"query-input":{"@type":"PropertyValueSpecification","valueRequired":true,"valueName":"search_term_string"}}],"inLanguage":"hr"},{"@type":"Person","@id":"https:\/\/likemetkovic.hr\/#\/schema\/person\/a42711f3385a0e2be6f7e0443bfb28f0","name":"LIKEmetkovic.hr","sameAs":["http:\/\/likemetkovic.hr"],"url":"https:\/\/likemetkovic.hr\/portal\/author\/likemetkovic-hr\/"}]}},"_links":{"self":[{"href":"https:\/\/likemetkovic.hr\/portal\/wp-json\/wp\/v2\/posts\/65120","targetHints":{"allow":["GET"]}}],"collection":[{"href":"https:\/\/likemetkovic.hr\/portal\/wp-json\/wp\/v2\/posts"}],"about":[{"href":"https:\/\/likemetkovic.hr\/portal\/wp-json\/wp\/v2\/types\/post"}],"author":[{"embeddable":true,"href":"https:\/\/likemetkovic.hr\/portal\/wp-json\/wp\/v2\/users\/7"}],"replies":[{"embeddable":true,"href":"https:\/\/likemetkovic.hr\/portal\/wp-json\/wp\/v2\/comments?post=65120"}],"version-history":[{"count":0,"href":"https:\/\/likemetkovic.hr\/portal\/wp-json\/wp\/v2\/posts\/65120\/revisions"}],"wp:featuredmedia":[{"embeddable":true,"href":"https:\/\/likemetkovic.hr\/portal\/wp-json\/wp\/v2\/media\/65121"}],"wp:attachment":[{"href":"https:\/\/likemetkovic.hr\/portal\/wp-json\/wp\/v2\/media?parent=65120"}],"wp:term":[{"taxonomy":"category","embeddable":true,"href":"https:\/\/likemetkovic.hr\/portal\/wp-json\/wp\/v2\/categories?post=65120"},{"taxonomy":"post_tag","embeddable":true,"href":"https:\/\/likemetkovic.hr\/portal\/wp-json\/wp\/v2\/tags?post=65120"}],"curies":[{"name":"wp","href":"https:\/\/api.w.org\/{rel}","templated":true}]}}