{"id":65220,"date":"2018-07-17T13:24:07","date_gmt":"2018-07-17T11:24:07","guid":{"rendered":"http:\/\/likemetkovic.hr\/?p=65220"},"modified":"2018-07-17T13:43:59","modified_gmt":"2018-07-17T11:43:59","slug":"video-koji-osvaja-belgijanci-u-bruxellesu-pljeskali-obitelji-metkovke-sanje-kalric","status":"publish","type":"post","link":"https:\/\/likemetkovic.hr\/portal\/video-koji-osvaja-belgijanci-u-bruxellesu-pljeskali-obitelji-metkovke-sanje-kalric\/","title":{"rendered":"Video koji osvaja: Belgijanci u Bruxellesu spontano zapljeskali sinu Metkovke Sanje Klari\u0107"},"content":{"rendered":"<p><em>Proud to be Croat<\/em>, napisala je Metkovka s prebivali\u0161tem u glavnom belgijskom gradu Bruxellesu, <strong>Sanja Klari\u0107<\/strong>. No video koji je i\u0161ao uz objavu neke \u0107e dirnuti i do suza, prenosi portal <em>gol.dnevnik.hr .<\/em><\/p>\n<p>Naime, u nedjelju je nakon finala tro\u010dlana obitelj pro\u0161etala centrom europske metropole, a <strong>sin\u010di\u0107 je nosio malu hrvatsku zastavu<\/strong>. Kako su prolazili ulicom, tako su okupljeni prolaznici i oni koji su sjedili u kafi\u0107ima po\u010deli spontano pljeskati.<\/p>\n<div class=\"youtube-embed\" data-video_id=\"d_vRApdxa4E\"><iframe title=\"PASTI \u0106E SUZA: Obi\u010dnog dje\u010daka u hrvatskim obilje\u017ejima u Bruxellesu do\u010dekali pljeskom\" width=\"696\" height=\"392\" src=\"https:\/\/www.youtube.com\/embed\/d_vRApdxa4E?feature=oembed&#038;enablejsapi=1\" frameborder=\"0\" allow=\"accelerometer; autoplay; encrypted-media; gyroscope; picture-in-picture\" allowfullscreen><\/iframe><\/div>\n<p>&#8211;<em> Imali smo dojam da ni Francuzi nisu navijali za Francusku<\/em>, poru\u010dila je autorica videa Sanja Klari\u0107.<\/p>\n<p>Pljesak se pretvorio u ovacije i op\u0107e odu\u0161evljenje koje \u0107e ova obitelj pamtiti cijeli \u017eivot. Oni su bili simbol onoga \u0161to mo\u017eemo na\u0107i u komentarima na dru\u0161tvenim mre\u017eama. Hrvatska je u o\u010dima dobrog dijela svijeta bila ljubimac navija\u010da koji su pratili Svjetsko prvenstvo.<\/p>\n<p>Foto: Screenshot<\/p>\n","protected":false},"excerpt":{"rendered":"<p>Proud to be Croat, napisala je Metkovka s prebivali\u0161tem u glavnom belgijskom gradu Bruxellesu, Sanja Klari\u0107. No video koji je i\u0161ao uz objavu neke \u0107e dirnuti i do suza, prenosi portal gol.dnevnik.hr . Naime, u nedjelju je nakon finala tro\u010dlana obitelj pro\u0161etala centrom europske metropole, a sin\u010di\u0107 je nosio malu hrvatsku zastavu. Kako su prolazili [&hellip;]<\/p>\n","protected":false},"author":7,"featured_media":65221,"comment_status":"open","ping_status":"open","sticky":false,"template":"","format":"video","meta":{"footnotes":""},"categories":[296,71],"tags":[3505,1007,3504],"class_list":{"0":"post-65220","1":"post","2":"type-post","3":"status-publish","4":"format-video","5":"has-post-thumbnail","7":"category-ab","8":"category-svega-po-malo","9":"tag-buxelles","10":"tag-hrvatska","11":"tag-sanja-kalric","12":"post_format-post-format-video"},"yoast_head":"<!-- This site is optimized with the Yoast SEO plugin v25.2 - https:\/\/yoast.com\/wordpress\/plugins\/seo\/ -->\n<title>Video koji osvaja: Belgijanci u Bruxellesu spontano zapljeskali sinu Metkovke Sanje Klari\u0107 - likemetkovic.hr<\/title>\n<meta name=\"description\" content=\"Proud to be Croat, napisala je Metkovka s prebivali\u0161tem u glavnom belgijskom gradu Bruxellesu, Sanja Klari\u0107. No video koji je i\u0161ao uz objavu neke \u0107e dirnuti i do suza.\" \/>\n<meta name=\"robots\" content=\"index, follow, max-snippet:-1, max-image-preview:large, max-video-preview:-1\" \/>\n<link rel=\"canonical\" href=\"https:\/\/likemetkovic.hr\/video-koji-osvaja-belgijanci-u-bruxellesu-pljeskali-obitelji-metkovke-sanje-kalric\/\" \/>\n<meta property=\"og:locale\" content=\"hr_HR\" \/>\n<meta property=\"og:type\" content=\"article\" \/>\n<meta property=\"og:title\" content=\"Video koji osvaja: Belgijanci u Bruxellesu spontano zapljeskali sinu Metkovke Sanje Klari\u0107 - likemetkovic.hr\" \/>\n<meta property=\"og:description\" content=\"Proud to be Croat, napisala je Metkovka s prebivali\u0161tem u glavnom belgijskom gradu Bruxellesu, Sanja Klari\u0107. No video koji je i\u0161ao uz objavu neke \u0107e dirnuti i do suza.\" \/>\n<meta property=\"og:url\" content=\"https:\/\/likemetkovic.hr\/video-koji-osvaja-belgijanci-u-bruxellesu-pljeskali-obitelji-metkovke-sanje-kalric\/\" \/>\n<meta property=\"og:site_name\" content=\"likemetkovic.hr\" \/>\n<meta property=\"article:publisher\" content=\"https:\/\/www.facebook.com\/likemetkovic.hr\/\" \/>\n<meta property=\"article:published_time\" content=\"2018-07-17T11:24:07+00:00\" \/>\n<meta property=\"article:modified_time\" content=\"2018-07-17T11:43:59+00:00\" \/>\n<meta property=\"og:image\" content=\"https:\/\/likemetkovic.hr\/wp-content\/uploads\/2018\/07\/Hrvatski-dje\u010dak-u-Briselu.jpg\" \/>\n\t<meta property=\"og:image:width\" content=\"810\" \/>\n\t<meta property=\"og:image:height\" content=\"496\" \/>\n\t<meta property=\"og:image:type\" content=\"image\/jpeg\" \/>\n<meta name=\"author\" content=\"LIKEmetkovic.hr\" \/>\n<meta name=\"twitter:card\" content=\"summary_large_image\" \/>\n<meta name=\"twitter:label1\" content=\"Napisao\/la\" \/>\n\t<meta name=\"twitter:data1\" content=\"LIKEmetkovic.hr\" \/>\n\t<meta name=\"twitter:label2\" content=\"Procijenjeno vrijeme \u010ditanja\" \/>\n\t<meta name=\"twitter:data2\" content=\"1 minuta\" \/>\n<script type=\"application\/ld+json\" class=\"yoast-schema-graph\">{\"@context\":\"https:\/\/schema.org\",\"@graph\":[{\"@type\":\"WebPage\",\"@id\":\"https:\/\/likemetkovic.hr\/video-koji-osvaja-belgijanci-u-bruxellesu-pljeskali-obitelji-metkovke-sanje-kalric\/\",\"url\":\"https:\/\/likemetkovic.hr\/video-koji-osvaja-belgijanci-u-bruxellesu-pljeskali-obitelji-metkovke-sanje-kalric\/\",\"name\":\"Video koji osvaja: Belgijanci u Bruxellesu spontano zapljeskali sinu Metkovke Sanje Klari\u0107 - likemetkovic.hr\",\"isPartOf\":{\"@id\":\"https:\/\/likemetkovic.hr\/#website\"},\"primaryImageOfPage\":{\"@id\":\"https:\/\/likemetkovic.hr\/video-koji-osvaja-belgijanci-u-bruxellesu-pljeskali-obitelji-metkovke-sanje-kalric\/#primaryimage\"},\"image\":{\"@id\":\"https:\/\/likemetkovic.hr\/video-koji-osvaja-belgijanci-u-bruxellesu-pljeskali-obitelji-metkovke-sanje-kalric\/#primaryimage\"},\"thumbnailUrl\":\"https:\/\/likemetkovic.hr\/portal\/wp-content\/uploads\/2018\/07\/Hrvatski-dje\u010dak-u-Briselu.jpg\",\"datePublished\":\"2018-07-17T11:24:07+00:00\",\"dateModified\":\"2018-07-17T11:43:59+00:00\",\"author\":{\"@id\":\"https:\/\/likemetkovic.hr\/#\/schema\/person\/a42711f3385a0e2be6f7e0443bfb28f0\"},\"description\":\"Proud to be Croat, napisala je Metkovka s prebivali\u0161tem u glavnom belgijskom gradu Bruxellesu, Sanja Klari\u0107. No video koji je i\u0161ao uz objavu neke \u0107e dirnuti i do suza.\",\"breadcrumb\":{\"@id\":\"https:\/\/likemetkovic.hr\/video-koji-osvaja-belgijanci-u-bruxellesu-pljeskali-obitelji-metkovke-sanje-kalric\/#breadcrumb\"},\"inLanguage\":\"hr\",\"potentialAction\":[{\"@type\":\"ReadAction\",\"target\":[\"https:\/\/likemetkovic.hr\/video-koji-osvaja-belgijanci-u-bruxellesu-pljeskali-obitelji-metkovke-sanje-kalric\/\"]}]},{\"@type\":\"ImageObject\",\"inLanguage\":\"hr\",\"@id\":\"https:\/\/likemetkovic.hr\/video-koji-osvaja-belgijanci-u-bruxellesu-pljeskali-obitelji-metkovke-sanje-kalric\/#primaryimage\",\"url\":\"https:\/\/likemetkovic.hr\/portal\/wp-content\/uploads\/2018\/07\/Hrvatski-dje\u010dak-u-Briselu.jpg\",\"contentUrl\":\"https:\/\/likemetkovic.hr\/portal\/wp-content\/uploads\/2018\/07\/Hrvatski-dje\u010dak-u-Briselu.jpg\",\"width\":810,\"height\":496},{\"@type\":\"BreadcrumbList\",\"@id\":\"https:\/\/likemetkovic.hr\/video-koji-osvaja-belgijanci-u-bruxellesu-pljeskali-obitelji-metkovke-sanje-kalric\/#breadcrumb\",\"itemListElement\":[{\"@type\":\"ListItem\",\"position\":1,\"name\":\"Po\u010detna stranica\",\"item\":\"https:\/\/likemetkovic.hr\/portal\/\"},{\"@type\":\"ListItem\",\"position\":2,\"name\":\"Video koji osvaja: Belgijanci u Bruxellesu spontano zapljeskali sinu Metkovke Sanje Klari\u0107\"}]},{\"@type\":\"WebSite\",\"@id\":\"https:\/\/likemetkovic.hr\/#website\",\"url\":\"https:\/\/likemetkovic.hr\/\",\"name\":\"likemetkovic.hr\",\"description\":\"Misli pozitivno... \u010ditaj LIKE\",\"potentialAction\":[{\"@type\":\"SearchAction\",\"target\":{\"@type\":\"EntryPoint\",\"urlTemplate\":\"https:\/\/likemetkovic.hr\/?s={search_term_string}\"},\"query-input\":{\"@type\":\"PropertyValueSpecification\",\"valueRequired\":true,\"valueName\":\"search_term_string\"}}],\"inLanguage\":\"hr\"},{\"@type\":\"Person\",\"@id\":\"https:\/\/likemetkovic.hr\/#\/schema\/person\/a42711f3385a0e2be6f7e0443bfb28f0\",\"name\":\"LIKEmetkovic.hr\",\"sameAs\":[\"http:\/\/likemetkovic.hr\"],\"url\":\"https:\/\/likemetkovic.hr\/portal\/author\/likemetkovic-hr\/\"}]}<\/script>\n<!-- \/ Yoast SEO plugin. -->","yoast_head_json":{"title":"Video koji osvaja: Belgijanci u Bruxellesu spontano zapljeskali sinu Metkovke Sanje Klari\u0107 - likemetkovic.hr","description":"Proud to be Croat, napisala je Metkovka s prebivali\u0161tem u glavnom belgijskom gradu Bruxellesu, Sanja Klari\u0107. No video koji je i\u0161ao uz objavu neke \u0107e dirnuti i do suza.","robots":{"index":"index","follow":"follow","max-snippet":"max-snippet:-1","max-image-preview":"max-image-preview:large","max-video-preview":"max-video-preview:-1"},"canonical":"https:\/\/likemetkovic.hr\/video-koji-osvaja-belgijanci-u-bruxellesu-pljeskali-obitelji-metkovke-sanje-kalric\/","og_locale":"hr_HR","og_type":"article","og_title":"Video koji osvaja: Belgijanci u Bruxellesu spontano zapljeskali sinu Metkovke Sanje Klari\u0107 - likemetkovic.hr","og_description":"Proud to be Croat, napisala je Metkovka s prebivali\u0161tem u glavnom belgijskom gradu Bruxellesu, Sanja Klari\u0107. No video koji je i\u0161ao uz objavu neke \u0107e dirnuti i do suza.","og_url":"https:\/\/likemetkovic.hr\/video-koji-osvaja-belgijanci-u-bruxellesu-pljeskali-obitelji-metkovke-sanje-kalric\/","og_site_name":"likemetkovic.hr","article_publisher":"https:\/\/www.facebook.com\/likemetkovic.hr\/","article_published_time":"2018-07-17T11:24:07+00:00","article_modified_time":"2018-07-17T11:43:59+00:00","og_image":[{"width":810,"height":496,"url":"https:\/\/likemetkovic.hr\/wp-content\/uploads\/2018\/07\/Hrvatski-dje\u010dak-u-Briselu.jpg","type":"image\/jpeg"}],"author":"LIKEmetkovic.hr","twitter_card":"summary_large_image","twitter_misc":{"Napisao\/la":"LIKEmetkovic.hr","Procijenjeno vrijeme \u010ditanja":"1 minuta"},"schema":{"@context":"https:\/\/schema.org","@graph":[{"@type":"WebPage","@id":"https:\/\/likemetkovic.hr\/video-koji-osvaja-belgijanci-u-bruxellesu-pljeskali-obitelji-metkovke-sanje-kalric\/","url":"https:\/\/likemetkovic.hr\/video-koji-osvaja-belgijanci-u-bruxellesu-pljeskali-obitelji-metkovke-sanje-kalric\/","name":"Video koji osvaja: Belgijanci u Bruxellesu spontano zapljeskali sinu Metkovke Sanje Klari\u0107 - likemetkovic.hr","isPartOf":{"@id":"https:\/\/likemetkovic.hr\/#website"},"primaryImageOfPage":{"@id":"https:\/\/likemetkovic.hr\/video-koji-osvaja-belgijanci-u-bruxellesu-pljeskali-obitelji-metkovke-sanje-kalric\/#primaryimage"},"image":{"@id":"https:\/\/likemetkovic.hr\/video-koji-osvaja-belgijanci-u-bruxellesu-pljeskali-obitelji-metkovke-sanje-kalric\/#primaryimage"},"thumbnailUrl":"https:\/\/likemetkovic.hr\/portal\/wp-content\/uploads\/2018\/07\/Hrvatski-dje\u010dak-u-Briselu.jpg","datePublished":"2018-07-17T11:24:07+00:00","dateModified":"2018-07-17T11:43:59+00:00","author":{"@id":"https:\/\/likemetkovic.hr\/#\/schema\/person\/a42711f3385a0e2be6f7e0443bfb28f0"},"description":"Proud to be Croat, napisala je Metkovka s prebivali\u0161tem u glavnom belgijskom gradu Bruxellesu, Sanja Klari\u0107. No video koji je i\u0161ao uz objavu neke \u0107e dirnuti i do suza.","breadcrumb":{"@id":"https:\/\/likemetkovic.hr\/video-koji-osvaja-belgijanci-u-bruxellesu-pljeskali-obitelji-metkovke-sanje-kalric\/#breadcrumb"},"inLanguage":"hr","potentialAction":[{"@type":"ReadAction","target":["https:\/\/likemetkovic.hr\/video-koji-osvaja-belgijanci-u-bruxellesu-pljeskali-obitelji-metkovke-sanje-kalric\/"]}]},{"@type":"ImageObject","inLanguage":"hr","@id":"https:\/\/likemetkovic.hr\/video-koji-osvaja-belgijanci-u-bruxellesu-pljeskali-obitelji-metkovke-sanje-kalric\/#primaryimage","url":"https:\/\/likemetkovic.hr\/portal\/wp-content\/uploads\/2018\/07\/Hrvatski-dje\u010dak-u-Briselu.jpg","contentUrl":"https:\/\/likemetkovic.hr\/portal\/wp-content\/uploads\/2018\/07\/Hrvatski-dje\u010dak-u-Briselu.jpg","width":810,"height":496},{"@type":"BreadcrumbList","@id":"https:\/\/likemetkovic.hr\/video-koji-osvaja-belgijanci-u-bruxellesu-pljeskali-obitelji-metkovke-sanje-kalric\/#breadcrumb","itemListElement":[{"@type":"ListItem","position":1,"name":"Po\u010detna stranica","item":"https:\/\/likemetkovic.hr\/portal\/"},{"@type":"ListItem","position":2,"name":"Video koji osvaja: Belgijanci u Bruxellesu spontano zapljeskali sinu Metkovke Sanje Klari\u0107"}]},{"@type":"WebSite","@id":"https:\/\/likemetkovic.hr\/#website","url":"https:\/\/likemetkovic.hr\/","name":"likemetkovic.hr","description":"Misli pozitivno... \u010ditaj LIKE","potentialAction":[{"@type":"SearchAction","target":{"@type":"EntryPoint","urlTemplate":"https:\/\/likemetkovic.hr\/?s={search_term_string}"},"query-input":{"@type":"PropertyValueSpecification","valueRequired":true,"valueName":"search_term_string"}}],"inLanguage":"hr"},{"@type":"Person","@id":"https:\/\/likemetkovic.hr\/#\/schema\/person\/a42711f3385a0e2be6f7e0443bfb28f0","name":"LIKEmetkovic.hr","sameAs":["http:\/\/likemetkovic.hr"],"url":"https:\/\/likemetkovic.hr\/portal\/author\/likemetkovic-hr\/"}]}},"_links":{"self":[{"href":"https:\/\/likemetkovic.hr\/portal\/wp-json\/wp\/v2\/posts\/65220","targetHints":{"allow":["GET"]}}],"collection":[{"href":"https:\/\/likemetkovic.hr\/portal\/wp-json\/wp\/v2\/posts"}],"about":[{"href":"https:\/\/likemetkovic.hr\/portal\/wp-json\/wp\/v2\/types\/post"}],"author":[{"embeddable":true,"href":"https:\/\/likemetkovic.hr\/portal\/wp-json\/wp\/v2\/users\/7"}],"replies":[{"embeddable":true,"href":"https:\/\/likemetkovic.hr\/portal\/wp-json\/wp\/v2\/comments?post=65220"}],"version-history":[{"count":0,"href":"https:\/\/likemetkovic.hr\/portal\/wp-json\/wp\/v2\/posts\/65220\/revisions"}],"wp:featuredmedia":[{"embeddable":true,"href":"https:\/\/likemetkovic.hr\/portal\/wp-json\/wp\/v2\/media\/65221"}],"wp:attachment":[{"href":"https:\/\/likemetkovic.hr\/portal\/wp-json\/wp\/v2\/media?parent=65220"}],"wp:term":[{"taxonomy":"category","embeddable":true,"href":"https:\/\/likemetkovic.hr\/portal\/wp-json\/wp\/v2\/categories?post=65220"},{"taxonomy":"post_tag","embeddable":true,"href":"https:\/\/likemetkovic.hr\/portal\/wp-json\/wp\/v2\/tags?post=65220"}],"curies":[{"name":"wp","href":"https:\/\/api.w.org\/{rel}","templated":true}]}}