{"id":65615,"date":"2018-07-25T10:27:29","date_gmt":"2018-07-25T08:27:29","guid":{"rendered":"http:\/\/likemetkovic.hr\/?p=65615"},"modified":"2018-07-25T10:27:29","modified_gmt":"2018-07-25T08:27:29","slug":"lara-boksic-i-iva-dominikovic-drzavne-su-prvakinje-u-xco-utrkama","status":"publish","type":"post","link":"https:\/\/likemetkovic.hr\/portal\/lara-boksic-i-iva-dominikovic-drzavne-su-prvakinje-u-xco-utrkama\/","title":{"rendered":"Lara Bok\u0161i\u0107 i Iva Dominikovi\u0107 dr\u017eavne su prvakinje u XCO utrkama"},"content":{"rendered":"<p>U nedjelju, 22 srpnja je u Otoku Dalmatinskom odr\u017eana utrka dr\u017eavnogog XCO (Cross-County Olimpic) prvenstva u kojoj su zavidne uspjehe ostavili najmla\u0111i \u010dlanovi <strong>Biciklisti\u010dkog kluba Metkovi\u0107.<\/strong><\/p>\n<p>Metkovci, kojima je ovo\u00a0prvi put sudjeluju na dr\u017eavnom natjecanju, ku\u0107i su se vratili <strong>s \u010detiri medalje<\/strong> od kojih dvije zlatne, te po jedna srebrena i bron\u010dana.<\/p>\n<p>U kategoriji U11 \u017eene\u00a0<strong>Lara Bok\u0161i\u0107\u00a0se okrunila titulom dr\u017eavne prvakinje<\/strong>. Lara je prva 2 kruga bila u zaostatku, da bi u tre\u0107em krugu preuzela vodstvo koje nije ispu\u0161tala do kraja utrke. U istoj utrci nakon odli\u010dne vo\u017enje\u00a0<strong>Mara Talaji\u0107<\/strong>\u00a0se probila do tre\u0107eg mjesta i bronce, te tako uveli\u010dala slavlje \u017dabaca u ovoj kategoriji.<\/p>\n<p>U kategoriji U9 \u017eene\u00a0<strong>Iva Dominikovi\u0107<\/strong>\u00a0je na startu preuzela vode\u0107u poziciju koju do cilja nije ispu\u0161tala i tako <strong>postala dr\u017eavna prvakinja<\/strong> u ovoj kategoriji.<\/p>\n<p>U kategoriji U11 mu\u0161karci\u00a0<strong>Marko Talaji\u0107<\/strong>\u00a0se nakon odli\u010dne utrke na kraju morao zadovoljiti srebrom i titulom viceprvaka.<\/p>\n<p>Organizator natjecanja, u kojem je sudjelovalo preko 140 biciklista, je BK Kame\u0161nica.<\/p>\n<p>&#8211;<em> Ovo je veliki uspjeh za na\u0161 Klub, te dodatan vjetar u le\u0111a ovoj djeci za nastavak treniranja i bavljenja biciklizmom, kao i poziv svim zainteresiranima za bavljenje ovim sportom, a naro\u010dito djeci,<\/em>\u00a0rekao je najve\u0107i krivac za uspjehe najmla\u0111ih \u010dlanova BK Metkovi\u0107\u00a0<strong>Dalibor Talaji\u0107<\/strong>.<\/p>\n<p>Foto: Biciklisti\u010dki klub Metkovi\u0107<\/p>\n","protected":false},"excerpt":{"rendered":"<p>U nedjelju, 22 srpnja je u Otoku Dalmatinskom odr\u017eana utrka dr\u017eavnogog XCO (Cross-County Olimpic) prvenstva u kojoj su zavidne uspjehe ostavili najmla\u0111i \u010dlanovi Biciklisti\u010dkog kluba Metkovi\u0107. Metkovci, kojima je ovo\u00a0prvi put sudjeluju na dr\u017eavnom natjecanju, ku\u0107i su se vratili s \u010detiri medalje od kojih dvije zlatne, te po jedna srebrena i bron\u010dana. U kategoriji U11 [&hellip;]<\/p>\n","protected":false},"author":7,"featured_media":65616,"comment_status":"open","ping_status":"open","sticky":false,"template":"","format":"standard","meta":{"footnotes":""},"categories":[296,34],"tags":[530,2711,3544],"class_list":{"0":"post-65615","1":"post","2":"type-post","3":"status-publish","4":"format-standard","5":"has-post-thumbnail","7":"category-ab","8":"category-biciklizam","9":"tag-biciklisticki-klub-metkovic","10":"tag-drzavno-prvenstvo","11":"tag-xco-mtb-utrke"},"yoast_head":"<!-- This site is optimized with the Yoast SEO plugin v25.2 - https:\/\/yoast.com\/wordpress\/plugins\/seo\/ -->\n<title>Lara Bok\u0161i\u0107 i Iva Dominikovi\u0107 dr\u017eavne su prvakinje u XCO utrkama - likemetkovic.hr<\/title>\n<meta name=\"robots\" content=\"index, follow, max-snippet:-1, max-image-preview:large, max-video-preview:-1\" \/>\n<link rel=\"canonical\" href=\"https:\/\/likemetkovic.hr\/lara-boksic-i-iva-dominikovic-drzavne-su-prvakinje-u-xco-utrkama\/\" \/>\n<meta property=\"og:locale\" content=\"hr_HR\" \/>\n<meta property=\"og:type\" content=\"article\" \/>\n<meta property=\"og:title\" content=\"Lara Bok\u0161i\u0107 i Iva Dominikovi\u0107 dr\u017eavne su prvakinje u XCO utrkama - likemetkovic.hr\" \/>\n<meta property=\"og:description\" content=\"U nedjelju, 22 srpnja je u Otoku Dalmatinskom odr\u017eana utrka dr\u017eavnogog XCO (Cross-County Olimpic) prvenstva u kojoj su zavidne uspjehe ostavili najmla\u0111i \u010dlanovi Biciklisti\u010dkog kluba Metkovi\u0107. Metkovci, kojima je ovo\u00a0prvi put sudjeluju na dr\u017eavnom natjecanju, ku\u0107i su se vratili s \u010detiri medalje od kojih dvije zlatne, te po jedna srebrena i bron\u010dana. U kategoriji U11 [&hellip;]\" \/>\n<meta property=\"og:url\" content=\"https:\/\/likemetkovic.hr\/lara-boksic-i-iva-dominikovic-drzavne-su-prvakinje-u-xco-utrkama\/\" \/>\n<meta property=\"og:site_name\" content=\"likemetkovic.hr\" \/>\n<meta property=\"article:publisher\" content=\"https:\/\/www.facebook.com\/likemetkovic.hr\/\" \/>\n<meta property=\"article:published_time\" content=\"2018-07-25T08:27:29+00:00\" \/>\n<meta property=\"og:image\" content=\"https:\/\/likemetkovic.hr\/wp-content\/uploads\/2018\/07\/biciklisti\u010dki-klub-metkovi\u0107.jpg\" \/>\n\t<meta property=\"og:image:width\" content=\"800\" \/>\n\t<meta property=\"og:image:height\" content=\"450\" \/>\n\t<meta property=\"og:image:type\" content=\"image\/jpeg\" \/>\n<meta name=\"author\" content=\"LIKEmetkovic.hr\" \/>\n<meta name=\"twitter:card\" content=\"summary_large_image\" \/>\n<meta name=\"twitter:label1\" content=\"Napisao\/la\" \/>\n\t<meta name=\"twitter:data1\" content=\"LIKEmetkovic.hr\" \/>\n\t<meta name=\"twitter:label2\" content=\"Procijenjeno vrijeme \u010ditanja\" \/>\n\t<meta name=\"twitter:data2\" content=\"1 minuta\" \/>\n<script type=\"application\/ld+json\" class=\"yoast-schema-graph\">{\"@context\":\"https:\/\/schema.org\",\"@graph\":[{\"@type\":\"WebPage\",\"@id\":\"https:\/\/likemetkovic.hr\/lara-boksic-i-iva-dominikovic-drzavne-su-prvakinje-u-xco-utrkama\/\",\"url\":\"https:\/\/likemetkovic.hr\/lara-boksic-i-iva-dominikovic-drzavne-su-prvakinje-u-xco-utrkama\/\",\"name\":\"Lara Bok\u0161i\u0107 i Iva Dominikovi\u0107 dr\u017eavne su prvakinje u XCO utrkama - likemetkovic.hr\",\"isPartOf\":{\"@id\":\"https:\/\/likemetkovic.hr\/#website\"},\"primaryImageOfPage\":{\"@id\":\"https:\/\/likemetkovic.hr\/lara-boksic-i-iva-dominikovic-drzavne-su-prvakinje-u-xco-utrkama\/#primaryimage\"},\"image\":{\"@id\":\"https:\/\/likemetkovic.hr\/lara-boksic-i-iva-dominikovic-drzavne-su-prvakinje-u-xco-utrkama\/#primaryimage\"},\"thumbnailUrl\":\"https:\/\/likemetkovic.hr\/portal\/wp-content\/uploads\/2018\/07\/biciklisti\u010dki-klub-metkovi\u0107.jpg\",\"datePublished\":\"2018-07-25T08:27:29+00:00\",\"author\":{\"@id\":\"https:\/\/likemetkovic.hr\/#\/schema\/person\/a42711f3385a0e2be6f7e0443bfb28f0\"},\"breadcrumb\":{\"@id\":\"https:\/\/likemetkovic.hr\/lara-boksic-i-iva-dominikovic-drzavne-su-prvakinje-u-xco-utrkama\/#breadcrumb\"},\"inLanguage\":\"hr\",\"potentialAction\":[{\"@type\":\"ReadAction\",\"target\":[\"https:\/\/likemetkovic.hr\/lara-boksic-i-iva-dominikovic-drzavne-su-prvakinje-u-xco-utrkama\/\"]}]},{\"@type\":\"ImageObject\",\"inLanguage\":\"hr\",\"@id\":\"https:\/\/likemetkovic.hr\/lara-boksic-i-iva-dominikovic-drzavne-su-prvakinje-u-xco-utrkama\/#primaryimage\",\"url\":\"https:\/\/likemetkovic.hr\/portal\/wp-content\/uploads\/2018\/07\/biciklisti\u010dki-klub-metkovi\u0107.jpg\",\"contentUrl\":\"https:\/\/likemetkovic.hr\/portal\/wp-content\/uploads\/2018\/07\/biciklisti\u010dki-klub-metkovi\u0107.jpg\",\"width\":800,\"height\":450},{\"@type\":\"BreadcrumbList\",\"@id\":\"https:\/\/likemetkovic.hr\/lara-boksic-i-iva-dominikovic-drzavne-su-prvakinje-u-xco-utrkama\/#breadcrumb\",\"itemListElement\":[{\"@type\":\"ListItem\",\"position\":1,\"name\":\"Po\u010detna stranica\",\"item\":\"https:\/\/likemetkovic.hr\/portal\/\"},{\"@type\":\"ListItem\",\"position\":2,\"name\":\"Lara Bok\u0161i\u0107 i Iva Dominikovi\u0107 dr\u017eavne su prvakinje u XCO utrkama\"}]},{\"@type\":\"WebSite\",\"@id\":\"https:\/\/likemetkovic.hr\/#website\",\"url\":\"https:\/\/likemetkovic.hr\/\",\"name\":\"likemetkovic.hr\",\"description\":\"Misli pozitivno... \u010ditaj LIKE\",\"potentialAction\":[{\"@type\":\"SearchAction\",\"target\":{\"@type\":\"EntryPoint\",\"urlTemplate\":\"https:\/\/likemetkovic.hr\/?s={search_term_string}\"},\"query-input\":{\"@type\":\"PropertyValueSpecification\",\"valueRequired\":true,\"valueName\":\"search_term_string\"}}],\"inLanguage\":\"hr\"},{\"@type\":\"Person\",\"@id\":\"https:\/\/likemetkovic.hr\/#\/schema\/person\/a42711f3385a0e2be6f7e0443bfb28f0\",\"name\":\"LIKEmetkovic.hr\",\"sameAs\":[\"http:\/\/likemetkovic.hr\"],\"url\":\"https:\/\/likemetkovic.hr\/portal\/author\/likemetkovic-hr\/\"}]}<\/script>\n<!-- \/ Yoast SEO plugin. -->","yoast_head_json":{"title":"Lara Bok\u0161i\u0107 i Iva Dominikovi\u0107 dr\u017eavne su prvakinje u XCO utrkama - likemetkovic.hr","robots":{"index":"index","follow":"follow","max-snippet":"max-snippet:-1","max-image-preview":"max-image-preview:large","max-video-preview":"max-video-preview:-1"},"canonical":"https:\/\/likemetkovic.hr\/lara-boksic-i-iva-dominikovic-drzavne-su-prvakinje-u-xco-utrkama\/","og_locale":"hr_HR","og_type":"article","og_title":"Lara Bok\u0161i\u0107 i Iva Dominikovi\u0107 dr\u017eavne su prvakinje u XCO utrkama - likemetkovic.hr","og_description":"U nedjelju, 22 srpnja je u Otoku Dalmatinskom odr\u017eana utrka dr\u017eavnogog XCO (Cross-County Olimpic) prvenstva u kojoj su zavidne uspjehe ostavili najmla\u0111i \u010dlanovi Biciklisti\u010dkog kluba Metkovi\u0107. Metkovci, kojima je ovo\u00a0prvi put sudjeluju na dr\u017eavnom natjecanju, ku\u0107i su se vratili s \u010detiri medalje od kojih dvije zlatne, te po jedna srebrena i bron\u010dana. U kategoriji U11 [&hellip;]","og_url":"https:\/\/likemetkovic.hr\/lara-boksic-i-iva-dominikovic-drzavne-su-prvakinje-u-xco-utrkama\/","og_site_name":"likemetkovic.hr","article_publisher":"https:\/\/www.facebook.com\/likemetkovic.hr\/","article_published_time":"2018-07-25T08:27:29+00:00","og_image":[{"width":800,"height":450,"url":"https:\/\/likemetkovic.hr\/wp-content\/uploads\/2018\/07\/biciklisti\u010dki-klub-metkovi\u0107.jpg","type":"image\/jpeg"}],"author":"LIKEmetkovic.hr","twitter_card":"summary_large_image","twitter_misc":{"Napisao\/la":"LIKEmetkovic.hr","Procijenjeno vrijeme \u010ditanja":"1 minuta"},"schema":{"@context":"https:\/\/schema.org","@graph":[{"@type":"WebPage","@id":"https:\/\/likemetkovic.hr\/lara-boksic-i-iva-dominikovic-drzavne-su-prvakinje-u-xco-utrkama\/","url":"https:\/\/likemetkovic.hr\/lara-boksic-i-iva-dominikovic-drzavne-su-prvakinje-u-xco-utrkama\/","name":"Lara Bok\u0161i\u0107 i Iva Dominikovi\u0107 dr\u017eavne su prvakinje u XCO utrkama - likemetkovic.hr","isPartOf":{"@id":"https:\/\/likemetkovic.hr\/#website"},"primaryImageOfPage":{"@id":"https:\/\/likemetkovic.hr\/lara-boksic-i-iva-dominikovic-drzavne-su-prvakinje-u-xco-utrkama\/#primaryimage"},"image":{"@id":"https:\/\/likemetkovic.hr\/lara-boksic-i-iva-dominikovic-drzavne-su-prvakinje-u-xco-utrkama\/#primaryimage"},"thumbnailUrl":"https:\/\/likemetkovic.hr\/portal\/wp-content\/uploads\/2018\/07\/biciklisti\u010dki-klub-metkovi\u0107.jpg","datePublished":"2018-07-25T08:27:29+00:00","author":{"@id":"https:\/\/likemetkovic.hr\/#\/schema\/person\/a42711f3385a0e2be6f7e0443bfb28f0"},"breadcrumb":{"@id":"https:\/\/likemetkovic.hr\/lara-boksic-i-iva-dominikovic-drzavne-su-prvakinje-u-xco-utrkama\/#breadcrumb"},"inLanguage":"hr","potentialAction":[{"@type":"ReadAction","target":["https:\/\/likemetkovic.hr\/lara-boksic-i-iva-dominikovic-drzavne-su-prvakinje-u-xco-utrkama\/"]}]},{"@type":"ImageObject","inLanguage":"hr","@id":"https:\/\/likemetkovic.hr\/lara-boksic-i-iva-dominikovic-drzavne-su-prvakinje-u-xco-utrkama\/#primaryimage","url":"https:\/\/likemetkovic.hr\/portal\/wp-content\/uploads\/2018\/07\/biciklisti\u010dki-klub-metkovi\u0107.jpg","contentUrl":"https:\/\/likemetkovic.hr\/portal\/wp-content\/uploads\/2018\/07\/biciklisti\u010dki-klub-metkovi\u0107.jpg","width":800,"height":450},{"@type":"BreadcrumbList","@id":"https:\/\/likemetkovic.hr\/lara-boksic-i-iva-dominikovic-drzavne-su-prvakinje-u-xco-utrkama\/#breadcrumb","itemListElement":[{"@type":"ListItem","position":1,"name":"Po\u010detna stranica","item":"https:\/\/likemetkovic.hr\/portal\/"},{"@type":"ListItem","position":2,"name":"Lara Bok\u0161i\u0107 i Iva Dominikovi\u0107 dr\u017eavne su prvakinje u XCO utrkama"}]},{"@type":"WebSite","@id":"https:\/\/likemetkovic.hr\/#website","url":"https:\/\/likemetkovic.hr\/","name":"likemetkovic.hr","description":"Misli pozitivno... \u010ditaj LIKE","potentialAction":[{"@type":"SearchAction","target":{"@type":"EntryPoint","urlTemplate":"https:\/\/likemetkovic.hr\/?s={search_term_string}"},"query-input":{"@type":"PropertyValueSpecification","valueRequired":true,"valueName":"search_term_string"}}],"inLanguage":"hr"},{"@type":"Person","@id":"https:\/\/likemetkovic.hr\/#\/schema\/person\/a42711f3385a0e2be6f7e0443bfb28f0","name":"LIKEmetkovic.hr","sameAs":["http:\/\/likemetkovic.hr"],"url":"https:\/\/likemetkovic.hr\/portal\/author\/likemetkovic-hr\/"}]}},"_links":{"self":[{"href":"https:\/\/likemetkovic.hr\/portal\/wp-json\/wp\/v2\/posts\/65615","targetHints":{"allow":["GET"]}}],"collection":[{"href":"https:\/\/likemetkovic.hr\/portal\/wp-json\/wp\/v2\/posts"}],"about":[{"href":"https:\/\/likemetkovic.hr\/portal\/wp-json\/wp\/v2\/types\/post"}],"author":[{"embeddable":true,"href":"https:\/\/likemetkovic.hr\/portal\/wp-json\/wp\/v2\/users\/7"}],"replies":[{"embeddable":true,"href":"https:\/\/likemetkovic.hr\/portal\/wp-json\/wp\/v2\/comments?post=65615"}],"version-history":[{"count":0,"href":"https:\/\/likemetkovic.hr\/portal\/wp-json\/wp\/v2\/posts\/65615\/revisions"}],"wp:featuredmedia":[{"embeddable":true,"href":"https:\/\/likemetkovic.hr\/portal\/wp-json\/wp\/v2\/media\/65616"}],"wp:attachment":[{"href":"https:\/\/likemetkovic.hr\/portal\/wp-json\/wp\/v2\/media?parent=65615"}],"wp:term":[{"taxonomy":"category","embeddable":true,"href":"https:\/\/likemetkovic.hr\/portal\/wp-json\/wp\/v2\/categories?post=65615"},{"taxonomy":"post_tag","embeddable":true,"href":"https:\/\/likemetkovic.hr\/portal\/wp-json\/wp\/v2\/tags?post=65615"}],"curies":[{"name":"wp","href":"https:\/\/api.w.org\/{rel}","templated":true}]}}