{"id":65625,"date":"2018-07-25T16:25:30","date_gmt":"2018-07-25T14:25:30","guid":{"rendered":"http:\/\/likemetkovic.hr\/?p=65625"},"modified":"2018-07-25T16:45:06","modified_gmt":"2018-07-25T14:45:06","slug":"podrzimo-zlatka-dalica-i-luku-modrica-u-fifa-izboru-najboljih","status":"publish","type":"post","link":"https:\/\/likemetkovic.hr\/portal\/podrzimo-zlatka-dalica-i-luku-modrica-u-fifa-izboru-najboljih\/","title":{"rendered":"GLASUJMO ZA NAJBOLJE! Podr\u017eimo Zlatka Dali\u0107a i Luku Modri\u0107a u FIFA-izboru najboljih!"},"content":{"rendered":"<p>Hrvatski izbornik<strong>\u00a0Zlatko Dali\u0107<\/strong>\u00a0slu\u017ebeno je nominiran za najboljeg trenera svijeta, to\u010dnije nagradu <em><strong>The Best<\/strong><\/em>, objavila je FIFA, a prenosi portal <a href=\"https:\/\/gol.dnevnik.hr\/clanak\/rubrika\/nogomet\/hrvatski-izbornik-zlatko-dalic-sluzbeno-nominiran-za-najboljeg-trenera-svijeta---524877.html\">gol.hr<\/a>.<\/p>\n<p>U konkurenciji je ukupno 11 stru\u010dnjaka koji su u\u0161li u u\u017ei izbor\u00a0za najboljeg trenera u protekloj sezoni. Najbolje na svijetu izabrat \u0107e odabrani predstavnici medija, izbornici, kapetani reprezentacija te navija\u010di.<\/p>\n<p>Zato vas pozivamo da pomognete va\u0161im glasom hrvatskom izborniku. <strong>Za hrvatskog izbornika Zlatka Dali\u0107a<\/strong>\u00a0<a href=\"https:\/\/www.fifa.com\/the-best-fifa-football-awards\/best-fifa-mens-coach\/\" target=\"_blank\" rel=\"noopener\"><u><strong>glasujte ovdje!<\/strong><\/u><\/a><\/p>\n<p>Ostali su kandidati za trenera godine\u00a0<strong>Massimiliano Allegri\u00a0<\/strong>(prvenstvo i kup u Italiji),<strong>\u00a0Stanislav \u010cer\u010desov<\/strong>\u00a0(\u010detvrtfinale SP-a),\u00a0<strong>Didier Deschamps<\/strong>\u00a0(svjetski prvak),\u00a0<strong>Pep Guardiola<\/strong>\u00a0(prvenstvo u Engleskoj),\u00a0<strong>Jurgen Klopp<\/strong>\u00a0(finale Lige prvaka),\u00a0<strong>Roberto Martinez<\/strong>\u00a0(\u010detvrtfinale na SP-u),\u00a0<strong>Diego Simeone\u00a0<\/strong>(Europska liga),\u00a0<strong>Gareth Southgate<\/strong>\u00a0(polufinale SP-a),\u00a0<strong>Ernesto Valverde<\/strong>\u00a0(prvenstvo i kup u \u0160panjolskoj),\u00a0<strong>Zinedine Zidane<\/strong>\u00a0(Liga prvaka).<\/p>\n<h4>I Luka Modri\u0107 je nomiran za <em>The Best<\/em><\/h4>\n<p>Jo\u0161 jedan Hrvat se nalazi u konkurenciji za najboljeg u ovoj godini, to je\u00a0<strong>Luka Modri\u0107,\u00a0<\/strong>koji je jedan od 10 kandidata za FIFA-inu nagradu <em>The Best<\/em> u konkurenciji nogometa\u0161a.<\/p>\n<p>Modri\u0107 je osvaja\u010d Lige prvaka, vo\u0111a svjetskih viceprvaka s netom zavr\u0161enog Mundijala u Rusiji, na kojem je progla\u0161en najboljim igra\u010dem dobiv\u0161i Zlatnu loptu.<\/p>\n<p>Najbolje na svijetu izabrat \u0107e odabrani predstavnici medija, kao i izbornici i kapetani reprezentacija te navija\u010di, a objava pobjednika bit \u0107e 24. rujna u Londonu.<\/p>\n<p>Zato vas pozivamo da pomognete va\u0161im glasom hrvatskom kapetanu. <strong>Za Luku Modri\u0107a<\/strong>\u00a0<a href=\"https:\/\/www.fifa.com\/the-best-fifa-football-awards\/best-fifa-mens-player\/\" target=\"_blank\" rel=\"noopener\"><strong>glasujte ovdje!<\/strong><\/a><\/p>\n<p><strong>10 kandidata za nagradu <em>The Best<\/em> su:<\/strong>\u00a0Cristiano Ronaldo, Kevin De Bruyne, Antoine Griezmann, Eden Hazard, Harry Kane, Kylian Mbappe, Lionel Messi, Luka Modri\u0107, Mohamed Salah, Raphael Varane<\/p>\n","protected":false},"excerpt":{"rendered":"<p>Hrvatski izbornik\u00a0Zlatko Dali\u0107\u00a0slu\u017ebeno je nominiran za najboljeg trenera svijeta, to\u010dnije nagradu The Best, objavila je FIFA, a prenosi portal gol.hr. U konkurenciji je ukupno 11 stru\u010dnjaka koji su u\u0161li u u\u017ei izbor\u00a0za najboljeg trenera u protekloj sezoni. Najbolje na svijetu izabrat \u0107e odabrani predstavnici medija, izbornici, kapetani reprezentacija te navija\u010di. Zato vas pozivamo da pomognete [&hellip;]<\/p>\n","protected":false},"author":7,"featured_media":65630,"comment_status":"open","ping_status":"open","sticky":false,"template":"","format":"standard","meta":{"footnotes":""},"categories":[283,10],"tags":[3549,3551,3550,3548],"class_list":{"0":"post-65625","1":"post","2":"type-post","3":"status-publish","4":"format-standard","5":"has-post-thumbnail","7":"category-a","8":"category-sport","9":"tag-fifa","10":"tag-luka-modric","11":"tag-nominacija","12":"tag-zlatko-dalic"},"yoast_head":"<!-- This site is optimized with the Yoast SEO plugin v25.2 - https:\/\/yoast.com\/wordpress\/plugins\/seo\/ -->\n<title>GLASUJMO ZA NAJBOLJE! Podr\u017eimo Zlatka Dali\u0107a i Luku Modri\u0107a u FIFA-izboru najboljih! - likemetkovic.hr<\/title>\n<meta name=\"robots\" content=\"index, follow, max-snippet:-1, max-image-preview:large, max-video-preview:-1\" \/>\n<link rel=\"canonical\" href=\"https:\/\/likemetkovic.hr\/podrzimo-zlatka-dalica-i-luku-modrica-u-fifa-izboru-najboljih\/\" \/>\n<meta property=\"og:locale\" content=\"hr_HR\" \/>\n<meta property=\"og:type\" content=\"article\" \/>\n<meta property=\"og:title\" content=\"GLASUJMO ZA NAJBOLJE! Podr\u017eimo Zlatka Dali\u0107a i Luku Modri\u0107a u FIFA-izboru najboljih! - likemetkovic.hr\" \/>\n<meta property=\"og:description\" content=\"Hrvatski izbornik\u00a0Zlatko Dali\u0107\u00a0slu\u017ebeno je nominiran za najboljeg trenera svijeta, to\u010dnije nagradu The Best, objavila je FIFA, a prenosi portal gol.hr. U konkurenciji je ukupno 11 stru\u010dnjaka koji su u\u0161li u u\u017ei izbor\u00a0za najboljeg trenera u protekloj sezoni. Najbolje na svijetu izabrat \u0107e odabrani predstavnici medija, izbornici, kapetani reprezentacija te navija\u010di. Zato vas pozivamo da pomognete [&hellip;]\" \/>\n<meta property=\"og:url\" content=\"https:\/\/likemetkovic.hr\/podrzimo-zlatka-dalica-i-luku-modrica-u-fifa-izboru-najboljih\/\" \/>\n<meta property=\"og:site_name\" content=\"likemetkovic.hr\" \/>\n<meta property=\"article:publisher\" content=\"https:\/\/www.facebook.com\/likemetkovic.hr\/\" \/>\n<meta property=\"article:published_time\" content=\"2018-07-25T14:25:30+00:00\" \/>\n<meta property=\"article:modified_time\" content=\"2018-07-25T14:45:06+00:00\" \/>\n<meta property=\"og:image\" content=\"https:\/\/likemetkovic.hr\/wp-content\/uploads\/2018\/07\/dali\u0107-modri\u0107.jpg\" \/>\n\t<meta property=\"og:image:width\" content=\"685\" \/>\n\t<meta property=\"og:image:height\" content=\"385\" \/>\n\t<meta property=\"og:image:type\" content=\"image\/jpeg\" \/>\n<meta name=\"author\" content=\"LIKEmetkovic.hr\" \/>\n<meta name=\"twitter:card\" content=\"summary_large_image\" \/>\n<meta name=\"twitter:label1\" content=\"Napisao\/la\" \/>\n\t<meta name=\"twitter:data1\" content=\"LIKEmetkovic.hr\" \/>\n\t<meta name=\"twitter:label2\" content=\"Procijenjeno vrijeme \u010ditanja\" \/>\n\t<meta name=\"twitter:data2\" content=\"1 minuta\" \/>\n<script type=\"application\/ld+json\" class=\"yoast-schema-graph\">{\"@context\":\"https:\/\/schema.org\",\"@graph\":[{\"@type\":\"WebPage\",\"@id\":\"https:\/\/likemetkovic.hr\/podrzimo-zlatka-dalica-i-luku-modrica-u-fifa-izboru-najboljih\/\",\"url\":\"https:\/\/likemetkovic.hr\/podrzimo-zlatka-dalica-i-luku-modrica-u-fifa-izboru-najboljih\/\",\"name\":\"GLASUJMO ZA NAJBOLJE! Podr\u017eimo Zlatka Dali\u0107a i Luku Modri\u0107a u FIFA-izboru najboljih! - likemetkovic.hr\",\"isPartOf\":{\"@id\":\"https:\/\/likemetkovic.hr\/#website\"},\"primaryImageOfPage\":{\"@id\":\"https:\/\/likemetkovic.hr\/podrzimo-zlatka-dalica-i-luku-modrica-u-fifa-izboru-najboljih\/#primaryimage\"},\"image\":{\"@id\":\"https:\/\/likemetkovic.hr\/podrzimo-zlatka-dalica-i-luku-modrica-u-fifa-izboru-najboljih\/#primaryimage\"},\"thumbnailUrl\":\"https:\/\/likemetkovic.hr\/portal\/wp-content\/uploads\/2018\/07\/dali\u0107-modri\u0107.jpg\",\"datePublished\":\"2018-07-25T14:25:30+00:00\",\"dateModified\":\"2018-07-25T14:45:06+00:00\",\"author\":{\"@id\":\"https:\/\/likemetkovic.hr\/#\/schema\/person\/a42711f3385a0e2be6f7e0443bfb28f0\"},\"breadcrumb\":{\"@id\":\"https:\/\/likemetkovic.hr\/podrzimo-zlatka-dalica-i-luku-modrica-u-fifa-izboru-najboljih\/#breadcrumb\"},\"inLanguage\":\"hr\",\"potentialAction\":[{\"@type\":\"ReadAction\",\"target\":[\"https:\/\/likemetkovic.hr\/podrzimo-zlatka-dalica-i-luku-modrica-u-fifa-izboru-najboljih\/\"]}]},{\"@type\":\"ImageObject\",\"inLanguage\":\"hr\",\"@id\":\"https:\/\/likemetkovic.hr\/podrzimo-zlatka-dalica-i-luku-modrica-u-fifa-izboru-najboljih\/#primaryimage\",\"url\":\"https:\/\/likemetkovic.hr\/portal\/wp-content\/uploads\/2018\/07\/dali\u0107-modri\u0107.jpg\",\"contentUrl\":\"https:\/\/likemetkovic.hr\/portal\/wp-content\/uploads\/2018\/07\/dali\u0107-modri\u0107.jpg\",\"width\":685,\"height\":385},{\"@type\":\"BreadcrumbList\",\"@id\":\"https:\/\/likemetkovic.hr\/podrzimo-zlatka-dalica-i-luku-modrica-u-fifa-izboru-najboljih\/#breadcrumb\",\"itemListElement\":[{\"@type\":\"ListItem\",\"position\":1,\"name\":\"Po\u010detna stranica\",\"item\":\"https:\/\/likemetkovic.hr\/portal\/\"},{\"@type\":\"ListItem\",\"position\":2,\"name\":\"GLASUJMO ZA NAJBOLJE! Podr\u017eimo Zlatka Dali\u0107a i Luku Modri\u0107a u FIFA-izboru najboljih!\"}]},{\"@type\":\"WebSite\",\"@id\":\"https:\/\/likemetkovic.hr\/#website\",\"url\":\"https:\/\/likemetkovic.hr\/\",\"name\":\"likemetkovic.hr\",\"description\":\"Misli pozitivno... \u010ditaj LIKE\",\"potentialAction\":[{\"@type\":\"SearchAction\",\"target\":{\"@type\":\"EntryPoint\",\"urlTemplate\":\"https:\/\/likemetkovic.hr\/?s={search_term_string}\"},\"query-input\":{\"@type\":\"PropertyValueSpecification\",\"valueRequired\":true,\"valueName\":\"search_term_string\"}}],\"inLanguage\":\"hr\"},{\"@type\":\"Person\",\"@id\":\"https:\/\/likemetkovic.hr\/#\/schema\/person\/a42711f3385a0e2be6f7e0443bfb28f0\",\"name\":\"LIKEmetkovic.hr\",\"sameAs\":[\"http:\/\/likemetkovic.hr\"],\"url\":\"https:\/\/likemetkovic.hr\/portal\/author\/likemetkovic-hr\/\"}]}<\/script>\n<!-- \/ Yoast SEO plugin. -->","yoast_head_json":{"title":"GLASUJMO ZA NAJBOLJE! Podr\u017eimo Zlatka Dali\u0107a i Luku Modri\u0107a u FIFA-izboru najboljih! - likemetkovic.hr","robots":{"index":"index","follow":"follow","max-snippet":"max-snippet:-1","max-image-preview":"max-image-preview:large","max-video-preview":"max-video-preview:-1"},"canonical":"https:\/\/likemetkovic.hr\/podrzimo-zlatka-dalica-i-luku-modrica-u-fifa-izboru-najboljih\/","og_locale":"hr_HR","og_type":"article","og_title":"GLASUJMO ZA NAJBOLJE! Podr\u017eimo Zlatka Dali\u0107a i Luku Modri\u0107a u FIFA-izboru najboljih! - likemetkovic.hr","og_description":"Hrvatski izbornik\u00a0Zlatko Dali\u0107\u00a0slu\u017ebeno je nominiran za najboljeg trenera svijeta, to\u010dnije nagradu The Best, objavila je FIFA, a prenosi portal gol.hr. U konkurenciji je ukupno 11 stru\u010dnjaka koji su u\u0161li u u\u017ei izbor\u00a0za najboljeg trenera u protekloj sezoni. Najbolje na svijetu izabrat \u0107e odabrani predstavnici medija, izbornici, kapetani reprezentacija te navija\u010di. Zato vas pozivamo da pomognete [&hellip;]","og_url":"https:\/\/likemetkovic.hr\/podrzimo-zlatka-dalica-i-luku-modrica-u-fifa-izboru-najboljih\/","og_site_name":"likemetkovic.hr","article_publisher":"https:\/\/www.facebook.com\/likemetkovic.hr\/","article_published_time":"2018-07-25T14:25:30+00:00","article_modified_time":"2018-07-25T14:45:06+00:00","og_image":[{"width":685,"height":385,"url":"https:\/\/likemetkovic.hr\/wp-content\/uploads\/2018\/07\/dali\u0107-modri\u0107.jpg","type":"image\/jpeg"}],"author":"LIKEmetkovic.hr","twitter_card":"summary_large_image","twitter_misc":{"Napisao\/la":"LIKEmetkovic.hr","Procijenjeno vrijeme \u010ditanja":"1 minuta"},"schema":{"@context":"https:\/\/schema.org","@graph":[{"@type":"WebPage","@id":"https:\/\/likemetkovic.hr\/podrzimo-zlatka-dalica-i-luku-modrica-u-fifa-izboru-najboljih\/","url":"https:\/\/likemetkovic.hr\/podrzimo-zlatka-dalica-i-luku-modrica-u-fifa-izboru-najboljih\/","name":"GLASUJMO ZA NAJBOLJE! Podr\u017eimo Zlatka Dali\u0107a i Luku Modri\u0107a u FIFA-izboru najboljih! - likemetkovic.hr","isPartOf":{"@id":"https:\/\/likemetkovic.hr\/#website"},"primaryImageOfPage":{"@id":"https:\/\/likemetkovic.hr\/podrzimo-zlatka-dalica-i-luku-modrica-u-fifa-izboru-najboljih\/#primaryimage"},"image":{"@id":"https:\/\/likemetkovic.hr\/podrzimo-zlatka-dalica-i-luku-modrica-u-fifa-izboru-najboljih\/#primaryimage"},"thumbnailUrl":"https:\/\/likemetkovic.hr\/portal\/wp-content\/uploads\/2018\/07\/dali\u0107-modri\u0107.jpg","datePublished":"2018-07-25T14:25:30+00:00","dateModified":"2018-07-25T14:45:06+00:00","author":{"@id":"https:\/\/likemetkovic.hr\/#\/schema\/person\/a42711f3385a0e2be6f7e0443bfb28f0"},"breadcrumb":{"@id":"https:\/\/likemetkovic.hr\/podrzimo-zlatka-dalica-i-luku-modrica-u-fifa-izboru-najboljih\/#breadcrumb"},"inLanguage":"hr","potentialAction":[{"@type":"ReadAction","target":["https:\/\/likemetkovic.hr\/podrzimo-zlatka-dalica-i-luku-modrica-u-fifa-izboru-najboljih\/"]}]},{"@type":"ImageObject","inLanguage":"hr","@id":"https:\/\/likemetkovic.hr\/podrzimo-zlatka-dalica-i-luku-modrica-u-fifa-izboru-najboljih\/#primaryimage","url":"https:\/\/likemetkovic.hr\/portal\/wp-content\/uploads\/2018\/07\/dali\u0107-modri\u0107.jpg","contentUrl":"https:\/\/likemetkovic.hr\/portal\/wp-content\/uploads\/2018\/07\/dali\u0107-modri\u0107.jpg","width":685,"height":385},{"@type":"BreadcrumbList","@id":"https:\/\/likemetkovic.hr\/podrzimo-zlatka-dalica-i-luku-modrica-u-fifa-izboru-najboljih\/#breadcrumb","itemListElement":[{"@type":"ListItem","position":1,"name":"Po\u010detna stranica","item":"https:\/\/likemetkovic.hr\/portal\/"},{"@type":"ListItem","position":2,"name":"GLASUJMO ZA NAJBOLJE! Podr\u017eimo Zlatka Dali\u0107a i Luku Modri\u0107a u FIFA-izboru najboljih!"}]},{"@type":"WebSite","@id":"https:\/\/likemetkovic.hr\/#website","url":"https:\/\/likemetkovic.hr\/","name":"likemetkovic.hr","description":"Misli pozitivno... \u010ditaj LIKE","potentialAction":[{"@type":"SearchAction","target":{"@type":"EntryPoint","urlTemplate":"https:\/\/likemetkovic.hr\/?s={search_term_string}"},"query-input":{"@type":"PropertyValueSpecification","valueRequired":true,"valueName":"search_term_string"}}],"inLanguage":"hr"},{"@type":"Person","@id":"https:\/\/likemetkovic.hr\/#\/schema\/person\/a42711f3385a0e2be6f7e0443bfb28f0","name":"LIKEmetkovic.hr","sameAs":["http:\/\/likemetkovic.hr"],"url":"https:\/\/likemetkovic.hr\/portal\/author\/likemetkovic-hr\/"}]}},"_links":{"self":[{"href":"https:\/\/likemetkovic.hr\/portal\/wp-json\/wp\/v2\/posts\/65625","targetHints":{"allow":["GET"]}}],"collection":[{"href":"https:\/\/likemetkovic.hr\/portal\/wp-json\/wp\/v2\/posts"}],"about":[{"href":"https:\/\/likemetkovic.hr\/portal\/wp-json\/wp\/v2\/types\/post"}],"author":[{"embeddable":true,"href":"https:\/\/likemetkovic.hr\/portal\/wp-json\/wp\/v2\/users\/7"}],"replies":[{"embeddable":true,"href":"https:\/\/likemetkovic.hr\/portal\/wp-json\/wp\/v2\/comments?post=65625"}],"version-history":[{"count":0,"href":"https:\/\/likemetkovic.hr\/portal\/wp-json\/wp\/v2\/posts\/65625\/revisions"}],"wp:featuredmedia":[{"embeddable":true,"href":"https:\/\/likemetkovic.hr\/portal\/wp-json\/wp\/v2\/media\/65630"}],"wp:attachment":[{"href":"https:\/\/likemetkovic.hr\/portal\/wp-json\/wp\/v2\/media?parent=65625"}],"wp:term":[{"taxonomy":"category","embeddable":true,"href":"https:\/\/likemetkovic.hr\/portal\/wp-json\/wp\/v2\/categories?post=65625"},{"taxonomy":"post_tag","embeddable":true,"href":"https:\/\/likemetkovic.hr\/portal\/wp-json\/wp\/v2\/tags?post=65625"}],"curies":[{"name":"wp","href":"https:\/\/api.w.org\/{rel}","templated":true}]}}