{"id":65842,"date":"2018-07-30T14:53:25","date_gmt":"2018-07-30T12:53:25","guid":{"rendered":"http:\/\/likemetkovic.hr\/?p=65842"},"modified":"2018-07-30T15:36:33","modified_gmt":"2018-07-30T13:36:33","slug":"maraton-lada-otvorena-prodaja-karata-za-brodove-jure-i-joskan-i-felun","status":"publish","type":"post","link":"https:\/\/likemetkovic.hr\/portal\/maraton-lada-otvorena-prodaja-karata-za-brodove-jure-i-joskan-i-felun\/","title":{"rendered":"MARATON LA\u0110A 2018. Otvorena prodaja karata za brodove &#8216;Jure i Joskan&#8217; i &#8216;Felun&#8217;"},"content":{"rendered":"<p>Udruga la\u0111ara Neretve, kao i do sada, organiziraju <a href=\"https:\/\/www.maraton-ladja.hr\/00b.htm\">pra\u0107enje Maratona la\u0111a s brodova<\/a>. Ove godine zapovjedni brod ne\u0107e biti <em>Sea Star,\u00a0<\/em>ve\u0107\u00a0<strong><em>Jure i Joskan <\/em><\/strong>koji u potpalublju ima klimatiziran prostor, ali mo\u017ee primiti ne\u0161to manje putnika. Drugi brod s kojega \u0107e se mo\u0107i pratiti Maraton je <strong><em>Felun<\/em><\/strong>.<\/p>\n<p style=\"font-weight: 400;\"><strong>Prodaja i preuzimanje karata <\/strong>za brodove je u prostoriji Udruge na adresi Ante Star\u010devi\u0107a 5 u Metkovi\u0107u (prostor stare knji\u017enice)\u00a0svakim danom<strong> od 8 do 14 sati.<br \/>\n<\/strong><br \/>\nSve informacije mo\u017eete dobiti pozivom na sljede\u0107e brojeve<strong> mobitela:\u00a0<\/strong>097\/647-3136, 098\/345-078,\u00a0091\/6969-700.<\/p>\n\r\n                <style type=\"text\/css\">\r\n                    \r\n                    #tdi_1  .td-doubleSlider-2 .td-item1 {\r\n                        background: url(https:\/\/likemetkovic.hr\/portal\/wp-content\/uploads\/2018\/07\/Felun-80x60.jpg) 0 0 no-repeat;\r\n                    }\r\n                    #tdi_1  .td-doubleSlider-2 .td-item2 {\r\n                        background: url(https:\/\/likemetkovic.hr\/portal\/wp-content\/uploads\/2018\/07\/brodjurejoskan-80x60.jpg) 0 0 no-repeat;\r\n                    }\r\n                <\/style>\r\n\r\n                <div id=\"tdi_1\" class=\"td-gallery td-slide-on-2-columns\">\r\n                    <div class=\"post_td_gallery\">\r\n                        <div class=\"td-gallery-slide-top\">\r\n                           <div class=\"td-gallery-title\"><\/div>\r\n\r\n                            <div class=\"td-gallery-controls-wrapper\">\r\n                                <div class=\"td-gallery-slide-count\"><span class=\"td-gallery-slide-item-focus\">1<\/span> of 2<\/div>\r\n                                <div class=\"td-gallery-slide-prev-next-but\">\r\n                                    <i class = \"td-icon-left doubleSliderPrevButton\"><\/i>\r\n                                    <i class = \"td-icon-right doubleSliderNextButton\"><\/i>\r\n                                <\/div>\r\n                            <\/div>\r\n                        <\/div>\r\n\r\n                        <div class = \"td-doubleSlider-1 \">\r\n                            <div class = \"td-slider\">\r\n                                \r\n                    <div class = \"td-slide-item td-item1\">\r\n                        <figure class=\"td-slide-galery-figure td-slide-popup-gallery\">\r\n                            <a class=\"slide-gallery-image-link\" href=\"https:\/\/likemetkovic.hr\/portal\/wp-content\/uploads\/2018\/07\/Felun.jpg\" title=\"Felun\"  data-caption=\"\"  data-description=\"\">\r\n                                <img decoding=\"async\" src=\"https:\/\/likemetkovic.hr\/portal\/wp-content\/uploads\/2018\/07\/Felun-743x420.jpg\" srcset=\"https:\/\/likemetkovic.hr\/portal\/wp-content\/uploads\/2018\/07\/Felun-743x420.jpg 743w, https:\/\/likemetkovic.hr\/portal\/wp-content\/uploads\/2018\/07\/Felun.jpg 800w, https:\/\/likemetkovic.hr\/portal\/wp-content\/uploads\/2018\/07\/Felun-768x434.jpg 768w, https:\/\/likemetkovic.hr\/portal\/wp-content\/uploads\/2018\/07\/Felun-696x393.jpg 696w\" sizes=\"(max-width: 743px) 100vw, 743px\" alt=\"\">\r\n                            <\/a>\r\n                            \r\n                        <\/figure>\r\n                    <\/div>\r\n                    <div class = \"td-slide-item td-item2\">\r\n                        <figure class=\"td-slide-galery-figure td-slide-popup-gallery\">\r\n                            <a class=\"slide-gallery-image-link\" href=\"https:\/\/likemetkovic.hr\/portal\/wp-content\/uploads\/2018\/07\/brodjurejoskan.jpg\" title=\"brodjurejoskan\"  data-caption=\"\"  data-description=\"\">\r\n                                <img decoding=\"async\" src=\"https:\/\/likemetkovic.hr\/portal\/wp-content\/uploads\/2018\/07\/brodjurejoskan-781x420.jpg\" srcset=\"https:\/\/likemetkovic.hr\/portal\/wp-content\/uploads\/2018\/07\/brodjurejoskan-781x420.jpg 781w, https:\/\/likemetkovic.hr\/portal\/wp-content\/uploads\/2018\/07\/brodjurejoskan.jpg 800w, https:\/\/likemetkovic.hr\/portal\/wp-content\/uploads\/2018\/07\/brodjurejoskan-768x413.jpg 768w, https:\/\/likemetkovic.hr\/portal\/wp-content\/uploads\/2018\/07\/brodjurejoskan-696x374.jpg 696w\" sizes=\"(max-width: 781px) 100vw, 781px\" alt=\"\">\r\n                            <\/a>\r\n                            \r\n                        <\/figure>\r\n                    <\/div>\r\n                            <\/div>\r\n                        <\/div>\r\n\r\n                        <div class = \"td-doubleSlider-2\">\r\n                            <div class = \"td-slider\">\r\n                                \r\n                    <div class = \"td-button td-item1\">\r\n                        <div class = \"td-border\"><\/div>\r\n                    <\/div>\r\n                    <div class = \"td-button td-item2\">\r\n                        <div class = \"td-border\"><\/div>\r\n                    <\/div>\r\n                            <\/div>\r\n                        <\/div>\r\n\r\n                    <\/div>\r\n\r\n                <\/div>\r\n                \n<p>&nbsp;<\/p>\n","protected":false},"excerpt":{"rendered":"<p>Udruga la\u0111ara Neretve, kao i do sada, organiziraju pra\u0107enje Maratona la\u0111a s brodova. Ove godine zapovjedni brod ne\u0107e biti Sea Star,\u00a0ve\u0107\u00a0Jure i Joskan koji u potpalublju ima klimatiziran prostor, ali mo\u017ee primiti ne\u0161to manje putnika. Drugi brod s kojega \u0107e se mo\u0107i pratiti Maraton je Felun. Prodaja i preuzimanje karata za brodove je u prostoriji [&hellip;]<\/p>\n","protected":false},"author":7,"featured_media":65843,"comment_status":"open","ping_status":"open","sticky":false,"template":"","format":"standard","meta":{"footnotes":""},"categories":[296,11],"tags":[3566,3565,3556],"class_list":{"0":"post-65842","1":"post","2":"type-post","3":"status-publish","4":"format-standard","5":"has-post-thumbnail","7":"category-ab","8":"category-metkovic-dolina","9":"tag-felun","10":"tag-jure-i-joskan","11":"tag-maraton-lada-2018"},"yoast_head":"<!-- This site is optimized with the Yoast SEO plugin v25.2 - https:\/\/yoast.com\/wordpress\/plugins\/seo\/ -->\n<title>MARATON LA\u0110A 2018. Otvorena prodaja karata za brodove &#039;Jure i Joskan&#039; i &#039;Felun&#039; - likemetkovic.hr<\/title>\n<meta name=\"robots\" content=\"index, follow, max-snippet:-1, max-image-preview:large, max-video-preview:-1\" \/>\n<link rel=\"canonical\" href=\"https:\/\/likemetkovic.hr\/maraton-lada-otvorena-prodaja-karata-za-brodove-jure-i-joskan-i-felun\/\" \/>\n<meta property=\"og:locale\" content=\"hr_HR\" \/>\n<meta property=\"og:type\" content=\"article\" \/>\n<meta property=\"og:title\" content=\"MARATON LA\u0110A 2018. Otvorena prodaja karata za brodove &#039;Jure i Joskan&#039; i &#039;Felun&#039; - likemetkovic.hr\" \/>\n<meta property=\"og:description\" content=\"Udruga la\u0111ara Neretve, kao i do sada, organiziraju pra\u0107enje Maratona la\u0111a s brodova. Ove godine zapovjedni brod ne\u0107e biti Sea Star,\u00a0ve\u0107\u00a0Jure i Joskan koji u potpalublju ima klimatiziran prostor, ali mo\u017ee primiti ne\u0161to manje putnika. Drugi brod s kojega \u0107e se mo\u0107i pratiti Maraton je Felun. Prodaja i preuzimanje karata za brodove je u prostoriji [&hellip;]\" \/>\n<meta property=\"og:url\" content=\"https:\/\/likemetkovic.hr\/maraton-lada-otvorena-prodaja-karata-za-brodove-jure-i-joskan-i-felun\/\" \/>\n<meta property=\"og:site_name\" content=\"likemetkovic.hr\" \/>\n<meta property=\"article:publisher\" content=\"https:\/\/www.facebook.com\/likemetkovic.hr\/\" \/>\n<meta property=\"article:published_time\" content=\"2018-07-30T12:53:25+00:00\" \/>\n<meta property=\"article:modified_time\" content=\"2018-07-30T13:36:33+00:00\" \/>\n<meta property=\"og:image\" content=\"https:\/\/likemetkovic.hr\/wp-content\/uploads\/2018\/07\/brodjurejoskan.jpg\" \/>\n\t<meta property=\"og:image:width\" content=\"800\" \/>\n\t<meta property=\"og:image:height\" content=\"430\" \/>\n\t<meta property=\"og:image:type\" content=\"image\/jpeg\" \/>\n<meta name=\"author\" content=\"LIKEmetkovic.hr\" \/>\n<meta name=\"twitter:card\" content=\"summary_large_image\" \/>\n<meta name=\"twitter:label1\" content=\"Napisao\/la\" \/>\n\t<meta name=\"twitter:data1\" content=\"LIKEmetkovic.hr\" \/>\n\t<meta name=\"twitter:label2\" content=\"Procijenjeno vrijeme \u010ditanja\" \/>\n\t<meta name=\"twitter:data2\" content=\"1 minuta\" \/>\n<script type=\"application\/ld+json\" class=\"yoast-schema-graph\">{\"@context\":\"https:\/\/schema.org\",\"@graph\":[{\"@type\":\"WebPage\",\"@id\":\"https:\/\/likemetkovic.hr\/maraton-lada-otvorena-prodaja-karata-za-brodove-jure-i-joskan-i-felun\/\",\"url\":\"https:\/\/likemetkovic.hr\/maraton-lada-otvorena-prodaja-karata-za-brodove-jure-i-joskan-i-felun\/\",\"name\":\"MARATON LA\u0110A 2018. Otvorena prodaja karata za brodove 'Jure i Joskan' i 'Felun' - likemetkovic.hr\",\"isPartOf\":{\"@id\":\"https:\/\/likemetkovic.hr\/#website\"},\"primaryImageOfPage\":{\"@id\":\"https:\/\/likemetkovic.hr\/maraton-lada-otvorena-prodaja-karata-za-brodove-jure-i-joskan-i-felun\/#primaryimage\"},\"image\":{\"@id\":\"https:\/\/likemetkovic.hr\/maraton-lada-otvorena-prodaja-karata-za-brodove-jure-i-joskan-i-felun\/#primaryimage\"},\"thumbnailUrl\":\"https:\/\/likemetkovic.hr\/portal\/wp-content\/uploads\/2018\/07\/brodjurejoskan.jpg\",\"datePublished\":\"2018-07-30T12:53:25+00:00\",\"dateModified\":\"2018-07-30T13:36:33+00:00\",\"author\":{\"@id\":\"https:\/\/likemetkovic.hr\/#\/schema\/person\/a42711f3385a0e2be6f7e0443bfb28f0\"},\"breadcrumb\":{\"@id\":\"https:\/\/likemetkovic.hr\/maraton-lada-otvorena-prodaja-karata-za-brodove-jure-i-joskan-i-felun\/#breadcrumb\"},\"inLanguage\":\"hr\",\"potentialAction\":[{\"@type\":\"ReadAction\",\"target\":[\"https:\/\/likemetkovic.hr\/maraton-lada-otvorena-prodaja-karata-za-brodove-jure-i-joskan-i-felun\/\"]}]},{\"@type\":\"ImageObject\",\"inLanguage\":\"hr\",\"@id\":\"https:\/\/likemetkovic.hr\/maraton-lada-otvorena-prodaja-karata-za-brodove-jure-i-joskan-i-felun\/#primaryimage\",\"url\":\"https:\/\/likemetkovic.hr\/portal\/wp-content\/uploads\/2018\/07\/brodjurejoskan.jpg\",\"contentUrl\":\"https:\/\/likemetkovic.hr\/portal\/wp-content\/uploads\/2018\/07\/brodjurejoskan.jpg\",\"width\":800,\"height\":430},{\"@type\":\"BreadcrumbList\",\"@id\":\"https:\/\/likemetkovic.hr\/maraton-lada-otvorena-prodaja-karata-za-brodove-jure-i-joskan-i-felun\/#breadcrumb\",\"itemListElement\":[{\"@type\":\"ListItem\",\"position\":1,\"name\":\"Po\u010detna stranica\",\"item\":\"https:\/\/likemetkovic.hr\/portal\/\"},{\"@type\":\"ListItem\",\"position\":2,\"name\":\"MARATON LA\u0110A 2018. Otvorena prodaja karata za brodove &#8216;Jure i Joskan&#8217; i &#8216;Felun&#8217;\"}]},{\"@type\":\"WebSite\",\"@id\":\"https:\/\/likemetkovic.hr\/#website\",\"url\":\"https:\/\/likemetkovic.hr\/\",\"name\":\"likemetkovic.hr\",\"description\":\"Misli pozitivno... \u010ditaj LIKE\",\"potentialAction\":[{\"@type\":\"SearchAction\",\"target\":{\"@type\":\"EntryPoint\",\"urlTemplate\":\"https:\/\/likemetkovic.hr\/?s={search_term_string}\"},\"query-input\":{\"@type\":\"PropertyValueSpecification\",\"valueRequired\":true,\"valueName\":\"search_term_string\"}}],\"inLanguage\":\"hr\"},{\"@type\":\"Person\",\"@id\":\"https:\/\/likemetkovic.hr\/#\/schema\/person\/a42711f3385a0e2be6f7e0443bfb28f0\",\"name\":\"LIKEmetkovic.hr\",\"sameAs\":[\"http:\/\/likemetkovic.hr\"],\"url\":\"https:\/\/likemetkovic.hr\/portal\/author\/likemetkovic-hr\/\"}]}<\/script>\n<!-- \/ Yoast SEO plugin. -->","yoast_head_json":{"title":"MARATON LA\u0110A 2018. Otvorena prodaja karata za brodove 'Jure i Joskan' i 'Felun' - likemetkovic.hr","robots":{"index":"index","follow":"follow","max-snippet":"max-snippet:-1","max-image-preview":"max-image-preview:large","max-video-preview":"max-video-preview:-1"},"canonical":"https:\/\/likemetkovic.hr\/maraton-lada-otvorena-prodaja-karata-za-brodove-jure-i-joskan-i-felun\/","og_locale":"hr_HR","og_type":"article","og_title":"MARATON LA\u0110A 2018. Otvorena prodaja karata za brodove 'Jure i Joskan' i 'Felun' - likemetkovic.hr","og_description":"Udruga la\u0111ara Neretve, kao i do sada, organiziraju pra\u0107enje Maratona la\u0111a s brodova. Ove godine zapovjedni brod ne\u0107e biti Sea Star,\u00a0ve\u0107\u00a0Jure i Joskan koji u potpalublju ima klimatiziran prostor, ali mo\u017ee primiti ne\u0161to manje putnika. Drugi brod s kojega \u0107e se mo\u0107i pratiti Maraton je Felun. Prodaja i preuzimanje karata za brodove je u prostoriji [&hellip;]","og_url":"https:\/\/likemetkovic.hr\/maraton-lada-otvorena-prodaja-karata-za-brodove-jure-i-joskan-i-felun\/","og_site_name":"likemetkovic.hr","article_publisher":"https:\/\/www.facebook.com\/likemetkovic.hr\/","article_published_time":"2018-07-30T12:53:25+00:00","article_modified_time":"2018-07-30T13:36:33+00:00","og_image":[{"width":800,"height":430,"url":"https:\/\/likemetkovic.hr\/wp-content\/uploads\/2018\/07\/brodjurejoskan.jpg","type":"image\/jpeg"}],"author":"LIKEmetkovic.hr","twitter_card":"summary_large_image","twitter_misc":{"Napisao\/la":"LIKEmetkovic.hr","Procijenjeno vrijeme \u010ditanja":"1 minuta"},"schema":{"@context":"https:\/\/schema.org","@graph":[{"@type":"WebPage","@id":"https:\/\/likemetkovic.hr\/maraton-lada-otvorena-prodaja-karata-za-brodove-jure-i-joskan-i-felun\/","url":"https:\/\/likemetkovic.hr\/maraton-lada-otvorena-prodaja-karata-za-brodove-jure-i-joskan-i-felun\/","name":"MARATON LA\u0110A 2018. Otvorena prodaja karata za brodove 'Jure i Joskan' i 'Felun' - likemetkovic.hr","isPartOf":{"@id":"https:\/\/likemetkovic.hr\/#website"},"primaryImageOfPage":{"@id":"https:\/\/likemetkovic.hr\/maraton-lada-otvorena-prodaja-karata-za-brodove-jure-i-joskan-i-felun\/#primaryimage"},"image":{"@id":"https:\/\/likemetkovic.hr\/maraton-lada-otvorena-prodaja-karata-za-brodove-jure-i-joskan-i-felun\/#primaryimage"},"thumbnailUrl":"https:\/\/likemetkovic.hr\/portal\/wp-content\/uploads\/2018\/07\/brodjurejoskan.jpg","datePublished":"2018-07-30T12:53:25+00:00","dateModified":"2018-07-30T13:36:33+00:00","author":{"@id":"https:\/\/likemetkovic.hr\/#\/schema\/person\/a42711f3385a0e2be6f7e0443bfb28f0"},"breadcrumb":{"@id":"https:\/\/likemetkovic.hr\/maraton-lada-otvorena-prodaja-karata-za-brodove-jure-i-joskan-i-felun\/#breadcrumb"},"inLanguage":"hr","potentialAction":[{"@type":"ReadAction","target":["https:\/\/likemetkovic.hr\/maraton-lada-otvorena-prodaja-karata-za-brodove-jure-i-joskan-i-felun\/"]}]},{"@type":"ImageObject","inLanguage":"hr","@id":"https:\/\/likemetkovic.hr\/maraton-lada-otvorena-prodaja-karata-za-brodove-jure-i-joskan-i-felun\/#primaryimage","url":"https:\/\/likemetkovic.hr\/portal\/wp-content\/uploads\/2018\/07\/brodjurejoskan.jpg","contentUrl":"https:\/\/likemetkovic.hr\/portal\/wp-content\/uploads\/2018\/07\/brodjurejoskan.jpg","width":800,"height":430},{"@type":"BreadcrumbList","@id":"https:\/\/likemetkovic.hr\/maraton-lada-otvorena-prodaja-karata-za-brodove-jure-i-joskan-i-felun\/#breadcrumb","itemListElement":[{"@type":"ListItem","position":1,"name":"Po\u010detna stranica","item":"https:\/\/likemetkovic.hr\/portal\/"},{"@type":"ListItem","position":2,"name":"MARATON LA\u0110A 2018. Otvorena prodaja karata za brodove &#8216;Jure i Joskan&#8217; i &#8216;Felun&#8217;"}]},{"@type":"WebSite","@id":"https:\/\/likemetkovic.hr\/#website","url":"https:\/\/likemetkovic.hr\/","name":"likemetkovic.hr","description":"Misli pozitivno... \u010ditaj LIKE","potentialAction":[{"@type":"SearchAction","target":{"@type":"EntryPoint","urlTemplate":"https:\/\/likemetkovic.hr\/?s={search_term_string}"},"query-input":{"@type":"PropertyValueSpecification","valueRequired":true,"valueName":"search_term_string"}}],"inLanguage":"hr"},{"@type":"Person","@id":"https:\/\/likemetkovic.hr\/#\/schema\/person\/a42711f3385a0e2be6f7e0443bfb28f0","name":"LIKEmetkovic.hr","sameAs":["http:\/\/likemetkovic.hr"],"url":"https:\/\/likemetkovic.hr\/portal\/author\/likemetkovic-hr\/"}]}},"_links":{"self":[{"href":"https:\/\/likemetkovic.hr\/portal\/wp-json\/wp\/v2\/posts\/65842","targetHints":{"allow":["GET"]}}],"collection":[{"href":"https:\/\/likemetkovic.hr\/portal\/wp-json\/wp\/v2\/posts"}],"about":[{"href":"https:\/\/likemetkovic.hr\/portal\/wp-json\/wp\/v2\/types\/post"}],"author":[{"embeddable":true,"href":"https:\/\/likemetkovic.hr\/portal\/wp-json\/wp\/v2\/users\/7"}],"replies":[{"embeddable":true,"href":"https:\/\/likemetkovic.hr\/portal\/wp-json\/wp\/v2\/comments?post=65842"}],"version-history":[{"count":0,"href":"https:\/\/likemetkovic.hr\/portal\/wp-json\/wp\/v2\/posts\/65842\/revisions"}],"wp:featuredmedia":[{"embeddable":true,"href":"https:\/\/likemetkovic.hr\/portal\/wp-json\/wp\/v2\/media\/65843"}],"wp:attachment":[{"href":"https:\/\/likemetkovic.hr\/portal\/wp-json\/wp\/v2\/media?parent=65842"}],"wp:term":[{"taxonomy":"category","embeddable":true,"href":"https:\/\/likemetkovic.hr\/portal\/wp-json\/wp\/v2\/categories?post=65842"},{"taxonomy":"post_tag","embeddable":true,"href":"https:\/\/likemetkovic.hr\/portal\/wp-json\/wp\/v2\/tags?post=65842"}],"curies":[{"name":"wp","href":"https:\/\/api.w.org\/{rel}","templated":true}]}}