{"id":65917,"date":"2018-08-01T11:27:56","date_gmt":"2018-08-01T09:27:56","guid":{"rendered":"http:\/\/likemetkovic.hr\/?p=65917"},"modified":"2018-08-01T11:31:19","modified_gmt":"2018-08-01T09:31:19","slug":"meteoalarm-cijela-obala-i-unutrasnjost-dalmacije-u-crvenom","status":"publish","type":"post","link":"https:\/\/likemetkovic.hr\/portal\/meteoalarm-cijela-obala-i-unutrasnjost-dalmacije-u-crvenom\/","title":{"rendered":"METEOALARM Cijela hrvatska obala i unutra\u0161njost Dalmacije u crvenom"},"content":{"rendered":"<p class=\"story-lead\">Cijela hrvatska obala i jedan manji dio unutra\u0161njosti na karti Meteolarma i u srijedu su u crvenom.<\/p>\n<p><img decoding=\"async\" class=\"alignnone size-full wp-image-65918\" src=\"http:\/\/likemetkovic.hr\/wp-content\/uploads\/2018\/08\/meteoalarm-1-8-18.jpg\" alt=\"\" width=\"800\" height=\"450\" srcset=\"https:\/\/likemetkovic.hr\/portal\/wp-content\/uploads\/2018\/08\/meteoalarm-1-8-18.jpg 800w, https:\/\/likemetkovic.hr\/portal\/wp-content\/uploads\/2018\/08\/meteoalarm-1-8-18-768x432.jpg 768w, https:\/\/likemetkovic.hr\/portal\/wp-content\/uploads\/2018\/08\/meteoalarm-1-8-18-696x392.jpg 696w, https:\/\/likemetkovic.hr\/portal\/wp-content\/uploads\/2018\/08\/meteoalarm-1-8-18-747x420.jpg 747w\" sizes=\"(max-width: 800px) 100vw, 800px\" \/><\/p>\n<p>Zbog visokih temperatura, i dnevnih i onih no\u0107nih, <strong>DHMZ je putem Meteoalarma izdao crvenu razinu upozorenja <\/strong>za Jadran, priobalje i cijelu Dalmaciju.<\/p>\n<p>U Dalmaciji prete\u017eno sun\u010dano i vru\u0107e, ali u njezinoj unutra\u0161njosti ne i potpuno stabilno, uz mogu\u0107nost rijetkih pljuskova i grmljavine.\u00a0Najvi\u0161e sun\u010dana vremena bit \u0107e na jugu Hrvatske, gdje se o\u010dekuje uglavnom suho. Dnevna temperatura zraka do 36 \u00b0C.<\/p>\n<p><strong>Pridr\u017eavajte se lije\u010dni\u010dkih savjeta:<\/strong> dovoljno teku\u0107ine, hladovina, klimatizirani prostori i bez velikih napora sredinom dana. Za\u0161titite sebe, djecu i starije!<\/p>\n","protected":false},"excerpt":{"rendered":"<p>Cijela hrvatska obala i jedan manji dio unutra\u0161njosti na karti Meteolarma i u srijedu su u crvenom. Zbog visokih temperatura, i dnevnih i onih no\u0107nih, DHMZ je putem Meteoalarma izdao crvenu razinu upozorenja za Jadran, priobalje i cijelu Dalmaciju. U Dalmaciji prete\u017eno sun\u010dano i vru\u0107e, ali u njezinoj unutra\u0161njosti ne i potpuno stabilno, uz mogu\u0107nost [&hellip;]<\/p>\n","protected":false},"author":7,"featured_media":65918,"comment_status":"open","ping_status":"open","sticky":false,"template":"","format":"standard","meta":{"footnotes":""},"categories":[296,1027],"tags":[1044,3576,3575,874],"class_list":{"0":"post-65917","1":"post","2":"type-post","3":"status-publish","4":"format-standard","5":"has-post-thumbnail","7":"category-ab","8":"category-hrvatska","9":"tag-meteoalarm","10":"tag-toplinski-val","11":"tag-vrijeme","12":"tag-vrucina"},"yoast_head":"<!-- This site is optimized with the Yoast SEO plugin v25.2 - https:\/\/yoast.com\/wordpress\/plugins\/seo\/ -->\n<title>METEOALARM Cijela hrvatska obala i unutra\u0161njost Dalmacije u crvenom - likemetkovic.hr<\/title>\n<meta name=\"robots\" content=\"index, follow, max-snippet:-1, max-image-preview:large, max-video-preview:-1\" \/>\n<link rel=\"canonical\" href=\"https:\/\/likemetkovic.hr\/meteoalarm-cijela-obala-i-unutrasnjost-dalmacije-u-crvenom\/\" \/>\n<meta property=\"og:locale\" content=\"hr_HR\" \/>\n<meta property=\"og:type\" content=\"article\" \/>\n<meta property=\"og:title\" content=\"METEOALARM Cijela hrvatska obala i unutra\u0161njost Dalmacije u crvenom - likemetkovic.hr\" \/>\n<meta property=\"og:description\" content=\"Cijela hrvatska obala i jedan manji dio unutra\u0161njosti na karti Meteolarma i u srijedu su u crvenom. Zbog visokih temperatura, i dnevnih i onih no\u0107nih, DHMZ je putem Meteoalarma izdao crvenu razinu upozorenja za Jadran, priobalje i cijelu Dalmaciju. U Dalmaciji prete\u017eno sun\u010dano i vru\u0107e, ali u njezinoj unutra\u0161njosti ne i potpuno stabilno, uz mogu\u0107nost [&hellip;]\" \/>\n<meta property=\"og:url\" content=\"https:\/\/likemetkovic.hr\/meteoalarm-cijela-obala-i-unutrasnjost-dalmacije-u-crvenom\/\" \/>\n<meta property=\"og:site_name\" content=\"likemetkovic.hr\" \/>\n<meta property=\"article:publisher\" content=\"https:\/\/www.facebook.com\/likemetkovic.hr\/\" \/>\n<meta property=\"article:published_time\" content=\"2018-08-01T09:27:56+00:00\" \/>\n<meta property=\"article:modified_time\" content=\"2018-08-01T09:31:19+00:00\" \/>\n<meta property=\"og:image\" content=\"https:\/\/likemetkovic.hr\/wp-content\/uploads\/2018\/08\/meteoalarm-1-8-18.jpg\" \/>\n\t<meta property=\"og:image:width\" content=\"800\" \/>\n\t<meta property=\"og:image:height\" content=\"450\" \/>\n\t<meta property=\"og:image:type\" content=\"image\/jpeg\" \/>\n<meta name=\"author\" content=\"LIKEmetkovic.hr\" \/>\n<meta name=\"twitter:card\" content=\"summary_large_image\" \/>\n<meta name=\"twitter:label1\" content=\"Napisao\/la\" \/>\n\t<meta name=\"twitter:data1\" content=\"LIKEmetkovic.hr\" \/>\n\t<meta name=\"twitter:label2\" content=\"Procijenjeno vrijeme \u010ditanja\" \/>\n\t<meta name=\"twitter:data2\" content=\"1 minuta\" \/>\n<script type=\"application\/ld+json\" class=\"yoast-schema-graph\">{\"@context\":\"https:\/\/schema.org\",\"@graph\":[{\"@type\":\"WebPage\",\"@id\":\"https:\/\/likemetkovic.hr\/meteoalarm-cijela-obala-i-unutrasnjost-dalmacije-u-crvenom\/\",\"url\":\"https:\/\/likemetkovic.hr\/meteoalarm-cijela-obala-i-unutrasnjost-dalmacije-u-crvenom\/\",\"name\":\"METEOALARM Cijela hrvatska obala i unutra\u0161njost Dalmacije u crvenom - likemetkovic.hr\",\"isPartOf\":{\"@id\":\"https:\/\/likemetkovic.hr\/#website\"},\"primaryImageOfPage\":{\"@id\":\"https:\/\/likemetkovic.hr\/meteoalarm-cijela-obala-i-unutrasnjost-dalmacije-u-crvenom\/#primaryimage\"},\"image\":{\"@id\":\"https:\/\/likemetkovic.hr\/meteoalarm-cijela-obala-i-unutrasnjost-dalmacije-u-crvenom\/#primaryimage\"},\"thumbnailUrl\":\"https:\/\/likemetkovic.hr\/portal\/wp-content\/uploads\/2018\/08\/meteoalarm-1-8-18.jpg\",\"datePublished\":\"2018-08-01T09:27:56+00:00\",\"dateModified\":\"2018-08-01T09:31:19+00:00\",\"author\":{\"@id\":\"https:\/\/likemetkovic.hr\/#\/schema\/person\/a42711f3385a0e2be6f7e0443bfb28f0\"},\"breadcrumb\":{\"@id\":\"https:\/\/likemetkovic.hr\/meteoalarm-cijela-obala-i-unutrasnjost-dalmacije-u-crvenom\/#breadcrumb\"},\"inLanguage\":\"hr\",\"potentialAction\":[{\"@type\":\"ReadAction\",\"target\":[\"https:\/\/likemetkovic.hr\/meteoalarm-cijela-obala-i-unutrasnjost-dalmacije-u-crvenom\/\"]}]},{\"@type\":\"ImageObject\",\"inLanguage\":\"hr\",\"@id\":\"https:\/\/likemetkovic.hr\/meteoalarm-cijela-obala-i-unutrasnjost-dalmacije-u-crvenom\/#primaryimage\",\"url\":\"https:\/\/likemetkovic.hr\/portal\/wp-content\/uploads\/2018\/08\/meteoalarm-1-8-18.jpg\",\"contentUrl\":\"https:\/\/likemetkovic.hr\/portal\/wp-content\/uploads\/2018\/08\/meteoalarm-1-8-18.jpg\",\"width\":800,\"height\":450},{\"@type\":\"BreadcrumbList\",\"@id\":\"https:\/\/likemetkovic.hr\/meteoalarm-cijela-obala-i-unutrasnjost-dalmacije-u-crvenom\/#breadcrumb\",\"itemListElement\":[{\"@type\":\"ListItem\",\"position\":1,\"name\":\"Po\u010detna stranica\",\"item\":\"https:\/\/likemetkovic.hr\/portal\/\"},{\"@type\":\"ListItem\",\"position\":2,\"name\":\"METEOALARM Cijela hrvatska obala i unutra\u0161njost Dalmacije u crvenom\"}]},{\"@type\":\"WebSite\",\"@id\":\"https:\/\/likemetkovic.hr\/#website\",\"url\":\"https:\/\/likemetkovic.hr\/\",\"name\":\"likemetkovic.hr\",\"description\":\"Misli pozitivno... \u010ditaj LIKE\",\"potentialAction\":[{\"@type\":\"SearchAction\",\"target\":{\"@type\":\"EntryPoint\",\"urlTemplate\":\"https:\/\/likemetkovic.hr\/?s={search_term_string}\"},\"query-input\":{\"@type\":\"PropertyValueSpecification\",\"valueRequired\":true,\"valueName\":\"search_term_string\"}}],\"inLanguage\":\"hr\"},{\"@type\":\"Person\",\"@id\":\"https:\/\/likemetkovic.hr\/#\/schema\/person\/a42711f3385a0e2be6f7e0443bfb28f0\",\"name\":\"LIKEmetkovic.hr\",\"sameAs\":[\"http:\/\/likemetkovic.hr\"],\"url\":\"https:\/\/likemetkovic.hr\/portal\/author\/likemetkovic-hr\/\"}]}<\/script>\n<!-- \/ Yoast SEO plugin. -->","yoast_head_json":{"title":"METEOALARM Cijela hrvatska obala i unutra\u0161njost Dalmacije u crvenom - likemetkovic.hr","robots":{"index":"index","follow":"follow","max-snippet":"max-snippet:-1","max-image-preview":"max-image-preview:large","max-video-preview":"max-video-preview:-1"},"canonical":"https:\/\/likemetkovic.hr\/meteoalarm-cijela-obala-i-unutrasnjost-dalmacije-u-crvenom\/","og_locale":"hr_HR","og_type":"article","og_title":"METEOALARM Cijela hrvatska obala i unutra\u0161njost Dalmacije u crvenom - likemetkovic.hr","og_description":"Cijela hrvatska obala i jedan manji dio unutra\u0161njosti na karti Meteolarma i u srijedu su u crvenom. Zbog visokih temperatura, i dnevnih i onih no\u0107nih, DHMZ je putem Meteoalarma izdao crvenu razinu upozorenja za Jadran, priobalje i cijelu Dalmaciju. U Dalmaciji prete\u017eno sun\u010dano i vru\u0107e, ali u njezinoj unutra\u0161njosti ne i potpuno stabilno, uz mogu\u0107nost [&hellip;]","og_url":"https:\/\/likemetkovic.hr\/meteoalarm-cijela-obala-i-unutrasnjost-dalmacije-u-crvenom\/","og_site_name":"likemetkovic.hr","article_publisher":"https:\/\/www.facebook.com\/likemetkovic.hr\/","article_published_time":"2018-08-01T09:27:56+00:00","article_modified_time":"2018-08-01T09:31:19+00:00","og_image":[{"width":800,"height":450,"url":"https:\/\/likemetkovic.hr\/wp-content\/uploads\/2018\/08\/meteoalarm-1-8-18.jpg","type":"image\/jpeg"}],"author":"LIKEmetkovic.hr","twitter_card":"summary_large_image","twitter_misc":{"Napisao\/la":"LIKEmetkovic.hr","Procijenjeno vrijeme \u010ditanja":"1 minuta"},"schema":{"@context":"https:\/\/schema.org","@graph":[{"@type":"WebPage","@id":"https:\/\/likemetkovic.hr\/meteoalarm-cijela-obala-i-unutrasnjost-dalmacije-u-crvenom\/","url":"https:\/\/likemetkovic.hr\/meteoalarm-cijela-obala-i-unutrasnjost-dalmacije-u-crvenom\/","name":"METEOALARM Cijela hrvatska obala i unutra\u0161njost Dalmacije u crvenom - likemetkovic.hr","isPartOf":{"@id":"https:\/\/likemetkovic.hr\/#website"},"primaryImageOfPage":{"@id":"https:\/\/likemetkovic.hr\/meteoalarm-cijela-obala-i-unutrasnjost-dalmacije-u-crvenom\/#primaryimage"},"image":{"@id":"https:\/\/likemetkovic.hr\/meteoalarm-cijela-obala-i-unutrasnjost-dalmacije-u-crvenom\/#primaryimage"},"thumbnailUrl":"https:\/\/likemetkovic.hr\/portal\/wp-content\/uploads\/2018\/08\/meteoalarm-1-8-18.jpg","datePublished":"2018-08-01T09:27:56+00:00","dateModified":"2018-08-01T09:31:19+00:00","author":{"@id":"https:\/\/likemetkovic.hr\/#\/schema\/person\/a42711f3385a0e2be6f7e0443bfb28f0"},"breadcrumb":{"@id":"https:\/\/likemetkovic.hr\/meteoalarm-cijela-obala-i-unutrasnjost-dalmacije-u-crvenom\/#breadcrumb"},"inLanguage":"hr","potentialAction":[{"@type":"ReadAction","target":["https:\/\/likemetkovic.hr\/meteoalarm-cijela-obala-i-unutrasnjost-dalmacije-u-crvenom\/"]}]},{"@type":"ImageObject","inLanguage":"hr","@id":"https:\/\/likemetkovic.hr\/meteoalarm-cijela-obala-i-unutrasnjost-dalmacije-u-crvenom\/#primaryimage","url":"https:\/\/likemetkovic.hr\/portal\/wp-content\/uploads\/2018\/08\/meteoalarm-1-8-18.jpg","contentUrl":"https:\/\/likemetkovic.hr\/portal\/wp-content\/uploads\/2018\/08\/meteoalarm-1-8-18.jpg","width":800,"height":450},{"@type":"BreadcrumbList","@id":"https:\/\/likemetkovic.hr\/meteoalarm-cijela-obala-i-unutrasnjost-dalmacije-u-crvenom\/#breadcrumb","itemListElement":[{"@type":"ListItem","position":1,"name":"Po\u010detna stranica","item":"https:\/\/likemetkovic.hr\/portal\/"},{"@type":"ListItem","position":2,"name":"METEOALARM Cijela hrvatska obala i unutra\u0161njost Dalmacije u crvenom"}]},{"@type":"WebSite","@id":"https:\/\/likemetkovic.hr\/#website","url":"https:\/\/likemetkovic.hr\/","name":"likemetkovic.hr","description":"Misli pozitivno... \u010ditaj LIKE","potentialAction":[{"@type":"SearchAction","target":{"@type":"EntryPoint","urlTemplate":"https:\/\/likemetkovic.hr\/?s={search_term_string}"},"query-input":{"@type":"PropertyValueSpecification","valueRequired":true,"valueName":"search_term_string"}}],"inLanguage":"hr"},{"@type":"Person","@id":"https:\/\/likemetkovic.hr\/#\/schema\/person\/a42711f3385a0e2be6f7e0443bfb28f0","name":"LIKEmetkovic.hr","sameAs":["http:\/\/likemetkovic.hr"],"url":"https:\/\/likemetkovic.hr\/portal\/author\/likemetkovic-hr\/"}]}},"_links":{"self":[{"href":"https:\/\/likemetkovic.hr\/portal\/wp-json\/wp\/v2\/posts\/65917","targetHints":{"allow":["GET"]}}],"collection":[{"href":"https:\/\/likemetkovic.hr\/portal\/wp-json\/wp\/v2\/posts"}],"about":[{"href":"https:\/\/likemetkovic.hr\/portal\/wp-json\/wp\/v2\/types\/post"}],"author":[{"embeddable":true,"href":"https:\/\/likemetkovic.hr\/portal\/wp-json\/wp\/v2\/users\/7"}],"replies":[{"embeddable":true,"href":"https:\/\/likemetkovic.hr\/portal\/wp-json\/wp\/v2\/comments?post=65917"}],"version-history":[{"count":0,"href":"https:\/\/likemetkovic.hr\/portal\/wp-json\/wp\/v2\/posts\/65917\/revisions"}],"wp:featuredmedia":[{"embeddable":true,"href":"https:\/\/likemetkovic.hr\/portal\/wp-json\/wp\/v2\/media\/65918"}],"wp:attachment":[{"href":"https:\/\/likemetkovic.hr\/portal\/wp-json\/wp\/v2\/media?parent=65917"}],"wp:term":[{"taxonomy":"category","embeddable":true,"href":"https:\/\/likemetkovic.hr\/portal\/wp-json\/wp\/v2\/categories?post=65917"},{"taxonomy":"post_tag","embeddable":true,"href":"https:\/\/likemetkovic.hr\/portal\/wp-json\/wp\/v2\/tags?post=65917"}],"curies":[{"name":"wp","href":"https:\/\/api.w.org\/{rel}","templated":true}]}}