{"id":66026,"date":"2018-08-04T13:07:05","date_gmt":"2018-08-04T11:07:05","guid":{"rendered":"http:\/\/likemetkovic.hr\/?p=66026"},"modified":"2018-08-04T13:07:05","modified_gmt":"2018-08-04T11:07:05","slug":"opuzen-proslavljen-blagdan-nasasca-relikvija-sv-stjepana","status":"publish","type":"post","link":"https:\/\/likemetkovic.hr\/portal\/opuzen-proslavljen-blagdan-nasasca-relikvija-sv-stjepana\/","title":{"rendered":"OPUZEN Proslavljen blagdan Na\u0161a\u0161\u0107a relikvija sv. Stjepana Prvomu\u010denika"},"content":{"rendered":"<p>U petak 3. kolovoza u crkvi svetog Stjepana Prvomu\u010denika u Opuzenu, kada se slavi blagdan <em>Na\u0161a\u0161\u0107a relikvija sv. Stjepana<\/em>, sredi\u0161nje misno slavlje u jutarnjim satima predvodio tajnik \u0161ibenskog biskupa don Roko Glasnovi\u0107.<\/p>\n<p>U koncelebraciji je bilo 10-ak sve\u0107enika me\u0111u kojima su bili \u017eupnik don Hrvoje Dragun i biv\u0161i \u017eupnik i neretvanski dekan pre\u010dasni don Stipe Jerkovi\u0107, \u017eupnik \u017eupe Dobranje &#8211; Bijeli Vir.<\/p>\n<p>Na kraju misnoga slavlja kojega je uzveli\u010dao \u017eupni zbor pod vodstvom s. Marinele Delonga, koja nakon 27 g. odlazi u novu \u017eupu u Ka\u0161tele, \u017eupnik don Hrvoje, zahvalio je s. Marineli na njezinom radu i djelovanju u \u017eupi, te svima \u010destitao blagdan sv. Stjepana i Dan Grada, napose predstavnicima vlasti i onima koji nose sve\u010devo ime.<\/p>\n<p>Nakon misnog slavlja, vjernici su imali prigodu poljupcem \u010dastiti relikvijar svetog Stjepana.<\/p>\n<p>Za proslavu blagdana Na\u0161a\u0161\u0107a relikvija svetog Stjepana vjernici su se pripravljali trodnevnicom koju je predvodio \u017eupnik Desana i Rogotina don Josip Be\u010di\u0107 a prvog dana trodnevnice, nakon misnog slavlja, odr\u017ean je i koncert mje\u0161ovitog \u017eupnog zbora i zbora mladih.<\/p>\n\r\n                <style type=\"text\/css\">\r\n                    \r\n                    #tdi_1  .td-doubleSlider-2 .td-item1 {\r\n                        background: url(https:\/\/likemetkovic.hr\/portal\/wp-content\/uploads\/2018\/08\/opuzen-sv.-stijepan-3-80x60.jpg) 0 0 no-repeat;\r\n                    }\r\n                    #tdi_1  .td-doubleSlider-2 .td-item2 {\r\n                        background: url(https:\/\/likemetkovic.hr\/portal\/wp-content\/uploads\/2018\/08\/opuzen-sv.-stijepan-2-80x60.jpg) 0 0 no-repeat;\r\n                    }\r\n                    #tdi_1  .td-doubleSlider-2 .td-item3 {\r\n                        background: url(https:\/\/likemetkovic.hr\/portal\/wp-content\/uploads\/2018\/08\/opuzen-sv.-stijepan-1-80x60.jpg) 0 0 no-repeat;\r\n                    }\r\n                <\/style>\r\n\r\n                <div id=\"tdi_1\" class=\"td-gallery td-slide-on-2-columns\">\r\n                    <div class=\"post_td_gallery\">\r\n                        <div class=\"td-gallery-slide-top\">\r\n                           <div class=\"td-gallery-title\"><\/div>\r\n\r\n                            <div class=\"td-gallery-controls-wrapper\">\r\n                                <div class=\"td-gallery-slide-count\"><span class=\"td-gallery-slide-item-focus\">1<\/span> of 3<\/div>\r\n                                <div class=\"td-gallery-slide-prev-next-but\">\r\n                                    <i class = \"td-icon-left doubleSliderPrevButton\"><\/i>\r\n                                    <i class = \"td-icon-right doubleSliderNextButton\"><\/i>\r\n                                <\/div>\r\n                            <\/div>\r\n                        <\/div>\r\n\r\n                        <div class = \"td-doubleSlider-1 \">\r\n                            <div class = \"td-slider\">\r\n                                \r\n                    <div class = \"td-slide-item td-item1\">\r\n                        <figure class=\"td-slide-galery-figure td-slide-popup-gallery\">\r\n                            <a class=\"slide-gallery-image-link\" href=\"https:\/\/likemetkovic.hr\/portal\/wp-content\/uploads\/2018\/08\/opuzen-sv.-stijepan-3.jpg\" title=\"opuzen sv. stijepan 3\"  data-caption=\"\"  data-description=\"\">\r\n                                <img decoding=\"async\" src=\"https:\/\/likemetkovic.hr\/portal\/wp-content\/uploads\/2018\/08\/opuzen-sv.-stijepan-3-420x420.jpg\" srcset=\"https:\/\/likemetkovic.hr\/portal\/wp-content\/uploads\/2018\/08\/opuzen-sv.-stijepan-3-420x420.jpg 420w, https:\/\/likemetkovic.hr\/portal\/wp-content\/uploads\/2018\/08\/opuzen-sv.-stijepan-3-150x150.jpg 150w, https:\/\/likemetkovic.hr\/portal\/wp-content\/uploads\/2018\/08\/opuzen-sv.-stijepan-3-800x800.jpg 800w, https:\/\/likemetkovic.hr\/portal\/wp-content\/uploads\/2018\/08\/opuzen-sv.-stijepan-3-768x768.jpg 768w, https:\/\/likemetkovic.hr\/portal\/wp-content\/uploads\/2018\/08\/opuzen-sv.-stijepan-3-1200x1200.jpg 1200w, https:\/\/likemetkovic.hr\/portal\/wp-content\/uploads\/2018\/08\/opuzen-sv.-stijepan-3-696x696.jpg 696w, https:\/\/likemetkovic.hr\/portal\/wp-content\/uploads\/2018\/08\/opuzen-sv.-stijepan-3-1068x1068.jpg 1068w, https:\/\/likemetkovic.hr\/portal\/wp-content\/uploads\/2018\/08\/opuzen-sv.-stijepan-3.jpg 1544w\" sizes=\"(max-width: 420px) 100vw, 420px\" alt=\"\">\r\n                            <\/a>\r\n                            \r\n                        <\/figure>\r\n                    <\/div>\r\n                    <div class = \"td-slide-item td-item2\">\r\n                        <figure class=\"td-slide-galery-figure td-slide-popup-gallery\">\r\n                            <a class=\"slide-gallery-image-link\" href=\"https:\/\/likemetkovic.hr\/portal\/wp-content\/uploads\/2018\/08\/opuzen-sv.-stijepan-2.jpg\" title=\"opuzen sv. stijepan 2\"  data-caption=\"\"  data-description=\"\">\r\n                                <img decoding=\"async\" src=\"https:\/\/likemetkovic.hr\/portal\/wp-content\/uploads\/2018\/08\/opuzen-sv.-stijepan-2-420x420.jpg\" srcset=\"https:\/\/likemetkovic.hr\/portal\/wp-content\/uploads\/2018\/08\/opuzen-sv.-stijepan-2-420x420.jpg 420w, https:\/\/likemetkovic.hr\/portal\/wp-content\/uploads\/2018\/08\/opuzen-sv.-stijepan-2-150x150.jpg 150w, https:\/\/likemetkovic.hr\/portal\/wp-content\/uploads\/2018\/08\/opuzen-sv.-stijepan-2-768x768.jpg 768w, https:\/\/likemetkovic.hr\/portal\/wp-content\/uploads\/2018\/08\/opuzen-sv.-stijepan-2-696x696.jpg 696w, https:\/\/likemetkovic.hr\/portal\/wp-content\/uploads\/2018\/08\/opuzen-sv.-stijepan-2.jpg 800w\" sizes=\"(max-width: 420px) 100vw, 420px\" alt=\"\">\r\n                            <\/a>\r\n                            \r\n                        <\/figure>\r\n                    <\/div>\r\n                    <div class = \"td-slide-item td-item3\">\r\n                        <figure class=\"td-slide-galery-figure td-slide-popup-gallery\">\r\n                            <a class=\"slide-gallery-image-link\" href=\"https:\/\/likemetkovic.hr\/portal\/wp-content\/uploads\/2018\/08\/opuzen-sv.-stijepan-1.jpg\" title=\"opuzen sv. stijepan 1\"  data-caption=\"\"  data-description=\"\">\r\n                                <img decoding=\"async\" src=\"https:\/\/likemetkovic.hr\/portal\/wp-content\/uploads\/2018\/08\/opuzen-sv.-stijepan-1-747x420.jpg\" srcset=\"https:\/\/likemetkovic.hr\/portal\/wp-content\/uploads\/2018\/08\/opuzen-sv.-stijepan-1-747x420.jpg 747w, https:\/\/likemetkovic.hr\/portal\/wp-content\/uploads\/2018\/08\/opuzen-sv.-stijepan-1.jpg 800w, https:\/\/likemetkovic.hr\/portal\/wp-content\/uploads\/2018\/08\/opuzen-sv.-stijepan-1-768x432.jpg 768w, https:\/\/likemetkovic.hr\/portal\/wp-content\/uploads\/2018\/08\/opuzen-sv.-stijepan-1-696x392.jpg 696w\" sizes=\"(max-width: 747px) 100vw, 747px\" alt=\"\">\r\n                            <\/a>\r\n                            \r\n                        <\/figure>\r\n                    <\/div>\r\n                            <\/div>\r\n                        <\/div>\r\n\r\n                        <div class = \"td-doubleSlider-2\">\r\n                            <div class = \"td-slider\">\r\n                                \r\n                    <div class = \"td-button td-item1\">\r\n                        <div class = \"td-border\"><\/div>\r\n                    <\/div>\r\n                    <div class = \"td-button td-item2\">\r\n                        <div class = \"td-border\"><\/div>\r\n                    <\/div>\r\n                    <div class = \"td-button td-item3\">\r\n                        <div class = \"td-border\"><\/div>\r\n                    <\/div>\r\n                            <\/div>\r\n                        <\/div>\r\n\r\n                    <\/div>\r\n\r\n                <\/div>\r\n                \n<p>Pi\u0161e: Antonija Menalo<\/p>\n","protected":false},"excerpt":{"rendered":"<p>U petak 3. kolovoza u crkvi svetog Stjepana Prvomu\u010denika u Opuzenu, kada se slavi blagdan Na\u0161a\u0161\u0107a relikvija sv. Stjepana, sredi\u0161nje misno slavlje u jutarnjim satima predvodio tajnik \u0161ibenskog biskupa don Roko Glasnovi\u0107. U koncelebraciji je bilo 10-ak sve\u0107enika me\u0111u kojima su bili \u017eupnik don Hrvoje Dragun i biv\u0161i \u017eupnik i neretvanski dekan pre\u010dasni don Stipe [&hellip;]<\/p>\n","protected":false},"author":7,"featured_media":66027,"comment_status":"open","ping_status":"open","sticky":false,"template":"","format":"standard","meta":{"footnotes":""},"categories":[296,27],"tags":[3593,577],"class_list":{"0":"post-66026","1":"post","2":"type-post","3":"status-publish","4":"format-standard","5":"has-post-thumbnail","7":"category-ab","8":"category-vjera-i-zivot","9":"tag-blagdan-nasasca-relikvija-sv-stjepana","10":"tag-opuzen"},"yoast_head":"<!-- This site is optimized with the Yoast SEO plugin v25.2 - https:\/\/yoast.com\/wordpress\/plugins\/seo\/ -->\n<title>OPUZEN Proslavljen blagdan Na\u0161a\u0161\u0107a relikvija sv. Stjepana Prvomu\u010denika - likemetkovic.hr<\/title>\n<meta name=\"robots\" content=\"index, follow, max-snippet:-1, max-image-preview:large, max-video-preview:-1\" \/>\n<link rel=\"canonical\" href=\"https:\/\/likemetkovic.hr\/opuzen-proslavljen-blagdan-nasasca-relikvija-sv-stjepana\/\" \/>\n<meta property=\"og:locale\" content=\"hr_HR\" \/>\n<meta property=\"og:type\" content=\"article\" \/>\n<meta property=\"og:title\" content=\"OPUZEN Proslavljen blagdan Na\u0161a\u0161\u0107a relikvija sv. Stjepana Prvomu\u010denika - likemetkovic.hr\" \/>\n<meta property=\"og:description\" content=\"U petak 3. kolovoza u crkvi svetog Stjepana Prvomu\u010denika u Opuzenu, kada se slavi blagdan Na\u0161a\u0161\u0107a relikvija sv. Stjepana, sredi\u0161nje misno slavlje u jutarnjim satima predvodio tajnik \u0161ibenskog biskupa don Roko Glasnovi\u0107. U koncelebraciji je bilo 10-ak sve\u0107enika me\u0111u kojima su bili \u017eupnik don Hrvoje Dragun i biv\u0161i \u017eupnik i neretvanski dekan pre\u010dasni don Stipe [&hellip;]\" \/>\n<meta property=\"og:url\" content=\"https:\/\/likemetkovic.hr\/opuzen-proslavljen-blagdan-nasasca-relikvija-sv-stjepana\/\" \/>\n<meta property=\"og:site_name\" content=\"likemetkovic.hr\" \/>\n<meta property=\"article:publisher\" content=\"https:\/\/www.facebook.com\/likemetkovic.hr\/\" \/>\n<meta property=\"article:published_time\" content=\"2018-08-04T11:07:05+00:00\" \/>\n<meta property=\"og:image\" content=\"https:\/\/likemetkovic.hr\/wp-content\/uploads\/2018\/08\/opuzen-sv.-stijepan-1.jpg\" \/>\n\t<meta property=\"og:image:width\" content=\"800\" \/>\n\t<meta property=\"og:image:height\" content=\"450\" \/>\n\t<meta property=\"og:image:type\" content=\"image\/jpeg\" \/>\n<meta name=\"author\" content=\"LIKEmetkovic.hr\" \/>\n<meta name=\"twitter:card\" content=\"summary_large_image\" \/>\n<meta name=\"twitter:label1\" content=\"Napisao\/la\" \/>\n\t<meta name=\"twitter:data1\" content=\"LIKEmetkovic.hr\" \/>\n\t<meta name=\"twitter:label2\" content=\"Procijenjeno vrijeme \u010ditanja\" \/>\n\t<meta name=\"twitter:data2\" content=\"1 minuta\" \/>\n<script type=\"application\/ld+json\" class=\"yoast-schema-graph\">{\"@context\":\"https:\/\/schema.org\",\"@graph\":[{\"@type\":\"WebPage\",\"@id\":\"https:\/\/likemetkovic.hr\/opuzen-proslavljen-blagdan-nasasca-relikvija-sv-stjepana\/\",\"url\":\"https:\/\/likemetkovic.hr\/opuzen-proslavljen-blagdan-nasasca-relikvija-sv-stjepana\/\",\"name\":\"OPUZEN Proslavljen blagdan Na\u0161a\u0161\u0107a relikvija sv. Stjepana Prvomu\u010denika - likemetkovic.hr\",\"isPartOf\":{\"@id\":\"https:\/\/likemetkovic.hr\/#website\"},\"primaryImageOfPage\":{\"@id\":\"https:\/\/likemetkovic.hr\/opuzen-proslavljen-blagdan-nasasca-relikvija-sv-stjepana\/#primaryimage\"},\"image\":{\"@id\":\"https:\/\/likemetkovic.hr\/opuzen-proslavljen-blagdan-nasasca-relikvija-sv-stjepana\/#primaryimage\"},\"thumbnailUrl\":\"https:\/\/likemetkovic.hr\/portal\/wp-content\/uploads\/2018\/08\/opuzen-sv.-stijepan-1.jpg\",\"datePublished\":\"2018-08-04T11:07:05+00:00\",\"author\":{\"@id\":\"https:\/\/likemetkovic.hr\/#\/schema\/person\/a42711f3385a0e2be6f7e0443bfb28f0\"},\"breadcrumb\":{\"@id\":\"https:\/\/likemetkovic.hr\/opuzen-proslavljen-blagdan-nasasca-relikvija-sv-stjepana\/#breadcrumb\"},\"inLanguage\":\"hr\",\"potentialAction\":[{\"@type\":\"ReadAction\",\"target\":[\"https:\/\/likemetkovic.hr\/opuzen-proslavljen-blagdan-nasasca-relikvija-sv-stjepana\/\"]}]},{\"@type\":\"ImageObject\",\"inLanguage\":\"hr\",\"@id\":\"https:\/\/likemetkovic.hr\/opuzen-proslavljen-blagdan-nasasca-relikvija-sv-stjepana\/#primaryimage\",\"url\":\"https:\/\/likemetkovic.hr\/portal\/wp-content\/uploads\/2018\/08\/opuzen-sv.-stijepan-1.jpg\",\"contentUrl\":\"https:\/\/likemetkovic.hr\/portal\/wp-content\/uploads\/2018\/08\/opuzen-sv.-stijepan-1.jpg\",\"width\":800,\"height\":450},{\"@type\":\"BreadcrumbList\",\"@id\":\"https:\/\/likemetkovic.hr\/opuzen-proslavljen-blagdan-nasasca-relikvija-sv-stjepana\/#breadcrumb\",\"itemListElement\":[{\"@type\":\"ListItem\",\"position\":1,\"name\":\"Po\u010detna stranica\",\"item\":\"https:\/\/likemetkovic.hr\/portal\/\"},{\"@type\":\"ListItem\",\"position\":2,\"name\":\"OPUZEN Proslavljen blagdan Na\u0161a\u0161\u0107a relikvija sv. Stjepana Prvomu\u010denika\"}]},{\"@type\":\"WebSite\",\"@id\":\"https:\/\/likemetkovic.hr\/#website\",\"url\":\"https:\/\/likemetkovic.hr\/\",\"name\":\"likemetkovic.hr\",\"description\":\"Misli pozitivno... \u010ditaj LIKE\",\"potentialAction\":[{\"@type\":\"SearchAction\",\"target\":{\"@type\":\"EntryPoint\",\"urlTemplate\":\"https:\/\/likemetkovic.hr\/?s={search_term_string}\"},\"query-input\":{\"@type\":\"PropertyValueSpecification\",\"valueRequired\":true,\"valueName\":\"search_term_string\"}}],\"inLanguage\":\"hr\"},{\"@type\":\"Person\",\"@id\":\"https:\/\/likemetkovic.hr\/#\/schema\/person\/a42711f3385a0e2be6f7e0443bfb28f0\",\"name\":\"LIKEmetkovic.hr\",\"sameAs\":[\"http:\/\/likemetkovic.hr\"],\"url\":\"https:\/\/likemetkovic.hr\/portal\/author\/likemetkovic-hr\/\"}]}<\/script>\n<!-- \/ Yoast SEO plugin. -->","yoast_head_json":{"title":"OPUZEN Proslavljen blagdan Na\u0161a\u0161\u0107a relikvija sv. Stjepana Prvomu\u010denika - likemetkovic.hr","robots":{"index":"index","follow":"follow","max-snippet":"max-snippet:-1","max-image-preview":"max-image-preview:large","max-video-preview":"max-video-preview:-1"},"canonical":"https:\/\/likemetkovic.hr\/opuzen-proslavljen-blagdan-nasasca-relikvija-sv-stjepana\/","og_locale":"hr_HR","og_type":"article","og_title":"OPUZEN Proslavljen blagdan Na\u0161a\u0161\u0107a relikvija sv. Stjepana Prvomu\u010denika - likemetkovic.hr","og_description":"U petak 3. kolovoza u crkvi svetog Stjepana Prvomu\u010denika u Opuzenu, kada se slavi blagdan Na\u0161a\u0161\u0107a relikvija sv. Stjepana, sredi\u0161nje misno slavlje u jutarnjim satima predvodio tajnik \u0161ibenskog biskupa don Roko Glasnovi\u0107. U koncelebraciji je bilo 10-ak sve\u0107enika me\u0111u kojima su bili \u017eupnik don Hrvoje Dragun i biv\u0161i \u017eupnik i neretvanski dekan pre\u010dasni don Stipe [&hellip;]","og_url":"https:\/\/likemetkovic.hr\/opuzen-proslavljen-blagdan-nasasca-relikvija-sv-stjepana\/","og_site_name":"likemetkovic.hr","article_publisher":"https:\/\/www.facebook.com\/likemetkovic.hr\/","article_published_time":"2018-08-04T11:07:05+00:00","og_image":[{"width":800,"height":450,"url":"https:\/\/likemetkovic.hr\/wp-content\/uploads\/2018\/08\/opuzen-sv.-stijepan-1.jpg","type":"image\/jpeg"}],"author":"LIKEmetkovic.hr","twitter_card":"summary_large_image","twitter_misc":{"Napisao\/la":"LIKEmetkovic.hr","Procijenjeno vrijeme \u010ditanja":"1 minuta"},"schema":{"@context":"https:\/\/schema.org","@graph":[{"@type":"WebPage","@id":"https:\/\/likemetkovic.hr\/opuzen-proslavljen-blagdan-nasasca-relikvija-sv-stjepana\/","url":"https:\/\/likemetkovic.hr\/opuzen-proslavljen-blagdan-nasasca-relikvija-sv-stjepana\/","name":"OPUZEN Proslavljen blagdan Na\u0161a\u0161\u0107a relikvija sv. Stjepana Prvomu\u010denika - likemetkovic.hr","isPartOf":{"@id":"https:\/\/likemetkovic.hr\/#website"},"primaryImageOfPage":{"@id":"https:\/\/likemetkovic.hr\/opuzen-proslavljen-blagdan-nasasca-relikvija-sv-stjepana\/#primaryimage"},"image":{"@id":"https:\/\/likemetkovic.hr\/opuzen-proslavljen-blagdan-nasasca-relikvija-sv-stjepana\/#primaryimage"},"thumbnailUrl":"https:\/\/likemetkovic.hr\/portal\/wp-content\/uploads\/2018\/08\/opuzen-sv.-stijepan-1.jpg","datePublished":"2018-08-04T11:07:05+00:00","author":{"@id":"https:\/\/likemetkovic.hr\/#\/schema\/person\/a42711f3385a0e2be6f7e0443bfb28f0"},"breadcrumb":{"@id":"https:\/\/likemetkovic.hr\/opuzen-proslavljen-blagdan-nasasca-relikvija-sv-stjepana\/#breadcrumb"},"inLanguage":"hr","potentialAction":[{"@type":"ReadAction","target":["https:\/\/likemetkovic.hr\/opuzen-proslavljen-blagdan-nasasca-relikvija-sv-stjepana\/"]}]},{"@type":"ImageObject","inLanguage":"hr","@id":"https:\/\/likemetkovic.hr\/opuzen-proslavljen-blagdan-nasasca-relikvija-sv-stjepana\/#primaryimage","url":"https:\/\/likemetkovic.hr\/portal\/wp-content\/uploads\/2018\/08\/opuzen-sv.-stijepan-1.jpg","contentUrl":"https:\/\/likemetkovic.hr\/portal\/wp-content\/uploads\/2018\/08\/opuzen-sv.-stijepan-1.jpg","width":800,"height":450},{"@type":"BreadcrumbList","@id":"https:\/\/likemetkovic.hr\/opuzen-proslavljen-blagdan-nasasca-relikvija-sv-stjepana\/#breadcrumb","itemListElement":[{"@type":"ListItem","position":1,"name":"Po\u010detna stranica","item":"https:\/\/likemetkovic.hr\/portal\/"},{"@type":"ListItem","position":2,"name":"OPUZEN Proslavljen blagdan Na\u0161a\u0161\u0107a relikvija sv. Stjepana Prvomu\u010denika"}]},{"@type":"WebSite","@id":"https:\/\/likemetkovic.hr\/#website","url":"https:\/\/likemetkovic.hr\/","name":"likemetkovic.hr","description":"Misli pozitivno... \u010ditaj LIKE","potentialAction":[{"@type":"SearchAction","target":{"@type":"EntryPoint","urlTemplate":"https:\/\/likemetkovic.hr\/?s={search_term_string}"},"query-input":{"@type":"PropertyValueSpecification","valueRequired":true,"valueName":"search_term_string"}}],"inLanguage":"hr"},{"@type":"Person","@id":"https:\/\/likemetkovic.hr\/#\/schema\/person\/a42711f3385a0e2be6f7e0443bfb28f0","name":"LIKEmetkovic.hr","sameAs":["http:\/\/likemetkovic.hr"],"url":"https:\/\/likemetkovic.hr\/portal\/author\/likemetkovic-hr\/"}]}},"_links":{"self":[{"href":"https:\/\/likemetkovic.hr\/portal\/wp-json\/wp\/v2\/posts\/66026","targetHints":{"allow":["GET"]}}],"collection":[{"href":"https:\/\/likemetkovic.hr\/portal\/wp-json\/wp\/v2\/posts"}],"about":[{"href":"https:\/\/likemetkovic.hr\/portal\/wp-json\/wp\/v2\/types\/post"}],"author":[{"embeddable":true,"href":"https:\/\/likemetkovic.hr\/portal\/wp-json\/wp\/v2\/users\/7"}],"replies":[{"embeddable":true,"href":"https:\/\/likemetkovic.hr\/portal\/wp-json\/wp\/v2\/comments?post=66026"}],"version-history":[{"count":0,"href":"https:\/\/likemetkovic.hr\/portal\/wp-json\/wp\/v2\/posts\/66026\/revisions"}],"wp:featuredmedia":[{"embeddable":true,"href":"https:\/\/likemetkovic.hr\/portal\/wp-json\/wp\/v2\/media\/66027"}],"wp:attachment":[{"href":"https:\/\/likemetkovic.hr\/portal\/wp-json\/wp\/v2\/media?parent=66026"}],"wp:term":[{"taxonomy":"category","embeddable":true,"href":"https:\/\/likemetkovic.hr\/portal\/wp-json\/wp\/v2\/categories?post=66026"},{"taxonomy":"post_tag","embeddable":true,"href":"https:\/\/likemetkovic.hr\/portal\/wp-json\/wp\/v2\/tags?post=66026"}],"curies":[{"name":"wp","href":"https:\/\/api.w.org\/{rel}","templated":true}]}}