{"id":66151,"date":"2018-08-08T11:23:21","date_gmt":"2018-08-08T09:23:21","guid":{"rendered":"http:\/\/likemetkovic.hr\/?p=66151"},"modified":"2018-08-08T14:50:45","modified_gmt":"2018-08-08T12:50:45","slug":"maraton-lada-2018-ove-godine-medu-uzvanicima-ce-biti-i-predsjednica-republike","status":"publish","type":"post","link":"https:\/\/likemetkovic.hr\/portal\/maraton-lada-2018-ove-godine-medu-uzvanicima-ce-biti-i-predsjednica-republike\/","title":{"rendered":"MARATON LA\u0110A 2018. Ove godine me\u0111u uzvanicima \u0107e biti i Predsjednica Republike"},"content":{"rendered":"<p>Na dana\u0161njoj konferenciji za medije predsjednik Udruge la\u0111ara Neretve <strong>Dalibor Obradovi\u0107<\/strong> izvijestio je javnost da \u0107e na ovogodi\u0161njem Maratonu la\u0111a me\u0111u uzvanicima biti i predsjednica <strong>Kolinda Grabar Kitarovi\u0107<\/strong>, pokroviteljica Maratona.<\/p>\n<p>Vladu RH \u0107e predstavljati ministar Damir Krsti\u010devi\u0107, Sabor zastupnik Branko Ba\u010di\u0107, a o\u010dekuje se i dolazak zagreba\u010dkog gradona\u010delnika Milana Bandi\u0107a sa suradnicima te \u017eupana Nikole Dobroslavi\u0107a.<\/p>\n<p>Start Maratona je ispod Lu\u010dkog mosta u Metkovi\u0107u u 17 sati. O\u010dekuje se da bi prve la\u0111e u do cilja u Plo\u010dama trebale do\u0107i za dva sata.<\/p>\n<p>Ove godine \u0107e<strong> Maraton veslati 26 ekipa<\/strong>, 4 manje nego pro\u0161le godine. Obradovi\u0107 je izvijestio da \u0107e biti pove\u0107an broj sudaca na vodi i kopnu, ukupno \u0107e biti 10 ekipa. Maraton \u0107e na vodi sa svojim plovilima osiguravati \u010dlanovi HGSS-a.<\/p>\n<p>Novost je da \u0107e ove godine <strong>zapovijedani brod biti<\/strong><i><strong> Jure i Joskan<\/strong><\/i> jer je dosada\u0161nji <i>Sea Star <\/i>pro\u0161le godine prodan u Portugal. Uz zapovijedi plovit \u0107e i brod <i>Felun<\/i>.<\/p>\n<p>Maraton je mogu\u0107e pratiti i iz <strong>navija\u010dkog vlaka<\/strong> za koji karata vi\u0161e nema. Svi koji imaju karte za vlak u subotu, 11 kolovoza na kolodvoru Metkovi\u0107u trebaju biti u 16:30, a povratak iz Plo\u010da je u 22 sata.<\/p>\n<h4>Danas brzinske, sutra Maraton la\u0111arica<\/h4>\n<p>Danas je Opuzenu s po\u010detkom u 18 sati <i>Kup Slobodne Dalmacije,<\/i> poznat kao <strong>brzinske utrke<\/strong> koje odre\u0111uju startni raspored la\u0111a.<\/p>\n<p>Sutra se vozi <i><strong>Maraton la\u0111arica<\/strong><\/i> koji je ove godine promijenio smjer, start je 18 sati kod Lu\u010dkog mosta u Metkovi\u0107u, a cilj u Opuzenu. Nastupit \u0107e 6 ekipa od koji su 3 izvan doline Neretve, a ovogodi\u0161nje debitantice dolaze iz Sombora. Stazu dugu 10 km cure bi trebale izveslati za 45 do 90 minuta, ovisino o uvjetima na vodi.<\/p>\n<p>Nakon Maratona la\u0111arica u Metkovi\u0107u \u0107e se na Trgu kralja Tomislava odr\u017eati <strong>No\u0107 la\u0111ara<\/strong> s po\u010detkom u 21 sat na kojem \u0107e biti dodjela priznanja najbr\u017eim la\u0111aricama.<\/p>\n","protected":false},"excerpt":{"rendered":"<p>Na dana\u0161njoj konferenciji za medije predsjednik Udruge la\u0111ara Neretve Dalibor Obradovi\u0107 izvijestio je javnost da \u0107e na ovogodi\u0161njem Maratonu la\u0111a me\u0111u uzvanicima biti i predsjednica Kolinda Grabar Kitarovi\u0107, pokroviteljica Maratona. Vladu RH \u0107e predstavljati ministar Damir Krsti\u010devi\u0107, Sabor zastupnik Branko Ba\u010di\u0107, a o\u010dekuje se i dolazak zagreba\u010dkog gradona\u010delnika Milana Bandi\u0107a sa suradnicima te \u017eupana Nikole [&hellip;]<\/p>\n","protected":false},"author":7,"featured_media":66152,"comment_status":"open","ping_status":"open","sticky":false,"template":"","format":"standard","meta":{"footnotes":""},"categories":[283,11],"tags":[3556],"class_list":{"0":"post-66151","1":"post","2":"type-post","3":"status-publish","4":"format-standard","5":"has-post-thumbnail","7":"category-a","8":"category-metkovic-dolina","9":"tag-maraton-lada-2018"},"yoast_head":"<!-- This site is optimized with the Yoast SEO plugin v25.2 - https:\/\/yoast.com\/wordpress\/plugins\/seo\/ -->\n<title>MARATON LA\u0110A 2018. Ove godine me\u0111u uzvanicima \u0107e biti i Predsjednica Republike - likemetkovic.hr<\/title>\n<meta name=\"robots\" content=\"index, follow, max-snippet:-1, max-image-preview:large, max-video-preview:-1\" \/>\n<link rel=\"canonical\" href=\"https:\/\/likemetkovic.hr\/maraton-lada-2018-ove-godine-medu-uzvanicima-ce-biti-i-predsjednica-republike\/\" \/>\n<meta property=\"og:locale\" content=\"hr_HR\" \/>\n<meta property=\"og:type\" content=\"article\" \/>\n<meta property=\"og:title\" content=\"MARATON LA\u0110A 2018. Ove godine me\u0111u uzvanicima \u0107e biti i Predsjednica Republike - likemetkovic.hr\" \/>\n<meta property=\"og:description\" content=\"Na dana\u0161njoj konferenciji za medije predsjednik Udruge la\u0111ara Neretve Dalibor Obradovi\u0107 izvijestio je javnost da \u0107e na ovogodi\u0161njem Maratonu la\u0111a me\u0111u uzvanicima biti i predsjednica Kolinda Grabar Kitarovi\u0107, pokroviteljica Maratona. Vladu RH \u0107e predstavljati ministar Damir Krsti\u010devi\u0107, Sabor zastupnik Branko Ba\u010di\u0107, a o\u010dekuje se i dolazak zagreba\u010dkog gradona\u010delnika Milana Bandi\u0107a sa suradnicima te \u017eupana Nikole [&hellip;]\" \/>\n<meta property=\"og:url\" content=\"https:\/\/likemetkovic.hr\/maraton-lada-2018-ove-godine-medu-uzvanicima-ce-biti-i-predsjednica-republike\/\" \/>\n<meta property=\"og:site_name\" content=\"likemetkovic.hr\" \/>\n<meta property=\"article:publisher\" content=\"https:\/\/www.facebook.com\/likemetkovic.hr\/\" \/>\n<meta property=\"article:published_time\" content=\"2018-08-08T09:23:21+00:00\" \/>\n<meta property=\"article:modified_time\" content=\"2018-08-08T12:50:45+00:00\" \/>\n<meta property=\"og:image\" content=\"https:\/\/likemetkovic.hr\/wp-content\/uploads\/2018\/08\/maraton-la\u0111a-konferencija-2.jpg\" \/>\n\t<meta property=\"og:image:width\" content=\"800\" \/>\n\t<meta property=\"og:image:height\" content=\"534\" \/>\n\t<meta property=\"og:image:type\" content=\"image\/jpeg\" \/>\n<meta name=\"author\" content=\"LIKEmetkovic.hr\" \/>\n<meta name=\"twitter:card\" content=\"summary_large_image\" \/>\n<meta name=\"twitter:label1\" content=\"Napisao\/la\" \/>\n\t<meta name=\"twitter:data1\" content=\"LIKEmetkovic.hr\" \/>\n\t<meta name=\"twitter:label2\" content=\"Procijenjeno vrijeme \u010ditanja\" \/>\n\t<meta name=\"twitter:data2\" content=\"2 minute\" \/>\n<script type=\"application\/ld+json\" class=\"yoast-schema-graph\">{\"@context\":\"https:\/\/schema.org\",\"@graph\":[{\"@type\":\"WebPage\",\"@id\":\"https:\/\/likemetkovic.hr\/maraton-lada-2018-ove-godine-medu-uzvanicima-ce-biti-i-predsjednica-republike\/\",\"url\":\"https:\/\/likemetkovic.hr\/maraton-lada-2018-ove-godine-medu-uzvanicima-ce-biti-i-predsjednica-republike\/\",\"name\":\"MARATON LA\u0110A 2018. Ove godine me\u0111u uzvanicima \u0107e biti i Predsjednica Republike - likemetkovic.hr\",\"isPartOf\":{\"@id\":\"https:\/\/likemetkovic.hr\/#website\"},\"primaryImageOfPage\":{\"@id\":\"https:\/\/likemetkovic.hr\/maraton-lada-2018-ove-godine-medu-uzvanicima-ce-biti-i-predsjednica-republike\/#primaryimage\"},\"image\":{\"@id\":\"https:\/\/likemetkovic.hr\/maraton-lada-2018-ove-godine-medu-uzvanicima-ce-biti-i-predsjednica-republike\/#primaryimage\"},\"thumbnailUrl\":\"https:\/\/likemetkovic.hr\/portal\/wp-content\/uploads\/2018\/08\/maraton-la\u0111a-konferencija-2.jpg\",\"datePublished\":\"2018-08-08T09:23:21+00:00\",\"dateModified\":\"2018-08-08T12:50:45+00:00\",\"author\":{\"@id\":\"https:\/\/likemetkovic.hr\/#\/schema\/person\/a42711f3385a0e2be6f7e0443bfb28f0\"},\"breadcrumb\":{\"@id\":\"https:\/\/likemetkovic.hr\/maraton-lada-2018-ove-godine-medu-uzvanicima-ce-biti-i-predsjednica-republike\/#breadcrumb\"},\"inLanguage\":\"hr\",\"potentialAction\":[{\"@type\":\"ReadAction\",\"target\":[\"https:\/\/likemetkovic.hr\/maraton-lada-2018-ove-godine-medu-uzvanicima-ce-biti-i-predsjednica-republike\/\"]}]},{\"@type\":\"ImageObject\",\"inLanguage\":\"hr\",\"@id\":\"https:\/\/likemetkovic.hr\/maraton-lada-2018-ove-godine-medu-uzvanicima-ce-biti-i-predsjednica-republike\/#primaryimage\",\"url\":\"https:\/\/likemetkovic.hr\/portal\/wp-content\/uploads\/2018\/08\/maraton-la\u0111a-konferencija-2.jpg\",\"contentUrl\":\"https:\/\/likemetkovic.hr\/portal\/wp-content\/uploads\/2018\/08\/maraton-la\u0111a-konferencija-2.jpg\",\"width\":800,\"height\":534},{\"@type\":\"BreadcrumbList\",\"@id\":\"https:\/\/likemetkovic.hr\/maraton-lada-2018-ove-godine-medu-uzvanicima-ce-biti-i-predsjednica-republike\/#breadcrumb\",\"itemListElement\":[{\"@type\":\"ListItem\",\"position\":1,\"name\":\"Po\u010detna stranica\",\"item\":\"https:\/\/likemetkovic.hr\/portal\/\"},{\"@type\":\"ListItem\",\"position\":2,\"name\":\"MARATON LA\u0110A 2018. Ove godine me\u0111u uzvanicima \u0107e biti i Predsjednica Republike\"}]},{\"@type\":\"WebSite\",\"@id\":\"https:\/\/likemetkovic.hr\/#website\",\"url\":\"https:\/\/likemetkovic.hr\/\",\"name\":\"likemetkovic.hr\",\"description\":\"Misli pozitivno... \u010ditaj LIKE\",\"potentialAction\":[{\"@type\":\"SearchAction\",\"target\":{\"@type\":\"EntryPoint\",\"urlTemplate\":\"https:\/\/likemetkovic.hr\/?s={search_term_string}\"},\"query-input\":{\"@type\":\"PropertyValueSpecification\",\"valueRequired\":true,\"valueName\":\"search_term_string\"}}],\"inLanguage\":\"hr\"},{\"@type\":\"Person\",\"@id\":\"https:\/\/likemetkovic.hr\/#\/schema\/person\/a42711f3385a0e2be6f7e0443bfb28f0\",\"name\":\"LIKEmetkovic.hr\",\"sameAs\":[\"http:\/\/likemetkovic.hr\"],\"url\":\"https:\/\/likemetkovic.hr\/portal\/author\/likemetkovic-hr\/\"}]}<\/script>\n<!-- \/ Yoast SEO plugin. -->","yoast_head_json":{"title":"MARATON LA\u0110A 2018. Ove godine me\u0111u uzvanicima \u0107e biti i Predsjednica Republike - likemetkovic.hr","robots":{"index":"index","follow":"follow","max-snippet":"max-snippet:-1","max-image-preview":"max-image-preview:large","max-video-preview":"max-video-preview:-1"},"canonical":"https:\/\/likemetkovic.hr\/maraton-lada-2018-ove-godine-medu-uzvanicima-ce-biti-i-predsjednica-republike\/","og_locale":"hr_HR","og_type":"article","og_title":"MARATON LA\u0110A 2018. Ove godine me\u0111u uzvanicima \u0107e biti i Predsjednica Republike - likemetkovic.hr","og_description":"Na dana\u0161njoj konferenciji za medije predsjednik Udruge la\u0111ara Neretve Dalibor Obradovi\u0107 izvijestio je javnost da \u0107e na ovogodi\u0161njem Maratonu la\u0111a me\u0111u uzvanicima biti i predsjednica Kolinda Grabar Kitarovi\u0107, pokroviteljica Maratona. Vladu RH \u0107e predstavljati ministar Damir Krsti\u010devi\u0107, Sabor zastupnik Branko Ba\u010di\u0107, a o\u010dekuje se i dolazak zagreba\u010dkog gradona\u010delnika Milana Bandi\u0107a sa suradnicima te \u017eupana Nikole [&hellip;]","og_url":"https:\/\/likemetkovic.hr\/maraton-lada-2018-ove-godine-medu-uzvanicima-ce-biti-i-predsjednica-republike\/","og_site_name":"likemetkovic.hr","article_publisher":"https:\/\/www.facebook.com\/likemetkovic.hr\/","article_published_time":"2018-08-08T09:23:21+00:00","article_modified_time":"2018-08-08T12:50:45+00:00","og_image":[{"width":800,"height":534,"url":"https:\/\/likemetkovic.hr\/wp-content\/uploads\/2018\/08\/maraton-la\u0111a-konferencija-2.jpg","type":"image\/jpeg"}],"author":"LIKEmetkovic.hr","twitter_card":"summary_large_image","twitter_misc":{"Napisao\/la":"LIKEmetkovic.hr","Procijenjeno vrijeme \u010ditanja":"2 minute"},"schema":{"@context":"https:\/\/schema.org","@graph":[{"@type":"WebPage","@id":"https:\/\/likemetkovic.hr\/maraton-lada-2018-ove-godine-medu-uzvanicima-ce-biti-i-predsjednica-republike\/","url":"https:\/\/likemetkovic.hr\/maraton-lada-2018-ove-godine-medu-uzvanicima-ce-biti-i-predsjednica-republike\/","name":"MARATON LA\u0110A 2018. Ove godine me\u0111u uzvanicima \u0107e biti i Predsjednica Republike - likemetkovic.hr","isPartOf":{"@id":"https:\/\/likemetkovic.hr\/#website"},"primaryImageOfPage":{"@id":"https:\/\/likemetkovic.hr\/maraton-lada-2018-ove-godine-medu-uzvanicima-ce-biti-i-predsjednica-republike\/#primaryimage"},"image":{"@id":"https:\/\/likemetkovic.hr\/maraton-lada-2018-ove-godine-medu-uzvanicima-ce-biti-i-predsjednica-republike\/#primaryimage"},"thumbnailUrl":"https:\/\/likemetkovic.hr\/portal\/wp-content\/uploads\/2018\/08\/maraton-la\u0111a-konferencija-2.jpg","datePublished":"2018-08-08T09:23:21+00:00","dateModified":"2018-08-08T12:50:45+00:00","author":{"@id":"https:\/\/likemetkovic.hr\/#\/schema\/person\/a42711f3385a0e2be6f7e0443bfb28f0"},"breadcrumb":{"@id":"https:\/\/likemetkovic.hr\/maraton-lada-2018-ove-godine-medu-uzvanicima-ce-biti-i-predsjednica-republike\/#breadcrumb"},"inLanguage":"hr","potentialAction":[{"@type":"ReadAction","target":["https:\/\/likemetkovic.hr\/maraton-lada-2018-ove-godine-medu-uzvanicima-ce-biti-i-predsjednica-republike\/"]}]},{"@type":"ImageObject","inLanguage":"hr","@id":"https:\/\/likemetkovic.hr\/maraton-lada-2018-ove-godine-medu-uzvanicima-ce-biti-i-predsjednica-republike\/#primaryimage","url":"https:\/\/likemetkovic.hr\/portal\/wp-content\/uploads\/2018\/08\/maraton-la\u0111a-konferencija-2.jpg","contentUrl":"https:\/\/likemetkovic.hr\/portal\/wp-content\/uploads\/2018\/08\/maraton-la\u0111a-konferencija-2.jpg","width":800,"height":534},{"@type":"BreadcrumbList","@id":"https:\/\/likemetkovic.hr\/maraton-lada-2018-ove-godine-medu-uzvanicima-ce-biti-i-predsjednica-republike\/#breadcrumb","itemListElement":[{"@type":"ListItem","position":1,"name":"Po\u010detna stranica","item":"https:\/\/likemetkovic.hr\/portal\/"},{"@type":"ListItem","position":2,"name":"MARATON LA\u0110A 2018. Ove godine me\u0111u uzvanicima \u0107e biti i Predsjednica Republike"}]},{"@type":"WebSite","@id":"https:\/\/likemetkovic.hr\/#website","url":"https:\/\/likemetkovic.hr\/","name":"likemetkovic.hr","description":"Misli pozitivno... \u010ditaj LIKE","potentialAction":[{"@type":"SearchAction","target":{"@type":"EntryPoint","urlTemplate":"https:\/\/likemetkovic.hr\/?s={search_term_string}"},"query-input":{"@type":"PropertyValueSpecification","valueRequired":true,"valueName":"search_term_string"}}],"inLanguage":"hr"},{"@type":"Person","@id":"https:\/\/likemetkovic.hr\/#\/schema\/person\/a42711f3385a0e2be6f7e0443bfb28f0","name":"LIKEmetkovic.hr","sameAs":["http:\/\/likemetkovic.hr"],"url":"https:\/\/likemetkovic.hr\/portal\/author\/likemetkovic-hr\/"}]}},"_links":{"self":[{"href":"https:\/\/likemetkovic.hr\/portal\/wp-json\/wp\/v2\/posts\/66151","targetHints":{"allow":["GET"]}}],"collection":[{"href":"https:\/\/likemetkovic.hr\/portal\/wp-json\/wp\/v2\/posts"}],"about":[{"href":"https:\/\/likemetkovic.hr\/portal\/wp-json\/wp\/v2\/types\/post"}],"author":[{"embeddable":true,"href":"https:\/\/likemetkovic.hr\/portal\/wp-json\/wp\/v2\/users\/7"}],"replies":[{"embeddable":true,"href":"https:\/\/likemetkovic.hr\/portal\/wp-json\/wp\/v2\/comments?post=66151"}],"version-history":[{"count":0,"href":"https:\/\/likemetkovic.hr\/portal\/wp-json\/wp\/v2\/posts\/66151\/revisions"}],"wp:featuredmedia":[{"embeddable":true,"href":"https:\/\/likemetkovic.hr\/portal\/wp-json\/wp\/v2\/media\/66152"}],"wp:attachment":[{"href":"https:\/\/likemetkovic.hr\/portal\/wp-json\/wp\/v2\/media?parent=66151"}],"wp:term":[{"taxonomy":"category","embeddable":true,"href":"https:\/\/likemetkovic.hr\/portal\/wp-json\/wp\/v2\/categories?post=66151"},{"taxonomy":"post_tag","embeddable":true,"href":"https:\/\/likemetkovic.hr\/portal\/wp-json\/wp\/v2\/tags?post=66151"}],"curies":[{"name":"wp","href":"https:\/\/api.w.org\/{rel}","templated":true}]}}