{"id":66245,"date":"2018-08-09T23:35:43","date_gmt":"2018-08-09T21:35:43","guid":{"rendered":"http:\/\/likemetkovic.hr\/?p=66245"},"modified":"2018-08-09T23:35:43","modified_gmt":"2018-08-09T21:35:43","slug":"peti-maraton-ladarica-pripao-je-bjelovarskim-nereidama","status":"publish","type":"post","link":"https:\/\/likemetkovic.hr\/portal\/peti-maraton-ladarica-pripao-je-bjelovarskim-nereidama\/","title":{"rendered":"Peti Maraton la\u0111arica pripao je bjelovarskim Nereidama"},"content":{"rendered":"<p>Danas popodne je u organizaciji Udruge la\u0111ara Neretve odr\u017ean <strong>5. Maraton la\u0111arica<\/strong>\u00a0na kojem je nastupilo \u0161est \u017eenskih ekipa i koji se ovoga puta veslao nizvodno od Metkovi\u0107a do Opuzena.<\/p>\n<p>Stazu dugu 10 km najbr\u017ee su odveslale bjelovarske\u00a0<strong>Nereide<\/strong> koje je za ovogodi\u0161nji maraton pripremao kanuist Nikica Ljubek, sin legendarnog Matije Ljubeka.<\/p>\n<p>Drugoplasirana je bila mlada ekipa iz<strong> Opuzena <\/strong>koja se okuplja oko Udruge za o\u010duvanje neretvanske ba\u0161tine, a tre\u0107eplasirane su bile iskusne <strong>Metkovke.<\/strong><\/p>\n<p>Ukupni poredak:<\/p>\n<ol>\n<li>Nereide &#8211; Bjelovar<\/li>\n<li>Opuzen<\/li>\n<li>Metkovke<\/li>\n<li>Sisak<\/li>\n<li>Gusarice &#8211; Metkovi\u0107<\/li>\n<li><span class=\"text_exposed_show\">Sala\u0161arke &#8211; Sombor<\/span><\/li>\n<\/ol>\n<p>Sve\u010dana dodjela nagrada je bila u Metkovi\u0107u na Trgu kralja Tomislava nakon koje je uslijedila tradicionalna <em>No\u0107 la\u0111ara<\/em>.<\/p>\n\r\n                <style type=\"text\/css\">\r\n                    \r\n                    #tdi_1  .td-doubleSlider-2 .td-item1 {\r\n                        background: url(https:\/\/likemetkovic.hr\/portal\/wp-content\/uploads\/2018\/08\/5.-maraton-la\u0111arica-1-80x60.jpg) 0 0 no-repeat;\r\n                    }\r\n                    #tdi_1  .td-doubleSlider-2 .td-item2 {\r\n                        background: url(https:\/\/likemetkovic.hr\/portal\/wp-content\/uploads\/2018\/08\/5.-maraton-la\u0111arica-2-80x60.jpg) 0 0 no-repeat;\r\n                    }\r\n                    #tdi_1  .td-doubleSlider-2 .td-item3 {\r\n                        background: url(https:\/\/likemetkovic.hr\/portal\/wp-content\/uploads\/2018\/08\/5.-maraton-la\u0111arica-3-80x60.jpg) 0 0 no-repeat;\r\n                    }\r\n                    #tdi_1  .td-doubleSlider-2 .td-item4 {\r\n                        background: url(https:\/\/likemetkovic.hr\/portal\/wp-content\/uploads\/2018\/08\/5.-maraton-la\u0111arica-4-80x60.jpg) 0 0 no-repeat;\r\n                    }\r\n                    #tdi_1  .td-doubleSlider-2 .td-item5 {\r\n                        background: url(https:\/\/likemetkovic.hr\/portal\/wp-content\/uploads\/2018\/08\/5.-maraton-la\u0111arica-6-80x60.jpg) 0 0 no-repeat;\r\n                    }\r\n                    #tdi_1  .td-doubleSlider-2 .td-item6 {\r\n                        background: url(https:\/\/likemetkovic.hr\/portal\/wp-content\/uploads\/2018\/08\/5.-maraton-la\u0111arica-8-80x60.jpg) 0 0 no-repeat;\r\n                    }\r\n                    #tdi_1  .td-doubleSlider-2 .td-item7 {\r\n                        background: url(https:\/\/likemetkovic.hr\/portal\/wp-content\/uploads\/2018\/08\/5.-maraton-la\u0111arica-9-80x60.jpg) 0 0 no-repeat;\r\n                    }\r\n                    #tdi_1  .td-doubleSlider-2 .td-item8 {\r\n                        background: url(https:\/\/likemetkovic.hr\/portal\/wp-content\/uploads\/2018\/08\/5.-maraton-la\u0111arica-10-80x60.jpg) 0 0 no-repeat;\r\n                    }\r\n                    #tdi_1  .td-doubleSlider-2 .td-item9 {\r\n                        background: url(https:\/\/likemetkovic.hr\/portal\/wp-content\/uploads\/2018\/08\/5.-maraton-la\u0111arica-11-80x60.jpg) 0 0 no-repeat;\r\n                    }\r\n                    #tdi_1  .td-doubleSlider-2 .td-item10 {\r\n                        background: url(https:\/\/likemetkovic.hr\/portal\/wp-content\/uploads\/2018\/08\/5.-maraton-la\u0111arica-12-80x60.jpg) 0 0 no-repeat;\r\n                    }\r\n                    #tdi_1  .td-doubleSlider-2 .td-item11 {\r\n                        background: url(https:\/\/likemetkovic.hr\/portal\/wp-content\/uploads\/2018\/08\/5.-maraton-la\u0111arica-13-80x60.jpg) 0 0 no-repeat;\r\n                    }\r\n                    #tdi_1  .td-doubleSlider-2 .td-item12 {\r\n                        background: url(https:\/\/likemetkovic.hr\/portal\/wp-content\/uploads\/2018\/08\/5.-maraton-la\u0111arica-14-80x60.jpg) 0 0 no-repeat;\r\n                    }\r\n                    #tdi_1  .td-doubleSlider-2 .td-item13 {\r\n                        background: url(https:\/\/likemetkovic.hr\/portal\/wp-content\/uploads\/2018\/08\/5.-maraton-la\u0111arica-15-80x60.jpg) 0 0 no-repeat;\r\n                    }\r\n                    #tdi_1  .td-doubleSlider-2 .td-item14 {\r\n                        background: url(https:\/\/likemetkovic.hr\/portal\/wp-content\/uploads\/2018\/08\/5.-maraton-la\u0111arica-16-80x60.jpg) 0 0 no-repeat;\r\n                    }\r\n                    #tdi_1  .td-doubleSlider-2 .td-item15 {\r\n                        background: url(https:\/\/likemetkovic.hr\/portal\/wp-content\/uploads\/2018\/08\/5.-maraton-la\u0111arica-17-80x60.jpg) 0 0 no-repeat;\r\n                    }\r\n                    #tdi_1  .td-doubleSlider-2 .td-item16 {\r\n                        background: url(https:\/\/likemetkovic.hr\/portal\/wp-content\/uploads\/2018\/08\/5.-maraton-la\u0111arica-18-80x60.jpg) 0 0 no-repeat;\r\n                    }\r\n                <\/style>\r\n\r\n                <div id=\"tdi_1\" class=\"td-gallery td-slide-on-2-columns\">\r\n                    <div class=\"post_td_gallery\">\r\n                        <div class=\"td-gallery-slide-top\">\r\n                           <div class=\"td-gallery-title\"><\/div>\r\n\r\n                            <div class=\"td-gallery-controls-wrapper\">\r\n                                <div class=\"td-gallery-slide-count\"><span class=\"td-gallery-slide-item-focus\">1<\/span> of 16<\/div>\r\n                                <div class=\"td-gallery-slide-prev-next-but\">\r\n                                    <i class = \"td-icon-left doubleSliderPrevButton\"><\/i>\r\n                                    <i class = \"td-icon-right doubleSliderNextButton\"><\/i>\r\n                                <\/div>\r\n                            <\/div>\r\n                        <\/div>\r\n\r\n                        <div class = \"td-doubleSlider-1 \">\r\n                            <div class = \"td-slider\">\r\n                                \r\n                    <div class = \"td-slide-item td-item1\">\r\n                        <figure class=\"td-slide-galery-figure td-slide-popup-gallery\">\r\n                            <a class=\"slide-gallery-image-link\" href=\"https:\/\/likemetkovic.hr\/portal\/wp-content\/uploads\/2018\/08\/5.-maraton-la\u0111arica-1.jpg\" title=\"5. maraton la\u0111arica (1)\"  data-caption=\"\"  data-description=\"\">\r\n                                <img decoding=\"async\" src=\"https:\/\/likemetkovic.hr\/portal\/wp-content\/uploads\/2018\/08\/5.-maraton-la\u0111arica-1-629x420.jpg\" srcset=\"https:\/\/likemetkovic.hr\/portal\/wp-content\/uploads\/2018\/08\/5.-maraton-la\u0111arica-1-629x420.jpg 629w, https:\/\/likemetkovic.hr\/portal\/wp-content\/uploads\/2018\/08\/5.-maraton-la\u0111arica-1.jpg 800w, https:\/\/likemetkovic.hr\/portal\/wp-content\/uploads\/2018\/08\/5.-maraton-la\u0111arica-1-768x513.jpg 768w, https:\/\/likemetkovic.hr\/portal\/wp-content\/uploads\/2018\/08\/5.-maraton-la\u0111arica-1-696x465.jpg 696w\" sizes=\"(max-width: 629px) 100vw, 629px\" alt=\"\">\r\n                            <\/a>\r\n                            \r\n                        <\/figure>\r\n                    <\/div>\r\n                    <div class = \"td-slide-item td-item2\">\r\n                        <figure class=\"td-slide-galery-figure td-slide-popup-gallery\">\r\n                            <a class=\"slide-gallery-image-link\" href=\"https:\/\/likemetkovic.hr\/portal\/wp-content\/uploads\/2018\/08\/5.-maraton-la\u0111arica-2.jpg\" title=\"5. maraton la\u0111arica (2)\"  data-caption=\"\"  data-description=\"\">\r\n                                <img decoding=\"async\" src=\"https:\/\/likemetkovic.hr\/portal\/wp-content\/uploads\/2018\/08\/5.-maraton-la\u0111arica-2-629x420.jpg\" srcset=\"https:\/\/likemetkovic.hr\/portal\/wp-content\/uploads\/2018\/08\/5.-maraton-la\u0111arica-2-629x420.jpg 629w, https:\/\/likemetkovic.hr\/portal\/wp-content\/uploads\/2018\/08\/5.-maraton-la\u0111arica-2.jpg 800w, https:\/\/likemetkovic.hr\/portal\/wp-content\/uploads\/2018\/08\/5.-maraton-la\u0111arica-2-768x513.jpg 768w, https:\/\/likemetkovic.hr\/portal\/wp-content\/uploads\/2018\/08\/5.-maraton-la\u0111arica-2-696x465.jpg 696w\" sizes=\"(max-width: 629px) 100vw, 629px\" alt=\"\">\r\n                            <\/a>\r\n                            \r\n                        <\/figure>\r\n                    <\/div>\r\n                    <div class = \"td-slide-item td-item3\">\r\n                        <figure class=\"td-slide-galery-figure td-slide-popup-gallery\">\r\n                            <a class=\"slide-gallery-image-link\" href=\"https:\/\/likemetkovic.hr\/portal\/wp-content\/uploads\/2018\/08\/5.-maraton-la\u0111arica-3.jpg\" title=\"5. maraton la\u0111arica (3)\"  data-caption=\"\"  data-description=\"\">\r\n                                <img decoding=\"async\" src=\"https:\/\/likemetkovic.hr\/portal\/wp-content\/uploads\/2018\/08\/5.-maraton-la\u0111arica-3-629x420.jpg\" srcset=\"https:\/\/likemetkovic.hr\/portal\/wp-content\/uploads\/2018\/08\/5.-maraton-la\u0111arica-3-629x420.jpg 629w, https:\/\/likemetkovic.hr\/portal\/wp-content\/uploads\/2018\/08\/5.-maraton-la\u0111arica-3.jpg 800w, https:\/\/likemetkovic.hr\/portal\/wp-content\/uploads\/2018\/08\/5.-maraton-la\u0111arica-3-768x513.jpg 768w, https:\/\/likemetkovic.hr\/portal\/wp-content\/uploads\/2018\/08\/5.-maraton-la\u0111arica-3-696x465.jpg 696w\" sizes=\"(max-width: 629px) 100vw, 629px\" alt=\"\">\r\n                            <\/a>\r\n                            \r\n                        <\/figure>\r\n                    <\/div>\r\n                    <div class = \"td-slide-item td-item4\">\r\n                        <figure class=\"td-slide-galery-figure td-slide-popup-gallery\">\r\n                            <a class=\"slide-gallery-image-link\" href=\"https:\/\/likemetkovic.hr\/portal\/wp-content\/uploads\/2018\/08\/5.-maraton-la\u0111arica-4.jpg\" title=\"5. maraton la\u0111arica (4)\"  data-caption=\"\"  data-description=\"\">\r\n                                <img decoding=\"async\" src=\"https:\/\/likemetkovic.hr\/portal\/wp-content\/uploads\/2018\/08\/5.-maraton-la\u0111arica-4-629x420.jpg\" srcset=\"https:\/\/likemetkovic.hr\/portal\/wp-content\/uploads\/2018\/08\/5.-maraton-la\u0111arica-4-629x420.jpg 629w, https:\/\/likemetkovic.hr\/portal\/wp-content\/uploads\/2018\/08\/5.-maraton-la\u0111arica-4.jpg 800w, https:\/\/likemetkovic.hr\/portal\/wp-content\/uploads\/2018\/08\/5.-maraton-la\u0111arica-4-768x513.jpg 768w, https:\/\/likemetkovic.hr\/portal\/wp-content\/uploads\/2018\/08\/5.-maraton-la\u0111arica-4-696x465.jpg 696w\" sizes=\"(max-width: 629px) 100vw, 629px\" alt=\"\">\r\n                            <\/a>\r\n                            \r\n                        <\/figure>\r\n                    <\/div>\r\n                    <div class = \"td-slide-item td-item5\">\r\n                        <figure class=\"td-slide-galery-figure td-slide-popup-gallery\">\r\n                            <a class=\"slide-gallery-image-link\" href=\"https:\/\/likemetkovic.hr\/portal\/wp-content\/uploads\/2018\/08\/5.-maraton-la\u0111arica-6.jpg\" title=\"5. maraton la\u0111arica (6)\"  data-caption=\"\"  data-description=\"\">\r\n                                <img decoding=\"async\" src=\"https:\/\/likemetkovic.hr\/portal\/wp-content\/uploads\/2018\/08\/5.-maraton-la\u0111arica-6-629x420.jpg\" srcset=\"https:\/\/likemetkovic.hr\/portal\/wp-content\/uploads\/2018\/08\/5.-maraton-la\u0111arica-6-629x420.jpg 629w, https:\/\/likemetkovic.hr\/portal\/wp-content\/uploads\/2018\/08\/5.-maraton-la\u0111arica-6.jpg 800w, https:\/\/likemetkovic.hr\/portal\/wp-content\/uploads\/2018\/08\/5.-maraton-la\u0111arica-6-768x513.jpg 768w, https:\/\/likemetkovic.hr\/portal\/wp-content\/uploads\/2018\/08\/5.-maraton-la\u0111arica-6-696x465.jpg 696w\" sizes=\"(max-width: 629px) 100vw, 629px\" alt=\"\">\r\n                            <\/a>\r\n                            \r\n                        <\/figure>\r\n                    <\/div>\r\n                    <div class = \"td-slide-item td-item6\">\r\n                        <figure class=\"td-slide-galery-figure td-slide-popup-gallery\">\r\n                            <a class=\"slide-gallery-image-link\" href=\"https:\/\/likemetkovic.hr\/portal\/wp-content\/uploads\/2018\/08\/5.-maraton-la\u0111arica-8.jpg\" title=\"5. maraton la\u0111arica (8)\"  data-caption=\"\"  data-description=\"\">\r\n                                <img decoding=\"async\" src=\"https:\/\/likemetkovic.hr\/portal\/wp-content\/uploads\/2018\/08\/5.-maraton-la\u0111arica-8-629x420.jpg\" srcset=\"https:\/\/likemetkovic.hr\/portal\/wp-content\/uploads\/2018\/08\/5.-maraton-la\u0111arica-8-629x420.jpg 629w, https:\/\/likemetkovic.hr\/portal\/wp-content\/uploads\/2018\/08\/5.-maraton-la\u0111arica-8.jpg 800w, https:\/\/likemetkovic.hr\/portal\/wp-content\/uploads\/2018\/08\/5.-maraton-la\u0111arica-8-768x513.jpg 768w, https:\/\/likemetkovic.hr\/portal\/wp-content\/uploads\/2018\/08\/5.-maraton-la\u0111arica-8-696x465.jpg 696w\" sizes=\"(max-width: 629px) 100vw, 629px\" alt=\"\">\r\n                            <\/a>\r\n                            \r\n                        <\/figure>\r\n                    <\/div>\r\n                    <div class = \"td-slide-item td-item7\">\r\n                        <figure class=\"td-slide-galery-figure td-slide-popup-gallery\">\r\n                            <a class=\"slide-gallery-image-link\" href=\"https:\/\/likemetkovic.hr\/portal\/wp-content\/uploads\/2018\/08\/5.-maraton-la\u0111arica-9.jpg\" title=\"5. maraton la\u0111arica (9)\"  data-caption=\"\"  data-description=\"\">\r\n                                <img decoding=\"async\" src=\"https:\/\/likemetkovic.hr\/portal\/wp-content\/uploads\/2018\/08\/5.-maraton-la\u0111arica-9-629x420.jpg\" srcset=\"https:\/\/likemetkovic.hr\/portal\/wp-content\/uploads\/2018\/08\/5.-maraton-la\u0111arica-9-629x420.jpg 629w, https:\/\/likemetkovic.hr\/portal\/wp-content\/uploads\/2018\/08\/5.-maraton-la\u0111arica-9.jpg 800w, https:\/\/likemetkovic.hr\/portal\/wp-content\/uploads\/2018\/08\/5.-maraton-la\u0111arica-9-768x513.jpg 768w, https:\/\/likemetkovic.hr\/portal\/wp-content\/uploads\/2018\/08\/5.-maraton-la\u0111arica-9-696x465.jpg 696w\" sizes=\"(max-width: 629px) 100vw, 629px\" alt=\"\">\r\n                            <\/a>\r\n                            \r\n                        <\/figure>\r\n                    <\/div>\r\n                    <div class = \"td-slide-item td-item8\">\r\n                        <figure class=\"td-slide-galery-figure td-slide-popup-gallery\">\r\n                            <a class=\"slide-gallery-image-link\" href=\"https:\/\/likemetkovic.hr\/portal\/wp-content\/uploads\/2018\/08\/5.-maraton-la\u0111arica-10.jpg\" title=\"5. maraton la\u0111arica (10)\"  data-caption=\"\"  data-description=\"\">\r\n                                <img decoding=\"async\" src=\"https:\/\/likemetkovic.hr\/portal\/wp-content\/uploads\/2018\/08\/5.-maraton-la\u0111arica-10-629x420.jpg\" srcset=\"https:\/\/likemetkovic.hr\/portal\/wp-content\/uploads\/2018\/08\/5.-maraton-la\u0111arica-10-629x420.jpg 629w, https:\/\/likemetkovic.hr\/portal\/wp-content\/uploads\/2018\/08\/5.-maraton-la\u0111arica-10.jpg 800w, https:\/\/likemetkovic.hr\/portal\/wp-content\/uploads\/2018\/08\/5.-maraton-la\u0111arica-10-768x513.jpg 768w, https:\/\/likemetkovic.hr\/portal\/wp-content\/uploads\/2018\/08\/5.-maraton-la\u0111arica-10-696x465.jpg 696w\" sizes=\"(max-width: 629px) 100vw, 629px\" alt=\"\">\r\n                            <\/a>\r\n                            \r\n                        <\/figure>\r\n                    <\/div>\r\n                    <div class = \"td-slide-item td-item9\">\r\n                        <figure class=\"td-slide-galery-figure td-slide-popup-gallery\">\r\n                            <a class=\"slide-gallery-image-link\" href=\"https:\/\/likemetkovic.hr\/portal\/wp-content\/uploads\/2018\/08\/5.-maraton-la\u0111arica-11.jpg\" title=\"5. maraton la\u0111arica (11)\"  data-caption=\"\"  data-description=\"\">\r\n                                <img decoding=\"async\" src=\"https:\/\/likemetkovic.hr\/portal\/wp-content\/uploads\/2018\/08\/5.-maraton-la\u0111arica-11-629x420.jpg\" srcset=\"https:\/\/likemetkovic.hr\/portal\/wp-content\/uploads\/2018\/08\/5.-maraton-la\u0111arica-11-629x420.jpg 629w, https:\/\/likemetkovic.hr\/portal\/wp-content\/uploads\/2018\/08\/5.-maraton-la\u0111arica-11.jpg 800w, https:\/\/likemetkovic.hr\/portal\/wp-content\/uploads\/2018\/08\/5.-maraton-la\u0111arica-11-768x513.jpg 768w, https:\/\/likemetkovic.hr\/portal\/wp-content\/uploads\/2018\/08\/5.-maraton-la\u0111arica-11-696x465.jpg 696w\" sizes=\"(max-width: 629px) 100vw, 629px\" alt=\"\">\r\n                            <\/a>\r\n                            \r\n                        <\/figure>\r\n                    <\/div>\r\n                    <div class = \"td-slide-item td-item10\">\r\n                        <figure class=\"td-slide-galery-figure td-slide-popup-gallery\">\r\n                            <a class=\"slide-gallery-image-link\" href=\"https:\/\/likemetkovic.hr\/portal\/wp-content\/uploads\/2018\/08\/5.-maraton-la\u0111arica-12.jpg\" title=\"5. maraton la\u0111arica (12)\"  data-caption=\"\"  data-description=\"\">\r\n                                <img decoding=\"async\" src=\"https:\/\/likemetkovic.hr\/portal\/wp-content\/uploads\/2018\/08\/5.-maraton-la\u0111arica-12-629x420.jpg\" srcset=\"https:\/\/likemetkovic.hr\/portal\/wp-content\/uploads\/2018\/08\/5.-maraton-la\u0111arica-12-629x420.jpg 629w, https:\/\/likemetkovic.hr\/portal\/wp-content\/uploads\/2018\/08\/5.-maraton-la\u0111arica-12.jpg 800w, https:\/\/likemetkovic.hr\/portal\/wp-content\/uploads\/2018\/08\/5.-maraton-la\u0111arica-12-768x513.jpg 768w, https:\/\/likemetkovic.hr\/portal\/wp-content\/uploads\/2018\/08\/5.-maraton-la\u0111arica-12-696x465.jpg 696w\" sizes=\"(max-width: 629px) 100vw, 629px\" alt=\"\">\r\n                            <\/a>\r\n                            \r\n                        <\/figure>\r\n                    <\/div>\r\n                    <div class = \"td-slide-item td-item11\">\r\n                        <figure class=\"td-slide-galery-figure td-slide-popup-gallery\">\r\n                            <a class=\"slide-gallery-image-link\" href=\"https:\/\/likemetkovic.hr\/portal\/wp-content\/uploads\/2018\/08\/5.-maraton-la\u0111arica-13.jpg\" title=\"5. maraton la\u0111arica (13)\"  data-caption=\"\"  data-description=\"\">\r\n                                <img decoding=\"async\" src=\"https:\/\/likemetkovic.hr\/portal\/wp-content\/uploads\/2018\/08\/5.-maraton-la\u0111arica-13-629x420.jpg\" srcset=\"https:\/\/likemetkovic.hr\/portal\/wp-content\/uploads\/2018\/08\/5.-maraton-la\u0111arica-13-629x420.jpg 629w, https:\/\/likemetkovic.hr\/portal\/wp-content\/uploads\/2018\/08\/5.-maraton-la\u0111arica-13.jpg 800w, https:\/\/likemetkovic.hr\/portal\/wp-content\/uploads\/2018\/08\/5.-maraton-la\u0111arica-13-768x513.jpg 768w, https:\/\/likemetkovic.hr\/portal\/wp-content\/uploads\/2018\/08\/5.-maraton-la\u0111arica-13-696x465.jpg 696w\" sizes=\"(max-width: 629px) 100vw, 629px\" alt=\"\">\r\n                            <\/a>\r\n                            \r\n                        <\/figure>\r\n                    <\/div>\r\n                    <div class = \"td-slide-item td-item12\">\r\n                        <figure class=\"td-slide-galery-figure td-slide-popup-gallery\">\r\n                            <a class=\"slide-gallery-image-link\" href=\"https:\/\/likemetkovic.hr\/portal\/wp-content\/uploads\/2018\/08\/5.-maraton-la\u0111arica-14.jpg\" title=\"5. maraton la\u0111arica (14)\"  data-caption=\"\"  data-description=\"\">\r\n                                <img decoding=\"async\" src=\"https:\/\/likemetkovic.hr\/portal\/wp-content\/uploads\/2018\/08\/5.-maraton-la\u0111arica-14-629x420.jpg\" srcset=\"https:\/\/likemetkovic.hr\/portal\/wp-content\/uploads\/2018\/08\/5.-maraton-la\u0111arica-14-629x420.jpg 629w, https:\/\/likemetkovic.hr\/portal\/wp-content\/uploads\/2018\/08\/5.-maraton-la\u0111arica-14.jpg 800w, https:\/\/likemetkovic.hr\/portal\/wp-content\/uploads\/2018\/08\/5.-maraton-la\u0111arica-14-768x513.jpg 768w, https:\/\/likemetkovic.hr\/portal\/wp-content\/uploads\/2018\/08\/5.-maraton-la\u0111arica-14-696x465.jpg 696w\" sizes=\"(max-width: 629px) 100vw, 629px\" alt=\"\">\r\n                            <\/a>\r\n                            \r\n                        <\/figure>\r\n                    <\/div>\r\n                    <div class = \"td-slide-item td-item13\">\r\n                        <figure class=\"td-slide-galery-figure td-slide-popup-gallery\">\r\n                            <a class=\"slide-gallery-image-link\" href=\"https:\/\/likemetkovic.hr\/portal\/wp-content\/uploads\/2018\/08\/5.-maraton-la\u0111arica-15.jpg\" title=\"5. maraton la\u0111arica (15)\"  data-caption=\"\"  data-description=\"\">\r\n                                <img decoding=\"async\" src=\"https:\/\/likemetkovic.hr\/portal\/wp-content\/uploads\/2018\/08\/5.-maraton-la\u0111arica-15-629x420.jpg\" srcset=\"https:\/\/likemetkovic.hr\/portal\/wp-content\/uploads\/2018\/08\/5.-maraton-la\u0111arica-15-629x420.jpg 629w, https:\/\/likemetkovic.hr\/portal\/wp-content\/uploads\/2018\/08\/5.-maraton-la\u0111arica-15.jpg 800w, https:\/\/likemetkovic.hr\/portal\/wp-content\/uploads\/2018\/08\/5.-maraton-la\u0111arica-15-768x513.jpg 768w, https:\/\/likemetkovic.hr\/portal\/wp-content\/uploads\/2018\/08\/5.-maraton-la\u0111arica-15-696x465.jpg 696w\" sizes=\"(max-width: 629px) 100vw, 629px\" alt=\"\">\r\n                            <\/a>\r\n                            \r\n                        <\/figure>\r\n                    <\/div>\r\n                    <div class = \"td-slide-item td-item14\">\r\n                        <figure class=\"td-slide-galery-figure td-slide-popup-gallery\">\r\n                            <a class=\"slide-gallery-image-link\" href=\"https:\/\/likemetkovic.hr\/portal\/wp-content\/uploads\/2018\/08\/5.-maraton-la\u0111arica-16.jpg\" title=\"5. maraton la\u0111arica (16)\"  data-caption=\"\"  data-description=\"\">\r\n                                <img decoding=\"async\" src=\"https:\/\/likemetkovic.hr\/portal\/wp-content\/uploads\/2018\/08\/5.-maraton-la\u0111arica-16-629x420.jpg\" srcset=\"https:\/\/likemetkovic.hr\/portal\/wp-content\/uploads\/2018\/08\/5.-maraton-la\u0111arica-16-629x420.jpg 629w, https:\/\/likemetkovic.hr\/portal\/wp-content\/uploads\/2018\/08\/5.-maraton-la\u0111arica-16.jpg 800w, https:\/\/likemetkovic.hr\/portal\/wp-content\/uploads\/2018\/08\/5.-maraton-la\u0111arica-16-768x513.jpg 768w, https:\/\/likemetkovic.hr\/portal\/wp-content\/uploads\/2018\/08\/5.-maraton-la\u0111arica-16-696x465.jpg 696w\" sizes=\"(max-width: 629px) 100vw, 629px\" alt=\"\">\r\n                            <\/a>\r\n                            \r\n                        <\/figure>\r\n                    <\/div>\r\n                    <div class = \"td-slide-item td-item15\">\r\n                        <figure class=\"td-slide-galery-figure td-slide-popup-gallery\">\r\n                            <a class=\"slide-gallery-image-link\" href=\"https:\/\/likemetkovic.hr\/portal\/wp-content\/uploads\/2018\/08\/5.-maraton-la\u0111arica-17.jpg\" title=\"5. maraton la\u0111arica (17)\"  data-caption=\"\"  data-description=\"\">\r\n                                <img decoding=\"async\" src=\"https:\/\/likemetkovic.hr\/portal\/wp-content\/uploads\/2018\/08\/5.-maraton-la\u0111arica-17-629x420.jpg\" srcset=\"https:\/\/likemetkovic.hr\/portal\/wp-content\/uploads\/2018\/08\/5.-maraton-la\u0111arica-17-629x420.jpg 629w, https:\/\/likemetkovic.hr\/portal\/wp-content\/uploads\/2018\/08\/5.-maraton-la\u0111arica-17.jpg 800w, https:\/\/likemetkovic.hr\/portal\/wp-content\/uploads\/2018\/08\/5.-maraton-la\u0111arica-17-768x513.jpg 768w, https:\/\/likemetkovic.hr\/portal\/wp-content\/uploads\/2018\/08\/5.-maraton-la\u0111arica-17-696x465.jpg 696w\" sizes=\"(max-width: 629px) 100vw, 629px\" alt=\"\">\r\n                            <\/a>\r\n                            \r\n                        <\/figure>\r\n                    <\/div>\r\n                    <div class = \"td-slide-item td-item16\">\r\n                        <figure class=\"td-slide-galery-figure td-slide-popup-gallery\">\r\n                            <a class=\"slide-gallery-image-link\" href=\"https:\/\/likemetkovic.hr\/portal\/wp-content\/uploads\/2018\/08\/5.-maraton-la\u0111arica-18.jpg\" title=\"5. maraton la\u0111arica (18)\"  data-caption=\"\"  data-description=\"\">\r\n                                <img decoding=\"async\" src=\"https:\/\/likemetkovic.hr\/portal\/wp-content\/uploads\/2018\/08\/5.-maraton-la\u0111arica-18-629x420.jpg\" srcset=\"https:\/\/likemetkovic.hr\/portal\/wp-content\/uploads\/2018\/08\/5.-maraton-la\u0111arica-18-629x420.jpg 629w, https:\/\/likemetkovic.hr\/portal\/wp-content\/uploads\/2018\/08\/5.-maraton-la\u0111arica-18.jpg 800w, https:\/\/likemetkovic.hr\/portal\/wp-content\/uploads\/2018\/08\/5.-maraton-la\u0111arica-18-768x513.jpg 768w, https:\/\/likemetkovic.hr\/portal\/wp-content\/uploads\/2018\/08\/5.-maraton-la\u0111arica-18-696x465.jpg 696w\" sizes=\"(max-width: 629px) 100vw, 629px\" alt=\"\">\r\n                            <\/a>\r\n                            \r\n                        <\/figure>\r\n                    <\/div>\r\n                            <\/div>\r\n                        <\/div>\r\n\r\n                        <div class = \"td-doubleSlider-2\">\r\n                            <div class = \"td-slider\">\r\n                                \r\n                    <div class = \"td-button td-item1\">\r\n                        <div class = \"td-border\"><\/div>\r\n                    <\/div>\r\n                    <div class = \"td-button td-item2\">\r\n                        <div class = \"td-border\"><\/div>\r\n                    <\/div>\r\n                    <div class = \"td-button td-item3\">\r\n                        <div class = \"td-border\"><\/div>\r\n                    <\/div>\r\n                    <div class = \"td-button td-item4\">\r\n                        <div class = \"td-border\"><\/div>\r\n                    <\/div>\r\n                    <div class = \"td-button td-item5\">\r\n                        <div class = \"td-border\"><\/div>\r\n                    <\/div>\r\n                    <div class = \"td-button td-item6\">\r\n                        <div class = \"td-border\"><\/div>\r\n                    <\/div>\r\n                    <div class = \"td-button td-item7\">\r\n                        <div class = \"td-border\"><\/div>\r\n                    <\/div>\r\n                    <div class = \"td-button td-item8\">\r\n                        <div class = \"td-border\"><\/div>\r\n                    <\/div>\r\n                    <div class = \"td-button td-item9\">\r\n                        <div class = \"td-border\"><\/div>\r\n                    <\/div>\r\n                    <div class = \"td-button td-item10\">\r\n                        <div class = \"td-border\"><\/div>\r\n                    <\/div>\r\n                    <div class = \"td-button td-item11\">\r\n                        <div class = \"td-border\"><\/div>\r\n                    <\/div>\r\n                    <div class = \"td-button td-item12\">\r\n                        <div class = \"td-border\"><\/div>\r\n                    <\/div>\r\n                    <div class = \"td-button td-item13\">\r\n                        <div class = \"td-border\"><\/div>\r\n                    <\/div>\r\n                    <div class = \"td-button td-item14\">\r\n                        <div class = \"td-border\"><\/div>\r\n                    <\/div>\r\n                    <div class = \"td-button td-item15\">\r\n                        <div class = \"td-border\"><\/div>\r\n                    <\/div>\r\n                    <div class = \"td-button td-item16\">\r\n                        <div class = \"td-border\"><\/div>\r\n                    <\/div>\r\n                            <\/div>\r\n                        <\/div>\r\n\r\n                    <\/div>\r\n\r\n                <\/div>\r\n                \n","protected":false},"excerpt":{"rendered":"<p>Danas popodne je u organizaciji Udruge la\u0111ara Neretve odr\u017ean 5. Maraton la\u0111arica\u00a0na kojem je nastupilo \u0161est \u017eenskih ekipa i koji se ovoga puta veslao nizvodno od Metkovi\u0107a do Opuzena. Stazu dugu 10 km najbr\u017ee su odveslale bjelovarske\u00a0Nereide koje je za ovogodi\u0161nji maraton pripremao kanuist Nikica Ljubek, sin legendarnog Matije Ljubeka. Drugoplasirana je bila mlada ekipa [&hellip;]<\/p>\n","protected":false},"author":7,"featured_media":66260,"comment_status":"open","ping_status":"open","sticky":false,"template":"","format":"standard","meta":{"footnotes":""},"categories":[283,11],"tags":[1036,3624],"class_list":{"0":"post-66245","1":"post","2":"type-post","3":"status-publish","4":"format-standard","5":"has-post-thumbnail","7":"category-a","8":"category-metkovic-dolina","9":"tag-maraton-ladarica","10":"tag-nereide"},"yoast_head":"<!-- This site is optimized with the Yoast SEO plugin v25.2 - https:\/\/yoast.com\/wordpress\/plugins\/seo\/ -->\n<title>Peti Maraton la\u0111arica pripao je bjelovarskim Nereidama - likemetkovic.hr<\/title>\n<meta name=\"description\" content=\"Danas je u organizaciji Udruge la\u0111ara Neretveodr\u017ean 5. Maraton la\u0111arica\u00a0na kojem je nastupilo \u0161est \u017eenskih ekipa i koji se ovoga puta veslao nizvodno od Metkovi\u0107a do Opuzena.\" \/>\n<meta name=\"robots\" content=\"index, follow, max-snippet:-1, max-image-preview:large, max-video-preview:-1\" \/>\n<link rel=\"canonical\" href=\"https:\/\/likemetkovic.hr\/peti-maraton-ladarica-pripao-je-bjelovarskim-nereidama\/\" \/>\n<meta property=\"og:locale\" content=\"hr_HR\" \/>\n<meta property=\"og:type\" content=\"article\" \/>\n<meta property=\"og:title\" content=\"Peti Maraton la\u0111arica pripao je bjelovarskim Nereidama - likemetkovic.hr\" \/>\n<meta property=\"og:description\" content=\"Danas je u organizaciji Udruge la\u0111ara Neretveodr\u017ean 5. Maraton la\u0111arica\u00a0na kojem je nastupilo \u0161est \u017eenskih ekipa i koji se ovoga puta veslao nizvodno od Metkovi\u0107a do Opuzena.\" \/>\n<meta property=\"og:url\" content=\"https:\/\/likemetkovic.hr\/peti-maraton-ladarica-pripao-je-bjelovarskim-nereidama\/\" \/>\n<meta property=\"og:site_name\" content=\"likemetkovic.hr\" \/>\n<meta property=\"article:publisher\" content=\"https:\/\/www.facebook.com\/likemetkovic.hr\/\" \/>\n<meta property=\"article:published_time\" content=\"2018-08-09T21:35:43+00:00\" \/>\n<meta property=\"og:image\" content=\"https:\/\/likemetkovic.hr\/wp-content\/uploads\/2018\/08\/5.-maraton-la\u0111arica-17.jpg\" \/>\n\t<meta property=\"og:image:width\" content=\"800\" \/>\n\t<meta property=\"og:image:height\" content=\"534\" \/>\n\t<meta property=\"og:image:type\" content=\"image\/jpeg\" \/>\n<meta name=\"author\" content=\"LIKEmetkovic.hr\" \/>\n<meta name=\"twitter:card\" content=\"summary_large_image\" \/>\n<meta name=\"twitter:label1\" content=\"Napisao\/la\" \/>\n\t<meta name=\"twitter:data1\" content=\"LIKEmetkovic.hr\" \/>\n\t<meta name=\"twitter:label2\" content=\"Procijenjeno vrijeme \u010ditanja\" \/>\n\t<meta name=\"twitter:data2\" content=\"1 minuta\" \/>\n<script type=\"application\/ld+json\" class=\"yoast-schema-graph\">{\"@context\":\"https:\/\/schema.org\",\"@graph\":[{\"@type\":\"WebPage\",\"@id\":\"https:\/\/likemetkovic.hr\/peti-maraton-ladarica-pripao-je-bjelovarskim-nereidama\/\",\"url\":\"https:\/\/likemetkovic.hr\/peti-maraton-ladarica-pripao-je-bjelovarskim-nereidama\/\",\"name\":\"Peti Maraton la\u0111arica pripao je bjelovarskim Nereidama - likemetkovic.hr\",\"isPartOf\":{\"@id\":\"https:\/\/likemetkovic.hr\/#website\"},\"primaryImageOfPage\":{\"@id\":\"https:\/\/likemetkovic.hr\/peti-maraton-ladarica-pripao-je-bjelovarskim-nereidama\/#primaryimage\"},\"image\":{\"@id\":\"https:\/\/likemetkovic.hr\/peti-maraton-ladarica-pripao-je-bjelovarskim-nereidama\/#primaryimage\"},\"thumbnailUrl\":\"https:\/\/likemetkovic.hr\/portal\/wp-content\/uploads\/2018\/08\/5.-maraton-la\u0111arica-17.jpg\",\"datePublished\":\"2018-08-09T21:35:43+00:00\",\"author\":{\"@id\":\"https:\/\/likemetkovic.hr\/#\/schema\/person\/a42711f3385a0e2be6f7e0443bfb28f0\"},\"description\":\"Danas je u organizaciji Udruge la\u0111ara Neretveodr\u017ean 5. Maraton la\u0111arica\u00a0na kojem je nastupilo \u0161est \u017eenskih ekipa i koji se ovoga puta veslao nizvodno od Metkovi\u0107a do Opuzena.\",\"breadcrumb\":{\"@id\":\"https:\/\/likemetkovic.hr\/peti-maraton-ladarica-pripao-je-bjelovarskim-nereidama\/#breadcrumb\"},\"inLanguage\":\"hr\",\"potentialAction\":[{\"@type\":\"ReadAction\",\"target\":[\"https:\/\/likemetkovic.hr\/peti-maraton-ladarica-pripao-je-bjelovarskim-nereidama\/\"]}]},{\"@type\":\"ImageObject\",\"inLanguage\":\"hr\",\"@id\":\"https:\/\/likemetkovic.hr\/peti-maraton-ladarica-pripao-je-bjelovarskim-nereidama\/#primaryimage\",\"url\":\"https:\/\/likemetkovic.hr\/portal\/wp-content\/uploads\/2018\/08\/5.-maraton-la\u0111arica-17.jpg\",\"contentUrl\":\"https:\/\/likemetkovic.hr\/portal\/wp-content\/uploads\/2018\/08\/5.-maraton-la\u0111arica-17.jpg\",\"width\":800,\"height\":534},{\"@type\":\"BreadcrumbList\",\"@id\":\"https:\/\/likemetkovic.hr\/peti-maraton-ladarica-pripao-je-bjelovarskim-nereidama\/#breadcrumb\",\"itemListElement\":[{\"@type\":\"ListItem\",\"position\":1,\"name\":\"Po\u010detna stranica\",\"item\":\"https:\/\/likemetkovic.hr\/portal\/\"},{\"@type\":\"ListItem\",\"position\":2,\"name\":\"Peti Maraton la\u0111arica pripao je bjelovarskim Nereidama\"}]},{\"@type\":\"WebSite\",\"@id\":\"https:\/\/likemetkovic.hr\/#website\",\"url\":\"https:\/\/likemetkovic.hr\/\",\"name\":\"likemetkovic.hr\",\"description\":\"Misli pozitivno... \u010ditaj LIKE\",\"potentialAction\":[{\"@type\":\"SearchAction\",\"target\":{\"@type\":\"EntryPoint\",\"urlTemplate\":\"https:\/\/likemetkovic.hr\/?s={search_term_string}\"},\"query-input\":{\"@type\":\"PropertyValueSpecification\",\"valueRequired\":true,\"valueName\":\"search_term_string\"}}],\"inLanguage\":\"hr\"},{\"@type\":\"Person\",\"@id\":\"https:\/\/likemetkovic.hr\/#\/schema\/person\/a42711f3385a0e2be6f7e0443bfb28f0\",\"name\":\"LIKEmetkovic.hr\",\"sameAs\":[\"http:\/\/likemetkovic.hr\"],\"url\":\"https:\/\/likemetkovic.hr\/portal\/author\/likemetkovic-hr\/\"}]}<\/script>\n<!-- \/ Yoast SEO plugin. -->","yoast_head_json":{"title":"Peti Maraton la\u0111arica pripao je bjelovarskim Nereidama - likemetkovic.hr","description":"Danas je u organizaciji Udruge la\u0111ara Neretveodr\u017ean 5. Maraton la\u0111arica\u00a0na kojem je nastupilo \u0161est \u017eenskih ekipa i koji se ovoga puta veslao nizvodno od Metkovi\u0107a do Opuzena.","robots":{"index":"index","follow":"follow","max-snippet":"max-snippet:-1","max-image-preview":"max-image-preview:large","max-video-preview":"max-video-preview:-1"},"canonical":"https:\/\/likemetkovic.hr\/peti-maraton-ladarica-pripao-je-bjelovarskim-nereidama\/","og_locale":"hr_HR","og_type":"article","og_title":"Peti Maraton la\u0111arica pripao je bjelovarskim Nereidama - likemetkovic.hr","og_description":"Danas je u organizaciji Udruge la\u0111ara Neretveodr\u017ean 5. Maraton la\u0111arica\u00a0na kojem je nastupilo \u0161est \u017eenskih ekipa i koji se ovoga puta veslao nizvodno od Metkovi\u0107a do Opuzena.","og_url":"https:\/\/likemetkovic.hr\/peti-maraton-ladarica-pripao-je-bjelovarskim-nereidama\/","og_site_name":"likemetkovic.hr","article_publisher":"https:\/\/www.facebook.com\/likemetkovic.hr\/","article_published_time":"2018-08-09T21:35:43+00:00","og_image":[{"width":800,"height":534,"url":"https:\/\/likemetkovic.hr\/wp-content\/uploads\/2018\/08\/5.-maraton-la\u0111arica-17.jpg","type":"image\/jpeg"}],"author":"LIKEmetkovic.hr","twitter_card":"summary_large_image","twitter_misc":{"Napisao\/la":"LIKEmetkovic.hr","Procijenjeno vrijeme \u010ditanja":"1 minuta"},"schema":{"@context":"https:\/\/schema.org","@graph":[{"@type":"WebPage","@id":"https:\/\/likemetkovic.hr\/peti-maraton-ladarica-pripao-je-bjelovarskim-nereidama\/","url":"https:\/\/likemetkovic.hr\/peti-maraton-ladarica-pripao-je-bjelovarskim-nereidama\/","name":"Peti Maraton la\u0111arica pripao je bjelovarskim Nereidama - likemetkovic.hr","isPartOf":{"@id":"https:\/\/likemetkovic.hr\/#website"},"primaryImageOfPage":{"@id":"https:\/\/likemetkovic.hr\/peti-maraton-ladarica-pripao-je-bjelovarskim-nereidama\/#primaryimage"},"image":{"@id":"https:\/\/likemetkovic.hr\/peti-maraton-ladarica-pripao-je-bjelovarskim-nereidama\/#primaryimage"},"thumbnailUrl":"https:\/\/likemetkovic.hr\/portal\/wp-content\/uploads\/2018\/08\/5.-maraton-la\u0111arica-17.jpg","datePublished":"2018-08-09T21:35:43+00:00","author":{"@id":"https:\/\/likemetkovic.hr\/#\/schema\/person\/a42711f3385a0e2be6f7e0443bfb28f0"},"description":"Danas je u organizaciji Udruge la\u0111ara Neretveodr\u017ean 5. Maraton la\u0111arica\u00a0na kojem je nastupilo \u0161est \u017eenskih ekipa i koji se ovoga puta veslao nizvodno od Metkovi\u0107a do Opuzena.","breadcrumb":{"@id":"https:\/\/likemetkovic.hr\/peti-maraton-ladarica-pripao-je-bjelovarskim-nereidama\/#breadcrumb"},"inLanguage":"hr","potentialAction":[{"@type":"ReadAction","target":["https:\/\/likemetkovic.hr\/peti-maraton-ladarica-pripao-je-bjelovarskim-nereidama\/"]}]},{"@type":"ImageObject","inLanguage":"hr","@id":"https:\/\/likemetkovic.hr\/peti-maraton-ladarica-pripao-je-bjelovarskim-nereidama\/#primaryimage","url":"https:\/\/likemetkovic.hr\/portal\/wp-content\/uploads\/2018\/08\/5.-maraton-la\u0111arica-17.jpg","contentUrl":"https:\/\/likemetkovic.hr\/portal\/wp-content\/uploads\/2018\/08\/5.-maraton-la\u0111arica-17.jpg","width":800,"height":534},{"@type":"BreadcrumbList","@id":"https:\/\/likemetkovic.hr\/peti-maraton-ladarica-pripao-je-bjelovarskim-nereidama\/#breadcrumb","itemListElement":[{"@type":"ListItem","position":1,"name":"Po\u010detna stranica","item":"https:\/\/likemetkovic.hr\/portal\/"},{"@type":"ListItem","position":2,"name":"Peti Maraton la\u0111arica pripao je bjelovarskim Nereidama"}]},{"@type":"WebSite","@id":"https:\/\/likemetkovic.hr\/#website","url":"https:\/\/likemetkovic.hr\/","name":"likemetkovic.hr","description":"Misli pozitivno... \u010ditaj LIKE","potentialAction":[{"@type":"SearchAction","target":{"@type":"EntryPoint","urlTemplate":"https:\/\/likemetkovic.hr\/?s={search_term_string}"},"query-input":{"@type":"PropertyValueSpecification","valueRequired":true,"valueName":"search_term_string"}}],"inLanguage":"hr"},{"@type":"Person","@id":"https:\/\/likemetkovic.hr\/#\/schema\/person\/a42711f3385a0e2be6f7e0443bfb28f0","name":"LIKEmetkovic.hr","sameAs":["http:\/\/likemetkovic.hr"],"url":"https:\/\/likemetkovic.hr\/portal\/author\/likemetkovic-hr\/"}]}},"_links":{"self":[{"href":"https:\/\/likemetkovic.hr\/portal\/wp-json\/wp\/v2\/posts\/66245","targetHints":{"allow":["GET"]}}],"collection":[{"href":"https:\/\/likemetkovic.hr\/portal\/wp-json\/wp\/v2\/posts"}],"about":[{"href":"https:\/\/likemetkovic.hr\/portal\/wp-json\/wp\/v2\/types\/post"}],"author":[{"embeddable":true,"href":"https:\/\/likemetkovic.hr\/portal\/wp-json\/wp\/v2\/users\/7"}],"replies":[{"embeddable":true,"href":"https:\/\/likemetkovic.hr\/portal\/wp-json\/wp\/v2\/comments?post=66245"}],"version-history":[{"count":0,"href":"https:\/\/likemetkovic.hr\/portal\/wp-json\/wp\/v2\/posts\/66245\/revisions"}],"wp:featuredmedia":[{"embeddable":true,"href":"https:\/\/likemetkovic.hr\/portal\/wp-json\/wp\/v2\/media\/66260"}],"wp:attachment":[{"href":"https:\/\/likemetkovic.hr\/portal\/wp-json\/wp\/v2\/media?parent=66245"}],"wp:term":[{"taxonomy":"category","embeddable":true,"href":"https:\/\/likemetkovic.hr\/portal\/wp-json\/wp\/v2\/categories?post=66245"},{"taxonomy":"post_tag","embeddable":true,"href":"https:\/\/likemetkovic.hr\/portal\/wp-json\/wp\/v2\/tags?post=66245"}],"curies":[{"name":"wp","href":"https:\/\/api.w.org\/{rel}","templated":true}]}}