{"id":66323,"date":"2018-08-11T14:22:01","date_gmt":"2018-08-11T12:22:01","guid":{"rendered":"http:\/\/likemetkovic.hr\/?p=66323"},"modified":"2018-08-12T13:23:28","modified_gmt":"2018-08-12T11:23:28","slug":"melodije-hrvatskog-juga-tri-tenora-s-tri-gitare-dovoljno-za-grand-prix","status":"publish","type":"post","link":"https:\/\/likemetkovic.hr\/portal\/melodije-hrvatskog-juga-tri-tenora-s-tri-gitare-dovoljno-za-grand-prix\/","title":{"rendered":"MELODIJE HRVATSKOG JUGA: Tri tenora s &#8216;Tri gitare&#8217; dovoljno za Grand prix"},"content":{"rendered":"<p>Sino\u0107 su u Opuzenu odr\u017eane <strong>25. Melodije hrvatskog juga<\/strong> na kojima je nastupilo 27 izvo\u0111a\u010da.<\/p>\n<p>Grand prix za pjesmu <i>Tri gitare<\/i> osvojila su <strong>Tri tenora, <\/strong>trio kojega \u010dine Branko Medak, Zoran Bebi\u0107-Beba i Marijan Zgonc.<\/p>\n<p>Prvu nagradu publike osvojila je <strong>grupa Vertigo<\/strong> koja je otpjevala pjesmu <i>Jo\u0161 malo sunca, <\/i>a drugu nagradu <strong>\u017denska klapa <\/strong><i><strong>Metkovke <\/strong><\/i>za pjesmu<i> Kapetan du\u0161e<\/i>.<\/p>\n<p class=\"lead\">Tijekom Festivala odana je po\u010dast preminulom <strong>Oliveru Dragojevi\u0107u<\/strong>, a doajen hrvatske \u0161ansone <strong>Hrvoje Hegedu\u0161i\u0107<\/strong> dobio je priznanje Festivala za doprinos hrvatskoj glazbenoj kulturi.<\/p>\n<p class=\"lead\">Pro\u010ditajte tko su dobitnici ovogodi\u0161njeg Festivala:<\/p>\n<div class=\"content\">\n<ul>\n<li>Grand prix &#8211; TRI TENORA &#8211; <i>Tri gitare <\/i><\/li>\n<li>Prva nagrada publike &#8211; VERTIGO &#8211;<i> Jo\u0161 malo sunca<\/i><\/li>\n<li>Druga nagrada publike &#8211; klapa CAMBI &#8211; <i>Sanjam te<\/i><\/li>\n<li>Tre\u0107a nagrada publike &#8211; klapa MASLINA &#8211; <i>Do\u0111i i ljubi kao ki\u0161a<\/i><\/li>\n<li>Prva nagrada \u017eirija &#8211; SA\u0160A JAKELI\u0106 &#8211; <i>U kriku te moru dajem <\/i><\/li>\n<li>Druga nagrada \u017eirija &#8211; Klapa METKOVKE &#8211; <i>Kapetan du\u0161e<\/i><\/li>\n<li>Tre\u0107a nagrada \u017eirija &#8211; MARINA VAJAGI\u0106 &#8211; <i>An\u0111el plavog neba<\/i><\/li>\n<li>Nagrada za najbolje stihove &#8211; JOHNNY GITARA &#8211;<i> Konj<\/i><\/li>\n<li>Nagrada za najbolji aran\u017eman &#8211; KRE\u0160IMIR \u0160PANJA &#8211; <i>Pulente i \u0161a\u0161e<\/i><\/li>\n<li>Nagrada za najboljeg debitanta &#8211; klapa PODGORA &#8211; <i>Procvitala stina<\/i><\/li>\n<li>Nagrada <i>Vinko Coce<\/i> za skladbu pisanu u dalmatinskom izri\u010daju &#8211; klapa BERULIJA &#8211; <i>Ako tebe ne jubin<\/i><\/li>\n<li>Nagrada za najbolju izvedbu &#8211; SA\u0160A JAKELI\u0106 &#8211;<i> U kriku te moru dajem <\/i><\/li>\n<li>Posebna nagrada festivalskog Savjeta\n<ul>\n<li>&#8211; TRIO GU\u0160T feat. JADRAN MARINKOVI\u0106 &#8211; <i>Prvog dana od nedije<\/i><\/li>\n<li>FRANE VUGDELIJA &#8211;<i> \u010ce\u017enja<\/i><\/li>\n<\/ul>\n<\/li>\n<li>Posebna nagrada direktora Festivala &#8211;\n<ul>\n<li>NENAD VETMA &#8211; <i>Ne kuni me voljo moja<\/i><\/li>\n<li>DUJE STANI\u0160I\u0106 &#8211; <i>Jubav dovika<\/i><\/li>\n<\/ul>\n<\/li>\n<li>Nagrada Turisti\u010dke zajednice Opuzen &#8211; DRA\u017dEN HABU\u0160 &#8211; <i>Note sudbine<\/i><\/li>\n<li>Najbolji duet &#8211; SINJI GALEB &#8211; <i>Samo ti<\/i><\/li>\n<\/ul>\n<\/div>\n\r\n                <style type=\"text\/css\">\r\n                    \r\n                    #tdi_1  .td-doubleSlider-2 .td-item1 {\r\n                        background: url(https:\/\/likemetkovic.hr\/portal\/wp-content\/uploads\/2018\/08\/branko-medak-1-80x60.jpg) 0 0 no-repeat;\r\n                    }\r\n                    #tdi_1  .td-doubleSlider-2 .td-item2 {\r\n                        background: url(https:\/\/likemetkovic.hr\/portal\/wp-content\/uploads\/2018\/08\/branko-medak-opuzen-80x60.jpg) 0 0 no-repeat;\r\n                    }\r\n                    #tdi_1  .td-doubleSlider-2 .td-item3 {\r\n                        background: url(https:\/\/likemetkovic.hr\/portal\/wp-content\/uploads\/2018\/08\/klapa-metkovke-opuzen-80x60.jpg) 0 0 no-repeat;\r\n                    }\r\n                <\/style>\r\n\r\n                <div id=\"tdi_1\" class=\"td-gallery td-slide-on-2-columns\">\r\n                    <div class=\"post_td_gallery\">\r\n                        <div class=\"td-gallery-slide-top\">\r\n                           <div class=\"td-gallery-title\"><\/div>\r\n\r\n                            <div class=\"td-gallery-controls-wrapper\">\r\n                                <div class=\"td-gallery-slide-count\"><span class=\"td-gallery-slide-item-focus\">1<\/span> of 3<\/div>\r\n                                <div class=\"td-gallery-slide-prev-next-but\">\r\n                                    <i class = \"td-icon-left doubleSliderPrevButton\"><\/i>\r\n                                    <i class = \"td-icon-right doubleSliderNextButton\"><\/i>\r\n                                <\/div>\r\n                            <\/div>\r\n                        <\/div>\r\n\r\n                        <div class = \"td-doubleSlider-1 \">\r\n                            <div class = \"td-slider\">\r\n                                \r\n                    <div class = \"td-slide-item td-item1\">\r\n                        <figure class=\"td-slide-galery-figure td-slide-popup-gallery\">\r\n                            <a class=\"slide-gallery-image-link\" href=\"https:\/\/likemetkovic.hr\/portal\/wp-content\/uploads\/2018\/08\/branko-medak-1.jpg\" title=\"branko medak 1\"  data-caption=\"\"  data-description=\"\">\r\n                                <img decoding=\"async\" src=\"https:\/\/likemetkovic.hr\/portal\/wp-content\/uploads\/2018\/08\/branko-medak-1-865x420.jpg\" srcset=\"https:\/\/likemetkovic.hr\/portal\/wp-content\/uploads\/2018\/08\/branko-medak-1-865x420.jpg 865w, https:\/\/likemetkovic.hr\/portal\/wp-content\/uploads\/2018\/08\/branko-medak-1-800x388.jpg 800w, https:\/\/likemetkovic.hr\/portal\/wp-content\/uploads\/2018\/08\/branko-medak-1-768x373.jpg 768w, https:\/\/likemetkovic.hr\/portal\/wp-content\/uploads\/2018\/08\/branko-medak-1-696x338.jpg 696w, https:\/\/likemetkovic.hr\/portal\/wp-content\/uploads\/2018\/08\/branko-medak-1.jpg 900w\" sizes=\"(max-width: 865px) 100vw, 865px\" alt=\"\">\r\n                            <\/a>\r\n                            \r\n                        <\/figure>\r\n                    <\/div>\r\n                    <div class = \"td-slide-item td-item2\">\r\n                        <figure class=\"td-slide-galery-figure td-slide-popup-gallery\">\r\n                            <a class=\"slide-gallery-image-link\" href=\"https:\/\/likemetkovic.hr\/portal\/wp-content\/uploads\/2018\/08\/branko-medak-opuzen.jpg\" title=\"branko medak opuzen\"  data-caption=\"\"  data-description=\"\">\r\n                                <img decoding=\"async\" src=\"https:\/\/likemetkovic.hr\/portal\/wp-content\/uploads\/2018\/08\/branko-medak-opuzen-747x420.jpg\" srcset=\"https:\/\/likemetkovic.hr\/portal\/wp-content\/uploads\/2018\/08\/branko-medak-opuzen-747x420.jpg 747w, https:\/\/likemetkovic.hr\/portal\/wp-content\/uploads\/2018\/08\/branko-medak-opuzen-800x450.jpg 800w, https:\/\/likemetkovic.hr\/portal\/wp-content\/uploads\/2018\/08\/branko-medak-opuzen-768x432.jpg 768w, https:\/\/likemetkovic.hr\/portal\/wp-content\/uploads\/2018\/08\/branko-medak-opuzen-696x391.jpg 696w, https:\/\/likemetkovic.hr\/portal\/wp-content\/uploads\/2018\/08\/branko-medak-opuzen.jpg 900w\" sizes=\"(max-width: 747px) 100vw, 747px\" alt=\"\">\r\n                            <\/a>\r\n                            \r\n                        <\/figure>\r\n                    <\/div>\r\n                    <div class = \"td-slide-item td-item3\">\r\n                        <figure class=\"td-slide-galery-figure td-slide-popup-gallery\">\r\n                            <a class=\"slide-gallery-image-link\" href=\"https:\/\/likemetkovic.hr\/portal\/wp-content\/uploads\/2018\/08\/klapa-metkovke-opuzen.jpg\" title=\"klapa metkovke opuzen\"  data-caption=\"\"  data-description=\"\">\r\n                                <img decoding=\"async\" src=\"https:\/\/likemetkovic.hr\/portal\/wp-content\/uploads\/2018\/08\/klapa-metkovke-opuzen-560x420.jpg\" srcset=\"https:\/\/likemetkovic.hr\/portal\/wp-content\/uploads\/2018\/08\/klapa-metkovke-opuzen-560x420.jpg 560w, https:\/\/likemetkovic.hr\/portal\/wp-content\/uploads\/2018\/08\/klapa-metkovke-opuzen.jpg 800w, https:\/\/likemetkovic.hr\/portal\/wp-content\/uploads\/2018\/08\/klapa-metkovke-opuzen-768x576.jpg 768w, https:\/\/likemetkovic.hr\/portal\/wp-content\/uploads\/2018\/08\/klapa-metkovke-opuzen-80x60.jpg 80w, https:\/\/likemetkovic.hr\/portal\/wp-content\/uploads\/2018\/08\/klapa-metkovke-opuzen-265x198.jpg 265w, https:\/\/likemetkovic.hr\/portal\/wp-content\/uploads\/2018\/08\/klapa-metkovke-opuzen-696x522.jpg 696w\" sizes=\"(max-width: 560px) 100vw, 560px\" alt=\"\">\r\n                            <\/a>\r\n                            \r\n                        <\/figure>\r\n                    <\/div>\r\n                            <\/div>\r\n                        <\/div>\r\n\r\n                        <div class = \"td-doubleSlider-2\">\r\n                            <div class = \"td-slider\">\r\n                                \r\n                    <div class = \"td-button td-item1\">\r\n                        <div class = \"td-border\"><\/div>\r\n                    <\/div>\r\n                    <div class = \"td-button td-item2\">\r\n                        <div class = \"td-border\"><\/div>\r\n                    <\/div>\r\n                    <div class = \"td-button td-item3\">\r\n                        <div class = \"td-border\"><\/div>\r\n                    <\/div>\r\n                            <\/div>\r\n                        <\/div>\r\n\r\n                    <\/div>\r\n\r\n                <\/div>\r\n                \n<p>Foto: Facebook\/radio.hrt.hr<\/p>\n","protected":false},"excerpt":{"rendered":"<p>Sino\u0107 su u Opuzenu odr\u017eane 25. Melodije hrvatskog juga na kojima je nastupilo 27 izvo\u0111a\u010da. Grand prix za pjesmu Tri gitare osvojila su Tri tenora, trio kojega \u010dine Branko Medak, Zoran Bebi\u0107-Beba i Marijan Zgonc. Prvu nagradu publike osvojila je grupa Vertigo koja je otpjevala pjesmu Jo\u0161 malo sunca, a drugu nagradu \u017denska klapa Metkovke [&hellip;]<\/p>\n","protected":false},"author":7,"featured_media":66339,"comment_status":"open","ping_status":"open","sticky":false,"template":"","format":"standard","meta":{"footnotes":""},"categories":[296,11],"tags":[384,3629,577],"class_list":{"0":"post-66323","1":"post","2":"type-post","3":"status-publish","4":"format-standard","5":"has-post-thumbnail","7":"category-ab","8":"category-metkovic-dolina","9":"tag-branko-medak","10":"tag-melodije-hrvatskog-juga","11":"tag-opuzen"},"yoast_head":"<!-- This site is optimized with the Yoast SEO plugin v25.2 - https:\/\/yoast.com\/wordpress\/plugins\/seo\/ -->\n<title>MELODIJE HRVATSKOG JUGA: Tri tenora s &#039;Tri gitare&#039; dovoljno za Grand prix - likemetkovic.hr<\/title>\n<meta name=\"robots\" content=\"index, follow, max-snippet:-1, max-image-preview:large, max-video-preview:-1\" \/>\n<link rel=\"canonical\" href=\"https:\/\/likemetkovic.hr\/melodije-hrvatskog-juga-tri-tenora-s-tri-gitare-dovoljno-za-grand-prix\/\" \/>\n<meta property=\"og:locale\" content=\"hr_HR\" \/>\n<meta property=\"og:type\" content=\"article\" \/>\n<meta property=\"og:title\" content=\"MELODIJE HRVATSKOG JUGA: Tri tenora s &#039;Tri gitare&#039; dovoljno za Grand prix - likemetkovic.hr\" \/>\n<meta property=\"og:description\" content=\"Sino\u0107 su u Opuzenu odr\u017eane 25. Melodije hrvatskog juga na kojima je nastupilo 27 izvo\u0111a\u010da. Grand prix za pjesmu Tri gitare osvojila su Tri tenora, trio kojega \u010dine Branko Medak, Zoran Bebi\u0107-Beba i Marijan Zgonc. Prvu nagradu publike osvojila je grupa Vertigo koja je otpjevala pjesmu Jo\u0161 malo sunca, a drugu nagradu \u017denska klapa Metkovke [&hellip;]\" \/>\n<meta property=\"og:url\" content=\"https:\/\/likemetkovic.hr\/melodije-hrvatskog-juga-tri-tenora-s-tri-gitare-dovoljno-za-grand-prix\/\" \/>\n<meta property=\"og:site_name\" content=\"likemetkovic.hr\" \/>\n<meta property=\"article:publisher\" content=\"https:\/\/www.facebook.com\/likemetkovic.hr\/\" \/>\n<meta property=\"article:published_time\" content=\"2018-08-11T12:22:01+00:00\" \/>\n<meta property=\"article:modified_time\" content=\"2018-08-12T11:23:28+00:00\" \/>\n<meta property=\"og:image\" content=\"https:\/\/likemetkovic.hr\/wp-content\/uploads\/2018\/08\/tri-tenora-opuzen.jpg\" \/>\n\t<meta property=\"og:image:width\" content=\"800\" \/>\n\t<meta property=\"og:image:height\" content=\"400\" \/>\n\t<meta property=\"og:image:type\" content=\"image\/jpeg\" \/>\n<meta name=\"author\" content=\"LIKEmetkovic.hr\" \/>\n<meta name=\"twitter:card\" content=\"summary_large_image\" \/>\n<meta name=\"twitter:label1\" content=\"Napisao\/la\" \/>\n\t<meta name=\"twitter:data1\" content=\"LIKEmetkovic.hr\" \/>\n\t<meta name=\"twitter:label2\" content=\"Procijenjeno vrijeme \u010ditanja\" \/>\n\t<meta name=\"twitter:data2\" content=\"2 minute\" \/>\n<script type=\"application\/ld+json\" class=\"yoast-schema-graph\">{\"@context\":\"https:\/\/schema.org\",\"@graph\":[{\"@type\":\"WebPage\",\"@id\":\"https:\/\/likemetkovic.hr\/melodije-hrvatskog-juga-tri-tenora-s-tri-gitare-dovoljno-za-grand-prix\/\",\"url\":\"https:\/\/likemetkovic.hr\/melodije-hrvatskog-juga-tri-tenora-s-tri-gitare-dovoljno-za-grand-prix\/\",\"name\":\"MELODIJE HRVATSKOG JUGA: Tri tenora s 'Tri gitare' dovoljno za Grand prix - likemetkovic.hr\",\"isPartOf\":{\"@id\":\"https:\/\/likemetkovic.hr\/#website\"},\"primaryImageOfPage\":{\"@id\":\"https:\/\/likemetkovic.hr\/melodije-hrvatskog-juga-tri-tenora-s-tri-gitare-dovoljno-za-grand-prix\/#primaryimage\"},\"image\":{\"@id\":\"https:\/\/likemetkovic.hr\/melodije-hrvatskog-juga-tri-tenora-s-tri-gitare-dovoljno-za-grand-prix\/#primaryimage\"},\"thumbnailUrl\":\"https:\/\/likemetkovic.hr\/portal\/wp-content\/uploads\/2018\/08\/tri-tenora-opuzen.jpg\",\"datePublished\":\"2018-08-11T12:22:01+00:00\",\"dateModified\":\"2018-08-12T11:23:28+00:00\",\"author\":{\"@id\":\"https:\/\/likemetkovic.hr\/#\/schema\/person\/a42711f3385a0e2be6f7e0443bfb28f0\"},\"breadcrumb\":{\"@id\":\"https:\/\/likemetkovic.hr\/melodije-hrvatskog-juga-tri-tenora-s-tri-gitare-dovoljno-za-grand-prix\/#breadcrumb\"},\"inLanguage\":\"hr\",\"potentialAction\":[{\"@type\":\"ReadAction\",\"target\":[\"https:\/\/likemetkovic.hr\/melodije-hrvatskog-juga-tri-tenora-s-tri-gitare-dovoljno-za-grand-prix\/\"]}]},{\"@type\":\"ImageObject\",\"inLanguage\":\"hr\",\"@id\":\"https:\/\/likemetkovic.hr\/melodije-hrvatskog-juga-tri-tenora-s-tri-gitare-dovoljno-za-grand-prix\/#primaryimage\",\"url\":\"https:\/\/likemetkovic.hr\/portal\/wp-content\/uploads\/2018\/08\/tri-tenora-opuzen.jpg\",\"contentUrl\":\"https:\/\/likemetkovic.hr\/portal\/wp-content\/uploads\/2018\/08\/tri-tenora-opuzen.jpg\",\"width\":800,\"height\":400},{\"@type\":\"BreadcrumbList\",\"@id\":\"https:\/\/likemetkovic.hr\/melodije-hrvatskog-juga-tri-tenora-s-tri-gitare-dovoljno-za-grand-prix\/#breadcrumb\",\"itemListElement\":[{\"@type\":\"ListItem\",\"position\":1,\"name\":\"Po\u010detna stranica\",\"item\":\"https:\/\/likemetkovic.hr\/portal\/\"},{\"@type\":\"ListItem\",\"position\":2,\"name\":\"MELODIJE HRVATSKOG JUGA: Tri tenora s &#8216;Tri gitare&#8217; dovoljno za Grand prix\"}]},{\"@type\":\"WebSite\",\"@id\":\"https:\/\/likemetkovic.hr\/#website\",\"url\":\"https:\/\/likemetkovic.hr\/\",\"name\":\"likemetkovic.hr\",\"description\":\"Misli pozitivno... \u010ditaj LIKE\",\"potentialAction\":[{\"@type\":\"SearchAction\",\"target\":{\"@type\":\"EntryPoint\",\"urlTemplate\":\"https:\/\/likemetkovic.hr\/?s={search_term_string}\"},\"query-input\":{\"@type\":\"PropertyValueSpecification\",\"valueRequired\":true,\"valueName\":\"search_term_string\"}}],\"inLanguage\":\"hr\"},{\"@type\":\"Person\",\"@id\":\"https:\/\/likemetkovic.hr\/#\/schema\/person\/a42711f3385a0e2be6f7e0443bfb28f0\",\"name\":\"LIKEmetkovic.hr\",\"sameAs\":[\"http:\/\/likemetkovic.hr\"],\"url\":\"https:\/\/likemetkovic.hr\/portal\/author\/likemetkovic-hr\/\"}]}<\/script>\n<!-- \/ Yoast SEO plugin. -->","yoast_head_json":{"title":"MELODIJE HRVATSKOG JUGA: Tri tenora s 'Tri gitare' dovoljno za Grand prix - likemetkovic.hr","robots":{"index":"index","follow":"follow","max-snippet":"max-snippet:-1","max-image-preview":"max-image-preview:large","max-video-preview":"max-video-preview:-1"},"canonical":"https:\/\/likemetkovic.hr\/melodije-hrvatskog-juga-tri-tenora-s-tri-gitare-dovoljno-za-grand-prix\/","og_locale":"hr_HR","og_type":"article","og_title":"MELODIJE HRVATSKOG JUGA: Tri tenora s 'Tri gitare' dovoljno za Grand prix - likemetkovic.hr","og_description":"Sino\u0107 su u Opuzenu odr\u017eane 25. Melodije hrvatskog juga na kojima je nastupilo 27 izvo\u0111a\u010da. Grand prix za pjesmu Tri gitare osvojila su Tri tenora, trio kojega \u010dine Branko Medak, Zoran Bebi\u0107-Beba i Marijan Zgonc. Prvu nagradu publike osvojila je grupa Vertigo koja je otpjevala pjesmu Jo\u0161 malo sunca, a drugu nagradu \u017denska klapa Metkovke [&hellip;]","og_url":"https:\/\/likemetkovic.hr\/melodije-hrvatskog-juga-tri-tenora-s-tri-gitare-dovoljno-za-grand-prix\/","og_site_name":"likemetkovic.hr","article_publisher":"https:\/\/www.facebook.com\/likemetkovic.hr\/","article_published_time":"2018-08-11T12:22:01+00:00","article_modified_time":"2018-08-12T11:23:28+00:00","og_image":[{"width":800,"height":400,"url":"https:\/\/likemetkovic.hr\/wp-content\/uploads\/2018\/08\/tri-tenora-opuzen.jpg","type":"image\/jpeg"}],"author":"LIKEmetkovic.hr","twitter_card":"summary_large_image","twitter_misc":{"Napisao\/la":"LIKEmetkovic.hr","Procijenjeno vrijeme \u010ditanja":"2 minute"},"schema":{"@context":"https:\/\/schema.org","@graph":[{"@type":"WebPage","@id":"https:\/\/likemetkovic.hr\/melodije-hrvatskog-juga-tri-tenora-s-tri-gitare-dovoljno-za-grand-prix\/","url":"https:\/\/likemetkovic.hr\/melodije-hrvatskog-juga-tri-tenora-s-tri-gitare-dovoljno-za-grand-prix\/","name":"MELODIJE HRVATSKOG JUGA: Tri tenora s 'Tri gitare' dovoljno za Grand prix - likemetkovic.hr","isPartOf":{"@id":"https:\/\/likemetkovic.hr\/#website"},"primaryImageOfPage":{"@id":"https:\/\/likemetkovic.hr\/melodije-hrvatskog-juga-tri-tenora-s-tri-gitare-dovoljno-za-grand-prix\/#primaryimage"},"image":{"@id":"https:\/\/likemetkovic.hr\/melodije-hrvatskog-juga-tri-tenora-s-tri-gitare-dovoljno-za-grand-prix\/#primaryimage"},"thumbnailUrl":"https:\/\/likemetkovic.hr\/portal\/wp-content\/uploads\/2018\/08\/tri-tenora-opuzen.jpg","datePublished":"2018-08-11T12:22:01+00:00","dateModified":"2018-08-12T11:23:28+00:00","author":{"@id":"https:\/\/likemetkovic.hr\/#\/schema\/person\/a42711f3385a0e2be6f7e0443bfb28f0"},"breadcrumb":{"@id":"https:\/\/likemetkovic.hr\/melodije-hrvatskog-juga-tri-tenora-s-tri-gitare-dovoljno-za-grand-prix\/#breadcrumb"},"inLanguage":"hr","potentialAction":[{"@type":"ReadAction","target":["https:\/\/likemetkovic.hr\/melodije-hrvatskog-juga-tri-tenora-s-tri-gitare-dovoljno-za-grand-prix\/"]}]},{"@type":"ImageObject","inLanguage":"hr","@id":"https:\/\/likemetkovic.hr\/melodije-hrvatskog-juga-tri-tenora-s-tri-gitare-dovoljno-za-grand-prix\/#primaryimage","url":"https:\/\/likemetkovic.hr\/portal\/wp-content\/uploads\/2018\/08\/tri-tenora-opuzen.jpg","contentUrl":"https:\/\/likemetkovic.hr\/portal\/wp-content\/uploads\/2018\/08\/tri-tenora-opuzen.jpg","width":800,"height":400},{"@type":"BreadcrumbList","@id":"https:\/\/likemetkovic.hr\/melodije-hrvatskog-juga-tri-tenora-s-tri-gitare-dovoljno-za-grand-prix\/#breadcrumb","itemListElement":[{"@type":"ListItem","position":1,"name":"Po\u010detna stranica","item":"https:\/\/likemetkovic.hr\/portal\/"},{"@type":"ListItem","position":2,"name":"MELODIJE HRVATSKOG JUGA: Tri tenora s &#8216;Tri gitare&#8217; dovoljno za Grand prix"}]},{"@type":"WebSite","@id":"https:\/\/likemetkovic.hr\/#website","url":"https:\/\/likemetkovic.hr\/","name":"likemetkovic.hr","description":"Misli pozitivno... \u010ditaj LIKE","potentialAction":[{"@type":"SearchAction","target":{"@type":"EntryPoint","urlTemplate":"https:\/\/likemetkovic.hr\/?s={search_term_string}"},"query-input":{"@type":"PropertyValueSpecification","valueRequired":true,"valueName":"search_term_string"}}],"inLanguage":"hr"},{"@type":"Person","@id":"https:\/\/likemetkovic.hr\/#\/schema\/person\/a42711f3385a0e2be6f7e0443bfb28f0","name":"LIKEmetkovic.hr","sameAs":["http:\/\/likemetkovic.hr"],"url":"https:\/\/likemetkovic.hr\/portal\/author\/likemetkovic-hr\/"}]}},"_links":{"self":[{"href":"https:\/\/likemetkovic.hr\/portal\/wp-json\/wp\/v2\/posts\/66323","targetHints":{"allow":["GET"]}}],"collection":[{"href":"https:\/\/likemetkovic.hr\/portal\/wp-json\/wp\/v2\/posts"}],"about":[{"href":"https:\/\/likemetkovic.hr\/portal\/wp-json\/wp\/v2\/types\/post"}],"author":[{"embeddable":true,"href":"https:\/\/likemetkovic.hr\/portal\/wp-json\/wp\/v2\/users\/7"}],"replies":[{"embeddable":true,"href":"https:\/\/likemetkovic.hr\/portal\/wp-json\/wp\/v2\/comments?post=66323"}],"version-history":[{"count":0,"href":"https:\/\/likemetkovic.hr\/portal\/wp-json\/wp\/v2\/posts\/66323\/revisions"}],"wp:featuredmedia":[{"embeddable":true,"href":"https:\/\/likemetkovic.hr\/portal\/wp-json\/wp\/v2\/media\/66339"}],"wp:attachment":[{"href":"https:\/\/likemetkovic.hr\/portal\/wp-json\/wp\/v2\/media?parent=66323"}],"wp:term":[{"taxonomy":"category","embeddable":true,"href":"https:\/\/likemetkovic.hr\/portal\/wp-json\/wp\/v2\/categories?post=66323"},{"taxonomy":"post_tag","embeddable":true,"href":"https:\/\/likemetkovic.hr\/portal\/wp-json\/wp\/v2\/tags?post=66323"}],"curies":[{"name":"wp","href":"https:\/\/api.w.org\/{rel}","templated":true}]}}