{"id":66528,"date":"2018-08-14T09:18:35","date_gmt":"2018-08-14T07:18:35","guid":{"rendered":"http:\/\/likemetkovic.hr\/?p=66528"},"modified":"2018-08-14T09:18:35","modified_gmt":"2018-08-14T07:18:35","slug":"ploce-u-buducoj-vojarni-116-brigade-uz-marince-ce-biti-smjestena-i-pricuvna-pukovnija","status":"publish","type":"post","link":"https:\/\/likemetkovic.hr\/portal\/ploce-u-buducoj-vojarni-116-brigade-uz-marince-ce-biti-smjestena-i-pricuvna-pukovnija\/","title":{"rendered":"PLO\u010cE U budu\u0107oj vojarni &#8216;116. brigade&#8217; uz marince \u0107e biti smje\u0161tena i pri\u010duvna pukovnija"},"content":{"rendered":"<p>Poznato je da \u0107e u vojarnu <em>Neretva<\/em> u Plo\u010dama bit smje\u0161tena satnija Mornari\u010dko-desantnog pje\u0161a\u0161tva. U razmatranjima i analizama potreba razvoja sposobnosti i strukture snaga u za\u0161titi nacionalnih interesa RH u podru\u010dju juga, prepoznata je potreba stalnog razmje\u0161taja operativne postrojbe koja bi <strong>osigurala sposobnosti brzog anga\u017eiranja i djelovanja<\/strong> u slu\u010daju izvanrednih okolnosti, obzirom da se trenutno najbli\u017ea borbena pje\u0161a\u010dka postrojba nalazi u Kninu koji je od krajnje ju\u017ene granice udaljen 270 km, a do Plo\u010da cestovnim putem 150 km, prenosi <a href=\"http:\/\/www.rogotin.hr\/2018\/08\/13\/u-plocama-i-6-pjesacka-pukovnija-obuka-ce-se-odrzati-tijekom-2019-godine\/\">rogotin.hr<\/a>.<\/p>\n<p>Stoga se, u skladu sa odlukom ministra obrane Damira Krsti\u010devi\u0107a pristupilo ustrojavanju <strong>Satnije mornari\u010dkog desantnog pje\u0161a\u0161tva<\/strong> u sastavu Flotile Hrvatske ratne mornarice.<\/p>\n<p><img decoding=\"async\" src=\"http:\/\/www.rogotin.hr\/wp-content\/uploads\/2018\/08\/9-ministar-krsticevic-u-obilasku-vojarne-2-702x336.jpg\" alt=\"9 ministar krsticevic u obilasku vojarne 2\" \/><\/p>\n<p>Satnija mornari\u010dkog desantnog pje\u0161a\u0161tva brojit \u0107e ukupno <strong>158 pripadnika<\/strong> Oru\u017eanih snaga RH, a razvijala bi sposobnosti provedbe ograni\u010denih desantnih operacija, sposobnosti\u00a0 pravovremene reakcije na ugroze prema kojima je vrijeme reakcije kriti\u010dni element, \u00a0za\u0161titu i osiguranje vojnih lokacija, pomo\u0107 civilnom stanovni\u0161tvu u katastrofama i zbrinjavanju njihovih posljedica, a bila bi i osnova za razvoj i podizanje pri\u010duvnih snaga.<\/p>\n<p>No, \u0161to je \u0161iroj javnosti manje poznato, <strong>u istoj vojarni bit \u0107e smje\u0161tena i 6. pje\u0161a\u010dka pukovnija Dubrovnik<\/strong>, koja je ustrojena 2017. godine kao postrojba razvrstane pri\u010duve, s manjim brojem djelatnih vojnih osoba (zapovjednik pukovnije, \u010detiri \u010dasnika i tri do\u010dasnika), koje \u0107e \u010diniti djelatnu razvojnu jezgru Zapovjedni\u0161tva pukovnije.<\/p>\n<p>Pukovnija je popunjena razvrstanim pri\u010duvnicima iz evidencije vojnih obveznika Podru\u010dnih odsjeka za poslove obrane Split i Dubrovnik, a rije\u010d je o <strong>ukupno 2152 pripadnika<\/strong>. Navedeni pripadnici ne\u0107e biti trajno smje\u0161teni u vojarni ve\u0107 \u0107e biti pozivani na osposobljavanje i obuku, te \u0107e biti anga\u017eirani u slu\u010daju potrebe.<\/p>\n<p><img decoding=\"async\" src=\"http:\/\/www.rogotin.hr\/wp-content\/uploads\/2018\/08\/6-vojni-objekt-koji-se-obnavlja.jpg\" alt=\"6 vojni objekt koji se obnavlja\" \/><\/p>\n<p>Osposobljavanje klju\u010dnog osoblja i osoba kriti\u010dnih vojno stru\u010dnih specijalnosti, ukupno 67 pri\u010duvnika, planirano je krajem 2018. godine, a obuka pripadnika 6. pje\u0161a\u010dke pukovnije Dubrovnik odr\u017eat \u0107e se tijekom 2019. godine.<\/p>\n<p>Zada\u0107e 6. pje\u0161a\u010dke pukovnije, kao i svih pri\u010duvnih postrojbi Oru\u017eanih snaga RH su pomo\u0107 civilnim institucijama u otklanjanju posljedica elementarnih nepogoda (poplave, po\u017eari, potresi), pomo\u0107 u slu\u010dajevima tehni\u010dko-tehnolo\u0161kih nesre\u0107a, kao i dr\u017eavnim institucijama u kriznim stanjima u za\u0161titi osoba i njihove imovine i sl. Zato \u0107e se vojarna <em>Neretva<\/em> u Plo\u010dama, koja \u0107e uskoro promijeniti ime u <strong>116. neretvanske brigade<\/strong>, opremit tako da mo\u017ee osigurati brz manevar i intervenciju s mora, a sve u funkciji za\u0161tite sigurnosti hrvatskih gra\u0111ana na ovim prostorima.<\/p>\n<p>Povratkom Hrvatske vojske na jug Hrvatske, <strong>grad Plo\u010de postat \u0107e strate\u0161ka to\u010dka Hrvatske vojske na jugu<\/strong> i budu\u0107e gravitacijsko sredi\u0161te Hrvatske ratne mornarice.<\/p>\n","protected":false},"excerpt":{"rendered":"<p>Poznato je da \u0107e u vojarnu Neretva u Plo\u010dama bit smje\u0161tena satnija Mornari\u010dko-desantnog pje\u0161a\u0161tva. U razmatranjima i analizama potreba razvoja sposobnosti i strukture snaga u za\u0161titi nacionalnih interesa RH u podru\u010dju juga, prepoznata je potreba stalnog razmje\u0161taja operativne postrojbe koja bi osigurala sposobnosti brzog anga\u017eiranja i djelovanja u slu\u010daju izvanrednih okolnosti, obzirom da se trenutno [&hellip;]<\/p>\n","protected":false},"author":7,"featured_media":66529,"comment_status":"open","ping_status":"open","sticky":false,"template":"","format":"standard","meta":{"footnotes":""},"categories":[296,1027],"tags":[2373,576,3637],"class_list":{"0":"post-66528","1":"post","2":"type-post","3":"status-publish","4":"format-standard","5":"has-post-thumbnail","7":"category-ab","8":"category-hrvatska","9":"tag-hrvatska-vojska","10":"tag-ploce","11":"tag-vojarna"},"yoast_head":"<!-- This site is optimized with the Yoast SEO plugin v25.2 - https:\/\/yoast.com\/wordpress\/plugins\/seo\/ -->\n<title>PLO\u010cE U budu\u0107oj vojarni &#039;116. brigade&#039; uz marince \u0107e biti smje\u0161tena i pri\u010duvna pukovnija - likemetkovic.hr<\/title>\n<meta name=\"robots\" content=\"index, follow, max-snippet:-1, max-image-preview:large, max-video-preview:-1\" \/>\n<link rel=\"canonical\" href=\"https:\/\/likemetkovic.hr\/ploce-u-buducoj-vojarni-116-brigade-uz-marince-ce-biti-smjestena-i-pricuvna-pukovnija\/\" \/>\n<meta property=\"og:locale\" content=\"hr_HR\" \/>\n<meta property=\"og:type\" content=\"article\" \/>\n<meta property=\"og:title\" content=\"PLO\u010cE U budu\u0107oj vojarni &#039;116. brigade&#039; uz marince \u0107e biti smje\u0161tena i pri\u010duvna pukovnija - likemetkovic.hr\" \/>\n<meta property=\"og:description\" content=\"Poznato je da \u0107e u vojarnu Neretva u Plo\u010dama bit smje\u0161tena satnija Mornari\u010dko-desantnog pje\u0161a\u0161tva. U razmatranjima i analizama potreba razvoja sposobnosti i strukture snaga u za\u0161titi nacionalnih interesa RH u podru\u010dju juga, prepoznata je potreba stalnog razmje\u0161taja operativne postrojbe koja bi osigurala sposobnosti brzog anga\u017eiranja i djelovanja u slu\u010daju izvanrednih okolnosti, obzirom da se trenutno [&hellip;]\" \/>\n<meta property=\"og:url\" content=\"https:\/\/likemetkovic.hr\/ploce-u-buducoj-vojarni-116-brigade-uz-marince-ce-biti-smjestena-i-pricuvna-pukovnija\/\" \/>\n<meta property=\"og:site_name\" content=\"likemetkovic.hr\" \/>\n<meta property=\"article:publisher\" content=\"https:\/\/www.facebook.com\/likemetkovic.hr\/\" \/>\n<meta property=\"article:published_time\" content=\"2018-08-14T07:18:35+00:00\" \/>\n<meta property=\"og:image\" content=\"https:\/\/likemetkovic.hr\/wp-content\/uploads\/2018\/08\/vojarna-plo\u010de.jpg\" \/>\n\t<meta property=\"og:image:width\" content=\"800\" \/>\n\t<meta property=\"og:image:height\" content=\"533\" \/>\n\t<meta property=\"og:image:type\" content=\"image\/jpeg\" \/>\n<meta name=\"author\" content=\"LIKEmetkovic.hr\" \/>\n<meta name=\"twitter:card\" content=\"summary_large_image\" \/>\n<meta name=\"twitter:label1\" content=\"Napisao\/la\" \/>\n\t<meta name=\"twitter:data1\" content=\"LIKEmetkovic.hr\" \/>\n\t<meta name=\"twitter:label2\" content=\"Procijenjeno vrijeme \u010ditanja\" \/>\n\t<meta name=\"twitter:data2\" content=\"2 minute\" \/>\n<script type=\"application\/ld+json\" class=\"yoast-schema-graph\">{\"@context\":\"https:\/\/schema.org\",\"@graph\":[{\"@type\":\"WebPage\",\"@id\":\"https:\/\/likemetkovic.hr\/ploce-u-buducoj-vojarni-116-brigade-uz-marince-ce-biti-smjestena-i-pricuvna-pukovnija\/\",\"url\":\"https:\/\/likemetkovic.hr\/ploce-u-buducoj-vojarni-116-brigade-uz-marince-ce-biti-smjestena-i-pricuvna-pukovnija\/\",\"name\":\"PLO\u010cE U budu\u0107oj vojarni '116. brigade' uz marince \u0107e biti smje\u0161tena i pri\u010duvna pukovnija - likemetkovic.hr\",\"isPartOf\":{\"@id\":\"https:\/\/likemetkovic.hr\/#website\"},\"primaryImageOfPage\":{\"@id\":\"https:\/\/likemetkovic.hr\/ploce-u-buducoj-vojarni-116-brigade-uz-marince-ce-biti-smjestena-i-pricuvna-pukovnija\/#primaryimage\"},\"image\":{\"@id\":\"https:\/\/likemetkovic.hr\/ploce-u-buducoj-vojarni-116-brigade-uz-marince-ce-biti-smjestena-i-pricuvna-pukovnija\/#primaryimage\"},\"thumbnailUrl\":\"https:\/\/likemetkovic.hr\/portal\/wp-content\/uploads\/2018\/08\/vojarna-plo\u010de.jpg\",\"datePublished\":\"2018-08-14T07:18:35+00:00\",\"author\":{\"@id\":\"https:\/\/likemetkovic.hr\/#\/schema\/person\/a42711f3385a0e2be6f7e0443bfb28f0\"},\"breadcrumb\":{\"@id\":\"https:\/\/likemetkovic.hr\/ploce-u-buducoj-vojarni-116-brigade-uz-marince-ce-biti-smjestena-i-pricuvna-pukovnija\/#breadcrumb\"},\"inLanguage\":\"hr\",\"potentialAction\":[{\"@type\":\"ReadAction\",\"target\":[\"https:\/\/likemetkovic.hr\/ploce-u-buducoj-vojarni-116-brigade-uz-marince-ce-biti-smjestena-i-pricuvna-pukovnija\/\"]}]},{\"@type\":\"ImageObject\",\"inLanguage\":\"hr\",\"@id\":\"https:\/\/likemetkovic.hr\/ploce-u-buducoj-vojarni-116-brigade-uz-marince-ce-biti-smjestena-i-pricuvna-pukovnija\/#primaryimage\",\"url\":\"https:\/\/likemetkovic.hr\/portal\/wp-content\/uploads\/2018\/08\/vojarna-plo\u010de.jpg\",\"contentUrl\":\"https:\/\/likemetkovic.hr\/portal\/wp-content\/uploads\/2018\/08\/vojarna-plo\u010de.jpg\",\"width\":800,\"height\":533},{\"@type\":\"BreadcrumbList\",\"@id\":\"https:\/\/likemetkovic.hr\/ploce-u-buducoj-vojarni-116-brigade-uz-marince-ce-biti-smjestena-i-pricuvna-pukovnija\/#breadcrumb\",\"itemListElement\":[{\"@type\":\"ListItem\",\"position\":1,\"name\":\"Po\u010detna stranica\",\"item\":\"https:\/\/likemetkovic.hr\/portal\/\"},{\"@type\":\"ListItem\",\"position\":2,\"name\":\"PLO\u010cE U budu\u0107oj vojarni &#8216;116. brigade&#8217; uz marince \u0107e biti smje\u0161tena i pri\u010duvna pukovnija\"}]},{\"@type\":\"WebSite\",\"@id\":\"https:\/\/likemetkovic.hr\/#website\",\"url\":\"https:\/\/likemetkovic.hr\/\",\"name\":\"likemetkovic.hr\",\"description\":\"Misli pozitivno... \u010ditaj LIKE\",\"potentialAction\":[{\"@type\":\"SearchAction\",\"target\":{\"@type\":\"EntryPoint\",\"urlTemplate\":\"https:\/\/likemetkovic.hr\/?s={search_term_string}\"},\"query-input\":{\"@type\":\"PropertyValueSpecification\",\"valueRequired\":true,\"valueName\":\"search_term_string\"}}],\"inLanguage\":\"hr\"},{\"@type\":\"Person\",\"@id\":\"https:\/\/likemetkovic.hr\/#\/schema\/person\/a42711f3385a0e2be6f7e0443bfb28f0\",\"name\":\"LIKEmetkovic.hr\",\"sameAs\":[\"http:\/\/likemetkovic.hr\"],\"url\":\"https:\/\/likemetkovic.hr\/portal\/author\/likemetkovic-hr\/\"}]}<\/script>\n<!-- \/ Yoast SEO plugin. -->","yoast_head_json":{"title":"PLO\u010cE U budu\u0107oj vojarni '116. brigade' uz marince \u0107e biti smje\u0161tena i pri\u010duvna pukovnija - likemetkovic.hr","robots":{"index":"index","follow":"follow","max-snippet":"max-snippet:-1","max-image-preview":"max-image-preview:large","max-video-preview":"max-video-preview:-1"},"canonical":"https:\/\/likemetkovic.hr\/ploce-u-buducoj-vojarni-116-brigade-uz-marince-ce-biti-smjestena-i-pricuvna-pukovnija\/","og_locale":"hr_HR","og_type":"article","og_title":"PLO\u010cE U budu\u0107oj vojarni '116. brigade' uz marince \u0107e biti smje\u0161tena i pri\u010duvna pukovnija - likemetkovic.hr","og_description":"Poznato je da \u0107e u vojarnu Neretva u Plo\u010dama bit smje\u0161tena satnija Mornari\u010dko-desantnog pje\u0161a\u0161tva. U razmatranjima i analizama potreba razvoja sposobnosti i strukture snaga u za\u0161titi nacionalnih interesa RH u podru\u010dju juga, prepoznata je potreba stalnog razmje\u0161taja operativne postrojbe koja bi osigurala sposobnosti brzog anga\u017eiranja i djelovanja u slu\u010daju izvanrednih okolnosti, obzirom da se trenutno [&hellip;]","og_url":"https:\/\/likemetkovic.hr\/ploce-u-buducoj-vojarni-116-brigade-uz-marince-ce-biti-smjestena-i-pricuvna-pukovnija\/","og_site_name":"likemetkovic.hr","article_publisher":"https:\/\/www.facebook.com\/likemetkovic.hr\/","article_published_time":"2018-08-14T07:18:35+00:00","og_image":[{"width":800,"height":533,"url":"https:\/\/likemetkovic.hr\/wp-content\/uploads\/2018\/08\/vojarna-plo\u010de.jpg","type":"image\/jpeg"}],"author":"LIKEmetkovic.hr","twitter_card":"summary_large_image","twitter_misc":{"Napisao\/la":"LIKEmetkovic.hr","Procijenjeno vrijeme \u010ditanja":"2 minute"},"schema":{"@context":"https:\/\/schema.org","@graph":[{"@type":"WebPage","@id":"https:\/\/likemetkovic.hr\/ploce-u-buducoj-vojarni-116-brigade-uz-marince-ce-biti-smjestena-i-pricuvna-pukovnija\/","url":"https:\/\/likemetkovic.hr\/ploce-u-buducoj-vojarni-116-brigade-uz-marince-ce-biti-smjestena-i-pricuvna-pukovnija\/","name":"PLO\u010cE U budu\u0107oj vojarni '116. brigade' uz marince \u0107e biti smje\u0161tena i pri\u010duvna pukovnija - likemetkovic.hr","isPartOf":{"@id":"https:\/\/likemetkovic.hr\/#website"},"primaryImageOfPage":{"@id":"https:\/\/likemetkovic.hr\/ploce-u-buducoj-vojarni-116-brigade-uz-marince-ce-biti-smjestena-i-pricuvna-pukovnija\/#primaryimage"},"image":{"@id":"https:\/\/likemetkovic.hr\/ploce-u-buducoj-vojarni-116-brigade-uz-marince-ce-biti-smjestena-i-pricuvna-pukovnija\/#primaryimage"},"thumbnailUrl":"https:\/\/likemetkovic.hr\/portal\/wp-content\/uploads\/2018\/08\/vojarna-plo\u010de.jpg","datePublished":"2018-08-14T07:18:35+00:00","author":{"@id":"https:\/\/likemetkovic.hr\/#\/schema\/person\/a42711f3385a0e2be6f7e0443bfb28f0"},"breadcrumb":{"@id":"https:\/\/likemetkovic.hr\/ploce-u-buducoj-vojarni-116-brigade-uz-marince-ce-biti-smjestena-i-pricuvna-pukovnija\/#breadcrumb"},"inLanguage":"hr","potentialAction":[{"@type":"ReadAction","target":["https:\/\/likemetkovic.hr\/ploce-u-buducoj-vojarni-116-brigade-uz-marince-ce-biti-smjestena-i-pricuvna-pukovnija\/"]}]},{"@type":"ImageObject","inLanguage":"hr","@id":"https:\/\/likemetkovic.hr\/ploce-u-buducoj-vojarni-116-brigade-uz-marince-ce-biti-smjestena-i-pricuvna-pukovnija\/#primaryimage","url":"https:\/\/likemetkovic.hr\/portal\/wp-content\/uploads\/2018\/08\/vojarna-plo\u010de.jpg","contentUrl":"https:\/\/likemetkovic.hr\/portal\/wp-content\/uploads\/2018\/08\/vojarna-plo\u010de.jpg","width":800,"height":533},{"@type":"BreadcrumbList","@id":"https:\/\/likemetkovic.hr\/ploce-u-buducoj-vojarni-116-brigade-uz-marince-ce-biti-smjestena-i-pricuvna-pukovnija\/#breadcrumb","itemListElement":[{"@type":"ListItem","position":1,"name":"Po\u010detna stranica","item":"https:\/\/likemetkovic.hr\/portal\/"},{"@type":"ListItem","position":2,"name":"PLO\u010cE U budu\u0107oj vojarni &#8216;116. brigade&#8217; uz marince \u0107e biti smje\u0161tena i pri\u010duvna pukovnija"}]},{"@type":"WebSite","@id":"https:\/\/likemetkovic.hr\/#website","url":"https:\/\/likemetkovic.hr\/","name":"likemetkovic.hr","description":"Misli pozitivno... \u010ditaj LIKE","potentialAction":[{"@type":"SearchAction","target":{"@type":"EntryPoint","urlTemplate":"https:\/\/likemetkovic.hr\/?s={search_term_string}"},"query-input":{"@type":"PropertyValueSpecification","valueRequired":true,"valueName":"search_term_string"}}],"inLanguage":"hr"},{"@type":"Person","@id":"https:\/\/likemetkovic.hr\/#\/schema\/person\/a42711f3385a0e2be6f7e0443bfb28f0","name":"LIKEmetkovic.hr","sameAs":["http:\/\/likemetkovic.hr"],"url":"https:\/\/likemetkovic.hr\/portal\/author\/likemetkovic-hr\/"}]}},"_links":{"self":[{"href":"https:\/\/likemetkovic.hr\/portal\/wp-json\/wp\/v2\/posts\/66528","targetHints":{"allow":["GET"]}}],"collection":[{"href":"https:\/\/likemetkovic.hr\/portal\/wp-json\/wp\/v2\/posts"}],"about":[{"href":"https:\/\/likemetkovic.hr\/portal\/wp-json\/wp\/v2\/types\/post"}],"author":[{"embeddable":true,"href":"https:\/\/likemetkovic.hr\/portal\/wp-json\/wp\/v2\/users\/7"}],"replies":[{"embeddable":true,"href":"https:\/\/likemetkovic.hr\/portal\/wp-json\/wp\/v2\/comments?post=66528"}],"version-history":[{"count":0,"href":"https:\/\/likemetkovic.hr\/portal\/wp-json\/wp\/v2\/posts\/66528\/revisions"}],"wp:featuredmedia":[{"embeddable":true,"href":"https:\/\/likemetkovic.hr\/portal\/wp-json\/wp\/v2\/media\/66529"}],"wp:attachment":[{"href":"https:\/\/likemetkovic.hr\/portal\/wp-json\/wp\/v2\/media?parent=66528"}],"wp:term":[{"taxonomy":"category","embeddable":true,"href":"https:\/\/likemetkovic.hr\/portal\/wp-json\/wp\/v2\/categories?post=66528"},{"taxonomy":"post_tag","embeddable":true,"href":"https:\/\/likemetkovic.hr\/portal\/wp-json\/wp\/v2\/tags?post=66528"}],"curies":[{"name":"wp","href":"https:\/\/api.w.org\/{rel}","templated":true}]}}