{"id":66560,"date":"2018-08-17T08:49:38","date_gmt":"2018-08-17T06:49:38","guid":{"rendered":"http:\/\/likemetkovic.hr\/?p=66560"},"modified":"2018-08-17T10:35:38","modified_gmt":"2018-08-17T08:35:38","slug":"prud-dvije-prometne-nesrece-u-nekoliko-sati-na-istom-mjestu","status":"publish","type":"post","link":"https:\/\/likemetkovic.hr\/portal\/prud-dvije-prometne-nesrece-u-nekoliko-sati-na-istom-mjestu\/","title":{"rendered":"PRUD Dvije prometne nesre\u0107e u nekoliko sati na istom mjestu"},"content":{"rendered":"<p>Ju\u010der u ve\u010dernjim satima u sredi\u0161tu Pruda dogodile su se dvije prometne nesre\u0107e.<\/p>\n<p>Prva nesre\u0107a dogodila se ne\u0161to prije 19,00 sati, kada je 25-godi\u0161njak upravljaju\u0107i osobnim vozilom dubrova\u010dkih registracijskih oznaka iz smjera GP Prud u smjeru Vida, uslijed brzine neprilago\u0111ene uvjetima mokrog i skliskog kolnika, izgubio nadzor nad vozilom koje je udarilo u betonski za\u0161titni zid te se odbilo i u zano\u0161enju o\u0161tetilo tri osobna vozila propisno parkirana na parkirali\u0161tu uz zapni rub kolnika.<\/p>\n<p>Druga prometna nesre\u0107a se dogodila u 21,30 sati, kada je 21-godi\u0161njak upravljaju\u0107i osobnim vozilom dubrova\u010dkih registracijskih oznaka, iz smjera Vida u smjeru GP Prud, zapo\u010deo skretati na parking prostor sa lijeve strane pritom oduzev\u0161i prednost prolaska osobnom vozilu poljskih nacionalnih oznaka, a koje je u tom trenutku propisno pretjecalo vozilo ispred sebe.<\/p>\n<p>Protiv obojice voza\u010da slijede odgovaraju\u0107e prekr\u0161ajne prijave sukladno Zakonu o sigurnosti prometa na cestama.<\/p>\n<p>Osim materijalne \u0161tete u ovim prometnim nesre\u0107ama nitko od sudionika nije zadobio ozljede.<\/p>\n<p>&nbsp;<\/p>\n\r\n                <style type=\"text\/css\">\r\n                    \r\n                    #tdi_1  .td-doubleSlider-2 .td-item1 {\r\n                        background: url(https:\/\/likemetkovic.hr\/portal\/wp-content\/uploads\/2018\/08\/sudar-prud-1-80x60.jpg) 0 0 no-repeat;\r\n                    }\r\n                    #tdi_1  .td-doubleSlider-2 .td-item2 {\r\n                        background: url(https:\/\/likemetkovic.hr\/portal\/wp-content\/uploads\/2018\/08\/prud-sudar-80x60.jpg) 0 0 no-repeat;\r\n                    }\r\n                <\/style>\r\n\r\n                <div id=\"tdi_1\" class=\"td-gallery td-slide-on-2-columns\">\r\n                    <div class=\"post_td_gallery\">\r\n                        <div class=\"td-gallery-slide-top\">\r\n                           <div class=\"td-gallery-title\"><\/div>\r\n\r\n                            <div class=\"td-gallery-controls-wrapper\">\r\n                                <div class=\"td-gallery-slide-count\"><span class=\"td-gallery-slide-item-focus\">1<\/span> of 2<\/div>\r\n                                <div class=\"td-gallery-slide-prev-next-but\">\r\n                                    <i class = \"td-icon-left doubleSliderPrevButton\"><\/i>\r\n                                    <i class = \"td-icon-right doubleSliderNextButton\"><\/i>\r\n                                <\/div>\r\n                            <\/div>\r\n                        <\/div>\r\n\r\n                        <div class = \"td-doubleSlider-1 \">\r\n                            <div class = \"td-slider\">\r\n                                \r\n                    <div class = \"td-slide-item td-item1\">\r\n                        <figure class=\"td-slide-galery-figure td-slide-popup-gallery\">\r\n                            <a class=\"slide-gallery-image-link\" href=\"https:\/\/likemetkovic.hr\/portal\/wp-content\/uploads\/2018\/08\/sudar-prud-1.jpg\" title=\"sudar prud 1\"  data-caption=\"\"  data-description=\"\">\r\n                                <img decoding=\"async\" src=\"https:\/\/likemetkovic.hr\/portal\/wp-content\/uploads\/2018\/08\/sudar-prud-1-560x420.jpg\" srcset=\"https:\/\/likemetkovic.hr\/portal\/wp-content\/uploads\/2018\/08\/sudar-prud-1-560x420.jpg 560w, https:\/\/likemetkovic.hr\/portal\/wp-content\/uploads\/2018\/08\/sudar-prud-1.jpg 800w, https:\/\/likemetkovic.hr\/portal\/wp-content\/uploads\/2018\/08\/sudar-prud-1-768x576.jpg 768w, https:\/\/likemetkovic.hr\/portal\/wp-content\/uploads\/2018\/08\/sudar-prud-1-80x60.jpg 80w, https:\/\/likemetkovic.hr\/portal\/wp-content\/uploads\/2018\/08\/sudar-prud-1-265x198.jpg 265w, https:\/\/likemetkovic.hr\/portal\/wp-content\/uploads\/2018\/08\/sudar-prud-1-696x522.jpg 696w\" sizes=\"(max-width: 560px) 100vw, 560px\" alt=\"\">\r\n                            <\/a>\r\n                            \r\n                        <\/figure>\r\n                    <\/div>\r\n                    <div class = \"td-slide-item td-item2\">\r\n                        <figure class=\"td-slide-galery-figure td-slide-popup-gallery\">\r\n                            <a class=\"slide-gallery-image-link\" href=\"https:\/\/likemetkovic.hr\/portal\/wp-content\/uploads\/2018\/08\/prud-sudar.jpg\" title=\"prud sudar\"  data-caption=\"\"  data-description=\"\">\r\n                                <img decoding=\"async\" src=\"https:\/\/likemetkovic.hr\/portal\/wp-content\/uploads\/2018\/08\/prud-sudar-621x420.jpg\" srcset=\"https:\/\/likemetkovic.hr\/portal\/wp-content\/uploads\/2018\/08\/prud-sudar-621x420.jpg 621w, https:\/\/likemetkovic.hr\/portal\/wp-content\/uploads\/2018\/08\/prud-sudar.jpg 800w, https:\/\/likemetkovic.hr\/portal\/wp-content\/uploads\/2018\/08\/prud-sudar-768x519.jpg 768w, https:\/\/likemetkovic.hr\/portal\/wp-content\/uploads\/2018\/08\/prud-sudar-696x471.jpg 696w\" sizes=\"(max-width: 621px) 100vw, 621px\" alt=\"\">\r\n                            <\/a>\r\n                            \r\n                        <\/figure>\r\n                    <\/div>\r\n                            <\/div>\r\n                        <\/div>\r\n\r\n                        <div class = \"td-doubleSlider-2\">\r\n                            <div class = \"td-slider\">\r\n                                \r\n                    <div class = \"td-button td-item1\">\r\n                        <div class = \"td-border\"><\/div>\r\n                    <\/div>\r\n                    <div class = \"td-button td-item2\">\r\n                        <div class = \"td-border\"><\/div>\r\n                    <\/div>\r\n                            <\/div>\r\n                        <\/div>\r\n\r\n                    <\/div>\r\n\r\n                <\/div>\r\n                \n","protected":false},"excerpt":{"rendered":"<p>Ju\u010der u ve\u010dernjim satima u sredi\u0161tu Pruda dogodile su se dvije prometne nesre\u0107e. Prva nesre\u0107a dogodila se ne\u0161to prije 19,00 sati, kada je 25-godi\u0161njak upravljaju\u0107i osobnim vozilom dubrova\u010dkih registracijskih oznaka iz smjera GP Prud u smjeru Vida, uslijed brzine neprilago\u0111ene uvjetima mokrog i skliskog kolnika, izgubio nadzor nad vozilom koje je udarilo u betonski za\u0161titni [&hellip;]<\/p>\n","protected":false},"author":7,"featured_media":66561,"comment_status":"open","ping_status":"open","sticky":false,"template":"","format":"standard","meta":{"footnotes":""},"categories":[296,305],"tags":[568,752],"class_list":{"0":"post-66560","1":"post","2":"type-post","3":"status-publish","4":"format-standard","5":"has-post-thumbnail","7":"category-ab","8":"category-crna-kronika","9":"tag-prometna-nesreca","10":"tag-prud"},"yoast_head":"<!-- This site is optimized with the Yoast SEO plugin v25.2 - https:\/\/yoast.com\/wordpress\/plugins\/seo\/ -->\n<title>PRUD Dvije prometne nesre\u0107e u nekoliko sati na istom mjestu - likemetkovic.hr<\/title>\n<meta name=\"description\" content=\"Ju\u010der u ve\u010dernjim satima u sredi\u0161tu Pruda dogodile su se dvije prometne nesre\u0107e. Uzrok je najvjerojatnije vo\u017enja neprilago\u0111ena uvjetima na cesti.\" \/>\n<meta name=\"robots\" content=\"index, follow, max-snippet:-1, max-image-preview:large, max-video-preview:-1\" \/>\n<link rel=\"canonical\" href=\"https:\/\/likemetkovic.hr\/prud-dvije-prometne-nesrece-u-nekoliko-sati-na-istom-mjestu\/\" \/>\n<meta property=\"og:locale\" content=\"hr_HR\" \/>\n<meta property=\"og:type\" content=\"article\" \/>\n<meta property=\"og:title\" content=\"PRUD Dvije prometne nesre\u0107e u nekoliko sati na istom mjestu - likemetkovic.hr\" \/>\n<meta property=\"og:description\" content=\"Ju\u010der u ve\u010dernjim satima u sredi\u0161tu Pruda dogodile su se dvije prometne nesre\u0107e. Uzrok je najvjerojatnije vo\u017enja neprilago\u0111ena uvjetima na cesti.\" \/>\n<meta property=\"og:url\" content=\"https:\/\/likemetkovic.hr\/prud-dvije-prometne-nesrece-u-nekoliko-sati-na-istom-mjestu\/\" \/>\n<meta property=\"og:site_name\" content=\"likemetkovic.hr\" \/>\n<meta property=\"article:publisher\" content=\"https:\/\/www.facebook.com\/likemetkovic.hr\/\" \/>\n<meta property=\"article:published_time\" content=\"2018-08-17T06:49:38+00:00\" \/>\n<meta property=\"article:modified_time\" content=\"2018-08-17T08:35:38+00:00\" \/>\n<meta property=\"og:image\" content=\"https:\/\/likemetkovic.hr\/wp-content\/uploads\/2018\/08\/prud-sudar.jpg\" \/>\n\t<meta property=\"og:image:width\" content=\"800\" \/>\n\t<meta property=\"og:image:height\" content=\"541\" \/>\n\t<meta property=\"og:image:type\" content=\"image\/jpeg\" \/>\n<meta name=\"author\" content=\"LIKEmetkovic.hr\" \/>\n<meta name=\"twitter:card\" content=\"summary_large_image\" \/>\n<meta name=\"twitter:label1\" content=\"Napisao\/la\" \/>\n\t<meta name=\"twitter:data1\" content=\"LIKEmetkovic.hr\" \/>\n\t<meta name=\"twitter:label2\" content=\"Procijenjeno vrijeme \u010ditanja\" \/>\n\t<meta name=\"twitter:data2\" content=\"1 minuta\" \/>\n<script type=\"application\/ld+json\" class=\"yoast-schema-graph\">{\"@context\":\"https:\/\/schema.org\",\"@graph\":[{\"@type\":\"WebPage\",\"@id\":\"https:\/\/likemetkovic.hr\/prud-dvije-prometne-nesrece-u-nekoliko-sati-na-istom-mjestu\/\",\"url\":\"https:\/\/likemetkovic.hr\/prud-dvije-prometne-nesrece-u-nekoliko-sati-na-istom-mjestu\/\",\"name\":\"PRUD Dvije prometne nesre\u0107e u nekoliko sati na istom mjestu - likemetkovic.hr\",\"isPartOf\":{\"@id\":\"https:\/\/likemetkovic.hr\/#website\"},\"primaryImageOfPage\":{\"@id\":\"https:\/\/likemetkovic.hr\/prud-dvije-prometne-nesrece-u-nekoliko-sati-na-istom-mjestu\/#primaryimage\"},\"image\":{\"@id\":\"https:\/\/likemetkovic.hr\/prud-dvije-prometne-nesrece-u-nekoliko-sati-na-istom-mjestu\/#primaryimage\"},\"thumbnailUrl\":\"https:\/\/likemetkovic.hr\/portal\/wp-content\/uploads\/2018\/08\/prud-sudar.jpg\",\"datePublished\":\"2018-08-17T06:49:38+00:00\",\"dateModified\":\"2018-08-17T08:35:38+00:00\",\"author\":{\"@id\":\"https:\/\/likemetkovic.hr\/#\/schema\/person\/a42711f3385a0e2be6f7e0443bfb28f0\"},\"description\":\"Ju\u010der u ve\u010dernjim satima u sredi\u0161tu Pruda dogodile su se dvije prometne nesre\u0107e. Uzrok je najvjerojatnije vo\u017enja neprilago\u0111ena uvjetima na cesti.\",\"breadcrumb\":{\"@id\":\"https:\/\/likemetkovic.hr\/prud-dvije-prometne-nesrece-u-nekoliko-sati-na-istom-mjestu\/#breadcrumb\"},\"inLanguage\":\"hr\",\"potentialAction\":[{\"@type\":\"ReadAction\",\"target\":[\"https:\/\/likemetkovic.hr\/prud-dvije-prometne-nesrece-u-nekoliko-sati-na-istom-mjestu\/\"]}]},{\"@type\":\"ImageObject\",\"inLanguage\":\"hr\",\"@id\":\"https:\/\/likemetkovic.hr\/prud-dvije-prometne-nesrece-u-nekoliko-sati-na-istom-mjestu\/#primaryimage\",\"url\":\"https:\/\/likemetkovic.hr\/portal\/wp-content\/uploads\/2018\/08\/prud-sudar.jpg\",\"contentUrl\":\"https:\/\/likemetkovic.hr\/portal\/wp-content\/uploads\/2018\/08\/prud-sudar.jpg\",\"width\":800,\"height\":541},{\"@type\":\"BreadcrumbList\",\"@id\":\"https:\/\/likemetkovic.hr\/prud-dvije-prometne-nesrece-u-nekoliko-sati-na-istom-mjestu\/#breadcrumb\",\"itemListElement\":[{\"@type\":\"ListItem\",\"position\":1,\"name\":\"Po\u010detna stranica\",\"item\":\"https:\/\/likemetkovic.hr\/portal\/\"},{\"@type\":\"ListItem\",\"position\":2,\"name\":\"PRUD Dvije prometne nesre\u0107e u nekoliko sati na istom mjestu\"}]},{\"@type\":\"WebSite\",\"@id\":\"https:\/\/likemetkovic.hr\/#website\",\"url\":\"https:\/\/likemetkovic.hr\/\",\"name\":\"likemetkovic.hr\",\"description\":\"Misli pozitivno... \u010ditaj LIKE\",\"potentialAction\":[{\"@type\":\"SearchAction\",\"target\":{\"@type\":\"EntryPoint\",\"urlTemplate\":\"https:\/\/likemetkovic.hr\/?s={search_term_string}\"},\"query-input\":{\"@type\":\"PropertyValueSpecification\",\"valueRequired\":true,\"valueName\":\"search_term_string\"}}],\"inLanguage\":\"hr\"},{\"@type\":\"Person\",\"@id\":\"https:\/\/likemetkovic.hr\/#\/schema\/person\/a42711f3385a0e2be6f7e0443bfb28f0\",\"name\":\"LIKEmetkovic.hr\",\"sameAs\":[\"http:\/\/likemetkovic.hr\"],\"url\":\"https:\/\/likemetkovic.hr\/portal\/author\/likemetkovic-hr\/\"}]}<\/script>\n<!-- \/ Yoast SEO plugin. -->","yoast_head_json":{"title":"PRUD Dvije prometne nesre\u0107e u nekoliko sati na istom mjestu - likemetkovic.hr","description":"Ju\u010der u ve\u010dernjim satima u sredi\u0161tu Pruda dogodile su se dvije prometne nesre\u0107e. Uzrok je najvjerojatnije vo\u017enja neprilago\u0111ena uvjetima na cesti.","robots":{"index":"index","follow":"follow","max-snippet":"max-snippet:-1","max-image-preview":"max-image-preview:large","max-video-preview":"max-video-preview:-1"},"canonical":"https:\/\/likemetkovic.hr\/prud-dvije-prometne-nesrece-u-nekoliko-sati-na-istom-mjestu\/","og_locale":"hr_HR","og_type":"article","og_title":"PRUD Dvije prometne nesre\u0107e u nekoliko sati na istom mjestu - likemetkovic.hr","og_description":"Ju\u010der u ve\u010dernjim satima u sredi\u0161tu Pruda dogodile su se dvije prometne nesre\u0107e. Uzrok je najvjerojatnije vo\u017enja neprilago\u0111ena uvjetima na cesti.","og_url":"https:\/\/likemetkovic.hr\/prud-dvije-prometne-nesrece-u-nekoliko-sati-na-istom-mjestu\/","og_site_name":"likemetkovic.hr","article_publisher":"https:\/\/www.facebook.com\/likemetkovic.hr\/","article_published_time":"2018-08-17T06:49:38+00:00","article_modified_time":"2018-08-17T08:35:38+00:00","og_image":[{"width":800,"height":541,"url":"https:\/\/likemetkovic.hr\/wp-content\/uploads\/2018\/08\/prud-sudar.jpg","type":"image\/jpeg"}],"author":"LIKEmetkovic.hr","twitter_card":"summary_large_image","twitter_misc":{"Napisao\/la":"LIKEmetkovic.hr","Procijenjeno vrijeme \u010ditanja":"1 minuta"},"schema":{"@context":"https:\/\/schema.org","@graph":[{"@type":"WebPage","@id":"https:\/\/likemetkovic.hr\/prud-dvije-prometne-nesrece-u-nekoliko-sati-na-istom-mjestu\/","url":"https:\/\/likemetkovic.hr\/prud-dvije-prometne-nesrece-u-nekoliko-sati-na-istom-mjestu\/","name":"PRUD Dvije prometne nesre\u0107e u nekoliko sati na istom mjestu - likemetkovic.hr","isPartOf":{"@id":"https:\/\/likemetkovic.hr\/#website"},"primaryImageOfPage":{"@id":"https:\/\/likemetkovic.hr\/prud-dvije-prometne-nesrece-u-nekoliko-sati-na-istom-mjestu\/#primaryimage"},"image":{"@id":"https:\/\/likemetkovic.hr\/prud-dvije-prometne-nesrece-u-nekoliko-sati-na-istom-mjestu\/#primaryimage"},"thumbnailUrl":"https:\/\/likemetkovic.hr\/portal\/wp-content\/uploads\/2018\/08\/prud-sudar.jpg","datePublished":"2018-08-17T06:49:38+00:00","dateModified":"2018-08-17T08:35:38+00:00","author":{"@id":"https:\/\/likemetkovic.hr\/#\/schema\/person\/a42711f3385a0e2be6f7e0443bfb28f0"},"description":"Ju\u010der u ve\u010dernjim satima u sredi\u0161tu Pruda dogodile su se dvije prometne nesre\u0107e. Uzrok je najvjerojatnije vo\u017enja neprilago\u0111ena uvjetima na cesti.","breadcrumb":{"@id":"https:\/\/likemetkovic.hr\/prud-dvije-prometne-nesrece-u-nekoliko-sati-na-istom-mjestu\/#breadcrumb"},"inLanguage":"hr","potentialAction":[{"@type":"ReadAction","target":["https:\/\/likemetkovic.hr\/prud-dvije-prometne-nesrece-u-nekoliko-sati-na-istom-mjestu\/"]}]},{"@type":"ImageObject","inLanguage":"hr","@id":"https:\/\/likemetkovic.hr\/prud-dvije-prometne-nesrece-u-nekoliko-sati-na-istom-mjestu\/#primaryimage","url":"https:\/\/likemetkovic.hr\/portal\/wp-content\/uploads\/2018\/08\/prud-sudar.jpg","contentUrl":"https:\/\/likemetkovic.hr\/portal\/wp-content\/uploads\/2018\/08\/prud-sudar.jpg","width":800,"height":541},{"@type":"BreadcrumbList","@id":"https:\/\/likemetkovic.hr\/prud-dvije-prometne-nesrece-u-nekoliko-sati-na-istom-mjestu\/#breadcrumb","itemListElement":[{"@type":"ListItem","position":1,"name":"Po\u010detna stranica","item":"https:\/\/likemetkovic.hr\/portal\/"},{"@type":"ListItem","position":2,"name":"PRUD Dvije prometne nesre\u0107e u nekoliko sati na istom mjestu"}]},{"@type":"WebSite","@id":"https:\/\/likemetkovic.hr\/#website","url":"https:\/\/likemetkovic.hr\/","name":"likemetkovic.hr","description":"Misli pozitivno... \u010ditaj LIKE","potentialAction":[{"@type":"SearchAction","target":{"@type":"EntryPoint","urlTemplate":"https:\/\/likemetkovic.hr\/?s={search_term_string}"},"query-input":{"@type":"PropertyValueSpecification","valueRequired":true,"valueName":"search_term_string"}}],"inLanguage":"hr"},{"@type":"Person","@id":"https:\/\/likemetkovic.hr\/#\/schema\/person\/a42711f3385a0e2be6f7e0443bfb28f0","name":"LIKEmetkovic.hr","sameAs":["http:\/\/likemetkovic.hr"],"url":"https:\/\/likemetkovic.hr\/portal\/author\/likemetkovic-hr\/"}]}},"_links":{"self":[{"href":"https:\/\/likemetkovic.hr\/portal\/wp-json\/wp\/v2\/posts\/66560","targetHints":{"allow":["GET"]}}],"collection":[{"href":"https:\/\/likemetkovic.hr\/portal\/wp-json\/wp\/v2\/posts"}],"about":[{"href":"https:\/\/likemetkovic.hr\/portal\/wp-json\/wp\/v2\/types\/post"}],"author":[{"embeddable":true,"href":"https:\/\/likemetkovic.hr\/portal\/wp-json\/wp\/v2\/users\/7"}],"replies":[{"embeddable":true,"href":"https:\/\/likemetkovic.hr\/portal\/wp-json\/wp\/v2\/comments?post=66560"}],"version-history":[{"count":0,"href":"https:\/\/likemetkovic.hr\/portal\/wp-json\/wp\/v2\/posts\/66560\/revisions"}],"wp:featuredmedia":[{"embeddable":true,"href":"https:\/\/likemetkovic.hr\/portal\/wp-json\/wp\/v2\/media\/66561"}],"wp:attachment":[{"href":"https:\/\/likemetkovic.hr\/portal\/wp-json\/wp\/v2\/media?parent=66560"}],"wp:term":[{"taxonomy":"category","embeddable":true,"href":"https:\/\/likemetkovic.hr\/portal\/wp-json\/wp\/v2\/categories?post=66560"},{"taxonomy":"post_tag","embeddable":true,"href":"https:\/\/likemetkovic.hr\/portal\/wp-json\/wp\/v2\/tags?post=66560"}],"curies":[{"name":"wp","href":"https:\/\/api.w.org\/{rel}","templated":true}]}}