{"id":66794,"date":"2018-08-25T12:04:42","date_gmt":"2018-08-25T10:04:42","guid":{"rendered":"http:\/\/likemetkovic.hr\/?p=66794"},"modified":"2018-08-25T12:05:27","modified_gmt":"2018-08-25T10:05:27","slug":"stablina-odrzana-noc-prvaka-u-cast-ovogodisnjeg-pobjednika","status":"publish","type":"post","link":"https:\/\/likemetkovic.hr\/portal\/stablina-odrzana-noc-prvaka-u-cast-ovogodisnjeg-pobjednika\/","title":{"rendered":"STABLINA Odr\u017eana No\u0107 prvaka u \u010dast ovogodi\u0161njeg pobjednika Maratona la\u0111a"},"content":{"rendered":"<p>Sino\u0107 je na \u0160portskom centru Stablina u organizaciji pobjednika 21. Maratona la\u0111a na Neretvi <strong>Udruge la\u0111ara <em>Stablina<\/em><\/strong> odr\u017eana tradicionalna<strong> No\u0107 prvaka 2018.<\/strong> kojom su pobjednici po\u010dastili sve sudionike ovogodi\u0161njeg Maraton i sve Neretvane i njihove prijatelje koji su do\u0161li na jednu od ve\u0107ih zabava u dolini Neretve.<\/p>\n<p>Nakon \u0161to su la\u0111ari iz Stabline svima po\u017eeljeli dobrodo\u0161licu na pozornicu su iza\u0161li \u010dlanovi iz KUD-a <em>Neretvanke<\/em> iz Stabline te najstariji guslar u dolini Neretve Vinko \u0160trbi\u0107 \u2013 Plinjanin.<\/p>\n<p>Sredi\u0161nji dio zabavne ve\u010deri pripao je grupi Delta, te nastupima Branka Medaka i Alena Ni\u017eeti\u0107a! \u010citav program zabave No\u0107i prvaka moderirali su i vodili stablinski voditeljski par, Mario Pavi\u0107 i Lora Mihaljevi\u0107.<\/p>\n<p>Veliku fotogaleriju mo\u017eete pogledati na portalu <strong><a href=\"http:\/\/www.rogotin.hr\/2018\/08\/25\/velika-fotogalerija-odrzana-noc-prvaka-u-stablini\/\">rogotin.hr<\/a><\/strong>.<\/p>\n<p>Foto: Augustin Markota<\/p>\n","protected":false},"excerpt":{"rendered":"<p>Sino\u0107 je na \u0160portskom centru Stablina u organizaciji pobjednika 21. Maratona la\u0111a na Neretvi Udruge la\u0111ara Stablina odr\u017eana tradicionalna No\u0107 prvaka 2018. kojom su pobjednici po\u010dastili sve sudionike ovogodi\u0161njeg Maraton i sve Neretvane i njihove prijatelje koji su do\u0161li na jednu od ve\u0107ih zabava u dolini Neretve. Nakon \u0161to su la\u0111ari iz Stabline svima po\u017eeljeli [&hellip;]<\/p>\n","protected":false},"author":7,"featured_media":66795,"comment_status":"open","ping_status":"open","sticky":false,"template":"","format":"standard","meta":{"footnotes":""},"categories":[296,11],"tags":[3664,755],"class_list":{"0":"post-66794","1":"post","2":"type-post","3":"status-publish","4":"format-standard","5":"has-post-thumbnail","7":"category-ab","8":"category-metkovic-dolina","9":"tag-noc-ladara","10":"tag-stablina"},"yoast_head":"<!-- This site is optimized with the Yoast SEO plugin v25.2 - https:\/\/yoast.com\/wordpress\/plugins\/seo\/ -->\n<title>STABLINA Odr\u017eana No\u0107 prvaka u \u010dast ovogodi\u0161njeg pobjednika Maratona la\u0111a - likemetkovic.hr<\/title>\n<meta name=\"robots\" content=\"index, follow, max-snippet:-1, max-image-preview:large, max-video-preview:-1\" \/>\n<link rel=\"canonical\" href=\"https:\/\/likemetkovic.hr\/stablina-odrzana-noc-prvaka-u-cast-ovogodisnjeg-pobjednika\/\" \/>\n<meta property=\"og:locale\" content=\"hr_HR\" \/>\n<meta property=\"og:type\" content=\"article\" \/>\n<meta property=\"og:title\" content=\"STABLINA Odr\u017eana No\u0107 prvaka u \u010dast ovogodi\u0161njeg pobjednika Maratona la\u0111a - likemetkovic.hr\" \/>\n<meta property=\"og:description\" content=\"Sino\u0107 je na \u0160portskom centru Stablina u organizaciji pobjednika 21. Maratona la\u0111a na Neretvi Udruge la\u0111ara Stablina odr\u017eana tradicionalna No\u0107 prvaka 2018. kojom su pobjednici po\u010dastili sve sudionike ovogodi\u0161njeg Maraton i sve Neretvane i njihove prijatelje koji su do\u0161li na jednu od ve\u0107ih zabava u dolini Neretve. Nakon \u0161to su la\u0111ari iz Stabline svima po\u017eeljeli [&hellip;]\" \/>\n<meta property=\"og:url\" content=\"https:\/\/likemetkovic.hr\/stablina-odrzana-noc-prvaka-u-cast-ovogodisnjeg-pobjednika\/\" \/>\n<meta property=\"og:site_name\" content=\"likemetkovic.hr\" \/>\n<meta property=\"article:publisher\" content=\"https:\/\/www.facebook.com\/likemetkovic.hr\/\" \/>\n<meta property=\"article:published_time\" content=\"2018-08-25T10:04:42+00:00\" \/>\n<meta property=\"article:modified_time\" content=\"2018-08-25T10:05:27+00:00\" \/>\n<meta property=\"og:image\" content=\"https:\/\/likemetkovic.hr\/wp-content\/uploads\/2018\/08\/no\u0107-prvaka-stablina.jpg\" \/>\n\t<meta property=\"og:image:width\" content=\"1000\" \/>\n\t<meta property=\"og:image:height\" content=\"666\" \/>\n\t<meta property=\"og:image:type\" content=\"image\/jpeg\" \/>\n<meta name=\"author\" content=\"LIKEmetkovic.hr\" \/>\n<meta name=\"twitter:card\" content=\"summary_large_image\" \/>\n<meta name=\"twitter:label1\" content=\"Napisao\/la\" \/>\n\t<meta name=\"twitter:data1\" content=\"LIKEmetkovic.hr\" \/>\n\t<meta name=\"twitter:label2\" content=\"Procijenjeno vrijeme \u010ditanja\" \/>\n\t<meta name=\"twitter:data2\" content=\"1 minuta\" \/>\n<script type=\"application\/ld+json\" class=\"yoast-schema-graph\">{\"@context\":\"https:\/\/schema.org\",\"@graph\":[{\"@type\":\"WebPage\",\"@id\":\"https:\/\/likemetkovic.hr\/stablina-odrzana-noc-prvaka-u-cast-ovogodisnjeg-pobjednika\/\",\"url\":\"https:\/\/likemetkovic.hr\/stablina-odrzana-noc-prvaka-u-cast-ovogodisnjeg-pobjednika\/\",\"name\":\"STABLINA Odr\u017eana No\u0107 prvaka u \u010dast ovogodi\u0161njeg pobjednika Maratona la\u0111a - likemetkovic.hr\",\"isPartOf\":{\"@id\":\"https:\/\/likemetkovic.hr\/#website\"},\"primaryImageOfPage\":{\"@id\":\"https:\/\/likemetkovic.hr\/stablina-odrzana-noc-prvaka-u-cast-ovogodisnjeg-pobjednika\/#primaryimage\"},\"image\":{\"@id\":\"https:\/\/likemetkovic.hr\/stablina-odrzana-noc-prvaka-u-cast-ovogodisnjeg-pobjednika\/#primaryimage\"},\"thumbnailUrl\":\"https:\/\/likemetkovic.hr\/portal\/wp-content\/uploads\/2018\/08\/no\u0107-prvaka-stablina.jpg\",\"datePublished\":\"2018-08-25T10:04:42+00:00\",\"dateModified\":\"2018-08-25T10:05:27+00:00\",\"author\":{\"@id\":\"https:\/\/likemetkovic.hr\/#\/schema\/person\/a42711f3385a0e2be6f7e0443bfb28f0\"},\"breadcrumb\":{\"@id\":\"https:\/\/likemetkovic.hr\/stablina-odrzana-noc-prvaka-u-cast-ovogodisnjeg-pobjednika\/#breadcrumb\"},\"inLanguage\":\"hr\",\"potentialAction\":[{\"@type\":\"ReadAction\",\"target\":[\"https:\/\/likemetkovic.hr\/stablina-odrzana-noc-prvaka-u-cast-ovogodisnjeg-pobjednika\/\"]}]},{\"@type\":\"ImageObject\",\"inLanguage\":\"hr\",\"@id\":\"https:\/\/likemetkovic.hr\/stablina-odrzana-noc-prvaka-u-cast-ovogodisnjeg-pobjednika\/#primaryimage\",\"url\":\"https:\/\/likemetkovic.hr\/portal\/wp-content\/uploads\/2018\/08\/no\u0107-prvaka-stablina.jpg\",\"contentUrl\":\"https:\/\/likemetkovic.hr\/portal\/wp-content\/uploads\/2018\/08\/no\u0107-prvaka-stablina.jpg\",\"width\":1000,\"height\":666},{\"@type\":\"BreadcrumbList\",\"@id\":\"https:\/\/likemetkovic.hr\/stablina-odrzana-noc-prvaka-u-cast-ovogodisnjeg-pobjednika\/#breadcrumb\",\"itemListElement\":[{\"@type\":\"ListItem\",\"position\":1,\"name\":\"Po\u010detna stranica\",\"item\":\"https:\/\/likemetkovic.hr\/portal\/\"},{\"@type\":\"ListItem\",\"position\":2,\"name\":\"STABLINA Odr\u017eana No\u0107 prvaka u \u010dast ovogodi\u0161njeg pobjednika Maratona la\u0111a\"}]},{\"@type\":\"WebSite\",\"@id\":\"https:\/\/likemetkovic.hr\/#website\",\"url\":\"https:\/\/likemetkovic.hr\/\",\"name\":\"likemetkovic.hr\",\"description\":\"Misli pozitivno... \u010ditaj LIKE\",\"potentialAction\":[{\"@type\":\"SearchAction\",\"target\":{\"@type\":\"EntryPoint\",\"urlTemplate\":\"https:\/\/likemetkovic.hr\/?s={search_term_string}\"},\"query-input\":{\"@type\":\"PropertyValueSpecification\",\"valueRequired\":true,\"valueName\":\"search_term_string\"}}],\"inLanguage\":\"hr\"},{\"@type\":\"Person\",\"@id\":\"https:\/\/likemetkovic.hr\/#\/schema\/person\/a42711f3385a0e2be6f7e0443bfb28f0\",\"name\":\"LIKEmetkovic.hr\",\"sameAs\":[\"http:\/\/likemetkovic.hr\"],\"url\":\"https:\/\/likemetkovic.hr\/portal\/author\/likemetkovic-hr\/\"}]}<\/script>\n<!-- \/ Yoast SEO plugin. -->","yoast_head_json":{"title":"STABLINA Odr\u017eana No\u0107 prvaka u \u010dast ovogodi\u0161njeg pobjednika Maratona la\u0111a - likemetkovic.hr","robots":{"index":"index","follow":"follow","max-snippet":"max-snippet:-1","max-image-preview":"max-image-preview:large","max-video-preview":"max-video-preview:-1"},"canonical":"https:\/\/likemetkovic.hr\/stablina-odrzana-noc-prvaka-u-cast-ovogodisnjeg-pobjednika\/","og_locale":"hr_HR","og_type":"article","og_title":"STABLINA Odr\u017eana No\u0107 prvaka u \u010dast ovogodi\u0161njeg pobjednika Maratona la\u0111a - likemetkovic.hr","og_description":"Sino\u0107 je na \u0160portskom centru Stablina u organizaciji pobjednika 21. Maratona la\u0111a na Neretvi Udruge la\u0111ara Stablina odr\u017eana tradicionalna No\u0107 prvaka 2018. kojom su pobjednici po\u010dastili sve sudionike ovogodi\u0161njeg Maraton i sve Neretvane i njihove prijatelje koji su do\u0161li na jednu od ve\u0107ih zabava u dolini Neretve. Nakon \u0161to su la\u0111ari iz Stabline svima po\u017eeljeli [&hellip;]","og_url":"https:\/\/likemetkovic.hr\/stablina-odrzana-noc-prvaka-u-cast-ovogodisnjeg-pobjednika\/","og_site_name":"likemetkovic.hr","article_publisher":"https:\/\/www.facebook.com\/likemetkovic.hr\/","article_published_time":"2018-08-25T10:04:42+00:00","article_modified_time":"2018-08-25T10:05:27+00:00","og_image":[{"width":1000,"height":666,"url":"https:\/\/likemetkovic.hr\/wp-content\/uploads\/2018\/08\/no\u0107-prvaka-stablina.jpg","type":"image\/jpeg"}],"author":"LIKEmetkovic.hr","twitter_card":"summary_large_image","twitter_misc":{"Napisao\/la":"LIKEmetkovic.hr","Procijenjeno vrijeme \u010ditanja":"1 minuta"},"schema":{"@context":"https:\/\/schema.org","@graph":[{"@type":"WebPage","@id":"https:\/\/likemetkovic.hr\/stablina-odrzana-noc-prvaka-u-cast-ovogodisnjeg-pobjednika\/","url":"https:\/\/likemetkovic.hr\/stablina-odrzana-noc-prvaka-u-cast-ovogodisnjeg-pobjednika\/","name":"STABLINA Odr\u017eana No\u0107 prvaka u \u010dast ovogodi\u0161njeg pobjednika Maratona la\u0111a - likemetkovic.hr","isPartOf":{"@id":"https:\/\/likemetkovic.hr\/#website"},"primaryImageOfPage":{"@id":"https:\/\/likemetkovic.hr\/stablina-odrzana-noc-prvaka-u-cast-ovogodisnjeg-pobjednika\/#primaryimage"},"image":{"@id":"https:\/\/likemetkovic.hr\/stablina-odrzana-noc-prvaka-u-cast-ovogodisnjeg-pobjednika\/#primaryimage"},"thumbnailUrl":"https:\/\/likemetkovic.hr\/portal\/wp-content\/uploads\/2018\/08\/no\u0107-prvaka-stablina.jpg","datePublished":"2018-08-25T10:04:42+00:00","dateModified":"2018-08-25T10:05:27+00:00","author":{"@id":"https:\/\/likemetkovic.hr\/#\/schema\/person\/a42711f3385a0e2be6f7e0443bfb28f0"},"breadcrumb":{"@id":"https:\/\/likemetkovic.hr\/stablina-odrzana-noc-prvaka-u-cast-ovogodisnjeg-pobjednika\/#breadcrumb"},"inLanguage":"hr","potentialAction":[{"@type":"ReadAction","target":["https:\/\/likemetkovic.hr\/stablina-odrzana-noc-prvaka-u-cast-ovogodisnjeg-pobjednika\/"]}]},{"@type":"ImageObject","inLanguage":"hr","@id":"https:\/\/likemetkovic.hr\/stablina-odrzana-noc-prvaka-u-cast-ovogodisnjeg-pobjednika\/#primaryimage","url":"https:\/\/likemetkovic.hr\/portal\/wp-content\/uploads\/2018\/08\/no\u0107-prvaka-stablina.jpg","contentUrl":"https:\/\/likemetkovic.hr\/portal\/wp-content\/uploads\/2018\/08\/no\u0107-prvaka-stablina.jpg","width":1000,"height":666},{"@type":"BreadcrumbList","@id":"https:\/\/likemetkovic.hr\/stablina-odrzana-noc-prvaka-u-cast-ovogodisnjeg-pobjednika\/#breadcrumb","itemListElement":[{"@type":"ListItem","position":1,"name":"Po\u010detna stranica","item":"https:\/\/likemetkovic.hr\/portal\/"},{"@type":"ListItem","position":2,"name":"STABLINA Odr\u017eana No\u0107 prvaka u \u010dast ovogodi\u0161njeg pobjednika Maratona la\u0111a"}]},{"@type":"WebSite","@id":"https:\/\/likemetkovic.hr\/#website","url":"https:\/\/likemetkovic.hr\/","name":"likemetkovic.hr","description":"Misli pozitivno... \u010ditaj LIKE","potentialAction":[{"@type":"SearchAction","target":{"@type":"EntryPoint","urlTemplate":"https:\/\/likemetkovic.hr\/?s={search_term_string}"},"query-input":{"@type":"PropertyValueSpecification","valueRequired":true,"valueName":"search_term_string"}}],"inLanguage":"hr"},{"@type":"Person","@id":"https:\/\/likemetkovic.hr\/#\/schema\/person\/a42711f3385a0e2be6f7e0443bfb28f0","name":"LIKEmetkovic.hr","sameAs":["http:\/\/likemetkovic.hr"],"url":"https:\/\/likemetkovic.hr\/portal\/author\/likemetkovic-hr\/"}]}},"_links":{"self":[{"href":"https:\/\/likemetkovic.hr\/portal\/wp-json\/wp\/v2\/posts\/66794","targetHints":{"allow":["GET"]}}],"collection":[{"href":"https:\/\/likemetkovic.hr\/portal\/wp-json\/wp\/v2\/posts"}],"about":[{"href":"https:\/\/likemetkovic.hr\/portal\/wp-json\/wp\/v2\/types\/post"}],"author":[{"embeddable":true,"href":"https:\/\/likemetkovic.hr\/portal\/wp-json\/wp\/v2\/users\/7"}],"replies":[{"embeddable":true,"href":"https:\/\/likemetkovic.hr\/portal\/wp-json\/wp\/v2\/comments?post=66794"}],"version-history":[{"count":0,"href":"https:\/\/likemetkovic.hr\/portal\/wp-json\/wp\/v2\/posts\/66794\/revisions"}],"wp:featuredmedia":[{"embeddable":true,"href":"https:\/\/likemetkovic.hr\/portal\/wp-json\/wp\/v2\/media\/66795"}],"wp:attachment":[{"href":"https:\/\/likemetkovic.hr\/portal\/wp-json\/wp\/v2\/media?parent=66794"}],"wp:term":[{"taxonomy":"category","embeddable":true,"href":"https:\/\/likemetkovic.hr\/portal\/wp-json\/wp\/v2\/categories?post=66794"},{"taxonomy":"post_tag","embeddable":true,"href":"https:\/\/likemetkovic.hr\/portal\/wp-json\/wp\/v2\/tags?post=66794"}],"curies":[{"name":"wp","href":"https:\/\/api.w.org\/{rel}","templated":true}]}}