{"id":66835,"date":"2018-08-26T09:34:57","date_gmt":"2018-08-26T07:34:57","guid":{"rendered":"http:\/\/likemetkovic.hr\/?p=66835"},"modified":"2018-08-26T09:34:57","modified_gmt":"2018-08-26T07:34:57","slug":"bruno-petkovic-zabio-prvi-gol-u-dresu-dinama-nakon-642-dana-suse","status":"publish","type":"post","link":"https:\/\/likemetkovic.hr\/portal\/bruno-petkovic-zabio-prvi-gol-u-dresu-dinama-nakon-642-dana-suse\/","title":{"rendered":"Bruno Petkovi\u0107 zabio prvi gol u dresu Dinama nakon 642 dana &#8220;su\u0161e&#8221;"},"content":{"rendered":"<p>Pobjedni\u010dki gol za\u00a0<strong>Dinamo\u00a0<\/strong>zabio je\u00a0<strong>Bruno Petkovi\u0107\u00a0<\/strong>u 48. minuti iz kaznenog udarca, dosu\u0111enog zbog igranja rukom\u00a0<strong>Frana Kara\u010di\u0107a<\/strong>.\u00a0Za Petkovi\u0107a je to prvijenac u dresu Dinama, a gol je zabio nakon 642 dana.<\/p>\n<p>Dinamo je sa 13 bodova preuzeo vrh ljestvice, ispred\u00a0<strong>Rijeke<\/strong>,\u00a0<strong>Osijeka\u00a0<\/strong>i\u00a0<strong>Lokomotive\u00a0<\/strong>koji imaju po 10 bodova, ali Rije\u010dani imaju utakmicu manje. Na za\u010delju su\u00a0<strong>Rude\u0161\u00a0<\/strong>i\u00a0<strong>Istra 1961<\/strong>\u00a0sa po jednim bodom. <strong>Hajduk<\/strong> je trenutno 8. s 2 boda i s utakmicom manje.<\/p>\n<p>Pi\u0161e: Hina<\/p>\n","protected":false},"excerpt":{"rendered":"<p>Pobjedni\u010dki gol za\u00a0Dinamo\u00a0zabio je\u00a0Bruno Petkovi\u0107\u00a0u 48. minuti iz kaznenog udarca, dosu\u0111enog zbog igranja rukom\u00a0Frana Kara\u010di\u0107a.\u00a0Za Petkovi\u0107a je to prvijenac u dresu Dinama, a gol je zabio nakon 642 dana. Dinamo je sa 13 bodova preuzeo vrh ljestvice, ispred\u00a0Rijeke,\u00a0Osijeka\u00a0i\u00a0Lokomotive\u00a0koji imaju po 10 bodova, ali Rije\u010dani imaju utakmicu manje. Na za\u010delju su\u00a0Rude\u0161\u00a0i\u00a0Istra 1961\u00a0sa po jednim bodom. Hajduk [&hellip;]<\/p>\n","protected":false},"author":7,"featured_media":66836,"comment_status":"open","ping_status":"open","sticky":false,"template":"","format":"standard","meta":{"footnotes":""},"categories":[296,30],"tags":[2133,3668],"class_list":{"0":"post-66835","1":"post","2":"type-post","3":"status-publish","4":"format-standard","5":"has-post-thumbnail","7":"category-ab","8":"category-nogomet","9":"tag-bruno-petkovic","10":"tag-dinamo"},"yoast_head":"<!-- This site is optimized with the Yoast SEO plugin v25.2 - https:\/\/yoast.com\/wordpress\/plugins\/seo\/ -->\n<title>Bruno Petkovi\u0107 zabio prvi gol u dresu Dinama nakon 642 dana &quot;su\u0161e&quot; - likemetkovic.hr<\/title>\n<meta name=\"robots\" content=\"index, follow, max-snippet:-1, max-image-preview:large, max-video-preview:-1\" \/>\n<link rel=\"canonical\" href=\"https:\/\/likemetkovic.hr\/bruno-petkovic-zabio-prvi-gol-u-dresu-dinama-nakon-642-dana-suse\/\" \/>\n<meta property=\"og:locale\" content=\"hr_HR\" \/>\n<meta property=\"og:type\" content=\"article\" \/>\n<meta property=\"og:title\" content=\"Bruno Petkovi\u0107 zabio prvi gol u dresu Dinama nakon 642 dana &quot;su\u0161e&quot; - likemetkovic.hr\" \/>\n<meta property=\"og:description\" content=\"Pobjedni\u010dki gol za\u00a0Dinamo\u00a0zabio je\u00a0Bruno Petkovi\u0107\u00a0u 48. minuti iz kaznenog udarca, dosu\u0111enog zbog igranja rukom\u00a0Frana Kara\u010di\u0107a.\u00a0Za Petkovi\u0107a je to prvijenac u dresu Dinama, a gol je zabio nakon 642 dana. Dinamo je sa 13 bodova preuzeo vrh ljestvice, ispred\u00a0Rijeke,\u00a0Osijeka\u00a0i\u00a0Lokomotive\u00a0koji imaju po 10 bodova, ali Rije\u010dani imaju utakmicu manje. Na za\u010delju su\u00a0Rude\u0161\u00a0i\u00a0Istra 1961\u00a0sa po jednim bodom. Hajduk [&hellip;]\" \/>\n<meta property=\"og:url\" content=\"https:\/\/likemetkovic.hr\/bruno-petkovic-zabio-prvi-gol-u-dresu-dinama-nakon-642-dana-suse\/\" \/>\n<meta property=\"og:site_name\" content=\"likemetkovic.hr\" \/>\n<meta property=\"article:publisher\" content=\"https:\/\/www.facebook.com\/likemetkovic.hr\/\" \/>\n<meta property=\"article:published_time\" content=\"2018-08-26T07:34:57+00:00\" \/>\n<meta property=\"og:image\" content=\"https:\/\/likemetkovic.hr\/wp-content\/uploads\/2018\/08\/bruno-petkovi\u0107.jpg\" \/>\n\t<meta property=\"og:image:width\" content=\"1080\" \/>\n\t<meta property=\"og:image:height\" content=\"640\" \/>\n\t<meta property=\"og:image:type\" content=\"image\/jpeg\" \/>\n<meta name=\"author\" content=\"LIKEmetkovic.hr\" \/>\n<meta name=\"twitter:card\" content=\"summary_large_image\" \/>\n<meta name=\"twitter:label1\" content=\"Napisao\/la\" \/>\n\t<meta name=\"twitter:data1\" content=\"LIKEmetkovic.hr\" \/>\n<script type=\"application\/ld+json\" class=\"yoast-schema-graph\">{\"@context\":\"https:\/\/schema.org\",\"@graph\":[{\"@type\":\"WebPage\",\"@id\":\"https:\/\/likemetkovic.hr\/bruno-petkovic-zabio-prvi-gol-u-dresu-dinama-nakon-642-dana-suse\/\",\"url\":\"https:\/\/likemetkovic.hr\/bruno-petkovic-zabio-prvi-gol-u-dresu-dinama-nakon-642-dana-suse\/\",\"name\":\"Bruno Petkovi\u0107 zabio prvi gol u dresu Dinama nakon 642 dana \\\"su\u0161e\\\" - likemetkovic.hr\",\"isPartOf\":{\"@id\":\"https:\/\/likemetkovic.hr\/#website\"},\"primaryImageOfPage\":{\"@id\":\"https:\/\/likemetkovic.hr\/bruno-petkovic-zabio-prvi-gol-u-dresu-dinama-nakon-642-dana-suse\/#primaryimage\"},\"image\":{\"@id\":\"https:\/\/likemetkovic.hr\/bruno-petkovic-zabio-prvi-gol-u-dresu-dinama-nakon-642-dana-suse\/#primaryimage\"},\"thumbnailUrl\":\"https:\/\/likemetkovic.hr\/portal\/wp-content\/uploads\/2018\/08\/bruno-petkovi\u0107.jpg\",\"datePublished\":\"2018-08-26T07:34:57+00:00\",\"author\":{\"@id\":\"https:\/\/likemetkovic.hr\/#\/schema\/person\/a42711f3385a0e2be6f7e0443bfb28f0\"},\"breadcrumb\":{\"@id\":\"https:\/\/likemetkovic.hr\/bruno-petkovic-zabio-prvi-gol-u-dresu-dinama-nakon-642-dana-suse\/#breadcrumb\"},\"inLanguage\":\"hr\",\"potentialAction\":[{\"@type\":\"ReadAction\",\"target\":[\"https:\/\/likemetkovic.hr\/bruno-petkovic-zabio-prvi-gol-u-dresu-dinama-nakon-642-dana-suse\/\"]}]},{\"@type\":\"ImageObject\",\"inLanguage\":\"hr\",\"@id\":\"https:\/\/likemetkovic.hr\/bruno-petkovic-zabio-prvi-gol-u-dresu-dinama-nakon-642-dana-suse\/#primaryimage\",\"url\":\"https:\/\/likemetkovic.hr\/portal\/wp-content\/uploads\/2018\/08\/bruno-petkovi\u0107.jpg\",\"contentUrl\":\"https:\/\/likemetkovic.hr\/portal\/wp-content\/uploads\/2018\/08\/bruno-petkovi\u0107.jpg\",\"width\":1080,\"height\":640},{\"@type\":\"BreadcrumbList\",\"@id\":\"https:\/\/likemetkovic.hr\/bruno-petkovic-zabio-prvi-gol-u-dresu-dinama-nakon-642-dana-suse\/#breadcrumb\",\"itemListElement\":[{\"@type\":\"ListItem\",\"position\":1,\"name\":\"Po\u010detna stranica\",\"item\":\"https:\/\/likemetkovic.hr\/portal\/\"},{\"@type\":\"ListItem\",\"position\":2,\"name\":\"Bruno Petkovi\u0107 zabio prvi gol u dresu Dinama nakon 642 dana &#8220;su\u0161e&#8221;\"}]},{\"@type\":\"WebSite\",\"@id\":\"https:\/\/likemetkovic.hr\/#website\",\"url\":\"https:\/\/likemetkovic.hr\/\",\"name\":\"likemetkovic.hr\",\"description\":\"Misli pozitivno... \u010ditaj LIKE\",\"potentialAction\":[{\"@type\":\"SearchAction\",\"target\":{\"@type\":\"EntryPoint\",\"urlTemplate\":\"https:\/\/likemetkovic.hr\/?s={search_term_string}\"},\"query-input\":{\"@type\":\"PropertyValueSpecification\",\"valueRequired\":true,\"valueName\":\"search_term_string\"}}],\"inLanguage\":\"hr\"},{\"@type\":\"Person\",\"@id\":\"https:\/\/likemetkovic.hr\/#\/schema\/person\/a42711f3385a0e2be6f7e0443bfb28f0\",\"name\":\"LIKEmetkovic.hr\",\"sameAs\":[\"http:\/\/likemetkovic.hr\"],\"url\":\"https:\/\/likemetkovic.hr\/portal\/author\/likemetkovic-hr\/\"}]}<\/script>\n<!-- \/ Yoast SEO plugin. -->","yoast_head_json":{"title":"Bruno Petkovi\u0107 zabio prvi gol u dresu Dinama nakon 642 dana \"su\u0161e\" - likemetkovic.hr","robots":{"index":"index","follow":"follow","max-snippet":"max-snippet:-1","max-image-preview":"max-image-preview:large","max-video-preview":"max-video-preview:-1"},"canonical":"https:\/\/likemetkovic.hr\/bruno-petkovic-zabio-prvi-gol-u-dresu-dinama-nakon-642-dana-suse\/","og_locale":"hr_HR","og_type":"article","og_title":"Bruno Petkovi\u0107 zabio prvi gol u dresu Dinama nakon 642 dana \"su\u0161e\" - likemetkovic.hr","og_description":"Pobjedni\u010dki gol za\u00a0Dinamo\u00a0zabio je\u00a0Bruno Petkovi\u0107\u00a0u 48. minuti iz kaznenog udarca, dosu\u0111enog zbog igranja rukom\u00a0Frana Kara\u010di\u0107a.\u00a0Za Petkovi\u0107a je to prvijenac u dresu Dinama, a gol je zabio nakon 642 dana. Dinamo je sa 13 bodova preuzeo vrh ljestvice, ispred\u00a0Rijeke,\u00a0Osijeka\u00a0i\u00a0Lokomotive\u00a0koji imaju po 10 bodova, ali Rije\u010dani imaju utakmicu manje. Na za\u010delju su\u00a0Rude\u0161\u00a0i\u00a0Istra 1961\u00a0sa po jednim bodom. Hajduk [&hellip;]","og_url":"https:\/\/likemetkovic.hr\/bruno-petkovic-zabio-prvi-gol-u-dresu-dinama-nakon-642-dana-suse\/","og_site_name":"likemetkovic.hr","article_publisher":"https:\/\/www.facebook.com\/likemetkovic.hr\/","article_published_time":"2018-08-26T07:34:57+00:00","og_image":[{"width":1080,"height":640,"url":"https:\/\/likemetkovic.hr\/wp-content\/uploads\/2018\/08\/bruno-petkovi\u0107.jpg","type":"image\/jpeg"}],"author":"LIKEmetkovic.hr","twitter_card":"summary_large_image","twitter_misc":{"Napisao\/la":"LIKEmetkovic.hr"},"schema":{"@context":"https:\/\/schema.org","@graph":[{"@type":"WebPage","@id":"https:\/\/likemetkovic.hr\/bruno-petkovic-zabio-prvi-gol-u-dresu-dinama-nakon-642-dana-suse\/","url":"https:\/\/likemetkovic.hr\/bruno-petkovic-zabio-prvi-gol-u-dresu-dinama-nakon-642-dana-suse\/","name":"Bruno Petkovi\u0107 zabio prvi gol u dresu Dinama nakon 642 dana \"su\u0161e\" - likemetkovic.hr","isPartOf":{"@id":"https:\/\/likemetkovic.hr\/#website"},"primaryImageOfPage":{"@id":"https:\/\/likemetkovic.hr\/bruno-petkovic-zabio-prvi-gol-u-dresu-dinama-nakon-642-dana-suse\/#primaryimage"},"image":{"@id":"https:\/\/likemetkovic.hr\/bruno-petkovic-zabio-prvi-gol-u-dresu-dinama-nakon-642-dana-suse\/#primaryimage"},"thumbnailUrl":"https:\/\/likemetkovic.hr\/portal\/wp-content\/uploads\/2018\/08\/bruno-petkovi\u0107.jpg","datePublished":"2018-08-26T07:34:57+00:00","author":{"@id":"https:\/\/likemetkovic.hr\/#\/schema\/person\/a42711f3385a0e2be6f7e0443bfb28f0"},"breadcrumb":{"@id":"https:\/\/likemetkovic.hr\/bruno-petkovic-zabio-prvi-gol-u-dresu-dinama-nakon-642-dana-suse\/#breadcrumb"},"inLanguage":"hr","potentialAction":[{"@type":"ReadAction","target":["https:\/\/likemetkovic.hr\/bruno-petkovic-zabio-prvi-gol-u-dresu-dinama-nakon-642-dana-suse\/"]}]},{"@type":"ImageObject","inLanguage":"hr","@id":"https:\/\/likemetkovic.hr\/bruno-petkovic-zabio-prvi-gol-u-dresu-dinama-nakon-642-dana-suse\/#primaryimage","url":"https:\/\/likemetkovic.hr\/portal\/wp-content\/uploads\/2018\/08\/bruno-petkovi\u0107.jpg","contentUrl":"https:\/\/likemetkovic.hr\/portal\/wp-content\/uploads\/2018\/08\/bruno-petkovi\u0107.jpg","width":1080,"height":640},{"@type":"BreadcrumbList","@id":"https:\/\/likemetkovic.hr\/bruno-petkovic-zabio-prvi-gol-u-dresu-dinama-nakon-642-dana-suse\/#breadcrumb","itemListElement":[{"@type":"ListItem","position":1,"name":"Po\u010detna stranica","item":"https:\/\/likemetkovic.hr\/portal\/"},{"@type":"ListItem","position":2,"name":"Bruno Petkovi\u0107 zabio prvi gol u dresu Dinama nakon 642 dana &#8220;su\u0161e&#8221;"}]},{"@type":"WebSite","@id":"https:\/\/likemetkovic.hr\/#website","url":"https:\/\/likemetkovic.hr\/","name":"likemetkovic.hr","description":"Misli pozitivno... \u010ditaj LIKE","potentialAction":[{"@type":"SearchAction","target":{"@type":"EntryPoint","urlTemplate":"https:\/\/likemetkovic.hr\/?s={search_term_string}"},"query-input":{"@type":"PropertyValueSpecification","valueRequired":true,"valueName":"search_term_string"}}],"inLanguage":"hr"},{"@type":"Person","@id":"https:\/\/likemetkovic.hr\/#\/schema\/person\/a42711f3385a0e2be6f7e0443bfb28f0","name":"LIKEmetkovic.hr","sameAs":["http:\/\/likemetkovic.hr"],"url":"https:\/\/likemetkovic.hr\/portal\/author\/likemetkovic-hr\/"}]}},"_links":{"self":[{"href":"https:\/\/likemetkovic.hr\/portal\/wp-json\/wp\/v2\/posts\/66835","targetHints":{"allow":["GET"]}}],"collection":[{"href":"https:\/\/likemetkovic.hr\/portal\/wp-json\/wp\/v2\/posts"}],"about":[{"href":"https:\/\/likemetkovic.hr\/portal\/wp-json\/wp\/v2\/types\/post"}],"author":[{"embeddable":true,"href":"https:\/\/likemetkovic.hr\/portal\/wp-json\/wp\/v2\/users\/7"}],"replies":[{"embeddable":true,"href":"https:\/\/likemetkovic.hr\/portal\/wp-json\/wp\/v2\/comments?post=66835"}],"version-history":[{"count":0,"href":"https:\/\/likemetkovic.hr\/portal\/wp-json\/wp\/v2\/posts\/66835\/revisions"}],"wp:featuredmedia":[{"embeddable":true,"href":"https:\/\/likemetkovic.hr\/portal\/wp-json\/wp\/v2\/media\/66836"}],"wp:attachment":[{"href":"https:\/\/likemetkovic.hr\/portal\/wp-json\/wp\/v2\/media?parent=66835"}],"wp:term":[{"taxonomy":"category","embeddable":true,"href":"https:\/\/likemetkovic.hr\/portal\/wp-json\/wp\/v2\/categories?post=66835"},{"taxonomy":"post_tag","embeddable":true,"href":"https:\/\/likemetkovic.hr\/portal\/wp-json\/wp\/v2\/tags?post=66835"}],"curies":[{"name":"wp","href":"https:\/\/api.w.org\/{rel}","templated":true}]}}