{"id":66843,"date":"2018-08-26T19:57:20","date_gmt":"2018-08-26T17:57:20","guid":{"rendered":"http:\/\/likemetkovic.hr\/?p=66843"},"modified":"2018-08-26T20:02:04","modified_gmt":"2018-08-26T18:02:04","slug":"marin-ljubicic-potpisao-za-slovan-iz-bratislave","status":"publish","type":"post","link":"https:\/\/likemetkovic.hr\/portal\/marin-ljubicic-potpisao-za-slovan-iz-bratislave\/","title":{"rendered":"Marin Ljubi\u010di\u0107 potpisao za Slovan iz Bratislave"},"content":{"rendered":"<p>Hrvatski veznjak\u00a0<b>Marin Ljubi\u010di\u0107<\/b> koji je ponikao u omladinskom\u00a0pogonu<b> ONK Metkovi\u0107a, <\/b>potom<b> Hajduka,<\/b> i\u00a0koji je donedavno bio kapetan slova\u010dke\u00a0<strong>Dunajske Strede,\u00a0<\/strong>25. kolovoza 2018. je potpisao ugovor sa\u00a0<strong>Slovanom\u00a0<\/strong>iz Bratislave.<\/p>\n<p><img decoding=\"async\" class=\"alignnone size-full wp-image-66844\" src=\"http:\/\/likemetkovic.hr\/wp-content\/uploads\/2018\/08\/marin-ljubi\u010di\u0107-slovan.jpg\" alt=\"\" width=\"688\" height=\"460\" srcset=\"https:\/\/likemetkovic.hr\/portal\/wp-content\/uploads\/2018\/08\/marin-ljubi\u010di\u0107-slovan.jpg 688w, https:\/\/likemetkovic.hr\/portal\/wp-content\/uploads\/2018\/08\/marin-ljubi\u010di\u0107-slovan-628x420.jpg 628w\" sizes=\"(max-width: 688px) 100vw, 688px\" \/><\/p>\n<p>30-godi\u0161nji veznjak je prije nekoliko dana napustio\u00a0Dunajsku Stredu\u00a0\u010dime je postao slobodan igra\u010d. U tom klubu proveo je tri i pol godine a ovog ljeta ga je napustio. U Dunajskoj Stredi\u00a0Ljubi\u010di\u0107je ve\u0107 du\u017ee vrijeme bio i kapetan mom\u010dadi, a pro\u0161le je sezone u slova\u010dkoj\u00a0Fortuna ligi\u00a0odigrao ukupno 29 utakmica.\u00a0 Sve skupa, za Dunajsku Stredu je odigrao 116 utakmica te pritom postigao 11 pogodaka i upisao \u010detiri asistencije.<\/p>\n<p>Prije toga, Ljubi\u010di\u0107 je dva puta nosio dres\u00a0<strong>Hajduka<\/strong>\u00a0te je jednu sezonu proveo i u<strong>\u00a0NK Zadru<\/strong>. Nakon toga, tri je godine prije dolaska u Dunajsku Stredu nosio dres ukrajinske\u00a0<strong>Tavriye<\/strong>.<\/p>\n<p>Pro\u0161lu sezonu Marin je bio izabran i u najbolju mom\u010dad sezone <strong>Fortuna lige<\/strong>.<\/p>\n<p>Pi\u0161e: Filip Martinovi\u0107<\/p>\n","protected":false},"excerpt":{"rendered":"<p>Hrvatski veznjak\u00a0Marin Ljubi\u010di\u0107 koji je ponikao u omladinskom\u00a0pogonu ONK Metkovi\u0107a, potom Hajduka, i\u00a0koji je donedavno bio kapetan slova\u010dke\u00a0Dunajske Strede,\u00a025. kolovoza 2018. je potpisao ugovor sa\u00a0Slovanom\u00a0iz Bratislave. 30-godi\u0161nji veznjak je prije nekoliko dana napustio\u00a0Dunajsku Stredu\u00a0\u010dime je postao slobodan igra\u010d. U tom klubu proveo je tri i pol godine a ovog ljeta ga je napustio. U Dunajskoj [&hellip;]<\/p>\n","protected":false},"author":7,"featured_media":66844,"comment_status":"open","ping_status":"open","sticky":false,"template":"","format":"standard","meta":{"footnotes":""},"categories":[296,30],"tags":[812,3669],"class_list":{"0":"post-66843","1":"post","2":"type-post","3":"status-publish","4":"format-standard","5":"has-post-thumbnail","7":"category-ab","8":"category-nogomet","9":"tag-marin-ljubicic","10":"tag-slovan-bratislava"},"yoast_head":"<!-- This site is optimized with the Yoast SEO plugin v25.2 - https:\/\/yoast.com\/wordpress\/plugins\/seo\/ -->\n<title>Marin Ljubi\u010di\u0107 potpisao za Slovan iz Bratislave - likemetkovic.hr<\/title>\n<meta name=\"robots\" content=\"index, follow, max-snippet:-1, max-image-preview:large, max-video-preview:-1\" \/>\n<link rel=\"canonical\" href=\"https:\/\/likemetkovic.hr\/marin-ljubicic-potpisao-za-slovan-iz-bratislave\/\" \/>\n<meta property=\"og:locale\" content=\"hr_HR\" \/>\n<meta property=\"og:type\" content=\"article\" \/>\n<meta property=\"og:title\" content=\"Marin Ljubi\u010di\u0107 potpisao za Slovan iz Bratislave - likemetkovic.hr\" \/>\n<meta property=\"og:description\" content=\"Hrvatski veznjak\u00a0Marin Ljubi\u010di\u0107 koji je ponikao u omladinskom\u00a0pogonu ONK Metkovi\u0107a, potom Hajduka, i\u00a0koji je donedavno bio kapetan slova\u010dke\u00a0Dunajske Strede,\u00a025. kolovoza 2018. je potpisao ugovor sa\u00a0Slovanom\u00a0iz Bratislave. 30-godi\u0161nji veznjak je prije nekoliko dana napustio\u00a0Dunajsku Stredu\u00a0\u010dime je postao slobodan igra\u010d. U tom klubu proveo je tri i pol godine a ovog ljeta ga je napustio. U Dunajskoj [&hellip;]\" \/>\n<meta property=\"og:url\" content=\"https:\/\/likemetkovic.hr\/marin-ljubicic-potpisao-za-slovan-iz-bratislave\/\" \/>\n<meta property=\"og:site_name\" content=\"likemetkovic.hr\" \/>\n<meta property=\"article:publisher\" content=\"https:\/\/www.facebook.com\/likemetkovic.hr\/\" \/>\n<meta property=\"article:published_time\" content=\"2018-08-26T17:57:20+00:00\" \/>\n<meta property=\"article:modified_time\" content=\"2018-08-26T18:02:04+00:00\" \/>\n<meta property=\"og:image\" content=\"https:\/\/likemetkovic.hr\/wp-content\/uploads\/2018\/08\/marin-ljubi\u010di\u0107-slovan.jpg\" \/>\n\t<meta property=\"og:image:width\" content=\"688\" \/>\n\t<meta property=\"og:image:height\" content=\"460\" \/>\n\t<meta property=\"og:image:type\" content=\"image\/jpeg\" \/>\n<meta name=\"author\" content=\"LIKEmetkovic.hr\" \/>\n<meta name=\"twitter:card\" content=\"summary_large_image\" \/>\n<meta name=\"twitter:label1\" content=\"Napisao\/la\" \/>\n\t<meta name=\"twitter:data1\" content=\"LIKEmetkovic.hr\" \/>\n\t<meta name=\"twitter:label2\" content=\"Procijenjeno vrijeme \u010ditanja\" \/>\n\t<meta name=\"twitter:data2\" content=\"1 minuta\" \/>\n<script type=\"application\/ld+json\" class=\"yoast-schema-graph\">{\"@context\":\"https:\/\/schema.org\",\"@graph\":[{\"@type\":\"WebPage\",\"@id\":\"https:\/\/likemetkovic.hr\/marin-ljubicic-potpisao-za-slovan-iz-bratislave\/\",\"url\":\"https:\/\/likemetkovic.hr\/marin-ljubicic-potpisao-za-slovan-iz-bratislave\/\",\"name\":\"Marin Ljubi\u010di\u0107 potpisao za Slovan iz Bratislave - likemetkovic.hr\",\"isPartOf\":{\"@id\":\"https:\/\/likemetkovic.hr\/#website\"},\"primaryImageOfPage\":{\"@id\":\"https:\/\/likemetkovic.hr\/marin-ljubicic-potpisao-za-slovan-iz-bratislave\/#primaryimage\"},\"image\":{\"@id\":\"https:\/\/likemetkovic.hr\/marin-ljubicic-potpisao-za-slovan-iz-bratislave\/#primaryimage\"},\"thumbnailUrl\":\"https:\/\/likemetkovic.hr\/portal\/wp-content\/uploads\/2018\/08\/marin-ljubi\u010di\u0107-slovan.jpg\",\"datePublished\":\"2018-08-26T17:57:20+00:00\",\"dateModified\":\"2018-08-26T18:02:04+00:00\",\"author\":{\"@id\":\"https:\/\/likemetkovic.hr\/#\/schema\/person\/a42711f3385a0e2be6f7e0443bfb28f0\"},\"breadcrumb\":{\"@id\":\"https:\/\/likemetkovic.hr\/marin-ljubicic-potpisao-za-slovan-iz-bratislave\/#breadcrumb\"},\"inLanguage\":\"hr\",\"potentialAction\":[{\"@type\":\"ReadAction\",\"target\":[\"https:\/\/likemetkovic.hr\/marin-ljubicic-potpisao-za-slovan-iz-bratislave\/\"]}]},{\"@type\":\"ImageObject\",\"inLanguage\":\"hr\",\"@id\":\"https:\/\/likemetkovic.hr\/marin-ljubicic-potpisao-za-slovan-iz-bratislave\/#primaryimage\",\"url\":\"https:\/\/likemetkovic.hr\/portal\/wp-content\/uploads\/2018\/08\/marin-ljubi\u010di\u0107-slovan.jpg\",\"contentUrl\":\"https:\/\/likemetkovic.hr\/portal\/wp-content\/uploads\/2018\/08\/marin-ljubi\u010di\u0107-slovan.jpg\",\"width\":688,\"height\":460},{\"@type\":\"BreadcrumbList\",\"@id\":\"https:\/\/likemetkovic.hr\/marin-ljubicic-potpisao-za-slovan-iz-bratislave\/#breadcrumb\",\"itemListElement\":[{\"@type\":\"ListItem\",\"position\":1,\"name\":\"Po\u010detna stranica\",\"item\":\"https:\/\/likemetkovic.hr\/portal\/\"},{\"@type\":\"ListItem\",\"position\":2,\"name\":\"Marin Ljubi\u010di\u0107 potpisao za Slovan iz Bratislave\"}]},{\"@type\":\"WebSite\",\"@id\":\"https:\/\/likemetkovic.hr\/#website\",\"url\":\"https:\/\/likemetkovic.hr\/\",\"name\":\"likemetkovic.hr\",\"description\":\"Misli pozitivno... \u010ditaj LIKE\",\"potentialAction\":[{\"@type\":\"SearchAction\",\"target\":{\"@type\":\"EntryPoint\",\"urlTemplate\":\"https:\/\/likemetkovic.hr\/?s={search_term_string}\"},\"query-input\":{\"@type\":\"PropertyValueSpecification\",\"valueRequired\":true,\"valueName\":\"search_term_string\"}}],\"inLanguage\":\"hr\"},{\"@type\":\"Person\",\"@id\":\"https:\/\/likemetkovic.hr\/#\/schema\/person\/a42711f3385a0e2be6f7e0443bfb28f0\",\"name\":\"LIKEmetkovic.hr\",\"sameAs\":[\"http:\/\/likemetkovic.hr\"],\"url\":\"https:\/\/likemetkovic.hr\/portal\/author\/likemetkovic-hr\/\"}]}<\/script>\n<!-- \/ Yoast SEO plugin. -->","yoast_head_json":{"title":"Marin Ljubi\u010di\u0107 potpisao za Slovan iz Bratislave - likemetkovic.hr","robots":{"index":"index","follow":"follow","max-snippet":"max-snippet:-1","max-image-preview":"max-image-preview:large","max-video-preview":"max-video-preview:-1"},"canonical":"https:\/\/likemetkovic.hr\/marin-ljubicic-potpisao-za-slovan-iz-bratislave\/","og_locale":"hr_HR","og_type":"article","og_title":"Marin Ljubi\u010di\u0107 potpisao za Slovan iz Bratislave - likemetkovic.hr","og_description":"Hrvatski veznjak\u00a0Marin Ljubi\u010di\u0107 koji je ponikao u omladinskom\u00a0pogonu ONK Metkovi\u0107a, potom Hajduka, i\u00a0koji je donedavno bio kapetan slova\u010dke\u00a0Dunajske Strede,\u00a025. kolovoza 2018. je potpisao ugovor sa\u00a0Slovanom\u00a0iz Bratislave. 30-godi\u0161nji veznjak je prije nekoliko dana napustio\u00a0Dunajsku Stredu\u00a0\u010dime je postao slobodan igra\u010d. U tom klubu proveo je tri i pol godine a ovog ljeta ga je napustio. U Dunajskoj [&hellip;]","og_url":"https:\/\/likemetkovic.hr\/marin-ljubicic-potpisao-za-slovan-iz-bratislave\/","og_site_name":"likemetkovic.hr","article_publisher":"https:\/\/www.facebook.com\/likemetkovic.hr\/","article_published_time":"2018-08-26T17:57:20+00:00","article_modified_time":"2018-08-26T18:02:04+00:00","og_image":[{"width":688,"height":460,"url":"https:\/\/likemetkovic.hr\/wp-content\/uploads\/2018\/08\/marin-ljubi\u010di\u0107-slovan.jpg","type":"image\/jpeg"}],"author":"LIKEmetkovic.hr","twitter_card":"summary_large_image","twitter_misc":{"Napisao\/la":"LIKEmetkovic.hr","Procijenjeno vrijeme \u010ditanja":"1 minuta"},"schema":{"@context":"https:\/\/schema.org","@graph":[{"@type":"WebPage","@id":"https:\/\/likemetkovic.hr\/marin-ljubicic-potpisao-za-slovan-iz-bratislave\/","url":"https:\/\/likemetkovic.hr\/marin-ljubicic-potpisao-za-slovan-iz-bratislave\/","name":"Marin Ljubi\u010di\u0107 potpisao za Slovan iz Bratislave - likemetkovic.hr","isPartOf":{"@id":"https:\/\/likemetkovic.hr\/#website"},"primaryImageOfPage":{"@id":"https:\/\/likemetkovic.hr\/marin-ljubicic-potpisao-za-slovan-iz-bratislave\/#primaryimage"},"image":{"@id":"https:\/\/likemetkovic.hr\/marin-ljubicic-potpisao-za-slovan-iz-bratislave\/#primaryimage"},"thumbnailUrl":"https:\/\/likemetkovic.hr\/portal\/wp-content\/uploads\/2018\/08\/marin-ljubi\u010di\u0107-slovan.jpg","datePublished":"2018-08-26T17:57:20+00:00","dateModified":"2018-08-26T18:02:04+00:00","author":{"@id":"https:\/\/likemetkovic.hr\/#\/schema\/person\/a42711f3385a0e2be6f7e0443bfb28f0"},"breadcrumb":{"@id":"https:\/\/likemetkovic.hr\/marin-ljubicic-potpisao-za-slovan-iz-bratislave\/#breadcrumb"},"inLanguage":"hr","potentialAction":[{"@type":"ReadAction","target":["https:\/\/likemetkovic.hr\/marin-ljubicic-potpisao-za-slovan-iz-bratislave\/"]}]},{"@type":"ImageObject","inLanguage":"hr","@id":"https:\/\/likemetkovic.hr\/marin-ljubicic-potpisao-za-slovan-iz-bratislave\/#primaryimage","url":"https:\/\/likemetkovic.hr\/portal\/wp-content\/uploads\/2018\/08\/marin-ljubi\u010di\u0107-slovan.jpg","contentUrl":"https:\/\/likemetkovic.hr\/portal\/wp-content\/uploads\/2018\/08\/marin-ljubi\u010di\u0107-slovan.jpg","width":688,"height":460},{"@type":"BreadcrumbList","@id":"https:\/\/likemetkovic.hr\/marin-ljubicic-potpisao-za-slovan-iz-bratislave\/#breadcrumb","itemListElement":[{"@type":"ListItem","position":1,"name":"Po\u010detna stranica","item":"https:\/\/likemetkovic.hr\/portal\/"},{"@type":"ListItem","position":2,"name":"Marin Ljubi\u010di\u0107 potpisao za Slovan iz Bratislave"}]},{"@type":"WebSite","@id":"https:\/\/likemetkovic.hr\/#website","url":"https:\/\/likemetkovic.hr\/","name":"likemetkovic.hr","description":"Misli pozitivno... \u010ditaj LIKE","potentialAction":[{"@type":"SearchAction","target":{"@type":"EntryPoint","urlTemplate":"https:\/\/likemetkovic.hr\/?s={search_term_string}"},"query-input":{"@type":"PropertyValueSpecification","valueRequired":true,"valueName":"search_term_string"}}],"inLanguage":"hr"},{"@type":"Person","@id":"https:\/\/likemetkovic.hr\/#\/schema\/person\/a42711f3385a0e2be6f7e0443bfb28f0","name":"LIKEmetkovic.hr","sameAs":["http:\/\/likemetkovic.hr"],"url":"https:\/\/likemetkovic.hr\/portal\/author\/likemetkovic-hr\/"}]}},"_links":{"self":[{"href":"https:\/\/likemetkovic.hr\/portal\/wp-json\/wp\/v2\/posts\/66843","targetHints":{"allow":["GET"]}}],"collection":[{"href":"https:\/\/likemetkovic.hr\/portal\/wp-json\/wp\/v2\/posts"}],"about":[{"href":"https:\/\/likemetkovic.hr\/portal\/wp-json\/wp\/v2\/types\/post"}],"author":[{"embeddable":true,"href":"https:\/\/likemetkovic.hr\/portal\/wp-json\/wp\/v2\/users\/7"}],"replies":[{"embeddable":true,"href":"https:\/\/likemetkovic.hr\/portal\/wp-json\/wp\/v2\/comments?post=66843"}],"version-history":[{"count":0,"href":"https:\/\/likemetkovic.hr\/portal\/wp-json\/wp\/v2\/posts\/66843\/revisions"}],"wp:featuredmedia":[{"embeddable":true,"href":"https:\/\/likemetkovic.hr\/portal\/wp-json\/wp\/v2\/media\/66844"}],"wp:attachment":[{"href":"https:\/\/likemetkovic.hr\/portal\/wp-json\/wp\/v2\/media?parent=66843"}],"wp:term":[{"taxonomy":"category","embeddable":true,"href":"https:\/\/likemetkovic.hr\/portal\/wp-json\/wp\/v2\/categories?post=66843"},{"taxonomy":"post_tag","embeddable":true,"href":"https:\/\/likemetkovic.hr\/portal\/wp-json\/wp\/v2\/tags?post=66843"}],"curies":[{"name":"wp","href":"https:\/\/api.w.org\/{rel}","templated":true}]}}