{"id":66891,"date":"2018-08-28T17:04:02","date_gmt":"2018-08-28T15:04:02","guid":{"rendered":"http:\/\/likemetkovic.hr\/?p=66891"},"modified":"2018-08-28T17:04:28","modified_gmt":"2018-08-28T15:04:28","slug":"obavijest-sutra-bez-struje-dio-pruda-i-crnici","status":"publish","type":"post","link":"https:\/\/likemetkovic.hr\/portal\/obavijest-sutra-bez-struje-dio-pruda-i-crnici\/","title":{"rendered":"OBAVIJEST Sutra bez struje dio Pruda i Crni\u0107i"},"content":{"rendered":"<p>Zbog planirane modifikacije TTS 10\/0,4 \u00a0kV PRUD 1 <strong>u srijedu, 29. kolovoza 2018.<\/strong> bit \u0107e obustava elektri\u010dne energije u vremenu <strong>od 8 do 12 sati <\/strong>u naseljima Prud (dio naselja) i Crni\u0107i.<\/p>\n<p>Napomena: U slu\u010daju prijevremenog zavr\u0161etka radova napon \u0107e biti pu\u0161ten ranije.<\/p>\n","protected":false},"excerpt":{"rendered":"<p>Zbog planirane modifikacije TTS 10\/0,4 \u00a0kV PRUD 1 u srijedu, 29. kolovoza 2018. bit \u0107e obustava elektri\u010dne energije u vremenu od 8 do 12 sati u naseljima Prud (dio naselja) i Crni\u0107i. Napomena: U slu\u010daju prijevremenog zavr\u0161etka radova napon \u0107e biti pu\u0161ten ranije.<\/p>\n","protected":false},"author":7,"featured_media":46796,"comment_status":"open","ping_status":"open","sticky":false,"template":"","format":"standard","meta":{"footnotes":""},"categories":[296,291],"tags":[1258,906,752],"class_list":{"0":"post-66891","1":"post","2":"type-post","3":"status-publish","4":"format-standard","5":"has-post-thumbnail","7":"category-ab","8":"category-servisne-informacije","9":"tag-hep","10":"tag-obavijest","11":"tag-prud"},"yoast_head":"<!-- This site is optimized with the Yoast SEO plugin v25.2 - https:\/\/yoast.com\/wordpress\/plugins\/seo\/ -->\n<title>OBAVIJEST Sutra bez struje dio Pruda i Crni\u0107i - likemetkovic.hr<\/title>\n<meta name=\"robots\" content=\"index, follow, max-snippet:-1, max-image-preview:large, max-video-preview:-1\" \/>\n<link rel=\"canonical\" href=\"https:\/\/likemetkovic.hr\/obavijest-sutra-bez-struje-dio-pruda-i-crnici\/\" \/>\n<meta property=\"og:locale\" content=\"hr_HR\" \/>\n<meta property=\"og:type\" content=\"article\" \/>\n<meta property=\"og:title\" content=\"OBAVIJEST Sutra bez struje dio Pruda i Crni\u0107i - likemetkovic.hr\" \/>\n<meta property=\"og:description\" content=\"Zbog planirane modifikacije TTS 10\/0,4 \u00a0kV PRUD 1 u srijedu, 29. kolovoza 2018. bit \u0107e obustava elektri\u010dne energije u vremenu od 8 do 12 sati u naseljima Prud (dio naselja) i Crni\u0107i. Napomena: U slu\u010daju prijevremenog zavr\u0161etka radova napon \u0107e biti pu\u0161ten ranije.\" \/>\n<meta property=\"og:url\" content=\"https:\/\/likemetkovic.hr\/obavijest-sutra-bez-struje-dio-pruda-i-crnici\/\" \/>\n<meta property=\"og:site_name\" content=\"likemetkovic.hr\" \/>\n<meta property=\"article:publisher\" content=\"https:\/\/www.facebook.com\/likemetkovic.hr\/\" \/>\n<meta property=\"article:published_time\" content=\"2018-08-28T15:04:02+00:00\" \/>\n<meta property=\"article:modified_time\" content=\"2018-08-28T15:04:28+00:00\" \/>\n<meta property=\"og:image\" content=\"https:\/\/likemetkovic.hr\/wp-content\/uploads\/2017\/09\/prud.jpg\" \/>\n\t<meta property=\"og:image:width\" content=\"800\" \/>\n\t<meta property=\"og:image:height\" content=\"351\" \/>\n\t<meta property=\"og:image:type\" content=\"image\/jpeg\" \/>\n<meta name=\"author\" content=\"LIKEmetkovic.hr\" \/>\n<meta name=\"twitter:card\" content=\"summary_large_image\" \/>\n<meta name=\"twitter:label1\" content=\"Napisao\/la\" \/>\n\t<meta name=\"twitter:data1\" content=\"LIKEmetkovic.hr\" \/>\n<script type=\"application\/ld+json\" class=\"yoast-schema-graph\">{\"@context\":\"https:\/\/schema.org\",\"@graph\":[{\"@type\":\"WebPage\",\"@id\":\"https:\/\/likemetkovic.hr\/obavijest-sutra-bez-struje-dio-pruda-i-crnici\/\",\"url\":\"https:\/\/likemetkovic.hr\/obavijest-sutra-bez-struje-dio-pruda-i-crnici\/\",\"name\":\"OBAVIJEST Sutra bez struje dio Pruda i Crni\u0107i - likemetkovic.hr\",\"isPartOf\":{\"@id\":\"https:\/\/likemetkovic.hr\/#website\"},\"primaryImageOfPage\":{\"@id\":\"https:\/\/likemetkovic.hr\/obavijest-sutra-bez-struje-dio-pruda-i-crnici\/#primaryimage\"},\"image\":{\"@id\":\"https:\/\/likemetkovic.hr\/obavijest-sutra-bez-struje-dio-pruda-i-crnici\/#primaryimage\"},\"thumbnailUrl\":\"https:\/\/likemetkovic.hr\/portal\/wp-content\/uploads\/2017\/09\/prud.jpg\",\"datePublished\":\"2018-08-28T15:04:02+00:00\",\"dateModified\":\"2018-08-28T15:04:28+00:00\",\"author\":{\"@id\":\"https:\/\/likemetkovic.hr\/#\/schema\/person\/a42711f3385a0e2be6f7e0443bfb28f0\"},\"breadcrumb\":{\"@id\":\"https:\/\/likemetkovic.hr\/obavijest-sutra-bez-struje-dio-pruda-i-crnici\/#breadcrumb\"},\"inLanguage\":\"hr\",\"potentialAction\":[{\"@type\":\"ReadAction\",\"target\":[\"https:\/\/likemetkovic.hr\/obavijest-sutra-bez-struje-dio-pruda-i-crnici\/\"]}]},{\"@type\":\"ImageObject\",\"inLanguage\":\"hr\",\"@id\":\"https:\/\/likemetkovic.hr\/obavijest-sutra-bez-struje-dio-pruda-i-crnici\/#primaryimage\",\"url\":\"https:\/\/likemetkovic.hr\/portal\/wp-content\/uploads\/2017\/09\/prud.jpg\",\"contentUrl\":\"https:\/\/likemetkovic.hr\/portal\/wp-content\/uploads\/2017\/09\/prud.jpg\",\"width\":800,\"height\":351},{\"@type\":\"BreadcrumbList\",\"@id\":\"https:\/\/likemetkovic.hr\/obavijest-sutra-bez-struje-dio-pruda-i-crnici\/#breadcrumb\",\"itemListElement\":[{\"@type\":\"ListItem\",\"position\":1,\"name\":\"Po\u010detna stranica\",\"item\":\"https:\/\/likemetkovic.hr\/portal\/\"},{\"@type\":\"ListItem\",\"position\":2,\"name\":\"OBAVIJEST Sutra bez struje dio Pruda i Crni\u0107i\"}]},{\"@type\":\"WebSite\",\"@id\":\"https:\/\/likemetkovic.hr\/#website\",\"url\":\"https:\/\/likemetkovic.hr\/\",\"name\":\"likemetkovic.hr\",\"description\":\"Misli pozitivno... \u010ditaj LIKE\",\"potentialAction\":[{\"@type\":\"SearchAction\",\"target\":{\"@type\":\"EntryPoint\",\"urlTemplate\":\"https:\/\/likemetkovic.hr\/?s={search_term_string}\"},\"query-input\":{\"@type\":\"PropertyValueSpecification\",\"valueRequired\":true,\"valueName\":\"search_term_string\"}}],\"inLanguage\":\"hr\"},{\"@type\":\"Person\",\"@id\":\"https:\/\/likemetkovic.hr\/#\/schema\/person\/a42711f3385a0e2be6f7e0443bfb28f0\",\"name\":\"LIKEmetkovic.hr\",\"sameAs\":[\"http:\/\/likemetkovic.hr\"],\"url\":\"https:\/\/likemetkovic.hr\/portal\/author\/likemetkovic-hr\/\"}]}<\/script>\n<!-- \/ Yoast SEO plugin. -->","yoast_head_json":{"title":"OBAVIJEST Sutra bez struje dio Pruda i Crni\u0107i - likemetkovic.hr","robots":{"index":"index","follow":"follow","max-snippet":"max-snippet:-1","max-image-preview":"max-image-preview:large","max-video-preview":"max-video-preview:-1"},"canonical":"https:\/\/likemetkovic.hr\/obavijest-sutra-bez-struje-dio-pruda-i-crnici\/","og_locale":"hr_HR","og_type":"article","og_title":"OBAVIJEST Sutra bez struje dio Pruda i Crni\u0107i - likemetkovic.hr","og_description":"Zbog planirane modifikacije TTS 10\/0,4 \u00a0kV PRUD 1 u srijedu, 29. kolovoza 2018. bit \u0107e obustava elektri\u010dne energije u vremenu od 8 do 12 sati u naseljima Prud (dio naselja) i Crni\u0107i. Napomena: U slu\u010daju prijevremenog zavr\u0161etka radova napon \u0107e biti pu\u0161ten ranije.","og_url":"https:\/\/likemetkovic.hr\/obavijest-sutra-bez-struje-dio-pruda-i-crnici\/","og_site_name":"likemetkovic.hr","article_publisher":"https:\/\/www.facebook.com\/likemetkovic.hr\/","article_published_time":"2018-08-28T15:04:02+00:00","article_modified_time":"2018-08-28T15:04:28+00:00","og_image":[{"width":800,"height":351,"url":"https:\/\/likemetkovic.hr\/wp-content\/uploads\/2017\/09\/prud.jpg","type":"image\/jpeg"}],"author":"LIKEmetkovic.hr","twitter_card":"summary_large_image","twitter_misc":{"Napisao\/la":"LIKEmetkovic.hr"},"schema":{"@context":"https:\/\/schema.org","@graph":[{"@type":"WebPage","@id":"https:\/\/likemetkovic.hr\/obavijest-sutra-bez-struje-dio-pruda-i-crnici\/","url":"https:\/\/likemetkovic.hr\/obavijest-sutra-bez-struje-dio-pruda-i-crnici\/","name":"OBAVIJEST Sutra bez struje dio Pruda i Crni\u0107i - likemetkovic.hr","isPartOf":{"@id":"https:\/\/likemetkovic.hr\/#website"},"primaryImageOfPage":{"@id":"https:\/\/likemetkovic.hr\/obavijest-sutra-bez-struje-dio-pruda-i-crnici\/#primaryimage"},"image":{"@id":"https:\/\/likemetkovic.hr\/obavijest-sutra-bez-struje-dio-pruda-i-crnici\/#primaryimage"},"thumbnailUrl":"https:\/\/likemetkovic.hr\/portal\/wp-content\/uploads\/2017\/09\/prud.jpg","datePublished":"2018-08-28T15:04:02+00:00","dateModified":"2018-08-28T15:04:28+00:00","author":{"@id":"https:\/\/likemetkovic.hr\/#\/schema\/person\/a42711f3385a0e2be6f7e0443bfb28f0"},"breadcrumb":{"@id":"https:\/\/likemetkovic.hr\/obavijest-sutra-bez-struje-dio-pruda-i-crnici\/#breadcrumb"},"inLanguage":"hr","potentialAction":[{"@type":"ReadAction","target":["https:\/\/likemetkovic.hr\/obavijest-sutra-bez-struje-dio-pruda-i-crnici\/"]}]},{"@type":"ImageObject","inLanguage":"hr","@id":"https:\/\/likemetkovic.hr\/obavijest-sutra-bez-struje-dio-pruda-i-crnici\/#primaryimage","url":"https:\/\/likemetkovic.hr\/portal\/wp-content\/uploads\/2017\/09\/prud.jpg","contentUrl":"https:\/\/likemetkovic.hr\/portal\/wp-content\/uploads\/2017\/09\/prud.jpg","width":800,"height":351},{"@type":"BreadcrumbList","@id":"https:\/\/likemetkovic.hr\/obavijest-sutra-bez-struje-dio-pruda-i-crnici\/#breadcrumb","itemListElement":[{"@type":"ListItem","position":1,"name":"Po\u010detna stranica","item":"https:\/\/likemetkovic.hr\/portal\/"},{"@type":"ListItem","position":2,"name":"OBAVIJEST Sutra bez struje dio Pruda i Crni\u0107i"}]},{"@type":"WebSite","@id":"https:\/\/likemetkovic.hr\/#website","url":"https:\/\/likemetkovic.hr\/","name":"likemetkovic.hr","description":"Misli pozitivno... \u010ditaj LIKE","potentialAction":[{"@type":"SearchAction","target":{"@type":"EntryPoint","urlTemplate":"https:\/\/likemetkovic.hr\/?s={search_term_string}"},"query-input":{"@type":"PropertyValueSpecification","valueRequired":true,"valueName":"search_term_string"}}],"inLanguage":"hr"},{"@type":"Person","@id":"https:\/\/likemetkovic.hr\/#\/schema\/person\/a42711f3385a0e2be6f7e0443bfb28f0","name":"LIKEmetkovic.hr","sameAs":["http:\/\/likemetkovic.hr"],"url":"https:\/\/likemetkovic.hr\/portal\/author\/likemetkovic-hr\/"}]}},"_links":{"self":[{"href":"https:\/\/likemetkovic.hr\/portal\/wp-json\/wp\/v2\/posts\/66891","targetHints":{"allow":["GET"]}}],"collection":[{"href":"https:\/\/likemetkovic.hr\/portal\/wp-json\/wp\/v2\/posts"}],"about":[{"href":"https:\/\/likemetkovic.hr\/portal\/wp-json\/wp\/v2\/types\/post"}],"author":[{"embeddable":true,"href":"https:\/\/likemetkovic.hr\/portal\/wp-json\/wp\/v2\/users\/7"}],"replies":[{"embeddable":true,"href":"https:\/\/likemetkovic.hr\/portal\/wp-json\/wp\/v2\/comments?post=66891"}],"version-history":[{"count":0,"href":"https:\/\/likemetkovic.hr\/portal\/wp-json\/wp\/v2\/posts\/66891\/revisions"}],"wp:featuredmedia":[{"embeddable":true,"href":"https:\/\/likemetkovic.hr\/portal\/wp-json\/wp\/v2\/media\/46796"}],"wp:attachment":[{"href":"https:\/\/likemetkovic.hr\/portal\/wp-json\/wp\/v2\/media?parent=66891"}],"wp:term":[{"taxonomy":"category","embeddable":true,"href":"https:\/\/likemetkovic.hr\/portal\/wp-json\/wp\/v2\/categories?post=66891"},{"taxonomy":"post_tag","embeddable":true,"href":"https:\/\/likemetkovic.hr\/portal\/wp-json\/wp\/v2\/tags?post=66891"}],"curies":[{"name":"wp","href":"https:\/\/api.w.org\/{rel}","templated":true}]}}