{"id":66988,"date":"2018-09-01T12:51:54","date_gmt":"2018-09-01T10:51:54","guid":{"rendered":"http:\/\/likemetkovic.hr\/?p=66988"},"modified":"2018-09-01T13:17:33","modified_gmt":"2018-09-01T11:17:33","slug":"most-nl-gradonacelnik-se-sluzi-lazima-87-realiziranih-projekata-su-mostovi","status":"publish","type":"post","link":"https:\/\/likemetkovic.hr\/portal\/most-nl-gradonacelnik-se-sluzi-lazima-87-realiziranih-projekata-su-mostovi\/","title":{"rendered":"MOST NL: Gradona\u010delnik se slu\u017ei la\u017eima, 87% realiziranih projekata su Mostovi"},"content":{"rendered":"<p>Predstavnici Most NL <strong>Katarina Taslak, Milan Kapovi\u0107 <\/strong>i <strong>Nikola Grmoja<\/strong> odr\u017eali su danas u Metkovi\u0107u konferenciju za medije na kojoj su demantirali navode metkovskog gradona\u010delnika <strong>Dalibora Milana<\/strong> iznesene u \u010dlanku <em>U samo godinu dana Metkovi\u0107u smo osigurali tri puta vi\u0161e EU sredstava nego biv\u0161a gradska\u00a0vlast u \u010detiri godine mandata\u00a0<\/em>koji je objavljen u Slobodnoj Dalmaciji 25. kolovoza ove godine.<\/p>\n<p>U poku\u0161aju opravdavanja nerada i o\u010ditog nesnala\u017eenja u vo\u0111enju gradske politike gradona\u010delnik Milan koristi svaku mogu\u0107nost kako bi ocrnio biv\u0161u gradsku vlast.Naime, u spomenutom \u010dlanku gradona\u010delnik bezo\u010dno la\u017ee kada ka\u017ee: &#8220;<strong>Volio bih da mi je biv\u0161a gradska vlast ostavila pripremljene projekte koje \u0107emo samo kandidirati za europski novac&#8221;<\/strong>, tvrde Mostovci.<\/p>\n<h4>Katarina Taslak: Gradona\u010delnik se slu\u017ei la\u017eima<\/h4>\n<p>&#8220;Osim toga, gradona\u010delnik se hvali npr. <strong><em>Projektom izgradnje sustava odvodnje, ure\u0111enja nogostupa i asfaltiranja prometnice u Prudu<\/em><\/strong> (vrijedan vi\u0161e od 4 milijuna kuna), <strong>Projektom izgradnje dvaju kru\u017enih tokova<\/strong> (projekt naru\u010den u kolovozu 2016.), te <strong>projektom<\/strong> <strong>ure\u0111enja Ulice Hrvatskih iseljenika <\/strong>i<strong> Trga kralja Tomislava<\/strong>. Osim svega navedenog, gradona\u010delnik la\u017ee i kada ka\u017ee da za projekte biv\u0161e vlasti nisu bile zatvorene financijske konstrukcije. Za sve je projekte bila zatvorena financijska konstrukcija jer su projekte sufinancirala ministarstva, a jedan je od uvjeta da se ostatak novca planira u Prora\u010dunu Grada i rebalansu istog&#8221;, tvrdi gradska vije\u0107nica Mosta<strong> Katarina Taslak.<\/strong><\/p>\n<p>&#8220;Da se gradona\u010delnik slu\u017ei la\u017eima vidljivo je na slu\u017ebenoj stranici Grada Metkovi\u0107a na kojoj je u\u00a0 tablici <strong><em>Projekti odobreni i provedeni<\/em>\u00a0<\/strong>navedeno 9 projekata u ukupnoj vrijednosti <strong>5.437.113,09<\/strong> <strong>kuna<\/strong>.<strong> Od svih navedenih projekata vrijednih gotovo 5,5 milijuna kuna \u010dak 87,7 % tj 4,7 miljuna kn pripremljeni su i zapo\u010deti u vrijeme Mostovog mandata, a sada\u0161nji gradona\u010delnik ih je samo trebao dovr\u0161iti <\/strong>(Izgradnja sustava odvodnje, ure\u0111enje nogostupa i asfaltiranje prometnice u Prudu, obnova ulice Kneza Domagoja u Metkovi\u0107u, obnova Sportske ul. i dijela ulice A. Star\u010devi\u0107a I. faza).<\/p>\n<p>Uz navedeno, postoji jo\u0161 jedna tablica tako\u0111er objavljena na slu\u017ebenoj stranici Grada Metkovi\u0107a pod nazivom <em><strong>Projekti\u00a0 poslani ili u fazi pripreme<\/strong><\/em>\u00a0gdje se <strong>od ukupnog iznosa od 45 milijuna kuna, 11 milijuna i 400.000,00 kuna odnosi na projekte gradskog poduze\u0107a \u010cisto\u0107a d.o.o., koji su pripremljeni i ostavljeni gradona\u010delniku da ih realizira.<\/strong> A \u0161to tek re\u0107i za projekt od 796.239,81 kuna koji je osmislio i napravio \u010dovjek za kojeg je na gradskom vije\u0107u re\u010deno da je vjerou\u010ditelj i da nije adekvatna osoba za mjesto ravnatelja Ustanove za kulturu i sport Metkovi\u0107, a ipak se njegov projekt u cijelosti prijavio na Europski socijalni fond. Isti je taj \u010dovjek pripremio projekt obnove stare zgrade kina za kojeg je ishodovao i gra\u0111evinsku dozvolu&#8221;, <strong>zaklju\u010dila je Taslak.<\/strong><\/p>\n<h4>Nikola Grmoja:\u00a0Nije li \u010dudno ili barem opravdano sumnjivo da su pove\u0107ane pla\u0107e samo biv\u0161im Jambinim pro\u010delnicima?<\/h4>\n<p>U nastavku je <strong>Nikola<\/strong>\u00a0<strong>Grmoja<\/strong> naglasio kako Most ne o\u010dekuje da ga politi\u010dki suparnik hvali, ali smatra kako bi bilo korektno da istinito prikazuje \u010dinjenice, pa i onu najva\u017eniju &#8211; da je do\u0161ao na potpuno konsolidirane financije i likvidnu gradsku <strong>kasu koju je ispraznio njegov sada\u0161nji i skupi koalicijski partner Stipe Gabri\u0107 Jambo<\/strong>.<\/p>\n<p>\u201eZbog situacije koju je zatekao u gradskoj kasi, Milan se ne treba recimo brinuti kada \u0107e i kako\u00a0 podijeliti pla\u0107u zaposlenicima gradske uprave\u201c, ka\u017ee <strong>Grmoja<\/strong>. Osim toga navodi: \u201eMe\u0111utim, koalicijski partner ima svoju cijenu, a to je kadroviranje u gradskoj upravi i gradskim poduze\u0107ima. <strong>Stoga smo uvjereni da bi ova koalicija izme\u0111u HDZ-a i Stipe Gabri\u0107a mogla biti skuplja od one na dr\u017eavnoj razini sa HNS-om i Pupovcem<\/strong>. Gradona\u010delni\u010de Milan, Stipe Gabri\u0107 je iz gradske politike bio potpuno izoliran od 2013. do va\u0161eg preuzimanja grada kada ste ga odlu\u010dili rehabilitirati za dvije ruke u Gradskom vije\u0107u. Pa nije li \u010dudno ili barem opravdano sumnjivo da su <strong>pove\u0107ane pla\u0107e samo biv\u0161im Jambinim pro\u010delnicima<\/strong>? Jesu li pove\u0107ane zbog obujma posla? To pove\u0107anje objasnite metkovskoj javnosti pa neka znamo svi za\u0161to se pove\u0107ala pla\u0107a Miloradu Dodigu, Mojmiru Vladimiru i Ivani Provi\u0107. Za\u0161to samo njima?\u201c<\/p>\n<h4>Grmoja: Gradona\u010delni\u010de, je li istina da\u00a0su va\u0161i posebni savjetnici &#8220;potjerali&#8221; ozbiljne investitore?<\/h4>\n<p>Osim toga, politi\u010dki tajnik Grmoja izjavio je: \u201e<strong>Je li istina, tako se barem pri\u010da, da su va\u0161i posebni savjetnici &#8220;potjerali&#8221; ozbiljne investitore koji su \u017eeljeli ulo\u017eiti sredstva u ovaj grad, a vi na taj sastanak \u0161aljete pro\u010delnika te se uop\u0107e ne udostojite sjesti s njima?<\/strong> Kao \u0161to \u0107e gra\u0111ane skupo stajati koalicija s Jambom tako \u0107e nas skupo stajati i savjeti va\u0161ih &#8220;posebnih savjetnika&#8221; koji sigurno ne gledaju interes grada ve\u0107 svoj vlastiti interes.\u00a0Grad Metkovi\u0107 zbog svog polo\u017eaja i prometne povezanosti i nedostatka adekvatne poduzetni\u010dke zone ima velikih problema sa privla\u0107enjem investitora. Zato svakoga, tko \u017eeli ne\u0161to ulo\u017eiti u Metkovi\u0107, treba prihvatiti u dobroj namjeri te se zajedno potruditi da se pokrene bilo kakva poduzetni\u010dka inicijativa.\u201c<\/p>\n<p>Osim s koalicijskim partnerom <strong>gradona\u010delnik ve\u0107 ima problema sa svojim predizbornim obe\u0107anjima<\/strong> jer nema toliko radnih mjesta u dr\u017eavnim, \u017eupanijskim i gradskim institucijama i tvrtkama na koja bi zaposlio sve one kojima je obe\u0107ao zaposlenje u predizbornoj kampanji, a samo se sjetite slogana iz kampanje: \u201eIskreno bez podjela\u201c i \u201eMetkovi\u0107 svima.\u201c<\/p>\n<h4>&#8220;Ova vlast nije svojim znanjem i umije\u0107em pove\u0107ala prora\u010dun Grada Metkovi\u0107a, ve\u0107 izmjena Zakona&#8221;<\/h4>\n<p>Svakome je jasno da ova vlast nije svojim znanjem i umije\u0107em pove\u0107ala prora\u010dun Grada Metkovi\u0107a ve\u0107 je to u\u010dinjeno izmjenom <strong>Zakona o financiranju jedinica lokalne i podru\u010dne (regionalne) samouprave<\/strong> (na snagu stupio 1. sije\u010dnja 2018. godine), a za kojeg je svoje ruke diglo i 15 saborskih zastupnika MOST-a. <strong>\u010cini nam se da s gotovo dvostruko ve\u0107im prora\u010dunom ova gradska vlast nije napravila gotovo ni\u0161ta.<\/strong> MOST je uz sva Jambina dugovanja koja je vra\u0107ao nakon \u201ezlatnih 16 godina\u201c, kao i duplo manji prora\u010dun, realizirao vi\u0161e od 100 milijuna kn projekata.<\/p>\n<p>\u201e<strong>Mogli ste s tolikim priljevom dr\u017eavnih sredstava ve\u0107 u prvoj godini svim u\u010denicima u potpunosti isfinancirati nabavu ud\u017ebenika kao i \u0161kolski prijevoz u 100% iznosu<\/strong> te u potpunosti osloboditi roditelje pla\u0107anja gradskog vrti\u0107a, \u0161to se u kampanji i obe\u0107ali iako u to vrijeme niste znali da \u0107ete novim Zakonom dobiti dupli Prora\u010dun\u201c, navodi <strong>Grmoja <\/strong>te dodaje: \u201eStoga, o\u010dekujemo da ova gradska vlast sa konsolidiranim financijama i dvostruko ve\u0107im Prora\u010dunom realizira najmanje dvostruko vi\u0161e od onoga \u0161to je realizirao Most sa mnogo skromnijim Prora\u010dunom. <strong>Gradona\u010delni\u010de, radite svoj posao, a nemojte se reklamirati kroz naru\u010dene promo \u010dlanke<\/strong>\u201c.<\/p>\n","protected":false},"excerpt":{"rendered":"<p>Predstavnici Most NL Katarina Taslak, Milan Kapovi\u0107 i Nikola Grmoja odr\u017eali su danas u Metkovi\u0107u konferenciju za medije na kojoj su demantirali navode metkovskog gradona\u010delnika Dalibora Milana iznesene u \u010dlanku U samo godinu dana Metkovi\u0107u smo osigurali tri puta vi\u0161e EU sredstava nego biv\u0161a gradska\u00a0vlast u \u010detiri godine mandata\u00a0koji je objavljen u Slobodnoj Dalmaciji 25. [&hellip;]<\/p>\n","protected":false},"author":7,"featured_media":66989,"comment_status":"open","ping_status":"open","sticky":false,"template":"","format":"standard","meta":{"footnotes":""},"categories":[283,290],"tags":[414,3691,491,321],"class_list":{"0":"post-66988","1":"post","2":"type-post","3":"status-publish","4":"format-standard","5":"has-post-thumbnail","7":"category-a","8":"category-politika","9":"tag-dalibor-milan","10":"tag-katarina-taslak","11":"tag-most-nezavisnih-lista","12":"tag-nikola-grmoja"},"yoast_head":"<!-- This site is optimized with the Yoast SEO plugin v25.2 - https:\/\/yoast.com\/wordpress\/plugins\/seo\/ -->\n<title>MOST NL: Gradona\u010delnik se slu\u017ei la\u017eima, 87% realiziranih projekata su Mostovi - likemetkovic.hr<\/title>\n<meta name=\"robots\" content=\"index, follow, max-snippet:-1, max-image-preview:large, max-video-preview:-1\" \/>\n<link rel=\"canonical\" href=\"https:\/\/likemetkovic.hr\/most-nl-gradonacelnik-se-sluzi-lazima-87-realiziranih-projekata-su-mostovi\/\" \/>\n<meta property=\"og:locale\" content=\"hr_HR\" \/>\n<meta property=\"og:type\" content=\"article\" \/>\n<meta property=\"og:title\" content=\"MOST NL: Gradona\u010delnik se slu\u017ei la\u017eima, 87% realiziranih projekata su Mostovi - likemetkovic.hr\" \/>\n<meta property=\"og:description\" content=\"Predstavnici Most NL Katarina Taslak, Milan Kapovi\u0107 i Nikola Grmoja odr\u017eali su danas u Metkovi\u0107u konferenciju za medije na kojoj su demantirali navode metkovskog gradona\u010delnika Dalibora Milana iznesene u \u010dlanku U samo godinu dana Metkovi\u0107u smo osigurali tri puta vi\u0161e EU sredstava nego biv\u0161a gradska\u00a0vlast u \u010detiri godine mandata\u00a0koji je objavljen u Slobodnoj Dalmaciji 25. [&hellip;]\" \/>\n<meta property=\"og:url\" content=\"https:\/\/likemetkovic.hr\/most-nl-gradonacelnik-se-sluzi-lazima-87-realiziranih-projekata-su-mostovi\/\" \/>\n<meta property=\"og:site_name\" content=\"likemetkovic.hr\" \/>\n<meta property=\"article:publisher\" content=\"https:\/\/www.facebook.com\/likemetkovic.hr\/\" \/>\n<meta property=\"article:published_time\" content=\"2018-09-01T10:51:54+00:00\" \/>\n<meta property=\"article:modified_time\" content=\"2018-09-01T11:17:33+00:00\" \/>\n<meta property=\"og:image\" content=\"https:\/\/likemetkovic.hr\/wp-content\/uploads\/2018\/09\/grmoja-ujdur-kapovi\u0107.jpg\" \/>\n\t<meta property=\"og:image:width\" content=\"800\" \/>\n\t<meta property=\"og:image:height\" content=\"431\" \/>\n\t<meta property=\"og:image:type\" content=\"image\/jpeg\" \/>\n<meta name=\"author\" content=\"LIKEmetkovic.hr\" \/>\n<meta name=\"twitter:card\" content=\"summary_large_image\" \/>\n<meta name=\"twitter:label1\" content=\"Napisao\/la\" \/>\n\t<meta name=\"twitter:data1\" content=\"LIKEmetkovic.hr\" \/>\n\t<meta name=\"twitter:label2\" content=\"Procijenjeno vrijeme \u010ditanja\" \/>\n\t<meta name=\"twitter:data2\" content=\"6 minuta\" \/>\n<script type=\"application\/ld+json\" class=\"yoast-schema-graph\">{\"@context\":\"https:\/\/schema.org\",\"@graph\":[{\"@type\":\"WebPage\",\"@id\":\"https:\/\/likemetkovic.hr\/most-nl-gradonacelnik-se-sluzi-lazima-87-realiziranih-projekata-su-mostovi\/\",\"url\":\"https:\/\/likemetkovic.hr\/most-nl-gradonacelnik-se-sluzi-lazima-87-realiziranih-projekata-su-mostovi\/\",\"name\":\"MOST NL: Gradona\u010delnik se slu\u017ei la\u017eima, 87% realiziranih projekata su Mostovi - likemetkovic.hr\",\"isPartOf\":{\"@id\":\"https:\/\/likemetkovic.hr\/#website\"},\"primaryImageOfPage\":{\"@id\":\"https:\/\/likemetkovic.hr\/most-nl-gradonacelnik-se-sluzi-lazima-87-realiziranih-projekata-su-mostovi\/#primaryimage\"},\"image\":{\"@id\":\"https:\/\/likemetkovic.hr\/most-nl-gradonacelnik-se-sluzi-lazima-87-realiziranih-projekata-su-mostovi\/#primaryimage\"},\"thumbnailUrl\":\"https:\/\/likemetkovic.hr\/portal\/wp-content\/uploads\/2018\/09\/grmoja-ujdur-kapovi\u0107.jpg\",\"datePublished\":\"2018-09-01T10:51:54+00:00\",\"dateModified\":\"2018-09-01T11:17:33+00:00\",\"author\":{\"@id\":\"https:\/\/likemetkovic.hr\/#\/schema\/person\/a42711f3385a0e2be6f7e0443bfb28f0\"},\"breadcrumb\":{\"@id\":\"https:\/\/likemetkovic.hr\/most-nl-gradonacelnik-se-sluzi-lazima-87-realiziranih-projekata-su-mostovi\/#breadcrumb\"},\"inLanguage\":\"hr\",\"potentialAction\":[{\"@type\":\"ReadAction\",\"target\":[\"https:\/\/likemetkovic.hr\/most-nl-gradonacelnik-se-sluzi-lazima-87-realiziranih-projekata-su-mostovi\/\"]}]},{\"@type\":\"ImageObject\",\"inLanguage\":\"hr\",\"@id\":\"https:\/\/likemetkovic.hr\/most-nl-gradonacelnik-se-sluzi-lazima-87-realiziranih-projekata-su-mostovi\/#primaryimage\",\"url\":\"https:\/\/likemetkovic.hr\/portal\/wp-content\/uploads\/2018\/09\/grmoja-ujdur-kapovi\u0107.jpg\",\"contentUrl\":\"https:\/\/likemetkovic.hr\/portal\/wp-content\/uploads\/2018\/09\/grmoja-ujdur-kapovi\u0107.jpg\",\"width\":800,\"height\":431},{\"@type\":\"BreadcrumbList\",\"@id\":\"https:\/\/likemetkovic.hr\/most-nl-gradonacelnik-se-sluzi-lazima-87-realiziranih-projekata-su-mostovi\/#breadcrumb\",\"itemListElement\":[{\"@type\":\"ListItem\",\"position\":1,\"name\":\"Po\u010detna stranica\",\"item\":\"https:\/\/likemetkovic.hr\/portal\/\"},{\"@type\":\"ListItem\",\"position\":2,\"name\":\"MOST NL: Gradona\u010delnik se slu\u017ei la\u017eima, 87% realiziranih projekata su Mostovi\"}]},{\"@type\":\"WebSite\",\"@id\":\"https:\/\/likemetkovic.hr\/#website\",\"url\":\"https:\/\/likemetkovic.hr\/\",\"name\":\"likemetkovic.hr\",\"description\":\"Misli pozitivno... \u010ditaj LIKE\",\"potentialAction\":[{\"@type\":\"SearchAction\",\"target\":{\"@type\":\"EntryPoint\",\"urlTemplate\":\"https:\/\/likemetkovic.hr\/?s={search_term_string}\"},\"query-input\":{\"@type\":\"PropertyValueSpecification\",\"valueRequired\":true,\"valueName\":\"search_term_string\"}}],\"inLanguage\":\"hr\"},{\"@type\":\"Person\",\"@id\":\"https:\/\/likemetkovic.hr\/#\/schema\/person\/a42711f3385a0e2be6f7e0443bfb28f0\",\"name\":\"LIKEmetkovic.hr\",\"sameAs\":[\"http:\/\/likemetkovic.hr\"],\"url\":\"https:\/\/likemetkovic.hr\/portal\/author\/likemetkovic-hr\/\"}]}<\/script>\n<!-- \/ Yoast SEO plugin. -->","yoast_head_json":{"title":"MOST NL: Gradona\u010delnik se slu\u017ei la\u017eima, 87% realiziranih projekata su Mostovi - likemetkovic.hr","robots":{"index":"index","follow":"follow","max-snippet":"max-snippet:-1","max-image-preview":"max-image-preview:large","max-video-preview":"max-video-preview:-1"},"canonical":"https:\/\/likemetkovic.hr\/most-nl-gradonacelnik-se-sluzi-lazima-87-realiziranih-projekata-su-mostovi\/","og_locale":"hr_HR","og_type":"article","og_title":"MOST NL: Gradona\u010delnik se slu\u017ei la\u017eima, 87% realiziranih projekata su Mostovi - likemetkovic.hr","og_description":"Predstavnici Most NL Katarina Taslak, Milan Kapovi\u0107 i Nikola Grmoja odr\u017eali su danas u Metkovi\u0107u konferenciju za medije na kojoj su demantirali navode metkovskog gradona\u010delnika Dalibora Milana iznesene u \u010dlanku U samo godinu dana Metkovi\u0107u smo osigurali tri puta vi\u0161e EU sredstava nego biv\u0161a gradska\u00a0vlast u \u010detiri godine mandata\u00a0koji je objavljen u Slobodnoj Dalmaciji 25. [&hellip;]","og_url":"https:\/\/likemetkovic.hr\/most-nl-gradonacelnik-se-sluzi-lazima-87-realiziranih-projekata-su-mostovi\/","og_site_name":"likemetkovic.hr","article_publisher":"https:\/\/www.facebook.com\/likemetkovic.hr\/","article_published_time":"2018-09-01T10:51:54+00:00","article_modified_time":"2018-09-01T11:17:33+00:00","og_image":[{"width":800,"height":431,"url":"https:\/\/likemetkovic.hr\/wp-content\/uploads\/2018\/09\/grmoja-ujdur-kapovi\u0107.jpg","type":"image\/jpeg"}],"author":"LIKEmetkovic.hr","twitter_card":"summary_large_image","twitter_misc":{"Napisao\/la":"LIKEmetkovic.hr","Procijenjeno vrijeme \u010ditanja":"6 minuta"},"schema":{"@context":"https:\/\/schema.org","@graph":[{"@type":"WebPage","@id":"https:\/\/likemetkovic.hr\/most-nl-gradonacelnik-se-sluzi-lazima-87-realiziranih-projekata-su-mostovi\/","url":"https:\/\/likemetkovic.hr\/most-nl-gradonacelnik-se-sluzi-lazima-87-realiziranih-projekata-su-mostovi\/","name":"MOST NL: Gradona\u010delnik se slu\u017ei la\u017eima, 87% realiziranih projekata su Mostovi - likemetkovic.hr","isPartOf":{"@id":"https:\/\/likemetkovic.hr\/#website"},"primaryImageOfPage":{"@id":"https:\/\/likemetkovic.hr\/most-nl-gradonacelnik-se-sluzi-lazima-87-realiziranih-projekata-su-mostovi\/#primaryimage"},"image":{"@id":"https:\/\/likemetkovic.hr\/most-nl-gradonacelnik-se-sluzi-lazima-87-realiziranih-projekata-su-mostovi\/#primaryimage"},"thumbnailUrl":"https:\/\/likemetkovic.hr\/portal\/wp-content\/uploads\/2018\/09\/grmoja-ujdur-kapovi\u0107.jpg","datePublished":"2018-09-01T10:51:54+00:00","dateModified":"2018-09-01T11:17:33+00:00","author":{"@id":"https:\/\/likemetkovic.hr\/#\/schema\/person\/a42711f3385a0e2be6f7e0443bfb28f0"},"breadcrumb":{"@id":"https:\/\/likemetkovic.hr\/most-nl-gradonacelnik-se-sluzi-lazima-87-realiziranih-projekata-su-mostovi\/#breadcrumb"},"inLanguage":"hr","potentialAction":[{"@type":"ReadAction","target":["https:\/\/likemetkovic.hr\/most-nl-gradonacelnik-se-sluzi-lazima-87-realiziranih-projekata-su-mostovi\/"]}]},{"@type":"ImageObject","inLanguage":"hr","@id":"https:\/\/likemetkovic.hr\/most-nl-gradonacelnik-se-sluzi-lazima-87-realiziranih-projekata-su-mostovi\/#primaryimage","url":"https:\/\/likemetkovic.hr\/portal\/wp-content\/uploads\/2018\/09\/grmoja-ujdur-kapovi\u0107.jpg","contentUrl":"https:\/\/likemetkovic.hr\/portal\/wp-content\/uploads\/2018\/09\/grmoja-ujdur-kapovi\u0107.jpg","width":800,"height":431},{"@type":"BreadcrumbList","@id":"https:\/\/likemetkovic.hr\/most-nl-gradonacelnik-se-sluzi-lazima-87-realiziranih-projekata-su-mostovi\/#breadcrumb","itemListElement":[{"@type":"ListItem","position":1,"name":"Po\u010detna stranica","item":"https:\/\/likemetkovic.hr\/portal\/"},{"@type":"ListItem","position":2,"name":"MOST NL: Gradona\u010delnik se slu\u017ei la\u017eima, 87% realiziranih projekata su Mostovi"}]},{"@type":"WebSite","@id":"https:\/\/likemetkovic.hr\/#website","url":"https:\/\/likemetkovic.hr\/","name":"likemetkovic.hr","description":"Misli pozitivno... \u010ditaj LIKE","potentialAction":[{"@type":"SearchAction","target":{"@type":"EntryPoint","urlTemplate":"https:\/\/likemetkovic.hr\/?s={search_term_string}"},"query-input":{"@type":"PropertyValueSpecification","valueRequired":true,"valueName":"search_term_string"}}],"inLanguage":"hr"},{"@type":"Person","@id":"https:\/\/likemetkovic.hr\/#\/schema\/person\/a42711f3385a0e2be6f7e0443bfb28f0","name":"LIKEmetkovic.hr","sameAs":["http:\/\/likemetkovic.hr"],"url":"https:\/\/likemetkovic.hr\/portal\/author\/likemetkovic-hr\/"}]}},"_links":{"self":[{"href":"https:\/\/likemetkovic.hr\/portal\/wp-json\/wp\/v2\/posts\/66988","targetHints":{"allow":["GET"]}}],"collection":[{"href":"https:\/\/likemetkovic.hr\/portal\/wp-json\/wp\/v2\/posts"}],"about":[{"href":"https:\/\/likemetkovic.hr\/portal\/wp-json\/wp\/v2\/types\/post"}],"author":[{"embeddable":true,"href":"https:\/\/likemetkovic.hr\/portal\/wp-json\/wp\/v2\/users\/7"}],"replies":[{"embeddable":true,"href":"https:\/\/likemetkovic.hr\/portal\/wp-json\/wp\/v2\/comments?post=66988"}],"version-history":[{"count":0,"href":"https:\/\/likemetkovic.hr\/portal\/wp-json\/wp\/v2\/posts\/66988\/revisions"}],"wp:featuredmedia":[{"embeddable":true,"href":"https:\/\/likemetkovic.hr\/portal\/wp-json\/wp\/v2\/media\/66989"}],"wp:attachment":[{"href":"https:\/\/likemetkovic.hr\/portal\/wp-json\/wp\/v2\/media?parent=66988"}],"wp:term":[{"taxonomy":"category","embeddable":true,"href":"https:\/\/likemetkovic.hr\/portal\/wp-json\/wp\/v2\/categories?post=66988"},{"taxonomy":"post_tag","embeddable":true,"href":"https:\/\/likemetkovic.hr\/portal\/wp-json\/wp\/v2\/tags?post=66988"}],"curies":[{"name":"wp","href":"https:\/\/api.w.org\/{rel}","templated":true}]}}