{"id":67284,"date":"2018-09-11T06:00:10","date_gmt":"2018-09-11T04:00:10","guid":{"rendered":"http:\/\/likemetkovic.hr\/?p=67284"},"modified":"2018-09-11T16:19:44","modified_gmt":"2018-09-11T14:19:44","slug":"gradsko-vijece-prosao-rebalans-proracuna-most-upozorio-na-blokirane-a-jambo-na-nezakonitosti","status":"publish","type":"post","link":"https:\/\/likemetkovic.hr\/portal\/gradsko-vijece-prosao-rebalans-proracuna-most-upozorio-na-blokirane-a-jambo-na-nezakonitosti\/","title":{"rendered":"GRADSKO VIJE\u0106E Izglasan rebalans Prora\u010duna, Most upozorio na blokirane, a Jambo na nezakonitosti"},"content":{"rendered":"<p>Ju\u010der, 10. rujna u Zgradi politi\u010dkih stranaka u Metkovi\u0107u odr\u017eana je <strong>12. sjednica Gradskog vije\u0107a<\/strong> Grada Metkovi\u0107a.<\/p>\n<p>Prije izglasavanja dnevnog reda vije\u0107nica MOST-a <strong>Katarina Taslak<\/strong> je predlo\u017eila dopunu s Prijedlogom Odluke o blokiranim fizi\u010dkim osobama s podru\u010dja Grada Metkovi\u0107a je uskoro isti\u010de rok za primjenu Zakona o otpisu dugova. Njezin prijedlog nije usvojen ve\u0107 je upu\u0107ena svoj prijedlog poslati u redovnu proceduru.<\/p>\n<p><strong>Tako se raspravljalo o 10 to\u010daka dnevnog reda<\/strong><\/p>\n<p>Jednoglasno je usvojen Prijedlog Izmjena i dopuna Programa gradnje objekata i ure\u0111aja komunalne infrastrukture na podru\u010dju Grada Metkovi\u0107a za 2018. godinu. Izmjene se uglavnom odnose na rekonstrukciju<strong> odlagali\u0161ta otpada Dubravica<\/strong> vrijedno (11,4 mil. kuna), energetsku obnova <strong>Sportske dvorane<\/strong> (9,2 mil. kuna),\u00a0 obnova\u00a0 te rekonstrukciju Ulice Hrvatskih iseljenika i Trga kralja Tomislava (2 mil. kuna).<\/p>\n<p>Jednoglasno je prihva\u0107en i Prijedlog Izmjena i dopuna Programa odr\u017eavanja komunalne infrastrukture na podru\u010dju Grada Metkovi\u0107a u 2018. godini koja se odnosi odr\u017eavanje javnih povr\u0161ina, nerazvrstanih cesta, javne rasvjete i groblja. Ukupni iznos je 5,4 mil kuna od \u010dega se 4 mil. kuna odnosi na cestu u Prudu od kri\u017ea do crkve sv. Ivana Krstitelja i 800 tisu\u0107a na produ\u017eetak Jadranske ulice.<\/p>\n<p>Potrebnom ve\u0107inom je usvojen Prijedlog Izmjene Programa <strong>javnih potreba u socijalnoj skrbi<\/strong> Grada Metkovi\u0107a za 2018. godinu. Rije\u010d je o sredstvima za jednokratne naknade, ogrijev, pove\u0107an jednokratni <strong>umirovljeni\u010dki dodatak<\/strong> u ukupnom iznosi 230 tisu\u0107a, tj. bo\u017ei\u0107nica za umirovljenike s najmanjim mirovinama, i za udruge. Vije\u0107nici Mosta bili su protiv ovog prijedloga jer smatraju da bi se, s obzirom na pove\u0107anje prora\u010duna, iznos mogao pove\u0107ati udrugama iz podru\u010dja socijalne djelatnosti. Gradona\u010delnik je uva\u017eio sugestiju i obe\u0107ao sljede\u0107e godine pove\u0107ati taj iznos.<\/p>\n<p>Ve\u0107inom glasova usvojen je i Prijedlog Izmjena i dopuna Programa <strong>javnih<\/strong> <strong>potreba u kulturi<\/strong> Grada Metkovi\u0107a za 2018. godinu kojima su se pove\u0107ala sredstva za Ustanovu za kulturu i sport, Gradsku knji\u017enicu, Prirodoslovni muzej, Arheolo\u0161ki muzej Narona, Pokladno dru\u0161tvo Metkovi\u0107&#8230; Vije\u0107nici Mosta bili su protiv jer smatraju da bi se, s obzirom na pove\u0107anje Prora\u010duna, iznos mogao pove\u0107ati i udrugama iz podru\u010dja kulture.<\/p>\n<p>Ve\u0107inom glasova usvojen je Prijedlog Izmjene Programa <strong>javnih potreba u sportu<\/strong> Grada Metkovi\u0107a za 2018. godinu. Rije\u010d je neplaniranom pove\u0107anju tro\u0161kova zbog plasmana u vi\u0161i rang natjecanja klubova NK Neretva i BK Metkovi\u0107, spajanje dvaju rukometnih klubova i proslave 50. ro\u0111endana VK Neretvanski gusar.<\/p>\n<p>Jednoglasno je usvojen Prijedlog Izmjena i dopuna Programa<strong> javnih potreba u pred\u0161kolskom odgoju<\/strong> Grada Metkovi\u0107a za 2018. godinu u iznosu od 11,8 mil. kuna.<\/p>\n<p>Za projekt Program unapre\u0111enja usluga za djecu u sustavu ranog i pred\u0161kolskog odgoja i obrazovanja koji \u0107e trajati 30 mjeseci predvi\u0111eno je 6,9 mil. kuna. Na pred\u0161kolski odgoj\u00a0 otpada 4.581.944,10 kn za Dje\u010dji vrti\u0107 Metkovi\u0107, 200.000 kn za vrti\u0107e Mali Isus i Leut te 27.600 kn za DV P\u010delica.<\/p>\n<p>Na Mostov upit <strong>o prilago\u0111avanju cijena gradskog i privatnih vrti\u0107a<\/strong>, gradona\u010delnik je odgovorio da \u0107e razmotriti pove\u0107anje iznosa koji Grad daje privatnim vrti\u0107ima.<\/p>\n<p>Ve\u0107inom glasova je <strong>usvojen rebalans Prora\u010duna<\/strong> Grada Metkovi\u0107a za 2018. godinu. Protiv su bili vije\u0107nici Mosta jer nisu bili usvojeni njihovi prijedlozi. Ovim rebalansom je gradski <strong>prora\u010dun uve\u0107an za 34,1 mil. kuna<\/strong> pa ukupno iznosi vi\u0161e od 86 mil. kuna. Glavni razlog pove\u0107anja Prora\u010duna su sredstva povu\u010dena iz EU fondova.<\/p>\n<p>Prijedlog Odluke <strong>o gradskim porezima<\/strong> usvojen je ve\u0107inom glasova, protiv su bili vje\u0107nici Mosta i HSU-a. <strong>Sini\u0161e Bebi\u0107a<\/strong> (HSU) je predlo\u017eio i povukao nakon obrazlo\u017eenja smanjenje prireza porezu na dohodak s 10% na 8%. S obzirom na pove\u0107anje sredstava, <strong>Katarina Taslak<\/strong> (MOST) predlo\u017eila je ukidanje prireza \u0161to bi donijelo olak\u0161anje svim obrtnicima na podru\u010dju grada Metkovi\u0107a. Njezin prijedlog nije usvojen.<\/p>\n<p>Nezavisni vije\u0107nik <strong>Stipo Gabri\u0107 Jambo<\/strong> je kritizirao gradsku vlast na nezakonito obra\u010dunavanje poreza i prireza od 12 mjeseca pro\u0161le godine.<\/p>\n<p>Deveta to\u010dka je bila Prijedlog Odluke o suglasnosti za provedbu ulaganja u projekt <i>Rekonstrukcija dje\u010djeg vrti\u0107a i dru\u0161tvenih prostorija u objektu osnovne \u0161kole u Vidu<\/i> koji se planira financirati putem Mjere 7 Temeljne usluge i obnove naselja u ruralnim podru\u010djima. Prijedlog je jednoglasno usvojen.<\/p>\n<p>Dnevni red je dopunjen desetom to\u010dkom u kojoj je jednoglasno donesena Odluka o odabiru ponude za Nabavu materijala i<strong> nasipanje poljskih putova<\/strong> na podru\u010dju grada Metkovi\u0107a za 2018. i 2019. godinu. Jedini koji se javio na natje\u010daj je tvrtka <i>Asfalt In\u017eenjering<\/i> d.o.o. koja \u0107e ove poslove obavljati idu\u0107e dvije godine.<\/p>\n<p>Na kraju su uslijedila vije\u0107ni\u010dka pitanja. Vije\u0107nica <strong>Katarina Taslak<\/strong> (MOST) upozorila na Zakon o otpisu dugova, donesen u srpnju, kojim bi i Grad Metkovi\u0107 trebao otpisati dugove blokiranim gra\u0111anima. <strong>Sini\u0161a Bebi\u0107<\/strong> (HSU) je postavio pitanje o pucanju vodovodnih cijevi u Dubrova\u010dkoj ulici, a <strong>Davor Boras<\/strong> (HDZ) o reviziji podjele zemlje, o zapo\u0161ljavanju \u017eena u projektu <i>Za\u017eeli<\/i> i ure\u0111enju rive u Vidu.<\/p>\n","protected":false},"excerpt":{"rendered":"<p>Ju\u010der, 10. rujna u Zgradi politi\u010dkih stranaka u Metkovi\u0107u odr\u017eana je 12. sjednica Gradskog vije\u0107a Grada Metkovi\u0107a. Prije izglasavanja dnevnog reda vije\u0107nica MOST-a Katarina Taslak je predlo\u017eila dopunu s Prijedlogom Odluke o blokiranim fizi\u010dkim osobama s podru\u010dja Grada Metkovi\u0107a je uskoro isti\u010de rok za primjenu Zakona o otpisu dugova. Njezin prijedlog nije usvojen ve\u0107 je [&hellip;]<\/p>\n","protected":false},"author":7,"featured_media":52833,"comment_status":"open","ping_status":"open","sticky":false,"template":"","format":"standard","meta":{"footnotes":""},"categories":[283,290],"tags":[340,1321,3308],"class_list":{"0":"post-67284","1":"post","2":"type-post","3":"status-publish","4":"format-standard","5":"has-post-thumbnail","7":"category-a","8":"category-politika","9":"tag-grad-metkovic","10":"tag-gradsko-vijece","11":"tag-sjednica"},"yoast_head":"<!-- This site is optimized with the Yoast SEO plugin v25.2 - https:\/\/yoast.com\/wordpress\/plugins\/seo\/ -->\n<title>GRADSKO VIJE\u0106E Izglasan rebalans Prora\u010duna, Most upozorio na blokirane, a Jambo na nezakonitosti - likemetkovic.hr<\/title>\n<meta name=\"description\" content=\"Ju\u010der, 10. rujna u Zgradi politi\u010dkih stranaka u Metkovi\u0107u odr\u017eana je\u00a012. sjednica Gradskog vije\u0107a Grada Metkovi\u0107a.\" \/>\n<meta name=\"robots\" content=\"index, follow, max-snippet:-1, max-image-preview:large, max-video-preview:-1\" \/>\n<link rel=\"canonical\" href=\"https:\/\/likemetkovic.hr\/gradsko-vijece-prosao-rebalans-proracuna-most-upozorio-na-blokirane-a-jambo-na-nezakonitosti\/\" \/>\n<meta property=\"og:locale\" content=\"hr_HR\" \/>\n<meta property=\"og:type\" content=\"article\" \/>\n<meta property=\"og:title\" content=\"GRADSKO VIJE\u0106E Izglasan rebalans Prora\u010duna, Most upozorio na blokirane, a Jambo na nezakonitosti - likemetkovic.hr\" \/>\n<meta property=\"og:description\" content=\"Ju\u010der, 10. rujna u Zgradi politi\u010dkih stranaka u Metkovi\u0107u odr\u017eana je\u00a012. sjednica Gradskog vije\u0107a Grada Metkovi\u0107a.\" \/>\n<meta property=\"og:url\" content=\"https:\/\/likemetkovic.hr\/gradsko-vijece-prosao-rebalans-proracuna-most-upozorio-na-blokirane-a-jambo-na-nezakonitosti\/\" \/>\n<meta property=\"og:site_name\" content=\"likemetkovic.hr\" \/>\n<meta property=\"article:publisher\" content=\"https:\/\/www.facebook.com\/likemetkovic.hr\/\" \/>\n<meta property=\"article:published_time\" content=\"2018-09-11T04:00:10+00:00\" \/>\n<meta property=\"article:modified_time\" content=\"2018-09-11T14:19:44+00:00\" \/>\n<meta property=\"og:image\" content=\"https:\/\/likemetkovic.hr\/wp-content\/uploads\/2018\/01\/sjednica-gv-20171220-015.jpg\" \/>\n\t<meta property=\"og:image:width\" content=\"900\" \/>\n\t<meta property=\"og:image:height\" content=\"596\" \/>\n\t<meta property=\"og:image:type\" content=\"image\/jpeg\" \/>\n<meta name=\"author\" content=\"LIKEmetkovic.hr\" \/>\n<meta name=\"twitter:card\" content=\"summary_large_image\" \/>\n<meta name=\"twitter:label1\" content=\"Napisao\/la\" \/>\n\t<meta name=\"twitter:data1\" content=\"LIKEmetkovic.hr\" \/>\n\t<meta name=\"twitter:label2\" content=\"Procijenjeno vrijeme \u010ditanja\" \/>\n\t<meta name=\"twitter:data2\" content=\"4 minute\" \/>\n<script type=\"application\/ld+json\" class=\"yoast-schema-graph\">{\"@context\":\"https:\/\/schema.org\",\"@graph\":[{\"@type\":\"WebPage\",\"@id\":\"https:\/\/likemetkovic.hr\/gradsko-vijece-prosao-rebalans-proracuna-most-upozorio-na-blokirane-a-jambo-na-nezakonitosti\/\",\"url\":\"https:\/\/likemetkovic.hr\/gradsko-vijece-prosao-rebalans-proracuna-most-upozorio-na-blokirane-a-jambo-na-nezakonitosti\/\",\"name\":\"GRADSKO VIJE\u0106E Izglasan rebalans Prora\u010duna, Most upozorio na blokirane, a Jambo na nezakonitosti - likemetkovic.hr\",\"isPartOf\":{\"@id\":\"https:\/\/likemetkovic.hr\/#website\"},\"primaryImageOfPage\":{\"@id\":\"https:\/\/likemetkovic.hr\/gradsko-vijece-prosao-rebalans-proracuna-most-upozorio-na-blokirane-a-jambo-na-nezakonitosti\/#primaryimage\"},\"image\":{\"@id\":\"https:\/\/likemetkovic.hr\/gradsko-vijece-prosao-rebalans-proracuna-most-upozorio-na-blokirane-a-jambo-na-nezakonitosti\/#primaryimage\"},\"thumbnailUrl\":\"https:\/\/likemetkovic.hr\/portal\/wp-content\/uploads\/2018\/01\/sjednica-gv-20171220-015.jpg\",\"datePublished\":\"2018-09-11T04:00:10+00:00\",\"dateModified\":\"2018-09-11T14:19:44+00:00\",\"author\":{\"@id\":\"https:\/\/likemetkovic.hr\/#\/schema\/person\/a42711f3385a0e2be6f7e0443bfb28f0\"},\"description\":\"Ju\u010der, 10. rujna u Zgradi politi\u010dkih stranaka u Metkovi\u0107u odr\u017eana je\u00a012. sjednica Gradskog vije\u0107a Grada Metkovi\u0107a.\",\"breadcrumb\":{\"@id\":\"https:\/\/likemetkovic.hr\/gradsko-vijece-prosao-rebalans-proracuna-most-upozorio-na-blokirane-a-jambo-na-nezakonitosti\/#breadcrumb\"},\"inLanguage\":\"hr\",\"potentialAction\":[{\"@type\":\"ReadAction\",\"target\":[\"https:\/\/likemetkovic.hr\/gradsko-vijece-prosao-rebalans-proracuna-most-upozorio-na-blokirane-a-jambo-na-nezakonitosti\/\"]}]},{\"@type\":\"ImageObject\",\"inLanguage\":\"hr\",\"@id\":\"https:\/\/likemetkovic.hr\/gradsko-vijece-prosao-rebalans-proracuna-most-upozorio-na-blokirane-a-jambo-na-nezakonitosti\/#primaryimage\",\"url\":\"https:\/\/likemetkovic.hr\/portal\/wp-content\/uploads\/2018\/01\/sjednica-gv-20171220-015.jpg\",\"contentUrl\":\"https:\/\/likemetkovic.hr\/portal\/wp-content\/uploads\/2018\/01\/sjednica-gv-20171220-015.jpg\",\"width\":900,\"height\":596},{\"@type\":\"BreadcrumbList\",\"@id\":\"https:\/\/likemetkovic.hr\/gradsko-vijece-prosao-rebalans-proracuna-most-upozorio-na-blokirane-a-jambo-na-nezakonitosti\/#breadcrumb\",\"itemListElement\":[{\"@type\":\"ListItem\",\"position\":1,\"name\":\"Po\u010detna stranica\",\"item\":\"https:\/\/likemetkovic.hr\/portal\/\"},{\"@type\":\"ListItem\",\"position\":2,\"name\":\"GRADSKO VIJE\u0106E Izglasan rebalans Prora\u010duna, Most upozorio na blokirane, a Jambo na nezakonitosti\"}]},{\"@type\":\"WebSite\",\"@id\":\"https:\/\/likemetkovic.hr\/#website\",\"url\":\"https:\/\/likemetkovic.hr\/\",\"name\":\"likemetkovic.hr\",\"description\":\"Misli pozitivno... \u010ditaj LIKE\",\"potentialAction\":[{\"@type\":\"SearchAction\",\"target\":{\"@type\":\"EntryPoint\",\"urlTemplate\":\"https:\/\/likemetkovic.hr\/?s={search_term_string}\"},\"query-input\":{\"@type\":\"PropertyValueSpecification\",\"valueRequired\":true,\"valueName\":\"search_term_string\"}}],\"inLanguage\":\"hr\"},{\"@type\":\"Person\",\"@id\":\"https:\/\/likemetkovic.hr\/#\/schema\/person\/a42711f3385a0e2be6f7e0443bfb28f0\",\"name\":\"LIKEmetkovic.hr\",\"sameAs\":[\"http:\/\/likemetkovic.hr\"],\"url\":\"https:\/\/likemetkovic.hr\/portal\/author\/likemetkovic-hr\/\"}]}<\/script>\n<!-- \/ Yoast SEO plugin. -->","yoast_head_json":{"title":"GRADSKO VIJE\u0106E Izglasan rebalans Prora\u010duna, Most upozorio na blokirane, a Jambo na nezakonitosti - likemetkovic.hr","description":"Ju\u010der, 10. rujna u Zgradi politi\u010dkih stranaka u Metkovi\u0107u odr\u017eana je\u00a012. sjednica Gradskog vije\u0107a Grada Metkovi\u0107a.","robots":{"index":"index","follow":"follow","max-snippet":"max-snippet:-1","max-image-preview":"max-image-preview:large","max-video-preview":"max-video-preview:-1"},"canonical":"https:\/\/likemetkovic.hr\/gradsko-vijece-prosao-rebalans-proracuna-most-upozorio-na-blokirane-a-jambo-na-nezakonitosti\/","og_locale":"hr_HR","og_type":"article","og_title":"GRADSKO VIJE\u0106E Izglasan rebalans Prora\u010duna, Most upozorio na blokirane, a Jambo na nezakonitosti - likemetkovic.hr","og_description":"Ju\u010der, 10. rujna u Zgradi politi\u010dkih stranaka u Metkovi\u0107u odr\u017eana je\u00a012. sjednica Gradskog vije\u0107a Grada Metkovi\u0107a.","og_url":"https:\/\/likemetkovic.hr\/gradsko-vijece-prosao-rebalans-proracuna-most-upozorio-na-blokirane-a-jambo-na-nezakonitosti\/","og_site_name":"likemetkovic.hr","article_publisher":"https:\/\/www.facebook.com\/likemetkovic.hr\/","article_published_time":"2018-09-11T04:00:10+00:00","article_modified_time":"2018-09-11T14:19:44+00:00","og_image":[{"width":900,"height":596,"url":"https:\/\/likemetkovic.hr\/wp-content\/uploads\/2018\/01\/sjednica-gv-20171220-015.jpg","type":"image\/jpeg"}],"author":"LIKEmetkovic.hr","twitter_card":"summary_large_image","twitter_misc":{"Napisao\/la":"LIKEmetkovic.hr","Procijenjeno vrijeme \u010ditanja":"4 minute"},"schema":{"@context":"https:\/\/schema.org","@graph":[{"@type":"WebPage","@id":"https:\/\/likemetkovic.hr\/gradsko-vijece-prosao-rebalans-proracuna-most-upozorio-na-blokirane-a-jambo-na-nezakonitosti\/","url":"https:\/\/likemetkovic.hr\/gradsko-vijece-prosao-rebalans-proracuna-most-upozorio-na-blokirane-a-jambo-na-nezakonitosti\/","name":"GRADSKO VIJE\u0106E Izglasan rebalans Prora\u010duna, Most upozorio na blokirane, a Jambo na nezakonitosti - likemetkovic.hr","isPartOf":{"@id":"https:\/\/likemetkovic.hr\/#website"},"primaryImageOfPage":{"@id":"https:\/\/likemetkovic.hr\/gradsko-vijece-prosao-rebalans-proracuna-most-upozorio-na-blokirane-a-jambo-na-nezakonitosti\/#primaryimage"},"image":{"@id":"https:\/\/likemetkovic.hr\/gradsko-vijece-prosao-rebalans-proracuna-most-upozorio-na-blokirane-a-jambo-na-nezakonitosti\/#primaryimage"},"thumbnailUrl":"https:\/\/likemetkovic.hr\/portal\/wp-content\/uploads\/2018\/01\/sjednica-gv-20171220-015.jpg","datePublished":"2018-09-11T04:00:10+00:00","dateModified":"2018-09-11T14:19:44+00:00","author":{"@id":"https:\/\/likemetkovic.hr\/#\/schema\/person\/a42711f3385a0e2be6f7e0443bfb28f0"},"description":"Ju\u010der, 10. rujna u Zgradi politi\u010dkih stranaka u Metkovi\u0107u odr\u017eana je\u00a012. sjednica Gradskog vije\u0107a Grada Metkovi\u0107a.","breadcrumb":{"@id":"https:\/\/likemetkovic.hr\/gradsko-vijece-prosao-rebalans-proracuna-most-upozorio-na-blokirane-a-jambo-na-nezakonitosti\/#breadcrumb"},"inLanguage":"hr","potentialAction":[{"@type":"ReadAction","target":["https:\/\/likemetkovic.hr\/gradsko-vijece-prosao-rebalans-proracuna-most-upozorio-na-blokirane-a-jambo-na-nezakonitosti\/"]}]},{"@type":"ImageObject","inLanguage":"hr","@id":"https:\/\/likemetkovic.hr\/gradsko-vijece-prosao-rebalans-proracuna-most-upozorio-na-blokirane-a-jambo-na-nezakonitosti\/#primaryimage","url":"https:\/\/likemetkovic.hr\/portal\/wp-content\/uploads\/2018\/01\/sjednica-gv-20171220-015.jpg","contentUrl":"https:\/\/likemetkovic.hr\/portal\/wp-content\/uploads\/2018\/01\/sjednica-gv-20171220-015.jpg","width":900,"height":596},{"@type":"BreadcrumbList","@id":"https:\/\/likemetkovic.hr\/gradsko-vijece-prosao-rebalans-proracuna-most-upozorio-na-blokirane-a-jambo-na-nezakonitosti\/#breadcrumb","itemListElement":[{"@type":"ListItem","position":1,"name":"Po\u010detna stranica","item":"https:\/\/likemetkovic.hr\/portal\/"},{"@type":"ListItem","position":2,"name":"GRADSKO VIJE\u0106E Izglasan rebalans Prora\u010duna, Most upozorio na blokirane, a Jambo na nezakonitosti"}]},{"@type":"WebSite","@id":"https:\/\/likemetkovic.hr\/#website","url":"https:\/\/likemetkovic.hr\/","name":"likemetkovic.hr","description":"Misli pozitivno... \u010ditaj LIKE","potentialAction":[{"@type":"SearchAction","target":{"@type":"EntryPoint","urlTemplate":"https:\/\/likemetkovic.hr\/?s={search_term_string}"},"query-input":{"@type":"PropertyValueSpecification","valueRequired":true,"valueName":"search_term_string"}}],"inLanguage":"hr"},{"@type":"Person","@id":"https:\/\/likemetkovic.hr\/#\/schema\/person\/a42711f3385a0e2be6f7e0443bfb28f0","name":"LIKEmetkovic.hr","sameAs":["http:\/\/likemetkovic.hr"],"url":"https:\/\/likemetkovic.hr\/portal\/author\/likemetkovic-hr\/"}]}},"_links":{"self":[{"href":"https:\/\/likemetkovic.hr\/portal\/wp-json\/wp\/v2\/posts\/67284","targetHints":{"allow":["GET"]}}],"collection":[{"href":"https:\/\/likemetkovic.hr\/portal\/wp-json\/wp\/v2\/posts"}],"about":[{"href":"https:\/\/likemetkovic.hr\/portal\/wp-json\/wp\/v2\/types\/post"}],"author":[{"embeddable":true,"href":"https:\/\/likemetkovic.hr\/portal\/wp-json\/wp\/v2\/users\/7"}],"replies":[{"embeddable":true,"href":"https:\/\/likemetkovic.hr\/portal\/wp-json\/wp\/v2\/comments?post=67284"}],"version-history":[{"count":0,"href":"https:\/\/likemetkovic.hr\/portal\/wp-json\/wp\/v2\/posts\/67284\/revisions"}],"wp:featuredmedia":[{"embeddable":true,"href":"https:\/\/likemetkovic.hr\/portal\/wp-json\/wp\/v2\/media\/52833"}],"wp:attachment":[{"href":"https:\/\/likemetkovic.hr\/portal\/wp-json\/wp\/v2\/media?parent=67284"}],"wp:term":[{"taxonomy":"category","embeddable":true,"href":"https:\/\/likemetkovic.hr\/portal\/wp-json\/wp\/v2\/categories?post=67284"},{"taxonomy":"post_tag","embeddable":true,"href":"https:\/\/likemetkovic.hr\/portal\/wp-json\/wp\/v2\/tags?post=67284"}],"curies":[{"name":"wp","href":"https:\/\/api.w.org\/{rel}","templated":true}]}}