{"id":67373,"date":"2018-09-14T07:54:43","date_gmt":"2018-09-14T05:54:43","guid":{"rendered":"http:\/\/likemetkovic.hr\/?p=67373"},"modified":"2018-09-14T09:59:32","modified_gmt":"2018-09-14T07:59:32","slug":"prvaci-hrvatske-iz-vk-neretvanski-gusar-primio-gradonacelnik-milan","status":"publish","type":"post","link":"https:\/\/likemetkovic.hr\/portal\/prvaci-hrvatske-iz-vk-neretvanski-gusar-primio-gradonacelnik-milan\/","title":{"rendered":"Prvaci Hrvatske iz VK Neretvanski gusar na prijamu kod gradona\u010delnika"},"content":{"rendered":"<p>Mlade vesla\u010de, prvake Hrvatske u kategoriji \u010detverac s kormilarom i \u010dlanove uprave Vesla\u010dkog kluba <em>Neretvanski gusar<\/em> primio je gradona\u010delnik Dalibor Milan te im uro\u010dio prigodan poklon.<\/p>\n<p><img decoding=\"async\" class=\"wp-image-67374 aligncenter\" src=\"http:\/\/likemetkovic.hr\/wp-content\/uploads\/2018\/09\/vk-ngusar1-1.jpg\" alt=\"\" width=\"652\" height=\"489\" srcset=\"https:\/\/likemetkovic.hr\/portal\/wp-content\/uploads\/2018\/09\/vk-ngusar1-1.jpg 960w, https:\/\/likemetkovic.hr\/portal\/wp-content\/uploads\/2018\/09\/vk-ngusar1-1-800x600.jpg 800w, https:\/\/likemetkovic.hr\/portal\/wp-content\/uploads\/2018\/09\/vk-ngusar1-1-768x576.jpg 768w, https:\/\/likemetkovic.hr\/portal\/wp-content\/uploads\/2018\/09\/vk-ngusar1-1-80x60.jpg 80w, https:\/\/likemetkovic.hr\/portal\/wp-content\/uploads\/2018\/09\/vk-ngusar1-1-265x198.jpg 265w, https:\/\/likemetkovic.hr\/portal\/wp-content\/uploads\/2018\/09\/vk-ngusar1-1-696x522.jpg 696w, https:\/\/likemetkovic.hr\/portal\/wp-content\/uploads\/2018\/09\/vk-ngusar1-1-560x420.jpg 560w\" sizes=\"(max-width: 652px) 100vw, 652px\" \/><\/p>\n<p>Podsje\u0107amo, zlatni na Prvenstvu Hrvatske koje se odr\u017ealo od 6. do 8. srpnja 2018. na zagreba\u010dkom Jarunu u navedenoj kategoriji su<strong> Antun Vugdelija, Ivan Obrvan, Gabrijel Glu\u0161\u010devi\u0107, Toni Milan<\/strong> i kormilar <strong>Tomislav Kirid\u017eija<\/strong>. Gradona\u010delnik je zahvalio vesla\u010dima, trenerima i roditeljima na ovom uspjehu i predstavljanju grada u pravom svjetlu, te za\u017eelio uspje\u0161nu budu\u0107u sportsku karijeru.<\/p>\n<p><img decoding=\"async\" class=\"wp-image-67376 aligncenter\" src=\"http:\/\/likemetkovic.hr\/wp-content\/uploads\/2018\/09\/vk-neretvanski-gusar-jarun.jpg\" alt=\"\" width=\"627\" height=\"470\" srcset=\"https:\/\/likemetkovic.hr\/portal\/wp-content\/uploads\/2018\/09\/vk-neretvanski-gusar-jarun.jpg 960w, https:\/\/likemetkovic.hr\/portal\/wp-content\/uploads\/2018\/09\/vk-neretvanski-gusar-jarun-800x600.jpg 800w, https:\/\/likemetkovic.hr\/portal\/wp-content\/uploads\/2018\/09\/vk-neretvanski-gusar-jarun-768x576.jpg 768w, https:\/\/likemetkovic.hr\/portal\/wp-content\/uploads\/2018\/09\/vk-neretvanski-gusar-jarun-80x60.jpg 80w, https:\/\/likemetkovic.hr\/portal\/wp-content\/uploads\/2018\/09\/vk-neretvanski-gusar-jarun-265x198.jpg 265w, https:\/\/likemetkovic.hr\/portal\/wp-content\/uploads\/2018\/09\/vk-neretvanski-gusar-jarun-696x522.jpg 696w, https:\/\/likemetkovic.hr\/portal\/wp-content\/uploads\/2018\/09\/vk-neretvanski-gusar-jarun-560x420.jpg 560w\" sizes=\"(max-width: 627px) 100vw, 627px\" \/><\/p>\n","protected":false},"excerpt":{"rendered":"<p>Mlade vesla\u010de, prvake Hrvatske u kategoriji \u010detverac s kormilarom i \u010dlanove uprave Vesla\u010dkog kluba Neretvanski gusar primio je gradona\u010delnik Dalibor Milan te im uro\u010dio prigodan poklon. Podsje\u0107amo, zlatni na Prvenstvu Hrvatske koje se odr\u017ealo od 6. do 8. srpnja 2018. na zagreba\u010dkom Jarunu u navedenoj kategoriji su Antun Vugdelija, Ivan Obrvan, Gabrijel Glu\u0161\u010devi\u0107, Toni Milan [&hellip;]<\/p>\n","protected":false},"author":7,"featured_media":67374,"comment_status":"open","ping_status":"open","sticky":false,"template":"","format":"standard","meta":{"footnotes":""},"categories":[296,35],"tags":[414,502],"class_list":{"0":"post-67373","1":"post","2":"type-post","3":"status-publish","4":"format-standard","5":"has-post-thumbnail","7":"category-ab","8":"category-veslanje","9":"tag-dalibor-milan","10":"tag-vk-neretvanski-gusar"},"yoast_head":"<!-- This site is optimized with the Yoast SEO plugin v25.2 - https:\/\/yoast.com\/wordpress\/plugins\/seo\/ -->\n<title>Prvaci Hrvatske iz VK Neretvanski gusar na prijamu kod gradona\u010delnika - likemetkovic.hr<\/title>\n<meta name=\"description\" content=\"Mlade vesla\u010de, prvake Hrvatske u kategoriji \u010detverac s kormilarom i \u010dlanove uprave Vesla\u010dkog kluba Neretvanski gusar primio je gradona\u010delnik Dalibor Milan te im uro\u010dio prigodan poklon.\" \/>\n<meta name=\"robots\" content=\"index, follow, max-snippet:-1, max-image-preview:large, max-video-preview:-1\" \/>\n<link rel=\"canonical\" href=\"https:\/\/likemetkovic.hr\/prvaci-hrvatske-iz-vk-neretvanski-gusar-primio-gradonacelnik-milan\/\" \/>\n<meta property=\"og:locale\" content=\"hr_HR\" \/>\n<meta property=\"og:type\" content=\"article\" \/>\n<meta property=\"og:title\" content=\"Prvaci Hrvatske iz VK Neretvanski gusar na prijamu kod gradona\u010delnika - likemetkovic.hr\" \/>\n<meta property=\"og:description\" content=\"Mlade vesla\u010de, prvake Hrvatske u kategoriji \u010detverac s kormilarom i \u010dlanove uprave Vesla\u010dkog kluba Neretvanski gusar primio je gradona\u010delnik Dalibor Milan te im uro\u010dio prigodan poklon.\" \/>\n<meta property=\"og:url\" content=\"https:\/\/likemetkovic.hr\/prvaci-hrvatske-iz-vk-neretvanski-gusar-primio-gradonacelnik-milan\/\" \/>\n<meta property=\"og:site_name\" content=\"likemetkovic.hr\" \/>\n<meta property=\"article:publisher\" content=\"https:\/\/www.facebook.com\/likemetkovic.hr\/\" \/>\n<meta property=\"article:published_time\" content=\"2018-09-14T05:54:43+00:00\" \/>\n<meta property=\"article:modified_time\" content=\"2018-09-14T07:59:32+00:00\" \/>\n<meta property=\"og:image\" content=\"https:\/\/likemetkovic.hr\/wp-content\/uploads\/2018\/09\/vk-ngusar1-1.jpg\" \/>\n\t<meta property=\"og:image:width\" content=\"960\" \/>\n\t<meta property=\"og:image:height\" content=\"720\" \/>\n\t<meta property=\"og:image:type\" content=\"image\/jpeg\" \/>\n<meta name=\"author\" content=\"LIKEmetkovic.hr\" \/>\n<meta name=\"twitter:card\" content=\"summary_large_image\" \/>\n<meta name=\"twitter:label1\" content=\"Napisao\/la\" \/>\n\t<meta name=\"twitter:data1\" content=\"LIKEmetkovic.hr\" \/>\n<script type=\"application\/ld+json\" class=\"yoast-schema-graph\">{\"@context\":\"https:\/\/schema.org\",\"@graph\":[{\"@type\":\"WebPage\",\"@id\":\"https:\/\/likemetkovic.hr\/prvaci-hrvatske-iz-vk-neretvanski-gusar-primio-gradonacelnik-milan\/\",\"url\":\"https:\/\/likemetkovic.hr\/prvaci-hrvatske-iz-vk-neretvanski-gusar-primio-gradonacelnik-milan\/\",\"name\":\"Prvaci Hrvatske iz VK Neretvanski gusar na prijamu kod gradona\u010delnika - likemetkovic.hr\",\"isPartOf\":{\"@id\":\"https:\/\/likemetkovic.hr\/#website\"},\"primaryImageOfPage\":{\"@id\":\"https:\/\/likemetkovic.hr\/prvaci-hrvatske-iz-vk-neretvanski-gusar-primio-gradonacelnik-milan\/#primaryimage\"},\"image\":{\"@id\":\"https:\/\/likemetkovic.hr\/prvaci-hrvatske-iz-vk-neretvanski-gusar-primio-gradonacelnik-milan\/#primaryimage\"},\"thumbnailUrl\":\"https:\/\/likemetkovic.hr\/portal\/wp-content\/uploads\/2018\/09\/vk-ngusar1-1.jpg\",\"datePublished\":\"2018-09-14T05:54:43+00:00\",\"dateModified\":\"2018-09-14T07:59:32+00:00\",\"author\":{\"@id\":\"https:\/\/likemetkovic.hr\/#\/schema\/person\/a42711f3385a0e2be6f7e0443bfb28f0\"},\"description\":\"Mlade vesla\u010de, prvake Hrvatske u kategoriji \u010detverac s kormilarom i \u010dlanove uprave Vesla\u010dkog kluba Neretvanski gusar primio je gradona\u010delnik Dalibor Milan te im uro\u010dio prigodan poklon.\",\"breadcrumb\":{\"@id\":\"https:\/\/likemetkovic.hr\/prvaci-hrvatske-iz-vk-neretvanski-gusar-primio-gradonacelnik-milan\/#breadcrumb\"},\"inLanguage\":\"hr\",\"potentialAction\":[{\"@type\":\"ReadAction\",\"target\":[\"https:\/\/likemetkovic.hr\/prvaci-hrvatske-iz-vk-neretvanski-gusar-primio-gradonacelnik-milan\/\"]}]},{\"@type\":\"ImageObject\",\"inLanguage\":\"hr\",\"@id\":\"https:\/\/likemetkovic.hr\/prvaci-hrvatske-iz-vk-neretvanski-gusar-primio-gradonacelnik-milan\/#primaryimage\",\"url\":\"https:\/\/likemetkovic.hr\/portal\/wp-content\/uploads\/2018\/09\/vk-ngusar1-1.jpg\",\"contentUrl\":\"https:\/\/likemetkovic.hr\/portal\/wp-content\/uploads\/2018\/09\/vk-ngusar1-1.jpg\",\"width\":960,\"height\":720},{\"@type\":\"BreadcrumbList\",\"@id\":\"https:\/\/likemetkovic.hr\/prvaci-hrvatske-iz-vk-neretvanski-gusar-primio-gradonacelnik-milan\/#breadcrumb\",\"itemListElement\":[{\"@type\":\"ListItem\",\"position\":1,\"name\":\"Po\u010detna stranica\",\"item\":\"https:\/\/likemetkovic.hr\/portal\/\"},{\"@type\":\"ListItem\",\"position\":2,\"name\":\"Prvaci Hrvatske iz VK Neretvanski gusar na prijamu kod gradona\u010delnika\"}]},{\"@type\":\"WebSite\",\"@id\":\"https:\/\/likemetkovic.hr\/#website\",\"url\":\"https:\/\/likemetkovic.hr\/\",\"name\":\"likemetkovic.hr\",\"description\":\"Misli pozitivno... \u010ditaj LIKE\",\"potentialAction\":[{\"@type\":\"SearchAction\",\"target\":{\"@type\":\"EntryPoint\",\"urlTemplate\":\"https:\/\/likemetkovic.hr\/?s={search_term_string}\"},\"query-input\":{\"@type\":\"PropertyValueSpecification\",\"valueRequired\":true,\"valueName\":\"search_term_string\"}}],\"inLanguage\":\"hr\"},{\"@type\":\"Person\",\"@id\":\"https:\/\/likemetkovic.hr\/#\/schema\/person\/a42711f3385a0e2be6f7e0443bfb28f0\",\"name\":\"LIKEmetkovic.hr\",\"sameAs\":[\"http:\/\/likemetkovic.hr\"],\"url\":\"https:\/\/likemetkovic.hr\/portal\/author\/likemetkovic-hr\/\"}]}<\/script>\n<!-- \/ Yoast SEO plugin. -->","yoast_head_json":{"title":"Prvaci Hrvatske iz VK Neretvanski gusar na prijamu kod gradona\u010delnika - likemetkovic.hr","description":"Mlade vesla\u010de, prvake Hrvatske u kategoriji \u010detverac s kormilarom i \u010dlanove uprave Vesla\u010dkog kluba Neretvanski gusar primio je gradona\u010delnik Dalibor Milan te im uro\u010dio prigodan poklon.","robots":{"index":"index","follow":"follow","max-snippet":"max-snippet:-1","max-image-preview":"max-image-preview:large","max-video-preview":"max-video-preview:-1"},"canonical":"https:\/\/likemetkovic.hr\/prvaci-hrvatske-iz-vk-neretvanski-gusar-primio-gradonacelnik-milan\/","og_locale":"hr_HR","og_type":"article","og_title":"Prvaci Hrvatske iz VK Neretvanski gusar na prijamu kod gradona\u010delnika - likemetkovic.hr","og_description":"Mlade vesla\u010de, prvake Hrvatske u kategoriji \u010detverac s kormilarom i \u010dlanove uprave Vesla\u010dkog kluba Neretvanski gusar primio je gradona\u010delnik Dalibor Milan te im uro\u010dio prigodan poklon.","og_url":"https:\/\/likemetkovic.hr\/prvaci-hrvatske-iz-vk-neretvanski-gusar-primio-gradonacelnik-milan\/","og_site_name":"likemetkovic.hr","article_publisher":"https:\/\/www.facebook.com\/likemetkovic.hr\/","article_published_time":"2018-09-14T05:54:43+00:00","article_modified_time":"2018-09-14T07:59:32+00:00","og_image":[{"width":960,"height":720,"url":"https:\/\/likemetkovic.hr\/wp-content\/uploads\/2018\/09\/vk-ngusar1-1.jpg","type":"image\/jpeg"}],"author":"LIKEmetkovic.hr","twitter_card":"summary_large_image","twitter_misc":{"Napisao\/la":"LIKEmetkovic.hr"},"schema":{"@context":"https:\/\/schema.org","@graph":[{"@type":"WebPage","@id":"https:\/\/likemetkovic.hr\/prvaci-hrvatske-iz-vk-neretvanski-gusar-primio-gradonacelnik-milan\/","url":"https:\/\/likemetkovic.hr\/prvaci-hrvatske-iz-vk-neretvanski-gusar-primio-gradonacelnik-milan\/","name":"Prvaci Hrvatske iz VK Neretvanski gusar na prijamu kod gradona\u010delnika - likemetkovic.hr","isPartOf":{"@id":"https:\/\/likemetkovic.hr\/#website"},"primaryImageOfPage":{"@id":"https:\/\/likemetkovic.hr\/prvaci-hrvatske-iz-vk-neretvanski-gusar-primio-gradonacelnik-milan\/#primaryimage"},"image":{"@id":"https:\/\/likemetkovic.hr\/prvaci-hrvatske-iz-vk-neretvanski-gusar-primio-gradonacelnik-milan\/#primaryimage"},"thumbnailUrl":"https:\/\/likemetkovic.hr\/portal\/wp-content\/uploads\/2018\/09\/vk-ngusar1-1.jpg","datePublished":"2018-09-14T05:54:43+00:00","dateModified":"2018-09-14T07:59:32+00:00","author":{"@id":"https:\/\/likemetkovic.hr\/#\/schema\/person\/a42711f3385a0e2be6f7e0443bfb28f0"},"description":"Mlade vesla\u010de, prvake Hrvatske u kategoriji \u010detverac s kormilarom i \u010dlanove uprave Vesla\u010dkog kluba Neretvanski gusar primio je gradona\u010delnik Dalibor Milan te im uro\u010dio prigodan poklon.","breadcrumb":{"@id":"https:\/\/likemetkovic.hr\/prvaci-hrvatske-iz-vk-neretvanski-gusar-primio-gradonacelnik-milan\/#breadcrumb"},"inLanguage":"hr","potentialAction":[{"@type":"ReadAction","target":["https:\/\/likemetkovic.hr\/prvaci-hrvatske-iz-vk-neretvanski-gusar-primio-gradonacelnik-milan\/"]}]},{"@type":"ImageObject","inLanguage":"hr","@id":"https:\/\/likemetkovic.hr\/prvaci-hrvatske-iz-vk-neretvanski-gusar-primio-gradonacelnik-milan\/#primaryimage","url":"https:\/\/likemetkovic.hr\/portal\/wp-content\/uploads\/2018\/09\/vk-ngusar1-1.jpg","contentUrl":"https:\/\/likemetkovic.hr\/portal\/wp-content\/uploads\/2018\/09\/vk-ngusar1-1.jpg","width":960,"height":720},{"@type":"BreadcrumbList","@id":"https:\/\/likemetkovic.hr\/prvaci-hrvatske-iz-vk-neretvanski-gusar-primio-gradonacelnik-milan\/#breadcrumb","itemListElement":[{"@type":"ListItem","position":1,"name":"Po\u010detna stranica","item":"https:\/\/likemetkovic.hr\/portal\/"},{"@type":"ListItem","position":2,"name":"Prvaci Hrvatske iz VK Neretvanski gusar na prijamu kod gradona\u010delnika"}]},{"@type":"WebSite","@id":"https:\/\/likemetkovic.hr\/#website","url":"https:\/\/likemetkovic.hr\/","name":"likemetkovic.hr","description":"Misli pozitivno... \u010ditaj LIKE","potentialAction":[{"@type":"SearchAction","target":{"@type":"EntryPoint","urlTemplate":"https:\/\/likemetkovic.hr\/?s={search_term_string}"},"query-input":{"@type":"PropertyValueSpecification","valueRequired":true,"valueName":"search_term_string"}}],"inLanguage":"hr"},{"@type":"Person","@id":"https:\/\/likemetkovic.hr\/#\/schema\/person\/a42711f3385a0e2be6f7e0443bfb28f0","name":"LIKEmetkovic.hr","sameAs":["http:\/\/likemetkovic.hr"],"url":"https:\/\/likemetkovic.hr\/portal\/author\/likemetkovic-hr\/"}]}},"_links":{"self":[{"href":"https:\/\/likemetkovic.hr\/portal\/wp-json\/wp\/v2\/posts\/67373","targetHints":{"allow":["GET"]}}],"collection":[{"href":"https:\/\/likemetkovic.hr\/portal\/wp-json\/wp\/v2\/posts"}],"about":[{"href":"https:\/\/likemetkovic.hr\/portal\/wp-json\/wp\/v2\/types\/post"}],"author":[{"embeddable":true,"href":"https:\/\/likemetkovic.hr\/portal\/wp-json\/wp\/v2\/users\/7"}],"replies":[{"embeddable":true,"href":"https:\/\/likemetkovic.hr\/portal\/wp-json\/wp\/v2\/comments?post=67373"}],"version-history":[{"count":0,"href":"https:\/\/likemetkovic.hr\/portal\/wp-json\/wp\/v2\/posts\/67373\/revisions"}],"wp:featuredmedia":[{"embeddable":true,"href":"https:\/\/likemetkovic.hr\/portal\/wp-json\/wp\/v2\/media\/67374"}],"wp:attachment":[{"href":"https:\/\/likemetkovic.hr\/portal\/wp-json\/wp\/v2\/media?parent=67373"}],"wp:term":[{"taxonomy":"category","embeddable":true,"href":"https:\/\/likemetkovic.hr\/portal\/wp-json\/wp\/v2\/categories?post=67373"},{"taxonomy":"post_tag","embeddable":true,"href":"https:\/\/likemetkovic.hr\/portal\/wp-json\/wp\/v2\/tags?post=67373"}],"curies":[{"name":"wp","href":"https:\/\/api.w.org\/{rel}","templated":true}]}}