{"id":67383,"date":"2018-09-14T09:12:23","date_gmt":"2018-09-14T07:12:23","guid":{"rendered":"http:\/\/likemetkovic.hr\/?p=67383"},"modified":"2018-09-14T09:12:23","modified_gmt":"2018-09-14T07:12:23","slug":"opuzen-proslo-je-20-godina-od-pocetka-provedbe-nove-katastarske-izmjere-u-neretvi","status":"publish","type":"post","link":"https:\/\/likemetkovic.hr\/portal\/opuzen-proslo-je-20-godina-od-pocetka-provedbe-nove-katastarske-izmjere-u-neretvi\/","title":{"rendered":"OPUZEN Pro\u0161lo je 20 godina od po\u010detka provedbe nove katastarske izmjere u Neretvi"},"content":{"rendered":"<p>Dr\u017eavna geodetska uprava u suradnji s Gradom Opuzenom, organizirala je ju\u010der u Opuzenu skup povodom 20 godina od pokretanja inicijative za provedbu katastarskih izmjera i obnovom\/osnivanjem zemlji\u0161nih knjiga na podru\u010dju doline rijeke Neretve<\/p>\n<p><span id=\"more-2921\"><\/span>Prigodnom skupu nazo\u010dili su gradona\u010delnici i na\u010delnici doline Neretve, saborski zastupnik Branko Ba\u010di\u0107, ravnatelj Dr\u017eavne geodetske uprave gospodin Damir \u0160antek te predstavnici Ministarstva pravosu\u0111a i nadle\u017enog Op\u0107inskog suda.<\/p>\n<p><img decoding=\"async\" class=\"alignnone size-full wp-image-67385\" src=\"http:\/\/likemetkovic.hr\/wp-content\/uploads\/2018\/09\/opuzen-20goidnanove-izmjere.jpg\" alt=\"\" width=\"800\" height=\"533\" srcset=\"https:\/\/likemetkovic.hr\/portal\/wp-content\/uploads\/2018\/09\/opuzen-20goidnanove-izmjere.jpg 800w, https:\/\/likemetkovic.hr\/portal\/wp-content\/uploads\/2018\/09\/opuzen-20goidnanove-izmjere-768x512.jpg 768w, https:\/\/likemetkovic.hr\/portal\/wp-content\/uploads\/2018\/09\/opuzen-20goidnanove-izmjere-696x464.jpg 696w, https:\/\/likemetkovic.hr\/portal\/wp-content\/uploads\/2018\/09\/opuzen-20goidnanove-izmjere-630x420.jpg 630w\" sizes=\"(max-width: 800px) 100vw, 800px\" \/><\/p>\n<p>Uvodnu rije\u010d imao je gradona\u010delnik grada Opuzena gospodin Ivo Mihaljevi\u0107, dok je gospodin Damir \u0160antek dao pregled do sada obavljenih poslova, a tako\u0111er predlo\u017eio i daljnje mjere vezane za aktivnosti koje su preostale kako bi se iste dovr\u0161ile u realnim vremenskim okvirima.<\/p>\n<p>Foto: Grad Opuzen<\/p>\n","protected":false},"excerpt":{"rendered":"<p>Dr\u017eavna geodetska uprava u suradnji s Gradom Opuzenom, organizirala je ju\u010der u Opuzenu skup povodom 20 godina od pokretanja inicijative za provedbu katastarskih izmjera i obnovom\/osnivanjem zemlji\u0161nih knjiga na podru\u010dju doline rijeke Neretve Prigodnom skupu nazo\u010dili su gradona\u010delnici i na\u010delnici doline Neretve, saborski zastupnik Branko Ba\u010di\u0107, ravnatelj Dr\u017eavne geodetske uprave gospodin Damir \u0160antek te predstavnici [&hellip;]<\/p>\n","protected":false},"author":7,"featured_media":67385,"comment_status":"open","ping_status":"open","sticky":false,"template":"","format":"standard","meta":{"footnotes":""},"categories":[296,11],"tags":[3733,3732,577],"class_list":{"0":"post-67383","1":"post","2":"type-post","3":"status-publish","4":"format-standard","5":"has-post-thumbnail","7":"category-ab","8":"category-metkovic-dolina","9":"tag-drzavna-geodetska-uorava","10":"tag-katastarska-izmjera","11":"tag-opuzen"},"yoast_head":"<!-- This site is optimized with the Yoast SEO plugin v25.2 - https:\/\/yoast.com\/wordpress\/plugins\/seo\/ -->\n<title>OPUZEN Pro\u0161lo je 20 godina od po\u010detka provedbe nove katastarske izmjere u Neretvi - likemetkovic.hr<\/title>\n<meta name=\"robots\" content=\"index, follow, max-snippet:-1, max-image-preview:large, max-video-preview:-1\" \/>\n<link rel=\"canonical\" href=\"https:\/\/likemetkovic.hr\/opuzen-proslo-je-20-godina-od-pocetka-provedbe-nove-katastarske-izmjere-u-neretvi\/\" \/>\n<meta property=\"og:locale\" content=\"hr_HR\" \/>\n<meta property=\"og:type\" content=\"article\" \/>\n<meta property=\"og:title\" content=\"OPUZEN Pro\u0161lo je 20 godina od po\u010detka provedbe nove katastarske izmjere u Neretvi - likemetkovic.hr\" \/>\n<meta property=\"og:description\" content=\"Dr\u017eavna geodetska uprava u suradnji s Gradom Opuzenom, organizirala je ju\u010der u Opuzenu skup povodom 20 godina od pokretanja inicijative za provedbu katastarskih izmjera i obnovom\/osnivanjem zemlji\u0161nih knjiga na podru\u010dju doline rijeke Neretve Prigodnom skupu nazo\u010dili su gradona\u010delnici i na\u010delnici doline Neretve, saborski zastupnik Branko Ba\u010di\u0107, ravnatelj Dr\u017eavne geodetske uprave gospodin Damir \u0160antek te predstavnici [&hellip;]\" \/>\n<meta property=\"og:url\" content=\"https:\/\/likemetkovic.hr\/opuzen-proslo-je-20-godina-od-pocetka-provedbe-nove-katastarske-izmjere-u-neretvi\/\" \/>\n<meta property=\"og:site_name\" content=\"likemetkovic.hr\" \/>\n<meta property=\"article:publisher\" content=\"https:\/\/www.facebook.com\/likemetkovic.hr\/\" \/>\n<meta property=\"article:published_time\" content=\"2018-09-14T07:12:23+00:00\" \/>\n<meta property=\"og:image\" content=\"https:\/\/likemetkovic.hr\/wp-content\/uploads\/2018\/09\/opuzen-20goidnanove-izmjere.jpg\" \/>\n\t<meta property=\"og:image:width\" content=\"800\" \/>\n\t<meta property=\"og:image:height\" content=\"533\" \/>\n\t<meta property=\"og:image:type\" content=\"image\/jpeg\" \/>\n<meta name=\"author\" content=\"LIKEmetkovic.hr\" \/>\n<meta name=\"twitter:card\" content=\"summary_large_image\" \/>\n<meta name=\"twitter:label1\" content=\"Napisao\/la\" \/>\n\t<meta name=\"twitter:data1\" content=\"LIKEmetkovic.hr\" \/>\n\t<meta name=\"twitter:label2\" content=\"Procijenjeno vrijeme \u010ditanja\" \/>\n\t<meta name=\"twitter:data2\" content=\"1 minuta\" \/>\n<script type=\"application\/ld+json\" class=\"yoast-schema-graph\">{\"@context\":\"https:\/\/schema.org\",\"@graph\":[{\"@type\":\"WebPage\",\"@id\":\"https:\/\/likemetkovic.hr\/opuzen-proslo-je-20-godina-od-pocetka-provedbe-nove-katastarske-izmjere-u-neretvi\/\",\"url\":\"https:\/\/likemetkovic.hr\/opuzen-proslo-je-20-godina-od-pocetka-provedbe-nove-katastarske-izmjere-u-neretvi\/\",\"name\":\"OPUZEN Pro\u0161lo je 20 godina od po\u010detka provedbe nove katastarske izmjere u Neretvi - likemetkovic.hr\",\"isPartOf\":{\"@id\":\"https:\/\/likemetkovic.hr\/#website\"},\"primaryImageOfPage\":{\"@id\":\"https:\/\/likemetkovic.hr\/opuzen-proslo-je-20-godina-od-pocetka-provedbe-nove-katastarske-izmjere-u-neretvi\/#primaryimage\"},\"image\":{\"@id\":\"https:\/\/likemetkovic.hr\/opuzen-proslo-je-20-godina-od-pocetka-provedbe-nove-katastarske-izmjere-u-neretvi\/#primaryimage\"},\"thumbnailUrl\":\"https:\/\/likemetkovic.hr\/portal\/wp-content\/uploads\/2018\/09\/opuzen-20goidnanove-izmjere.jpg\",\"datePublished\":\"2018-09-14T07:12:23+00:00\",\"author\":{\"@id\":\"https:\/\/likemetkovic.hr\/#\/schema\/person\/a42711f3385a0e2be6f7e0443bfb28f0\"},\"breadcrumb\":{\"@id\":\"https:\/\/likemetkovic.hr\/opuzen-proslo-je-20-godina-od-pocetka-provedbe-nove-katastarske-izmjere-u-neretvi\/#breadcrumb\"},\"inLanguage\":\"hr\",\"potentialAction\":[{\"@type\":\"ReadAction\",\"target\":[\"https:\/\/likemetkovic.hr\/opuzen-proslo-je-20-godina-od-pocetka-provedbe-nove-katastarske-izmjere-u-neretvi\/\"]}]},{\"@type\":\"ImageObject\",\"inLanguage\":\"hr\",\"@id\":\"https:\/\/likemetkovic.hr\/opuzen-proslo-je-20-godina-od-pocetka-provedbe-nove-katastarske-izmjere-u-neretvi\/#primaryimage\",\"url\":\"https:\/\/likemetkovic.hr\/portal\/wp-content\/uploads\/2018\/09\/opuzen-20goidnanove-izmjere.jpg\",\"contentUrl\":\"https:\/\/likemetkovic.hr\/portal\/wp-content\/uploads\/2018\/09\/opuzen-20goidnanove-izmjere.jpg\",\"width\":800,\"height\":533},{\"@type\":\"BreadcrumbList\",\"@id\":\"https:\/\/likemetkovic.hr\/opuzen-proslo-je-20-godina-od-pocetka-provedbe-nove-katastarske-izmjere-u-neretvi\/#breadcrumb\",\"itemListElement\":[{\"@type\":\"ListItem\",\"position\":1,\"name\":\"Po\u010detna stranica\",\"item\":\"https:\/\/likemetkovic.hr\/portal\/\"},{\"@type\":\"ListItem\",\"position\":2,\"name\":\"OPUZEN Pro\u0161lo je 20 godina od po\u010detka provedbe nove katastarske izmjere u Neretvi\"}]},{\"@type\":\"WebSite\",\"@id\":\"https:\/\/likemetkovic.hr\/#website\",\"url\":\"https:\/\/likemetkovic.hr\/\",\"name\":\"likemetkovic.hr\",\"description\":\"Misli pozitivno... \u010ditaj LIKE\",\"potentialAction\":[{\"@type\":\"SearchAction\",\"target\":{\"@type\":\"EntryPoint\",\"urlTemplate\":\"https:\/\/likemetkovic.hr\/?s={search_term_string}\"},\"query-input\":{\"@type\":\"PropertyValueSpecification\",\"valueRequired\":true,\"valueName\":\"search_term_string\"}}],\"inLanguage\":\"hr\"},{\"@type\":\"Person\",\"@id\":\"https:\/\/likemetkovic.hr\/#\/schema\/person\/a42711f3385a0e2be6f7e0443bfb28f0\",\"name\":\"LIKEmetkovic.hr\",\"sameAs\":[\"http:\/\/likemetkovic.hr\"],\"url\":\"https:\/\/likemetkovic.hr\/portal\/author\/likemetkovic-hr\/\"}]}<\/script>\n<!-- \/ Yoast SEO plugin. -->","yoast_head_json":{"title":"OPUZEN Pro\u0161lo je 20 godina od po\u010detka provedbe nove katastarske izmjere u Neretvi - likemetkovic.hr","robots":{"index":"index","follow":"follow","max-snippet":"max-snippet:-1","max-image-preview":"max-image-preview:large","max-video-preview":"max-video-preview:-1"},"canonical":"https:\/\/likemetkovic.hr\/opuzen-proslo-je-20-godina-od-pocetka-provedbe-nove-katastarske-izmjere-u-neretvi\/","og_locale":"hr_HR","og_type":"article","og_title":"OPUZEN Pro\u0161lo je 20 godina od po\u010detka provedbe nove katastarske izmjere u Neretvi - likemetkovic.hr","og_description":"Dr\u017eavna geodetska uprava u suradnji s Gradom Opuzenom, organizirala je ju\u010der u Opuzenu skup povodom 20 godina od pokretanja inicijative za provedbu katastarskih izmjera i obnovom\/osnivanjem zemlji\u0161nih knjiga na podru\u010dju doline rijeke Neretve Prigodnom skupu nazo\u010dili su gradona\u010delnici i na\u010delnici doline Neretve, saborski zastupnik Branko Ba\u010di\u0107, ravnatelj Dr\u017eavne geodetske uprave gospodin Damir \u0160antek te predstavnici [&hellip;]","og_url":"https:\/\/likemetkovic.hr\/opuzen-proslo-je-20-godina-od-pocetka-provedbe-nove-katastarske-izmjere-u-neretvi\/","og_site_name":"likemetkovic.hr","article_publisher":"https:\/\/www.facebook.com\/likemetkovic.hr\/","article_published_time":"2018-09-14T07:12:23+00:00","og_image":[{"width":800,"height":533,"url":"https:\/\/likemetkovic.hr\/wp-content\/uploads\/2018\/09\/opuzen-20goidnanove-izmjere.jpg","type":"image\/jpeg"}],"author":"LIKEmetkovic.hr","twitter_card":"summary_large_image","twitter_misc":{"Napisao\/la":"LIKEmetkovic.hr","Procijenjeno vrijeme \u010ditanja":"1 minuta"},"schema":{"@context":"https:\/\/schema.org","@graph":[{"@type":"WebPage","@id":"https:\/\/likemetkovic.hr\/opuzen-proslo-je-20-godina-od-pocetka-provedbe-nove-katastarske-izmjere-u-neretvi\/","url":"https:\/\/likemetkovic.hr\/opuzen-proslo-je-20-godina-od-pocetka-provedbe-nove-katastarske-izmjere-u-neretvi\/","name":"OPUZEN Pro\u0161lo je 20 godina od po\u010detka provedbe nove katastarske izmjere u Neretvi - likemetkovic.hr","isPartOf":{"@id":"https:\/\/likemetkovic.hr\/#website"},"primaryImageOfPage":{"@id":"https:\/\/likemetkovic.hr\/opuzen-proslo-je-20-godina-od-pocetka-provedbe-nove-katastarske-izmjere-u-neretvi\/#primaryimage"},"image":{"@id":"https:\/\/likemetkovic.hr\/opuzen-proslo-je-20-godina-od-pocetka-provedbe-nove-katastarske-izmjere-u-neretvi\/#primaryimage"},"thumbnailUrl":"https:\/\/likemetkovic.hr\/portal\/wp-content\/uploads\/2018\/09\/opuzen-20goidnanove-izmjere.jpg","datePublished":"2018-09-14T07:12:23+00:00","author":{"@id":"https:\/\/likemetkovic.hr\/#\/schema\/person\/a42711f3385a0e2be6f7e0443bfb28f0"},"breadcrumb":{"@id":"https:\/\/likemetkovic.hr\/opuzen-proslo-je-20-godina-od-pocetka-provedbe-nove-katastarske-izmjere-u-neretvi\/#breadcrumb"},"inLanguage":"hr","potentialAction":[{"@type":"ReadAction","target":["https:\/\/likemetkovic.hr\/opuzen-proslo-je-20-godina-od-pocetka-provedbe-nove-katastarske-izmjere-u-neretvi\/"]}]},{"@type":"ImageObject","inLanguage":"hr","@id":"https:\/\/likemetkovic.hr\/opuzen-proslo-je-20-godina-od-pocetka-provedbe-nove-katastarske-izmjere-u-neretvi\/#primaryimage","url":"https:\/\/likemetkovic.hr\/portal\/wp-content\/uploads\/2018\/09\/opuzen-20goidnanove-izmjere.jpg","contentUrl":"https:\/\/likemetkovic.hr\/portal\/wp-content\/uploads\/2018\/09\/opuzen-20goidnanove-izmjere.jpg","width":800,"height":533},{"@type":"BreadcrumbList","@id":"https:\/\/likemetkovic.hr\/opuzen-proslo-je-20-godina-od-pocetka-provedbe-nove-katastarske-izmjere-u-neretvi\/#breadcrumb","itemListElement":[{"@type":"ListItem","position":1,"name":"Po\u010detna stranica","item":"https:\/\/likemetkovic.hr\/portal\/"},{"@type":"ListItem","position":2,"name":"OPUZEN Pro\u0161lo je 20 godina od po\u010detka provedbe nove katastarske izmjere u Neretvi"}]},{"@type":"WebSite","@id":"https:\/\/likemetkovic.hr\/#website","url":"https:\/\/likemetkovic.hr\/","name":"likemetkovic.hr","description":"Misli pozitivno... \u010ditaj LIKE","potentialAction":[{"@type":"SearchAction","target":{"@type":"EntryPoint","urlTemplate":"https:\/\/likemetkovic.hr\/?s={search_term_string}"},"query-input":{"@type":"PropertyValueSpecification","valueRequired":true,"valueName":"search_term_string"}}],"inLanguage":"hr"},{"@type":"Person","@id":"https:\/\/likemetkovic.hr\/#\/schema\/person\/a42711f3385a0e2be6f7e0443bfb28f0","name":"LIKEmetkovic.hr","sameAs":["http:\/\/likemetkovic.hr"],"url":"https:\/\/likemetkovic.hr\/portal\/author\/likemetkovic-hr\/"}]}},"_links":{"self":[{"href":"https:\/\/likemetkovic.hr\/portal\/wp-json\/wp\/v2\/posts\/67383","targetHints":{"allow":["GET"]}}],"collection":[{"href":"https:\/\/likemetkovic.hr\/portal\/wp-json\/wp\/v2\/posts"}],"about":[{"href":"https:\/\/likemetkovic.hr\/portal\/wp-json\/wp\/v2\/types\/post"}],"author":[{"embeddable":true,"href":"https:\/\/likemetkovic.hr\/portal\/wp-json\/wp\/v2\/users\/7"}],"replies":[{"embeddable":true,"href":"https:\/\/likemetkovic.hr\/portal\/wp-json\/wp\/v2\/comments?post=67383"}],"version-history":[{"count":0,"href":"https:\/\/likemetkovic.hr\/portal\/wp-json\/wp\/v2\/posts\/67383\/revisions"}],"wp:featuredmedia":[{"embeddable":true,"href":"https:\/\/likemetkovic.hr\/portal\/wp-json\/wp\/v2\/media\/67385"}],"wp:attachment":[{"href":"https:\/\/likemetkovic.hr\/portal\/wp-json\/wp\/v2\/media?parent=67383"}],"wp:term":[{"taxonomy":"category","embeddable":true,"href":"https:\/\/likemetkovic.hr\/portal\/wp-json\/wp\/v2\/categories?post=67383"},{"taxonomy":"post_tag","embeddable":true,"href":"https:\/\/likemetkovic.hr\/portal\/wp-json\/wp\/v2\/tags?post=67383"}],"curies":[{"name":"wp","href":"https:\/\/api.w.org\/{rel}","templated":true}]}}