{"id":67393,"date":"2018-09-14T10:50:28","date_gmt":"2018-09-14T08:50:28","guid":{"rendered":"http:\/\/likemetkovic.hr\/?p=67393"},"modified":"2018-09-14T11:15:38","modified_gmt":"2018-09-14T09:15:38","slug":"proizvodaci-predstavite-se-na-4-sajamu-zimnice-i-autohtonih-proizvoda-u-zagrebu","status":"publish","type":"post","link":"https:\/\/likemetkovic.hr\/portal\/proizvodaci-predstavite-se-na-4-sajamu-zimnice-i-autohtonih-proizvoda-u-zagrebu\/","title":{"rendered":"Proizvo\u0111a\u010di, predstavite se na 4. Sajamu zimnice i autohtonih proizvoda u Zagrebu!"},"content":{"rendered":"<section id=\"sp-main-body-wrapper\" class=\" \">\n<div class=\"container\">\n<div id=\"main-body\" class=\"row-fluid\">\n<div id=\"sp-message-area\" class=\"span9\">\n<section id=\"sp-component-area-wrapper\" class=\" \">\n<div id=\"component-area\" class=\"row-fluid\">\n<div id=\"sp-component-area\" class=\"span12\">\n<section id=\"sp-component-wrapper\">\n<div id=\"sp-component\">\n<article class=\"item-page post-544 post hentry status-publish category-novosti \">\n<section class=\"entry-content\">\u010cetvrti <strong>Sajam zimnice i autohtonih proizvoda<\/strong> odr\u017eat \u0107e se <strong>od 5. do 7. listopada 2018.<\/strong> na Trgu bana Josipa Jela\u010di\u0107a u Zagrebu.<\/section>\n<section class=\"entry-content\">Prihvatljivi izlaga\u010di odnosno proizvodi bit \u0107e isklju\u010divo proizvodi tradicionalne zimnice kao i hrvatski autohtoni proizvodi. Svoje proizvode imaju priliku predstaviti i proizvo\u0111a\u010di iz Dubrova\u010dko-neretvanske \u017eupanije koji se bave proizvodnjom mandarina s oznakama izvornosti\/zemljopisnog podrijetla kao i oni koji proizvode d\u017eemove i\/ili pekmeze od mandarina.<\/section>\n<section class=\"entry-content\">Osim toga, proizvodima zimnice smatraju se prera\u0111evine od vo\u0107a (pekmezi, d\u017eemovi, su\u0161eno i kandirano vo\u0107e, vo\u0107ni sirupi i sl.), prera\u0111evine od povr\u0107a (ukiseljeno povr\u0107e, ajvari, pin\u0111uri, su\u0161eno povr\u0107e, namazi i sl.), ora\u0161asti plodovi (lje\u0161njaci, bademi, orasi i sl.) te bu\u010dino ulje.Autohtonim proizvodima podrazumijevaju se oni proizvodi \u010diji su nazivi za\u0161ti\u0107eni ili su u postupku za\u0161tite kao za\u0161ti\u0107ene oznake izvornosti, za\u0161ti\u0107ene oznake zemljopisnog podrijetla ili zajam\u010deno tradicionalni specijaliteti. Ako se radi o autohtonom proizvodu \u010diji naziv je za\u0161ti\u0107en (ZOI \/ ZOZP), potrebno je prilo\u017eiti Potvrdu o sukladnosti proizvoda sa specifikacijom proizvoda, izdanu od strane ovla\u0161tenog kontrolnog tijela. Rje\u0161enje \u0107e biti potrebno prilo\u017eiti prijavi u aplikaciji.<\/p>\n<p>Sve ostale kriterije, mogu\u0107e je prona\u0107i\u00a0<a href=\"https:\/\/sajamzimnice.com\/wp-content\/uploads\/2018\/08\/sajamzimnice_2018_kriteriji.pdf\">ovdje<\/a>.<\/p>\n<p>Prijaviti se mo\u017ee\u00a0<a href=\"https:\/\/sajamzimnice.typeform.com\/to\/xNREep\">ovdje<\/a>.<\/p>\n<\/section>\n<\/article>\n<\/div>\n<\/section>\n<\/div>\n<\/div>\n<\/section>\n<\/div>\n<\/div>\n<\/div>\n<\/section>\n","protected":false},"excerpt":{"rendered":"<p>\u010cetvrti Sajam zimnice i autohtonih proizvoda odr\u017eat \u0107e se od 5. do 7. listopada 2018. na Trgu bana Josipa Jela\u010di\u0107a u Zagrebu. Prihvatljivi izlaga\u010di odnosno proizvodi bit \u0107e isklju\u010divo proizvodi tradicionalne zimnice kao i hrvatski autohtoni proizvodi. Svoje proizvode imaju priliku predstaviti i proizvo\u0111a\u010di iz Dubrova\u010dko-neretvanske \u017eupanije koji se bave proizvodnjom mandarina s oznakama izvornosti\/zemljopisnog [&hellip;]<\/p>\n","protected":false},"author":7,"featured_media":67394,"comment_status":"open","ping_status":"open","sticky":false,"template":"","format":"standard","meta":{"footnotes":""},"categories":[296,837],"tags":[3734,1243],"class_list":{"0":"post-67393","1":"post","2":"type-post","3":"status-publish","4":"format-standard","5":"has-post-thumbnail","7":"category-ab","8":"category-poljoprivreda","9":"tag-sajam-zimnice-i-autohtonih-proizvoda","10":"tag-zagreb"},"yoast_head":"<!-- This site is optimized with the Yoast SEO plugin v25.2 - https:\/\/yoast.com\/wordpress\/plugins\/seo\/ -->\n<title>Proizvo\u0111a\u010di, predstavite se na 4. Sajamu zimnice i autohtonih proizvoda u Zagrebu! - likemetkovic.hr<\/title>\n<meta name=\"description\" content=\"\u010cetvrti Sajam zimnice i autohtonih proizvoda odr\u017eat \u0107e se od 5. do 7. listopada 2018. na Trgu bana Josipa Jela\u010di\u0107a u Zagrebu. Prihvatljivi izlaga\u010di odnosno proizvodi bit \u0107e isklju\u010divo proizvodi tradicionalne zimnice kao i hrvatski autohtoni proizvodi.\" \/>\n<meta name=\"robots\" content=\"index, follow, max-snippet:-1, max-image-preview:large, max-video-preview:-1\" \/>\n<link rel=\"canonical\" href=\"https:\/\/likemetkovic.hr\/proizvodaci-predstavite-se-na-4-sajamu-zimnice-i-autohtonih-proizvoda-u-zagrebu\/\" \/>\n<meta property=\"og:locale\" content=\"hr_HR\" \/>\n<meta property=\"og:type\" content=\"article\" \/>\n<meta property=\"og:title\" content=\"Proizvo\u0111a\u010di, predstavite se na 4. Sajamu zimnice i autohtonih proizvoda u Zagrebu! - likemetkovic.hr\" \/>\n<meta property=\"og:description\" content=\"\u010cetvrti Sajam zimnice i autohtonih proizvoda odr\u017eat \u0107e se od 5. do 7. listopada 2018. na Trgu bana Josipa Jela\u010di\u0107a u Zagrebu. Prihvatljivi izlaga\u010di odnosno proizvodi bit \u0107e isklju\u010divo proizvodi tradicionalne zimnice kao i hrvatski autohtoni proizvodi.\" \/>\n<meta property=\"og:url\" content=\"https:\/\/likemetkovic.hr\/proizvodaci-predstavite-se-na-4-sajamu-zimnice-i-autohtonih-proizvoda-u-zagrebu\/\" \/>\n<meta property=\"og:site_name\" content=\"likemetkovic.hr\" \/>\n<meta property=\"article:publisher\" content=\"https:\/\/www.facebook.com\/likemetkovic.hr\/\" \/>\n<meta property=\"article:published_time\" content=\"2018-09-14T08:50:28+00:00\" \/>\n<meta property=\"article:modified_time\" content=\"2018-09-14T09:15:38+00:00\" \/>\n<meta property=\"og:image\" content=\"https:\/\/likemetkovic.hr\/wp-content\/uploads\/2018\/09\/opg-klaudija-krsti\u010devi\u0107.jpg\" \/>\n\t<meta property=\"og:image:width\" content=\"800\" \/>\n\t<meta property=\"og:image:height\" content=\"450\" \/>\n\t<meta property=\"og:image:type\" content=\"image\/jpeg\" \/>\n<meta name=\"author\" content=\"LIKEmetkovic.hr\" \/>\n<meta name=\"twitter:card\" content=\"summary_large_image\" \/>\n<meta name=\"twitter:label1\" content=\"Napisao\/la\" \/>\n\t<meta name=\"twitter:data1\" content=\"LIKEmetkovic.hr\" \/>\n\t<meta name=\"twitter:label2\" content=\"Procijenjeno vrijeme \u010ditanja\" \/>\n\t<meta name=\"twitter:data2\" content=\"1 minuta\" \/>\n<script type=\"application\/ld+json\" class=\"yoast-schema-graph\">{\"@context\":\"https:\/\/schema.org\",\"@graph\":[{\"@type\":\"WebPage\",\"@id\":\"https:\/\/likemetkovic.hr\/proizvodaci-predstavite-se-na-4-sajamu-zimnice-i-autohtonih-proizvoda-u-zagrebu\/\",\"url\":\"https:\/\/likemetkovic.hr\/proizvodaci-predstavite-se-na-4-sajamu-zimnice-i-autohtonih-proizvoda-u-zagrebu\/\",\"name\":\"Proizvo\u0111a\u010di, predstavite se na 4. Sajamu zimnice i autohtonih proizvoda u Zagrebu! - likemetkovic.hr\",\"isPartOf\":{\"@id\":\"https:\/\/likemetkovic.hr\/#website\"},\"primaryImageOfPage\":{\"@id\":\"https:\/\/likemetkovic.hr\/proizvodaci-predstavite-se-na-4-sajamu-zimnice-i-autohtonih-proizvoda-u-zagrebu\/#primaryimage\"},\"image\":{\"@id\":\"https:\/\/likemetkovic.hr\/proizvodaci-predstavite-se-na-4-sajamu-zimnice-i-autohtonih-proizvoda-u-zagrebu\/#primaryimage\"},\"thumbnailUrl\":\"https:\/\/likemetkovic.hr\/portal\/wp-content\/uploads\/2018\/09\/opg-klaudija-krsti\u010devi\u0107.jpg\",\"datePublished\":\"2018-09-14T08:50:28+00:00\",\"dateModified\":\"2018-09-14T09:15:38+00:00\",\"author\":{\"@id\":\"https:\/\/likemetkovic.hr\/#\/schema\/person\/a42711f3385a0e2be6f7e0443bfb28f0\"},\"description\":\"\u010cetvrti Sajam zimnice i autohtonih proizvoda odr\u017eat \u0107e se od 5. do 7. listopada 2018. na Trgu bana Josipa Jela\u010di\u0107a u Zagrebu. Prihvatljivi izlaga\u010di odnosno proizvodi bit \u0107e isklju\u010divo proizvodi tradicionalne zimnice kao i hrvatski autohtoni proizvodi.\",\"breadcrumb\":{\"@id\":\"https:\/\/likemetkovic.hr\/proizvodaci-predstavite-se-na-4-sajamu-zimnice-i-autohtonih-proizvoda-u-zagrebu\/#breadcrumb\"},\"inLanguage\":\"hr\",\"potentialAction\":[{\"@type\":\"ReadAction\",\"target\":[\"https:\/\/likemetkovic.hr\/proizvodaci-predstavite-se-na-4-sajamu-zimnice-i-autohtonih-proizvoda-u-zagrebu\/\"]}]},{\"@type\":\"ImageObject\",\"inLanguage\":\"hr\",\"@id\":\"https:\/\/likemetkovic.hr\/proizvodaci-predstavite-se-na-4-sajamu-zimnice-i-autohtonih-proizvoda-u-zagrebu\/#primaryimage\",\"url\":\"https:\/\/likemetkovic.hr\/portal\/wp-content\/uploads\/2018\/09\/opg-klaudija-krsti\u010devi\u0107.jpg\",\"contentUrl\":\"https:\/\/likemetkovic.hr\/portal\/wp-content\/uploads\/2018\/09\/opg-klaudija-krsti\u010devi\u0107.jpg\",\"width\":800,\"height\":450},{\"@type\":\"BreadcrumbList\",\"@id\":\"https:\/\/likemetkovic.hr\/proizvodaci-predstavite-se-na-4-sajamu-zimnice-i-autohtonih-proizvoda-u-zagrebu\/#breadcrumb\",\"itemListElement\":[{\"@type\":\"ListItem\",\"position\":1,\"name\":\"Po\u010detna stranica\",\"item\":\"https:\/\/likemetkovic.hr\/portal\/\"},{\"@type\":\"ListItem\",\"position\":2,\"name\":\"Proizvo\u0111a\u010di, predstavite se na 4. Sajamu zimnice i autohtonih proizvoda u Zagrebu!\"}]},{\"@type\":\"WebSite\",\"@id\":\"https:\/\/likemetkovic.hr\/#website\",\"url\":\"https:\/\/likemetkovic.hr\/\",\"name\":\"likemetkovic.hr\",\"description\":\"Misli pozitivno... \u010ditaj LIKE\",\"potentialAction\":[{\"@type\":\"SearchAction\",\"target\":{\"@type\":\"EntryPoint\",\"urlTemplate\":\"https:\/\/likemetkovic.hr\/?s={search_term_string}\"},\"query-input\":{\"@type\":\"PropertyValueSpecification\",\"valueRequired\":true,\"valueName\":\"search_term_string\"}}],\"inLanguage\":\"hr\"},{\"@type\":\"Person\",\"@id\":\"https:\/\/likemetkovic.hr\/#\/schema\/person\/a42711f3385a0e2be6f7e0443bfb28f0\",\"name\":\"LIKEmetkovic.hr\",\"sameAs\":[\"http:\/\/likemetkovic.hr\"],\"url\":\"https:\/\/likemetkovic.hr\/portal\/author\/likemetkovic-hr\/\"}]}<\/script>\n<!-- \/ Yoast SEO plugin. -->","yoast_head_json":{"title":"Proizvo\u0111a\u010di, predstavite se na 4. Sajamu zimnice i autohtonih proizvoda u Zagrebu! - likemetkovic.hr","description":"\u010cetvrti Sajam zimnice i autohtonih proizvoda odr\u017eat \u0107e se od 5. do 7. listopada 2018. na Trgu bana Josipa Jela\u010di\u0107a u Zagrebu. Prihvatljivi izlaga\u010di odnosno proizvodi bit \u0107e isklju\u010divo proizvodi tradicionalne zimnice kao i hrvatski autohtoni proizvodi.","robots":{"index":"index","follow":"follow","max-snippet":"max-snippet:-1","max-image-preview":"max-image-preview:large","max-video-preview":"max-video-preview:-1"},"canonical":"https:\/\/likemetkovic.hr\/proizvodaci-predstavite-se-na-4-sajamu-zimnice-i-autohtonih-proizvoda-u-zagrebu\/","og_locale":"hr_HR","og_type":"article","og_title":"Proizvo\u0111a\u010di, predstavite se na 4. Sajamu zimnice i autohtonih proizvoda u Zagrebu! - likemetkovic.hr","og_description":"\u010cetvrti Sajam zimnice i autohtonih proizvoda odr\u017eat \u0107e se od 5. do 7. listopada 2018. na Trgu bana Josipa Jela\u010di\u0107a u Zagrebu. Prihvatljivi izlaga\u010di odnosno proizvodi bit \u0107e isklju\u010divo proizvodi tradicionalne zimnice kao i hrvatski autohtoni proizvodi.","og_url":"https:\/\/likemetkovic.hr\/proizvodaci-predstavite-se-na-4-sajamu-zimnice-i-autohtonih-proizvoda-u-zagrebu\/","og_site_name":"likemetkovic.hr","article_publisher":"https:\/\/www.facebook.com\/likemetkovic.hr\/","article_published_time":"2018-09-14T08:50:28+00:00","article_modified_time":"2018-09-14T09:15:38+00:00","og_image":[{"width":800,"height":450,"url":"https:\/\/likemetkovic.hr\/wp-content\/uploads\/2018\/09\/opg-klaudija-krsti\u010devi\u0107.jpg","type":"image\/jpeg"}],"author":"LIKEmetkovic.hr","twitter_card":"summary_large_image","twitter_misc":{"Napisao\/la":"LIKEmetkovic.hr","Procijenjeno vrijeme \u010ditanja":"1 minuta"},"schema":{"@context":"https:\/\/schema.org","@graph":[{"@type":"WebPage","@id":"https:\/\/likemetkovic.hr\/proizvodaci-predstavite-se-na-4-sajamu-zimnice-i-autohtonih-proizvoda-u-zagrebu\/","url":"https:\/\/likemetkovic.hr\/proizvodaci-predstavite-se-na-4-sajamu-zimnice-i-autohtonih-proizvoda-u-zagrebu\/","name":"Proizvo\u0111a\u010di, predstavite se na 4. Sajamu zimnice i autohtonih proizvoda u Zagrebu! - likemetkovic.hr","isPartOf":{"@id":"https:\/\/likemetkovic.hr\/#website"},"primaryImageOfPage":{"@id":"https:\/\/likemetkovic.hr\/proizvodaci-predstavite-se-na-4-sajamu-zimnice-i-autohtonih-proizvoda-u-zagrebu\/#primaryimage"},"image":{"@id":"https:\/\/likemetkovic.hr\/proizvodaci-predstavite-se-na-4-sajamu-zimnice-i-autohtonih-proizvoda-u-zagrebu\/#primaryimage"},"thumbnailUrl":"https:\/\/likemetkovic.hr\/portal\/wp-content\/uploads\/2018\/09\/opg-klaudija-krsti\u010devi\u0107.jpg","datePublished":"2018-09-14T08:50:28+00:00","dateModified":"2018-09-14T09:15:38+00:00","author":{"@id":"https:\/\/likemetkovic.hr\/#\/schema\/person\/a42711f3385a0e2be6f7e0443bfb28f0"},"description":"\u010cetvrti Sajam zimnice i autohtonih proizvoda odr\u017eat \u0107e se od 5. do 7. listopada 2018. na Trgu bana Josipa Jela\u010di\u0107a u Zagrebu. Prihvatljivi izlaga\u010di odnosno proizvodi bit \u0107e isklju\u010divo proizvodi tradicionalne zimnice kao i hrvatski autohtoni proizvodi.","breadcrumb":{"@id":"https:\/\/likemetkovic.hr\/proizvodaci-predstavite-se-na-4-sajamu-zimnice-i-autohtonih-proizvoda-u-zagrebu\/#breadcrumb"},"inLanguage":"hr","potentialAction":[{"@type":"ReadAction","target":["https:\/\/likemetkovic.hr\/proizvodaci-predstavite-se-na-4-sajamu-zimnice-i-autohtonih-proizvoda-u-zagrebu\/"]}]},{"@type":"ImageObject","inLanguage":"hr","@id":"https:\/\/likemetkovic.hr\/proizvodaci-predstavite-se-na-4-sajamu-zimnice-i-autohtonih-proizvoda-u-zagrebu\/#primaryimage","url":"https:\/\/likemetkovic.hr\/portal\/wp-content\/uploads\/2018\/09\/opg-klaudija-krsti\u010devi\u0107.jpg","contentUrl":"https:\/\/likemetkovic.hr\/portal\/wp-content\/uploads\/2018\/09\/opg-klaudija-krsti\u010devi\u0107.jpg","width":800,"height":450},{"@type":"BreadcrumbList","@id":"https:\/\/likemetkovic.hr\/proizvodaci-predstavite-se-na-4-sajamu-zimnice-i-autohtonih-proizvoda-u-zagrebu\/#breadcrumb","itemListElement":[{"@type":"ListItem","position":1,"name":"Po\u010detna stranica","item":"https:\/\/likemetkovic.hr\/portal\/"},{"@type":"ListItem","position":2,"name":"Proizvo\u0111a\u010di, predstavite se na 4. Sajamu zimnice i autohtonih proizvoda u Zagrebu!"}]},{"@type":"WebSite","@id":"https:\/\/likemetkovic.hr\/#website","url":"https:\/\/likemetkovic.hr\/","name":"likemetkovic.hr","description":"Misli pozitivno... \u010ditaj LIKE","potentialAction":[{"@type":"SearchAction","target":{"@type":"EntryPoint","urlTemplate":"https:\/\/likemetkovic.hr\/?s={search_term_string}"},"query-input":{"@type":"PropertyValueSpecification","valueRequired":true,"valueName":"search_term_string"}}],"inLanguage":"hr"},{"@type":"Person","@id":"https:\/\/likemetkovic.hr\/#\/schema\/person\/a42711f3385a0e2be6f7e0443bfb28f0","name":"LIKEmetkovic.hr","sameAs":["http:\/\/likemetkovic.hr"],"url":"https:\/\/likemetkovic.hr\/portal\/author\/likemetkovic-hr\/"}]}},"_links":{"self":[{"href":"https:\/\/likemetkovic.hr\/portal\/wp-json\/wp\/v2\/posts\/67393","targetHints":{"allow":["GET"]}}],"collection":[{"href":"https:\/\/likemetkovic.hr\/portal\/wp-json\/wp\/v2\/posts"}],"about":[{"href":"https:\/\/likemetkovic.hr\/portal\/wp-json\/wp\/v2\/types\/post"}],"author":[{"embeddable":true,"href":"https:\/\/likemetkovic.hr\/portal\/wp-json\/wp\/v2\/users\/7"}],"replies":[{"embeddable":true,"href":"https:\/\/likemetkovic.hr\/portal\/wp-json\/wp\/v2\/comments?post=67393"}],"version-history":[{"count":0,"href":"https:\/\/likemetkovic.hr\/portal\/wp-json\/wp\/v2\/posts\/67393\/revisions"}],"wp:featuredmedia":[{"embeddable":true,"href":"https:\/\/likemetkovic.hr\/portal\/wp-json\/wp\/v2\/media\/67394"}],"wp:attachment":[{"href":"https:\/\/likemetkovic.hr\/portal\/wp-json\/wp\/v2\/media?parent=67393"}],"wp:term":[{"taxonomy":"category","embeddable":true,"href":"https:\/\/likemetkovic.hr\/portal\/wp-json\/wp\/v2\/categories?post=67393"},{"taxonomy":"post_tag","embeddable":true,"href":"https:\/\/likemetkovic.hr\/portal\/wp-json\/wp\/v2\/tags?post=67393"}],"curies":[{"name":"wp","href":"https:\/\/api.w.org\/{rel}","templated":true}]}}