{"id":67622,"date":"2018-09-17T08:02:53","date_gmt":"2018-09-17T06:02:53","guid":{"rendered":"http:\/\/likemetkovic.hr\/?p=67622"},"modified":"2018-09-17T10:18:25","modified_gmt":"2018-09-17T08:18:25","slug":"okoncana-drama-u-opuzenu-muskarac-spusten-s-krova-i-odveden-u-bolnicu","status":"publish","type":"post","link":"https:\/\/likemetkovic.hr\/portal\/okoncana-drama-u-opuzenu-muskarac-spusten-s-krova-i-odveden-u-bolnicu\/","title":{"rendered":"Okon\u010dana drama u Opuzenu: mu\u0161karac spu\u0161ten s krova i odveden u bolnicu"},"content":{"rendered":"<p><strong><a href=\"http:\/\/likemetkovic.hr\/opuzen-aktivirao-plinsku-bocu-izazvao-pozar-i-pritom-tesko-ozlijedio-policajca\/\" target=\"_blank\" rel=\"noopener\">Drama u Opuzenu<\/a><\/strong> je zavr\u0161ila\u00a0jutros oko 5 sati, mu\u0161karac (49) je spu\u0161ten\u00a0i odveden u KBC Split, jer ima opekline\u00a0od eksplozije, rekla je za <a href=\"http:\/\/hr.n1info.com\/a332258\/Vijesti\/Okoncana-drama-u-Opuzenu-opsadno-stanje-trajalo-do-5-ujutro.html\" target=\"_blank\" rel=\"noopener\">N1<\/a> glasnogovornica dubrova\u010dke policije Davorka Be\u010di\u0107.<\/p>\n<p>Pripadnici specijalne policije su svladali rastrojenog mu\u0161karca na na\u010din da su da zasko\u010dili elektro\u0161okerom jer se odbijao predati.<\/p>\n<p>Sve je po\u010delo u nedjelju oko 16.20 sati kada je prijetio susjedima pa su oni pozvali policiju. Kad su stigla dva policajca po\u010deo je iz plinske boce u stanu pu\u0161tati plin te je izazvao eksploziju i po\u017ear, ali sre\u0107om u eksploziji\u00a0nitko nije ozlije\u0111en.<\/p>\n<p>Kad su ga policajci poku\u0161ali odvu\u0107i od po\u017eara, napao ih je velikim no\u017eem. Jednog je porezao po prstima, dok je drugog ja\u010de ozlijedio po rukama te su ga helikopterom HRZ-a prevezli u bolnicu u Split.<\/p>\n<p>Oko 23.30 sati na teren je iza\u0161la specijalna policija koja je mu\u0161karca poku\u0161ala skinuti s krova, a u tome su uspjeli tek oko pet sati ujutro.<\/p>\n<p>Foto: Denis Jerkovi\u0107\/SD<\/p>\n","protected":false},"excerpt":{"rendered":"<p>Drama u Opuzenu je zavr\u0161ila\u00a0jutros oko 5 sati, mu\u0161karac (49) je spu\u0161ten\u00a0i odveden u KBC Split, jer ima opekline\u00a0od eksplozije, rekla je za N1 glasnogovornica dubrova\u010dke policije Davorka Be\u010di\u0107. Pripadnici specijalne policije su svladali rastrojenog mu\u0161karca na na\u010din da su da zasko\u010dili elektro\u0161okerom jer se odbijao predati. Sve je po\u010delo u nedjelju oko 16.20 sati [&hellip;]<\/p>\n","protected":false},"author":7,"featured_media":67623,"comment_status":"open","ping_status":"open","sticky":false,"template":"","format":"standard","meta":{"footnotes":""},"categories":[283,305],"tags":[577,438],"class_list":{"0":"post-67622","1":"post","2":"type-post","3":"status-publish","4":"format-standard","5":"has-post-thumbnail","7":"category-a","8":"category-crna-kronika","9":"tag-opuzen","10":"tag-pozar"},"yoast_head":"<!-- This site is optimized with the Yoast SEO plugin v25.2 - https:\/\/yoast.com\/wordpress\/plugins\/seo\/ -->\n<title>Okon\u010dana drama u Opuzenu: mu\u0161karac spu\u0161ten s krova i odveden u bolnicu - likemetkovic.hr<\/title>\n<meta name=\"robots\" content=\"index, follow, max-snippet:-1, max-image-preview:large, max-video-preview:-1\" \/>\n<link rel=\"canonical\" href=\"https:\/\/likemetkovic.hr\/okoncana-drama-u-opuzenu-muskarac-spusten-s-krova-i-odveden-u-bolnicu\/\" \/>\n<meta property=\"og:locale\" content=\"hr_HR\" \/>\n<meta property=\"og:type\" content=\"article\" \/>\n<meta property=\"og:title\" content=\"Okon\u010dana drama u Opuzenu: mu\u0161karac spu\u0161ten s krova i odveden u bolnicu - likemetkovic.hr\" \/>\n<meta property=\"og:description\" content=\"Drama u Opuzenu je zavr\u0161ila\u00a0jutros oko 5 sati, mu\u0161karac (49) je spu\u0161ten\u00a0i odveden u KBC Split, jer ima opekline\u00a0od eksplozije, rekla je za N1 glasnogovornica dubrova\u010dke policije Davorka Be\u010di\u0107. Pripadnici specijalne policije su svladali rastrojenog mu\u0161karca na na\u010din da su da zasko\u010dili elektro\u0161okerom jer se odbijao predati. Sve je po\u010delo u nedjelju oko 16.20 sati [&hellip;]\" \/>\n<meta property=\"og:url\" content=\"https:\/\/likemetkovic.hr\/okoncana-drama-u-opuzenu-muskarac-spusten-s-krova-i-odveden-u-bolnicu\/\" \/>\n<meta property=\"og:site_name\" content=\"likemetkovic.hr\" \/>\n<meta property=\"article:publisher\" content=\"https:\/\/www.facebook.com\/likemetkovic.hr\/\" \/>\n<meta property=\"article:published_time\" content=\"2018-09-17T06:02:53+00:00\" \/>\n<meta property=\"article:modified_time\" content=\"2018-09-17T08:18:25+00:00\" \/>\n<meta property=\"og:image\" content=\"https:\/\/likemetkovic.hr\/wp-content\/uploads\/2018\/09\/napad_policajac-opuzen.jpg\" \/>\n\t<meta property=\"og:image:width\" content=\"800\" \/>\n\t<meta property=\"og:image:height\" content=\"549\" \/>\n\t<meta property=\"og:image:type\" content=\"image\/jpeg\" \/>\n<meta name=\"author\" content=\"LIKEmetkovic.hr\" \/>\n<meta name=\"twitter:card\" content=\"summary_large_image\" \/>\n<meta name=\"twitter:label1\" content=\"Napisao\/la\" \/>\n\t<meta name=\"twitter:data1\" content=\"LIKEmetkovic.hr\" \/>\n\t<meta name=\"twitter:label2\" content=\"Procijenjeno vrijeme \u010ditanja\" \/>\n\t<meta name=\"twitter:data2\" content=\"1 minuta\" \/>\n<script type=\"application\/ld+json\" class=\"yoast-schema-graph\">{\"@context\":\"https:\/\/schema.org\",\"@graph\":[{\"@type\":\"WebPage\",\"@id\":\"https:\/\/likemetkovic.hr\/okoncana-drama-u-opuzenu-muskarac-spusten-s-krova-i-odveden-u-bolnicu\/\",\"url\":\"https:\/\/likemetkovic.hr\/okoncana-drama-u-opuzenu-muskarac-spusten-s-krova-i-odveden-u-bolnicu\/\",\"name\":\"Okon\u010dana drama u Opuzenu: mu\u0161karac spu\u0161ten s krova i odveden u bolnicu - likemetkovic.hr\",\"isPartOf\":{\"@id\":\"https:\/\/likemetkovic.hr\/#website\"},\"primaryImageOfPage\":{\"@id\":\"https:\/\/likemetkovic.hr\/okoncana-drama-u-opuzenu-muskarac-spusten-s-krova-i-odveden-u-bolnicu\/#primaryimage\"},\"image\":{\"@id\":\"https:\/\/likemetkovic.hr\/okoncana-drama-u-opuzenu-muskarac-spusten-s-krova-i-odveden-u-bolnicu\/#primaryimage\"},\"thumbnailUrl\":\"https:\/\/likemetkovic.hr\/portal\/wp-content\/uploads\/2018\/09\/napad_policajac-opuzen.jpg\",\"datePublished\":\"2018-09-17T06:02:53+00:00\",\"dateModified\":\"2018-09-17T08:18:25+00:00\",\"author\":{\"@id\":\"https:\/\/likemetkovic.hr\/#\/schema\/person\/a42711f3385a0e2be6f7e0443bfb28f0\"},\"breadcrumb\":{\"@id\":\"https:\/\/likemetkovic.hr\/okoncana-drama-u-opuzenu-muskarac-spusten-s-krova-i-odveden-u-bolnicu\/#breadcrumb\"},\"inLanguage\":\"hr\",\"potentialAction\":[{\"@type\":\"ReadAction\",\"target\":[\"https:\/\/likemetkovic.hr\/okoncana-drama-u-opuzenu-muskarac-spusten-s-krova-i-odveden-u-bolnicu\/\"]}]},{\"@type\":\"ImageObject\",\"inLanguage\":\"hr\",\"@id\":\"https:\/\/likemetkovic.hr\/okoncana-drama-u-opuzenu-muskarac-spusten-s-krova-i-odveden-u-bolnicu\/#primaryimage\",\"url\":\"https:\/\/likemetkovic.hr\/portal\/wp-content\/uploads\/2018\/09\/napad_policajac-opuzen.jpg\",\"contentUrl\":\"https:\/\/likemetkovic.hr\/portal\/wp-content\/uploads\/2018\/09\/napad_policajac-opuzen.jpg\",\"width\":800,\"height\":549},{\"@type\":\"BreadcrumbList\",\"@id\":\"https:\/\/likemetkovic.hr\/okoncana-drama-u-opuzenu-muskarac-spusten-s-krova-i-odveden-u-bolnicu\/#breadcrumb\",\"itemListElement\":[{\"@type\":\"ListItem\",\"position\":1,\"name\":\"Po\u010detna stranica\",\"item\":\"https:\/\/likemetkovic.hr\/portal\/\"},{\"@type\":\"ListItem\",\"position\":2,\"name\":\"Okon\u010dana drama u Opuzenu: mu\u0161karac spu\u0161ten s krova i odveden u bolnicu\"}]},{\"@type\":\"WebSite\",\"@id\":\"https:\/\/likemetkovic.hr\/#website\",\"url\":\"https:\/\/likemetkovic.hr\/\",\"name\":\"likemetkovic.hr\",\"description\":\"Misli pozitivno... \u010ditaj LIKE\",\"potentialAction\":[{\"@type\":\"SearchAction\",\"target\":{\"@type\":\"EntryPoint\",\"urlTemplate\":\"https:\/\/likemetkovic.hr\/?s={search_term_string}\"},\"query-input\":{\"@type\":\"PropertyValueSpecification\",\"valueRequired\":true,\"valueName\":\"search_term_string\"}}],\"inLanguage\":\"hr\"},{\"@type\":\"Person\",\"@id\":\"https:\/\/likemetkovic.hr\/#\/schema\/person\/a42711f3385a0e2be6f7e0443bfb28f0\",\"name\":\"LIKEmetkovic.hr\",\"sameAs\":[\"http:\/\/likemetkovic.hr\"],\"url\":\"https:\/\/likemetkovic.hr\/portal\/author\/likemetkovic-hr\/\"}]}<\/script>\n<!-- \/ Yoast SEO plugin. -->","yoast_head_json":{"title":"Okon\u010dana drama u Opuzenu: mu\u0161karac spu\u0161ten s krova i odveden u bolnicu - likemetkovic.hr","robots":{"index":"index","follow":"follow","max-snippet":"max-snippet:-1","max-image-preview":"max-image-preview:large","max-video-preview":"max-video-preview:-1"},"canonical":"https:\/\/likemetkovic.hr\/okoncana-drama-u-opuzenu-muskarac-spusten-s-krova-i-odveden-u-bolnicu\/","og_locale":"hr_HR","og_type":"article","og_title":"Okon\u010dana drama u Opuzenu: mu\u0161karac spu\u0161ten s krova i odveden u bolnicu - likemetkovic.hr","og_description":"Drama u Opuzenu je zavr\u0161ila\u00a0jutros oko 5 sati, mu\u0161karac (49) je spu\u0161ten\u00a0i odveden u KBC Split, jer ima opekline\u00a0od eksplozije, rekla je za N1 glasnogovornica dubrova\u010dke policije Davorka Be\u010di\u0107. Pripadnici specijalne policije su svladali rastrojenog mu\u0161karca na na\u010din da su da zasko\u010dili elektro\u0161okerom jer se odbijao predati. Sve je po\u010delo u nedjelju oko 16.20 sati [&hellip;]","og_url":"https:\/\/likemetkovic.hr\/okoncana-drama-u-opuzenu-muskarac-spusten-s-krova-i-odveden-u-bolnicu\/","og_site_name":"likemetkovic.hr","article_publisher":"https:\/\/www.facebook.com\/likemetkovic.hr\/","article_published_time":"2018-09-17T06:02:53+00:00","article_modified_time":"2018-09-17T08:18:25+00:00","og_image":[{"width":800,"height":549,"url":"https:\/\/likemetkovic.hr\/wp-content\/uploads\/2018\/09\/napad_policajac-opuzen.jpg","type":"image\/jpeg"}],"author":"LIKEmetkovic.hr","twitter_card":"summary_large_image","twitter_misc":{"Napisao\/la":"LIKEmetkovic.hr","Procijenjeno vrijeme \u010ditanja":"1 minuta"},"schema":{"@context":"https:\/\/schema.org","@graph":[{"@type":"WebPage","@id":"https:\/\/likemetkovic.hr\/okoncana-drama-u-opuzenu-muskarac-spusten-s-krova-i-odveden-u-bolnicu\/","url":"https:\/\/likemetkovic.hr\/okoncana-drama-u-opuzenu-muskarac-spusten-s-krova-i-odveden-u-bolnicu\/","name":"Okon\u010dana drama u Opuzenu: mu\u0161karac spu\u0161ten s krova i odveden u bolnicu - likemetkovic.hr","isPartOf":{"@id":"https:\/\/likemetkovic.hr\/#website"},"primaryImageOfPage":{"@id":"https:\/\/likemetkovic.hr\/okoncana-drama-u-opuzenu-muskarac-spusten-s-krova-i-odveden-u-bolnicu\/#primaryimage"},"image":{"@id":"https:\/\/likemetkovic.hr\/okoncana-drama-u-opuzenu-muskarac-spusten-s-krova-i-odveden-u-bolnicu\/#primaryimage"},"thumbnailUrl":"https:\/\/likemetkovic.hr\/portal\/wp-content\/uploads\/2018\/09\/napad_policajac-opuzen.jpg","datePublished":"2018-09-17T06:02:53+00:00","dateModified":"2018-09-17T08:18:25+00:00","author":{"@id":"https:\/\/likemetkovic.hr\/#\/schema\/person\/a42711f3385a0e2be6f7e0443bfb28f0"},"breadcrumb":{"@id":"https:\/\/likemetkovic.hr\/okoncana-drama-u-opuzenu-muskarac-spusten-s-krova-i-odveden-u-bolnicu\/#breadcrumb"},"inLanguage":"hr","potentialAction":[{"@type":"ReadAction","target":["https:\/\/likemetkovic.hr\/okoncana-drama-u-opuzenu-muskarac-spusten-s-krova-i-odveden-u-bolnicu\/"]}]},{"@type":"ImageObject","inLanguage":"hr","@id":"https:\/\/likemetkovic.hr\/okoncana-drama-u-opuzenu-muskarac-spusten-s-krova-i-odveden-u-bolnicu\/#primaryimage","url":"https:\/\/likemetkovic.hr\/portal\/wp-content\/uploads\/2018\/09\/napad_policajac-opuzen.jpg","contentUrl":"https:\/\/likemetkovic.hr\/portal\/wp-content\/uploads\/2018\/09\/napad_policajac-opuzen.jpg","width":800,"height":549},{"@type":"BreadcrumbList","@id":"https:\/\/likemetkovic.hr\/okoncana-drama-u-opuzenu-muskarac-spusten-s-krova-i-odveden-u-bolnicu\/#breadcrumb","itemListElement":[{"@type":"ListItem","position":1,"name":"Po\u010detna stranica","item":"https:\/\/likemetkovic.hr\/portal\/"},{"@type":"ListItem","position":2,"name":"Okon\u010dana drama u Opuzenu: mu\u0161karac spu\u0161ten s krova i odveden u bolnicu"}]},{"@type":"WebSite","@id":"https:\/\/likemetkovic.hr\/#website","url":"https:\/\/likemetkovic.hr\/","name":"likemetkovic.hr","description":"Misli pozitivno... \u010ditaj LIKE","potentialAction":[{"@type":"SearchAction","target":{"@type":"EntryPoint","urlTemplate":"https:\/\/likemetkovic.hr\/?s={search_term_string}"},"query-input":{"@type":"PropertyValueSpecification","valueRequired":true,"valueName":"search_term_string"}}],"inLanguage":"hr"},{"@type":"Person","@id":"https:\/\/likemetkovic.hr\/#\/schema\/person\/a42711f3385a0e2be6f7e0443bfb28f0","name":"LIKEmetkovic.hr","sameAs":["http:\/\/likemetkovic.hr"],"url":"https:\/\/likemetkovic.hr\/portal\/author\/likemetkovic-hr\/"}]}},"_links":{"self":[{"href":"https:\/\/likemetkovic.hr\/portal\/wp-json\/wp\/v2\/posts\/67622","targetHints":{"allow":["GET"]}}],"collection":[{"href":"https:\/\/likemetkovic.hr\/portal\/wp-json\/wp\/v2\/posts"}],"about":[{"href":"https:\/\/likemetkovic.hr\/portal\/wp-json\/wp\/v2\/types\/post"}],"author":[{"embeddable":true,"href":"https:\/\/likemetkovic.hr\/portal\/wp-json\/wp\/v2\/users\/7"}],"replies":[{"embeddable":true,"href":"https:\/\/likemetkovic.hr\/portal\/wp-json\/wp\/v2\/comments?post=67622"}],"version-history":[{"count":0,"href":"https:\/\/likemetkovic.hr\/portal\/wp-json\/wp\/v2\/posts\/67622\/revisions"}],"wp:featuredmedia":[{"embeddable":true,"href":"https:\/\/likemetkovic.hr\/portal\/wp-json\/wp\/v2\/media\/67623"}],"wp:attachment":[{"href":"https:\/\/likemetkovic.hr\/portal\/wp-json\/wp\/v2\/media?parent=67622"}],"wp:term":[{"taxonomy":"category","embeddable":true,"href":"https:\/\/likemetkovic.hr\/portal\/wp-json\/wp\/v2\/categories?post=67622"},{"taxonomy":"post_tag","embeddable":true,"href":"https:\/\/likemetkovic.hr\/portal\/wp-json\/wp\/v2\/tags?post=67622"}],"curies":[{"name":"wp","href":"https:\/\/api.w.org\/{rel}","templated":true}]}}