{"id":67729,"date":"2018-09-20T07:44:19","date_gmt":"2018-09-20T05:44:19","guid":{"rendered":"http:\/\/likemetkovic.hr\/?p=67729"},"modified":"2018-09-20T07:50:38","modified_gmt":"2018-09-20T05:50:38","slug":"gradsko-vijece-grad-odlucio-pomoci-blokiranima-gradanima-ali","status":"publish","type":"post","link":"https:\/\/likemetkovic.hr\/portal\/gradsko-vijece-grad-odlucio-pomoci-blokiranima-gradanima-ali\/","title":{"rendered":"GRADSKO VIJE\u0106E Grad odlu\u010dio pomo\u0107i blokiranima gra\u0111anima, ali&#8230;"},"content":{"rendered":"<p>Gradski vije\u0107nici su u posljednje vrijeme poprili\u010dno aktivni, odradili su dvije sjednice u dva tjedna. Ju\u010der, 19. rujna bila je 13. sjednica Gradskog vije\u0107a na kojoj su bile samo dvije to\u010dke: izvr\u0161enje Prora\u010duna za prvih pola godine i Odluka o otpisu dugova fizi\u010dkim osobama.<\/p>\n<p>Prijedlog <strong>Polugodi\u0161njeg izvje\u0161taja o izvr\u0161enju Prora\u010duna Grada Metkovi\u0107a<\/strong> od 1.1.2018. do 30.6.2018. godine je jasno usvojen. Za njega nisu bili vije\u0107nici Mosta\u00a0 jer smatraju da je bilo sredstava i prostora u Prora\u010dunu i za druge projekte, a neki su \u010dak preba\u010deni u sljede\u0107u godinu.<\/p>\n<p>Ukupni prihodi do 20.6.2018. iznose 25.876.104 kuna, tj. 32% godi\u0161njeg plana, a rashodi 21.892.631 kuna, tj. 25% godi\u0161njeg plana. Raspolo\u017eiva sredstva iz prethodnih godina iznose 5,8 milijuna kuna.<\/p>\n<p>Premda u pozivu nije navedena, dnevni red je dopunjen<strong> Prijedlogom Odluke o otpisu dugova fizi\u010dkim osobama<\/strong>. Prijedlog je pro\u0161lo sjednici poku\u0161ala uvrstiti u dnevni red Katarina Taslak (Most) koja se na po\u010detku rasprave zahvalila \u0161to je prijedlog uvr\u0161en u dnevni red ove sjednice ali ga smatra krnjiim u odnosu na njezin jer se odnosi samo na dugovanja prema Gradu Metkovi\u0107u.<\/p>\n<p>Rije\u010d je o primjeni Zakona koji je donio Sabor na prijedlog Vlade RH i koji je stupio na snagu 21. srpnja 2018. Njegovom primjenom su automatski pobrisani dugovi gra\u0111ana do 10 000 kuna \u010diji su dugovi prema dr\u017eavi i dru\u0161tvima kojima je dr\u017eava osniva\u010d ili suosniva\u010d registrirani na FINA-i na dan 31. prosinca 2017. Odnosi se na nenaplative dugove. Tako je 23. srpnja tako dr\u017eava otpisala 1,3 milijarde kuna duga fizi\u010dkih osoba.<\/p>\n<p>Vlada RH je tada uputila poziv gradovima i op\u0107inama da u\u010dine isto za dugove vezane za komunalne i sli\u010dne usluge jer im to Zakon omogu\u0107uje. Rok za to isti\u010de sutra, 21. rujna.<\/p>\n<p>Prema analizi gradske uprave potra\u017eivanja Grada i gradskih tvrtki prema gra\u0111anima fizi\u010dkim osobama tolika da bi u zna\u010dajnoj mjeri onemogu\u0107io uredno redovno poslovanje gradskih tvrtki i ugrozio njihovu likvidnost i mogu\u0107nost financiranja ulaganja, ali i izazvao negativan efekt na gra\u0111ane koji uredno podmiruju svoje obveze. Zato je u Odluci navedeno da <strong>ne\u0107e biti automatskog otpisivanja dugova<\/strong>, kako je to u\u010dinila dr\u017eava, <strong>ve\u0107 na temelju zahtjeva du\u017enika<\/strong> za otpis duga koji je evidentiran na FINA-i na dan 31. prosinca 2017. i do sada nije napla\u0107en.<\/p>\n<p>Odluka o otpisu dugova fizi\u010dkim osobama usvojena je ve\u0107inom glasova. Vije\u0107nici Mosta bili su suzdr\u017eani, a vije\u0107nica Katarina Taslak izrazila je nezadovoljstvo odabirom na\u010dina i kriterija otpisa dugova fizi\u010dkim osobama koji bi, prema njezinome mi\u0161ljenju, trebali biti automatski \u010dime bi se izbjegla neinformiranost gra\u0111ana i papirologija i odnositi se ne samo na Grad Metkovi\u0107 ve\u0107 i na njegove tvrtke ( (\u010cisto\u0107a d.o.o., Metkovi\u0107 d.o.o., Metkovi\u0107 Razvoj d.o.o.) kojima je ostavljeno da same donose svoje odluke.<\/p>\n<p>Na kraju su bila<strong> vije\u0107ni\u010dka pitanja<\/strong> upu\u0107ena gradona\u010delniku Daliboru Milanu i suradnicima.<\/p>\n<p><strong>Katarina Taslak<\/strong> (Most) je pitala za\u0161to Ministarstvu poljoprivrede nije dostavljena cjelokupna dokumentacija vezana za Plan Programa raspolaganja poljoprivrednim zemlji\u0161tem i \u0161to je s prigovorima te vlasni\u010dkim listom dostavljenim u sklopu jednoga prigovora? Odgovoreno je da je sve je napravljeno u skladu sa zakonom i da se prigovor rje\u0161ava.<\/p>\n<p><strong>Sini\u0161a Bebi\u0107<\/strong> (HSU)\u00a0 je ponovio pitanjesa zadnje sjednice o pucanju cijevi u Dubrova\u010dkoj ulici i nezadovoljstvo lo\u0161om izvedbom asfaltnog sloja u Ulici neretvanskih gusara zbog zadr\u017eavanja oborinskih voda. Odgovoreno mu je da \u0107e se promijeniti vodovodne cijevi\u00a0u Dubrova\u010dkoj ulici i iza\u0107i na teren u Ulici neretvanskih gusara i utvrditi stanje.<\/p>\n<p><strong>Miljenka Manenica<\/strong> (HSLS) je pitala \u0161to je s realizacijom spoja\u00a0Jadranske ulice sa Ulicom Put Narone. Odgovoreno joj je da \u0107e se problem odvodnje rije\u0161it \u0107e se projektom koji se planira po\u010deti raditi po\u010detkom sljede\u0107e godine.<\/p>\n<p><strong>Marijana Glu\u0161\u010devi\u0107<\/strong> (Most) je pitala za\u0161to je poni\u0161ten oglas za prijam u slu\u017ebu Jedinstvenog upravnog odjela Grada Metkovi\u0107a, radno mjesto vi\u0161eg stru\u010dnog suradnika za op\u0107e poslove? Dobila je odgovor da je to radno mjesto vezano za projekt Dje\u010djeg vrti\u0107a Metkovi\u0107 i da se\u00a0naknadno zaklju\u010dilo da je potrebno napraviti pravilnik o unutarnjem redu za sve projekte koje se provode du\u017ee od godinu dana. Nakon toga odlukom Gradskoga vije\u0107a utvrditi koeficijente za to radno mjesto pa \u0107emo onda pristupiti raspisivanju natje\u010daja, a uvjeti \u0107e biti isti.<\/p>\n<p>&nbsp;<\/p>\n","protected":false},"excerpt":{"rendered":"<p>Gradski vije\u0107nici su u posljednje vrijeme poprili\u010dno aktivni, odradili su dvije sjednice u dva tjedna. Ju\u010der, 19. rujna bila je 13. sjednica Gradskog vije\u0107a na kojoj su bile samo dvije to\u010dke: izvr\u0161enje Prora\u010duna za prvih pola godine i Odluka o otpisu dugova fizi\u010dkim osobama. Prijedlog Polugodi\u0161njeg izvje\u0161taja o izvr\u0161enju Prora\u010duna Grada Metkovi\u0107a od 1.1.2018. do [&hellip;]<\/p>\n","protected":false},"author":7,"featured_media":58152,"comment_status":"open","ping_status":"open","sticky":false,"template":"","format":"standard","meta":{"footnotes":""},"categories":[283,290],"tags":[1859,1321,3308],"class_list":{"0":"post-67729","1":"post","2":"type-post","3":"status-publish","4":"format-standard","5":"has-post-thumbnail","7":"category-a","8":"category-politika","9":"tag-gard-metkovic","10":"tag-gradsko-vijece","11":"tag-sjednica"},"yoast_head":"<!-- This site is optimized with the Yoast SEO plugin v25.2 - https:\/\/yoast.com\/wordpress\/plugins\/seo\/ -->\n<title>GRADSKO VIJE\u0106E Grad odlu\u010dio pomo\u0107i blokiranima gra\u0111anima, ali... - likemetkovic.hr<\/title>\n<meta name=\"robots\" content=\"index, follow, max-snippet:-1, max-image-preview:large, max-video-preview:-1\" \/>\n<link rel=\"canonical\" href=\"https:\/\/likemetkovic.hr\/gradsko-vijece-grad-odlucio-pomoci-blokiranima-gradanima-ali\/\" \/>\n<meta property=\"og:locale\" content=\"hr_HR\" \/>\n<meta property=\"og:type\" content=\"article\" \/>\n<meta property=\"og:title\" content=\"GRADSKO VIJE\u0106E Grad odlu\u010dio pomo\u0107i blokiranima gra\u0111anima, ali... - likemetkovic.hr\" \/>\n<meta property=\"og:description\" content=\"Gradski vije\u0107nici su u posljednje vrijeme poprili\u010dno aktivni, odradili su dvije sjednice u dva tjedna. Ju\u010der, 19. rujna bila je 13. sjednica Gradskog vije\u0107a na kojoj su bile samo dvije to\u010dke: izvr\u0161enje Prora\u010duna za prvih pola godine i Odluka o otpisu dugova fizi\u010dkim osobama. Prijedlog Polugodi\u0161njeg izvje\u0161taja o izvr\u0161enju Prora\u010duna Grada Metkovi\u0107a od 1.1.2018. do [&hellip;]\" \/>\n<meta property=\"og:url\" content=\"https:\/\/likemetkovic.hr\/gradsko-vijece-grad-odlucio-pomoci-blokiranima-gradanima-ali\/\" \/>\n<meta property=\"og:site_name\" content=\"likemetkovic.hr\" \/>\n<meta property=\"article:publisher\" content=\"https:\/\/www.facebook.com\/likemetkovic.hr\/\" \/>\n<meta property=\"article:published_time\" content=\"2018-09-20T05:44:19+00:00\" \/>\n<meta property=\"article:modified_time\" content=\"2018-09-20T05:50:38+00:00\" \/>\n<meta property=\"og:image\" content=\"https:\/\/likemetkovic.hr\/wp-content\/uploads\/2018\/05\/sjednica-gv-20171220-015.jpg\" \/>\n\t<meta property=\"og:image:width\" content=\"800\" \/>\n\t<meta property=\"og:image:height\" content=\"530\" \/>\n\t<meta property=\"og:image:type\" content=\"image\/jpeg\" \/>\n<meta name=\"author\" content=\"LIKEmetkovic.hr\" \/>\n<meta name=\"twitter:card\" content=\"summary_large_image\" \/>\n<meta name=\"twitter:label1\" content=\"Napisao\/la\" \/>\n\t<meta name=\"twitter:data1\" content=\"LIKEmetkovic.hr\" \/>\n\t<meta name=\"twitter:label2\" content=\"Procijenjeno vrijeme \u010ditanja\" \/>\n\t<meta name=\"twitter:data2\" content=\"4 minute\" \/>\n<script type=\"application\/ld+json\" class=\"yoast-schema-graph\">{\"@context\":\"https:\/\/schema.org\",\"@graph\":[{\"@type\":\"WebPage\",\"@id\":\"https:\/\/likemetkovic.hr\/gradsko-vijece-grad-odlucio-pomoci-blokiranima-gradanima-ali\/\",\"url\":\"https:\/\/likemetkovic.hr\/gradsko-vijece-grad-odlucio-pomoci-blokiranima-gradanima-ali\/\",\"name\":\"GRADSKO VIJE\u0106E Grad odlu\u010dio pomo\u0107i blokiranima gra\u0111anima, ali... - likemetkovic.hr\",\"isPartOf\":{\"@id\":\"https:\/\/likemetkovic.hr\/#website\"},\"primaryImageOfPage\":{\"@id\":\"https:\/\/likemetkovic.hr\/gradsko-vijece-grad-odlucio-pomoci-blokiranima-gradanima-ali\/#primaryimage\"},\"image\":{\"@id\":\"https:\/\/likemetkovic.hr\/gradsko-vijece-grad-odlucio-pomoci-blokiranima-gradanima-ali\/#primaryimage\"},\"thumbnailUrl\":\"https:\/\/likemetkovic.hr\/portal\/wp-content\/uploads\/2018\/05\/sjednica-gv-20171220-015.jpg\",\"datePublished\":\"2018-09-20T05:44:19+00:00\",\"dateModified\":\"2018-09-20T05:50:38+00:00\",\"author\":{\"@id\":\"https:\/\/likemetkovic.hr\/#\/schema\/person\/a42711f3385a0e2be6f7e0443bfb28f0\"},\"breadcrumb\":{\"@id\":\"https:\/\/likemetkovic.hr\/gradsko-vijece-grad-odlucio-pomoci-blokiranima-gradanima-ali\/#breadcrumb\"},\"inLanguage\":\"hr\",\"potentialAction\":[{\"@type\":\"ReadAction\",\"target\":[\"https:\/\/likemetkovic.hr\/gradsko-vijece-grad-odlucio-pomoci-blokiranima-gradanima-ali\/\"]}]},{\"@type\":\"ImageObject\",\"inLanguage\":\"hr\",\"@id\":\"https:\/\/likemetkovic.hr\/gradsko-vijece-grad-odlucio-pomoci-blokiranima-gradanima-ali\/#primaryimage\",\"url\":\"https:\/\/likemetkovic.hr\/portal\/wp-content\/uploads\/2018\/05\/sjednica-gv-20171220-015.jpg\",\"contentUrl\":\"https:\/\/likemetkovic.hr\/portal\/wp-content\/uploads\/2018\/05\/sjednica-gv-20171220-015.jpg\",\"width\":800,\"height\":530},{\"@type\":\"BreadcrumbList\",\"@id\":\"https:\/\/likemetkovic.hr\/gradsko-vijece-grad-odlucio-pomoci-blokiranima-gradanima-ali\/#breadcrumb\",\"itemListElement\":[{\"@type\":\"ListItem\",\"position\":1,\"name\":\"Po\u010detna stranica\",\"item\":\"https:\/\/likemetkovic.hr\/portal\/\"},{\"@type\":\"ListItem\",\"position\":2,\"name\":\"GRADSKO VIJE\u0106E Grad odlu\u010dio pomo\u0107i blokiranima gra\u0111anima, ali&#8230;\"}]},{\"@type\":\"WebSite\",\"@id\":\"https:\/\/likemetkovic.hr\/#website\",\"url\":\"https:\/\/likemetkovic.hr\/\",\"name\":\"likemetkovic.hr\",\"description\":\"Misli pozitivno... \u010ditaj LIKE\",\"potentialAction\":[{\"@type\":\"SearchAction\",\"target\":{\"@type\":\"EntryPoint\",\"urlTemplate\":\"https:\/\/likemetkovic.hr\/?s={search_term_string}\"},\"query-input\":{\"@type\":\"PropertyValueSpecification\",\"valueRequired\":true,\"valueName\":\"search_term_string\"}}],\"inLanguage\":\"hr\"},{\"@type\":\"Person\",\"@id\":\"https:\/\/likemetkovic.hr\/#\/schema\/person\/a42711f3385a0e2be6f7e0443bfb28f0\",\"name\":\"LIKEmetkovic.hr\",\"sameAs\":[\"http:\/\/likemetkovic.hr\"],\"url\":\"https:\/\/likemetkovic.hr\/portal\/author\/likemetkovic-hr\/\"}]}<\/script>\n<!-- \/ Yoast SEO plugin. -->","yoast_head_json":{"title":"GRADSKO VIJE\u0106E Grad odlu\u010dio pomo\u0107i blokiranima gra\u0111anima, ali... - likemetkovic.hr","robots":{"index":"index","follow":"follow","max-snippet":"max-snippet:-1","max-image-preview":"max-image-preview:large","max-video-preview":"max-video-preview:-1"},"canonical":"https:\/\/likemetkovic.hr\/gradsko-vijece-grad-odlucio-pomoci-blokiranima-gradanima-ali\/","og_locale":"hr_HR","og_type":"article","og_title":"GRADSKO VIJE\u0106E Grad odlu\u010dio pomo\u0107i blokiranima gra\u0111anima, ali... - likemetkovic.hr","og_description":"Gradski vije\u0107nici su u posljednje vrijeme poprili\u010dno aktivni, odradili su dvije sjednice u dva tjedna. Ju\u010der, 19. rujna bila je 13. sjednica Gradskog vije\u0107a na kojoj su bile samo dvije to\u010dke: izvr\u0161enje Prora\u010duna za prvih pola godine i Odluka o otpisu dugova fizi\u010dkim osobama. Prijedlog Polugodi\u0161njeg izvje\u0161taja o izvr\u0161enju Prora\u010duna Grada Metkovi\u0107a od 1.1.2018. do [&hellip;]","og_url":"https:\/\/likemetkovic.hr\/gradsko-vijece-grad-odlucio-pomoci-blokiranima-gradanima-ali\/","og_site_name":"likemetkovic.hr","article_publisher":"https:\/\/www.facebook.com\/likemetkovic.hr\/","article_published_time":"2018-09-20T05:44:19+00:00","article_modified_time":"2018-09-20T05:50:38+00:00","og_image":[{"width":800,"height":530,"url":"https:\/\/likemetkovic.hr\/wp-content\/uploads\/2018\/05\/sjednica-gv-20171220-015.jpg","type":"image\/jpeg"}],"author":"LIKEmetkovic.hr","twitter_card":"summary_large_image","twitter_misc":{"Napisao\/la":"LIKEmetkovic.hr","Procijenjeno vrijeme \u010ditanja":"4 minute"},"schema":{"@context":"https:\/\/schema.org","@graph":[{"@type":"WebPage","@id":"https:\/\/likemetkovic.hr\/gradsko-vijece-grad-odlucio-pomoci-blokiranima-gradanima-ali\/","url":"https:\/\/likemetkovic.hr\/gradsko-vijece-grad-odlucio-pomoci-blokiranima-gradanima-ali\/","name":"GRADSKO VIJE\u0106E Grad odlu\u010dio pomo\u0107i blokiranima gra\u0111anima, ali... - likemetkovic.hr","isPartOf":{"@id":"https:\/\/likemetkovic.hr\/#website"},"primaryImageOfPage":{"@id":"https:\/\/likemetkovic.hr\/gradsko-vijece-grad-odlucio-pomoci-blokiranima-gradanima-ali\/#primaryimage"},"image":{"@id":"https:\/\/likemetkovic.hr\/gradsko-vijece-grad-odlucio-pomoci-blokiranima-gradanima-ali\/#primaryimage"},"thumbnailUrl":"https:\/\/likemetkovic.hr\/portal\/wp-content\/uploads\/2018\/05\/sjednica-gv-20171220-015.jpg","datePublished":"2018-09-20T05:44:19+00:00","dateModified":"2018-09-20T05:50:38+00:00","author":{"@id":"https:\/\/likemetkovic.hr\/#\/schema\/person\/a42711f3385a0e2be6f7e0443bfb28f0"},"breadcrumb":{"@id":"https:\/\/likemetkovic.hr\/gradsko-vijece-grad-odlucio-pomoci-blokiranima-gradanima-ali\/#breadcrumb"},"inLanguage":"hr","potentialAction":[{"@type":"ReadAction","target":["https:\/\/likemetkovic.hr\/gradsko-vijece-grad-odlucio-pomoci-blokiranima-gradanima-ali\/"]}]},{"@type":"ImageObject","inLanguage":"hr","@id":"https:\/\/likemetkovic.hr\/gradsko-vijece-grad-odlucio-pomoci-blokiranima-gradanima-ali\/#primaryimage","url":"https:\/\/likemetkovic.hr\/portal\/wp-content\/uploads\/2018\/05\/sjednica-gv-20171220-015.jpg","contentUrl":"https:\/\/likemetkovic.hr\/portal\/wp-content\/uploads\/2018\/05\/sjednica-gv-20171220-015.jpg","width":800,"height":530},{"@type":"BreadcrumbList","@id":"https:\/\/likemetkovic.hr\/gradsko-vijece-grad-odlucio-pomoci-blokiranima-gradanima-ali\/#breadcrumb","itemListElement":[{"@type":"ListItem","position":1,"name":"Po\u010detna stranica","item":"https:\/\/likemetkovic.hr\/portal\/"},{"@type":"ListItem","position":2,"name":"GRADSKO VIJE\u0106E Grad odlu\u010dio pomo\u0107i blokiranima gra\u0111anima, ali&#8230;"}]},{"@type":"WebSite","@id":"https:\/\/likemetkovic.hr\/#website","url":"https:\/\/likemetkovic.hr\/","name":"likemetkovic.hr","description":"Misli pozitivno... \u010ditaj LIKE","potentialAction":[{"@type":"SearchAction","target":{"@type":"EntryPoint","urlTemplate":"https:\/\/likemetkovic.hr\/?s={search_term_string}"},"query-input":{"@type":"PropertyValueSpecification","valueRequired":true,"valueName":"search_term_string"}}],"inLanguage":"hr"},{"@type":"Person","@id":"https:\/\/likemetkovic.hr\/#\/schema\/person\/a42711f3385a0e2be6f7e0443bfb28f0","name":"LIKEmetkovic.hr","sameAs":["http:\/\/likemetkovic.hr"],"url":"https:\/\/likemetkovic.hr\/portal\/author\/likemetkovic-hr\/"}]}},"_links":{"self":[{"href":"https:\/\/likemetkovic.hr\/portal\/wp-json\/wp\/v2\/posts\/67729","targetHints":{"allow":["GET"]}}],"collection":[{"href":"https:\/\/likemetkovic.hr\/portal\/wp-json\/wp\/v2\/posts"}],"about":[{"href":"https:\/\/likemetkovic.hr\/portal\/wp-json\/wp\/v2\/types\/post"}],"author":[{"embeddable":true,"href":"https:\/\/likemetkovic.hr\/portal\/wp-json\/wp\/v2\/users\/7"}],"replies":[{"embeddable":true,"href":"https:\/\/likemetkovic.hr\/portal\/wp-json\/wp\/v2\/comments?post=67729"}],"version-history":[{"count":0,"href":"https:\/\/likemetkovic.hr\/portal\/wp-json\/wp\/v2\/posts\/67729\/revisions"}],"wp:featuredmedia":[{"embeddable":true,"href":"https:\/\/likemetkovic.hr\/portal\/wp-json\/wp\/v2\/media\/58152"}],"wp:attachment":[{"href":"https:\/\/likemetkovic.hr\/portal\/wp-json\/wp\/v2\/media?parent=67729"}],"wp:term":[{"taxonomy":"category","embeddable":true,"href":"https:\/\/likemetkovic.hr\/portal\/wp-json\/wp\/v2\/categories?post=67729"},{"taxonomy":"post_tag","embeddable":true,"href":"https:\/\/likemetkovic.hr\/portal\/wp-json\/wp\/v2\/tags?post=67729"}],"curies":[{"name":"wp","href":"https:\/\/api.w.org\/{rel}","templated":true}]}}