{"id":67925,"date":"2018-09-24T11:49:45","date_gmt":"2018-09-24T09:49:45","guid":{"rendered":"http:\/\/likemetkovic.hr\/?p=67925"},"modified":"2018-09-24T11:49:45","modified_gmt":"2018-09-24T09:49:45","slug":"uhicen-47-godisnji-drzavljanin-slovenije-zbog-laziranja-identiteta","status":"publish","type":"post","link":"https:\/\/likemetkovic.hr\/portal\/uhicen-47-godisnji-drzavljanin-slovenije-zbog-laziranja-identiteta\/","title":{"rendered":"Uhi\u0107en 47-godi\u0161nji dr\u017eavljanin Slovenije zbog la\u017eiranja identiteta"},"content":{"rendered":"<p>Nakon \u0161to je u \u010detvrtak, ne\u0161to prije pono\u0107i, u Dubrovniku, uhi\u0107en 47-godi\u0161nji dr\u017eavljanin Slovenije, kriminalisti\u010dkim istra\u017eivanjem je utvr\u0111eno da je, u kolovozu 2017.godine, u ovoj Policijskoj upravi prilikom prijave prebivali\u0161ta i izdavanja osobne iskaznice i putovnice, dao neistinite podatke o svom identitetu te tako ishodio osobne dokumente RH na ime kojim se ranije koristio, prije promjene svojih osobnih podataka u Republici Sloveniji. Zbog sumnje da je isti po\u010dinio kaznena djela <em>ovjeravanje neistinitog sadr\u017eaja i davanje la\u017enog iskaza <\/em>predan je pritvorskom nadzorniku.<\/p>\n<p><strong>\u00a0<\/strong><strong>Tjedno izvje\u0161\u0107e za promet<\/strong><\/p>\n<p>U proteklom tjednu na podru\u010dju Policijske uprave dubrova\u010dko-neretvanske zabilje\u017eeno je 17 prometnih nesre\u0107a, u kojima je evidentirana 1 poginula osoba te 9 nesre\u0107a s ozlije\u0111enim osobama, od \u010dega su 4 osobe te\u017ee, a 9 lak\u0161e ozlije\u0111ene. S materijalnom \u0161tetom zabilje\u017eeno je 7 prometnih nesre\u0107a.<\/p>\n<p>Provode\u0107i mjere kontrole prometa policijski slu\u017ebenici su protiv po\u010dinitelja prometnih prekr\u0161aja poduzeli 710 represivnih mjera od kojih izdvajamo 291 mjera poduzetih zbog prekora\u010denja brzine, 90 mjera zbog nekori\u0161tenja sigurnosnog pojasa, 50 prekr\u0161aja nepropisnog zaustavljanja i parkiranja, 67 prekr\u0161aja zbog nepropisnog pretjecanja i 17 mjera poduzetih prema voza\u010dima koji su vozilom upravljali pod utjecajem alkohola.<\/p>\n<p>&nbsp;<\/p>\n<p><strong>Glasnogovornica<\/strong><\/p>\n<p><strong>\u00a0 \u00a0 \u00a0 \u00a0 \u00a0 \u00a0 \u00a0 \u00a0 \u00a0 \u00a0 \u00a0 \u00a0 \u00a0 \u00a0 \u00a0 \u00a0 \u00a0 \u00a0 \u00a0 \u00a0 \u00a0 \u00a0 \u00a0 \u00a0 \u00a0 \u00a0 \u00a0 \u00a0 \u00a0 \u00a0 \u00a0 \u00a0 \u00a0 \u00a0 \u00a0 \u00a0 \u00a0 \u00a0 \u00a0 \u00a0 \u00a0 \u00a0 \u00a0 \u00a0 \u00a0 \u00a0 \u00a0 \u00a0 \u00a0 \u00a0Davorka Be\u010di\u0107<\/strong><\/p>\n","protected":false},"excerpt":{"rendered":"<p>Nakon \u0161to je u \u010detvrtak, ne\u0161to prije pono\u0107i, u Dubrovniku, uhi\u0107en 47-godi\u0161nji dr\u017eavljanin Slovenije, kriminalisti\u010dkim istra\u017eivanjem je utvr\u0111eno da je, u kolovozu 2017.godine, u ovoj Policijskoj upravi prilikom prijave prebivali\u0161ta i izdavanja osobne iskaznice i putovnice, dao neistinite podatke o svom identitetu te tako ishodio osobne dokumente RH na ime kojim se ranije koristio, prije [&hellip;]<\/p>\n","protected":false},"author":8,"featured_media":0,"comment_status":"open","ping_status":"open","sticky":false,"template":"","format":"standard","meta":{"footnotes":""},"categories":[296,305],"tags":[664,3787],"class_list":{"0":"post-67925","1":"post","2":"type-post","3":"status-publish","4":"format-standard","6":"category-ab","7":"category-crna-kronika","8":"tag-dubrovnik","9":"tag-laziranje-identiteta"},"yoast_head":"<!-- This site is optimized with the Yoast SEO plugin v25.2 - https:\/\/yoast.com\/wordpress\/plugins\/seo\/ -->\n<title>Uhi\u0107en 47-godi\u0161nji dr\u017eavljanin Slovenije zbog la\u017eiranja identiteta - likemetkovic.hr<\/title>\n<meta name=\"robots\" content=\"index, follow, max-snippet:-1, max-image-preview:large, max-video-preview:-1\" \/>\n<link rel=\"canonical\" href=\"https:\/\/likemetkovic.hr\/uhicen-47-godisnji-drzavljanin-slovenije-zbog-laziranja-identiteta\/\" \/>\n<meta property=\"og:locale\" content=\"hr_HR\" \/>\n<meta property=\"og:type\" content=\"article\" \/>\n<meta property=\"og:title\" content=\"Uhi\u0107en 47-godi\u0161nji dr\u017eavljanin Slovenije zbog la\u017eiranja identiteta - likemetkovic.hr\" \/>\n<meta property=\"og:description\" content=\"Nakon \u0161to je u \u010detvrtak, ne\u0161to prije pono\u0107i, u Dubrovniku, uhi\u0107en 47-godi\u0161nji dr\u017eavljanin Slovenije, kriminalisti\u010dkim istra\u017eivanjem je utvr\u0111eno da je, u kolovozu 2017.godine, u ovoj Policijskoj upravi prilikom prijave prebivali\u0161ta i izdavanja osobne iskaznice i putovnice, dao neistinite podatke o svom identitetu te tako ishodio osobne dokumente RH na ime kojim se ranije koristio, prije [&hellip;]\" \/>\n<meta property=\"og:url\" content=\"https:\/\/likemetkovic.hr\/uhicen-47-godisnji-drzavljanin-slovenije-zbog-laziranja-identiteta\/\" \/>\n<meta property=\"og:site_name\" content=\"likemetkovic.hr\" \/>\n<meta property=\"article:publisher\" content=\"https:\/\/www.facebook.com\/likemetkovic.hr\/\" \/>\n<meta property=\"article:published_time\" content=\"2018-09-24T09:49:45+00:00\" \/>\n<meta property=\"og:image\" content=\"https:\/\/likemetkovic.hr\/wp-content\/uploads\/2017\/11\/policija-1.jpg\" \/>\n\t<meta property=\"og:image:width\" content=\"600\" \/>\n\t<meta property=\"og:image:height\" content=\"449\" \/>\n\t<meta property=\"og:image:type\" content=\"image\/jpeg\" \/>\n<meta name=\"author\" content=\"LIKEmetkovic.hr\" \/>\n<meta name=\"twitter:card\" content=\"summary_large_image\" \/>\n<meta name=\"twitter:label1\" content=\"Napisao\/la\" \/>\n\t<meta name=\"twitter:data1\" content=\"LIKEmetkovic.hr\" \/>\n\t<meta name=\"twitter:label2\" content=\"Procijenjeno vrijeme \u010ditanja\" \/>\n\t<meta name=\"twitter:data2\" content=\"1 minuta\" \/>\n<script type=\"application\/ld+json\" class=\"yoast-schema-graph\">{\"@context\":\"https:\/\/schema.org\",\"@graph\":[{\"@type\":\"WebPage\",\"@id\":\"https:\/\/likemetkovic.hr\/uhicen-47-godisnji-drzavljanin-slovenije-zbog-laziranja-identiteta\/\",\"url\":\"https:\/\/likemetkovic.hr\/uhicen-47-godisnji-drzavljanin-slovenije-zbog-laziranja-identiteta\/\",\"name\":\"Uhi\u0107en 47-godi\u0161nji dr\u017eavljanin Slovenije zbog la\u017eiranja identiteta - likemetkovic.hr\",\"isPartOf\":{\"@id\":\"https:\/\/likemetkovic.hr\/#website\"},\"datePublished\":\"2018-09-24T09:49:45+00:00\",\"author\":{\"@id\":\"https:\/\/likemetkovic.hr\/#\/schema\/person\/adba0fd43631b5fc581c97e6ca793693\"},\"breadcrumb\":{\"@id\":\"https:\/\/likemetkovic.hr\/uhicen-47-godisnji-drzavljanin-slovenije-zbog-laziranja-identiteta\/#breadcrumb\"},\"inLanguage\":\"hr\",\"potentialAction\":[{\"@type\":\"ReadAction\",\"target\":[\"https:\/\/likemetkovic.hr\/uhicen-47-godisnji-drzavljanin-slovenije-zbog-laziranja-identiteta\/\"]}]},{\"@type\":\"BreadcrumbList\",\"@id\":\"https:\/\/likemetkovic.hr\/uhicen-47-godisnji-drzavljanin-slovenije-zbog-laziranja-identiteta\/#breadcrumb\",\"itemListElement\":[{\"@type\":\"ListItem\",\"position\":1,\"name\":\"Po\u010detna stranica\",\"item\":\"https:\/\/likemetkovic.hr\/portal\/\"},{\"@type\":\"ListItem\",\"position\":2,\"name\":\"Uhi\u0107en 47-godi\u0161nji dr\u017eavljanin Slovenije zbog la\u017eiranja identiteta\"}]},{\"@type\":\"WebSite\",\"@id\":\"https:\/\/likemetkovic.hr\/#website\",\"url\":\"https:\/\/likemetkovic.hr\/\",\"name\":\"likemetkovic.hr\",\"description\":\"Misli pozitivno... \u010ditaj LIKE\",\"potentialAction\":[{\"@type\":\"SearchAction\",\"target\":{\"@type\":\"EntryPoint\",\"urlTemplate\":\"https:\/\/likemetkovic.hr\/?s={search_term_string}\"},\"query-input\":{\"@type\":\"PropertyValueSpecification\",\"valueRequired\":true,\"valueName\":\"search_term_string\"}}],\"inLanguage\":\"hr\"},{\"@type\":\"Person\",\"@id\":\"https:\/\/likemetkovic.hr\/#\/schema\/person\/adba0fd43631b5fc581c97e6ca793693\",\"name\":\"LIKEmetkovic.hr\",\"url\":\"https:\/\/likemetkovic.hr\/portal\/author\/marijana\/\"}]}<\/script>\n<!-- \/ Yoast SEO plugin. -->","yoast_head_json":{"title":"Uhi\u0107en 47-godi\u0161nji dr\u017eavljanin Slovenije zbog la\u017eiranja identiteta - likemetkovic.hr","robots":{"index":"index","follow":"follow","max-snippet":"max-snippet:-1","max-image-preview":"max-image-preview:large","max-video-preview":"max-video-preview:-1"},"canonical":"https:\/\/likemetkovic.hr\/uhicen-47-godisnji-drzavljanin-slovenije-zbog-laziranja-identiteta\/","og_locale":"hr_HR","og_type":"article","og_title":"Uhi\u0107en 47-godi\u0161nji dr\u017eavljanin Slovenije zbog la\u017eiranja identiteta - likemetkovic.hr","og_description":"Nakon \u0161to je u \u010detvrtak, ne\u0161to prije pono\u0107i, u Dubrovniku, uhi\u0107en 47-godi\u0161nji dr\u017eavljanin Slovenije, kriminalisti\u010dkim istra\u017eivanjem je utvr\u0111eno da je, u kolovozu 2017.godine, u ovoj Policijskoj upravi prilikom prijave prebivali\u0161ta i izdavanja osobne iskaznice i putovnice, dao neistinite podatke o svom identitetu te tako ishodio osobne dokumente RH na ime kojim se ranije koristio, prije [&hellip;]","og_url":"https:\/\/likemetkovic.hr\/uhicen-47-godisnji-drzavljanin-slovenije-zbog-laziranja-identiteta\/","og_site_name":"likemetkovic.hr","article_publisher":"https:\/\/www.facebook.com\/likemetkovic.hr\/","article_published_time":"2018-09-24T09:49:45+00:00","og_image":[{"width":600,"height":449,"url":"https:\/\/likemetkovic.hr\/wp-content\/uploads\/2017\/11\/policija-1.jpg","type":"image\/jpeg"}],"author":"LIKEmetkovic.hr","twitter_card":"summary_large_image","twitter_misc":{"Napisao\/la":"LIKEmetkovic.hr","Procijenjeno vrijeme \u010ditanja":"1 minuta"},"schema":{"@context":"https:\/\/schema.org","@graph":[{"@type":"WebPage","@id":"https:\/\/likemetkovic.hr\/uhicen-47-godisnji-drzavljanin-slovenije-zbog-laziranja-identiteta\/","url":"https:\/\/likemetkovic.hr\/uhicen-47-godisnji-drzavljanin-slovenije-zbog-laziranja-identiteta\/","name":"Uhi\u0107en 47-godi\u0161nji dr\u017eavljanin Slovenije zbog la\u017eiranja identiteta - likemetkovic.hr","isPartOf":{"@id":"https:\/\/likemetkovic.hr\/#website"},"datePublished":"2018-09-24T09:49:45+00:00","author":{"@id":"https:\/\/likemetkovic.hr\/#\/schema\/person\/adba0fd43631b5fc581c97e6ca793693"},"breadcrumb":{"@id":"https:\/\/likemetkovic.hr\/uhicen-47-godisnji-drzavljanin-slovenije-zbog-laziranja-identiteta\/#breadcrumb"},"inLanguage":"hr","potentialAction":[{"@type":"ReadAction","target":["https:\/\/likemetkovic.hr\/uhicen-47-godisnji-drzavljanin-slovenije-zbog-laziranja-identiteta\/"]}]},{"@type":"BreadcrumbList","@id":"https:\/\/likemetkovic.hr\/uhicen-47-godisnji-drzavljanin-slovenije-zbog-laziranja-identiteta\/#breadcrumb","itemListElement":[{"@type":"ListItem","position":1,"name":"Po\u010detna stranica","item":"https:\/\/likemetkovic.hr\/portal\/"},{"@type":"ListItem","position":2,"name":"Uhi\u0107en 47-godi\u0161nji dr\u017eavljanin Slovenije zbog la\u017eiranja identiteta"}]},{"@type":"WebSite","@id":"https:\/\/likemetkovic.hr\/#website","url":"https:\/\/likemetkovic.hr\/","name":"likemetkovic.hr","description":"Misli pozitivno... \u010ditaj LIKE","potentialAction":[{"@type":"SearchAction","target":{"@type":"EntryPoint","urlTemplate":"https:\/\/likemetkovic.hr\/?s={search_term_string}"},"query-input":{"@type":"PropertyValueSpecification","valueRequired":true,"valueName":"search_term_string"}}],"inLanguage":"hr"},{"@type":"Person","@id":"https:\/\/likemetkovic.hr\/#\/schema\/person\/adba0fd43631b5fc581c97e6ca793693","name":"LIKEmetkovic.hr","url":"https:\/\/likemetkovic.hr\/portal\/author\/marijana\/"}]}},"_links":{"self":[{"href":"https:\/\/likemetkovic.hr\/portal\/wp-json\/wp\/v2\/posts\/67925","targetHints":{"allow":["GET"]}}],"collection":[{"href":"https:\/\/likemetkovic.hr\/portal\/wp-json\/wp\/v2\/posts"}],"about":[{"href":"https:\/\/likemetkovic.hr\/portal\/wp-json\/wp\/v2\/types\/post"}],"author":[{"embeddable":true,"href":"https:\/\/likemetkovic.hr\/portal\/wp-json\/wp\/v2\/users\/8"}],"replies":[{"embeddable":true,"href":"https:\/\/likemetkovic.hr\/portal\/wp-json\/wp\/v2\/comments?post=67925"}],"version-history":[{"count":0,"href":"https:\/\/likemetkovic.hr\/portal\/wp-json\/wp\/v2\/posts\/67925\/revisions"}],"wp:attachment":[{"href":"https:\/\/likemetkovic.hr\/portal\/wp-json\/wp\/v2\/media?parent=67925"}],"wp:term":[{"taxonomy":"category","embeddable":true,"href":"https:\/\/likemetkovic.hr\/portal\/wp-json\/wp\/v2\/categories?post=67925"},{"taxonomy":"post_tag","embeddable":true,"href":"https:\/\/likemetkovic.hr\/portal\/wp-json\/wp\/v2\/tags?post=67925"}],"curies":[{"name":"wp","href":"https:\/\/api.w.org\/{rel}","templated":true}]}}