{"id":68000,"date":"2018-09-25T14:57:28","date_gmt":"2018-09-25T12:57:28","guid":{"rendered":"http:\/\/likemetkovic.hr\/?p=68000"},"modified":"2018-09-26T11:00:38","modified_gmt":"2018-09-26T09:00:38","slug":"veliki-pozar-zahvatio-malu-rujnicu","status":"publish","type":"post","link":"https:\/\/likemetkovic.hr\/portal\/veliki-pozar-zahvatio-malu-rujnicu\/","title":{"rendered":"Veliki po\u017ear na Bagalovi\u0107ima, vatra zahvatila Malu Rujnicu"},"content":{"rendered":"<p>Oko 14 sati je izbio veliki po\u017ear na predjelu izme\u0111u Desana i Bagalovi\u0107a koji se velikom brzinom, no\u0161en vjetrom, \u0161iri prema vrhu Male Rujnice.<\/p>\n<p>Na po\u017eari\u0161te su iza\u0161li vatrogasci iz JVP Metkovi\u0107, DVD Metkovi\u0107 i DVD Kula Norinska koji brane crkvu Gospe Karmelske na Bagalovi\u0107ima i druge objekte u blizini.<\/p>\n<p>Zbog jake bure malo je vjerojatno da \u0107e djelovati kanaderi HRZ-a.<\/p>\n<p>Drugi veliki po\u017ear na podru\u010dju Dubrova\u010dko-neretvanske \u017eupanije u blizini naselja Mokalo (Orebi\u0107) gdje su ugro\u017eene ku\u0107e.<\/p>\n<p>Dok su se na\u0161i vatrogasci borili s vatrom na padinama Male Rujnice, netko je izazvao po\u017ear u blatu ispred naselja Kosa.<\/p>\n\r\n                <style type=\"text\/css\">\r\n                    \r\n                    #tdi_1  .td-doubleSlider-2 .td-item1 {\r\n                        background: url(https:\/\/likemetkovic.hr\/portal\/wp-content\/uploads\/2018\/09\/po\u017ear-bagalovi\u0107i-rujnica-2-80x60.jpg) 0 0 no-repeat;\r\n                    }\r\n                    #tdi_1  .td-doubleSlider-2 .td-item2 {\r\n                        background: url(https:\/\/likemetkovic.hr\/portal\/wp-content\/uploads\/2018\/09\/po\u017ear-bagalovi\u0107i-rujnica-1-80x60.jpg) 0 0 no-repeat;\r\n                    }\r\n                    #tdi_1  .td-doubleSlider-2 .td-item3 {\r\n                        background: url(https:\/\/likemetkovic.hr\/portal\/wp-content\/uploads\/2018\/09\/po\u017ear-rujnica-2-80x60.jpg) 0 0 no-repeat;\r\n                    }\r\n                    #tdi_1  .td-doubleSlider-2 .td-item4 {\r\n                        background: url(https:\/\/likemetkovic.hr\/portal\/wp-content\/uploads\/2018\/09\/pozar-rujnica--80x60.jpg) 0 0 no-repeat;\r\n                    }\r\n                <\/style>\r\n\r\n                <div id=\"tdi_1\" class=\"td-gallery td-slide-on-2-columns\">\r\n                    <div class=\"post_td_gallery\">\r\n                        <div class=\"td-gallery-slide-top\">\r\n                           <div class=\"td-gallery-title\"><\/div>\r\n\r\n                            <div class=\"td-gallery-controls-wrapper\">\r\n                                <div class=\"td-gallery-slide-count\"><span class=\"td-gallery-slide-item-focus\">1<\/span> of 4<\/div>\r\n                                <div class=\"td-gallery-slide-prev-next-but\">\r\n                                    <i class = \"td-icon-left doubleSliderPrevButton\"><\/i>\r\n                                    <i class = \"td-icon-right doubleSliderNextButton\"><\/i>\r\n                                <\/div>\r\n                            <\/div>\r\n                        <\/div>\r\n\r\n                        <div class = \"td-doubleSlider-1 \">\r\n                            <div class = \"td-slider\">\r\n                                \r\n                    <div class = \"td-slide-item td-item1\">\r\n                        <figure class=\"td-slide-galery-figure td-slide-popup-gallery\">\r\n                            <a class=\"slide-gallery-image-link\" href=\"https:\/\/likemetkovic.hr\/portal\/wp-content\/uploads\/2018\/09\/po\u017ear-bagalovi\u0107i-rujnica-2.jpg\" title=\"po\u017ear bagalovi\u0107i rujnica (2)\"  data-caption=\"\"  data-description=\"\">\r\n                                <img decoding=\"async\" src=\"https:\/\/likemetkovic.hr\/portal\/wp-content\/uploads\/2018\/09\/po\u017ear-bagalovi\u0107i-rujnica-2-629x420.jpg\" srcset=\"https:\/\/likemetkovic.hr\/portal\/wp-content\/uploads\/2018\/09\/po\u017ear-bagalovi\u0107i-rujnica-2-629x420.jpg 629w, https:\/\/likemetkovic.hr\/portal\/wp-content\/uploads\/2018\/09\/po\u017ear-bagalovi\u0107i-rujnica-2.jpg 800w, https:\/\/likemetkovic.hr\/portal\/wp-content\/uploads\/2018\/09\/po\u017ear-bagalovi\u0107i-rujnica-2-768x513.jpg 768w, https:\/\/likemetkovic.hr\/portal\/wp-content\/uploads\/2018\/09\/po\u017ear-bagalovi\u0107i-rujnica-2-696x465.jpg 696w\" sizes=\"(max-width: 629px) 100vw, 629px\" alt=\"\">\r\n                            <\/a>\r\n                            \r\n                        <\/figure>\r\n                    <\/div>\r\n                    <div class = \"td-slide-item td-item2\">\r\n                        <figure class=\"td-slide-galery-figure td-slide-popup-gallery\">\r\n                            <a class=\"slide-gallery-image-link\" href=\"https:\/\/likemetkovic.hr\/portal\/wp-content\/uploads\/2018\/09\/po\u017ear-bagalovi\u0107i-rujnica-1.jpg\" title=\"po\u017ear bagalovi\u0107i rujnica (1)\"  data-caption=\"\"  data-description=\"\">\r\n                                <img decoding=\"async\" src=\"https:\/\/likemetkovic.hr\/portal\/wp-content\/uploads\/2018\/09\/po\u017ear-bagalovi\u0107i-rujnica-1-629x420.jpg\" srcset=\"https:\/\/likemetkovic.hr\/portal\/wp-content\/uploads\/2018\/09\/po\u017ear-bagalovi\u0107i-rujnica-1-629x420.jpg 629w, https:\/\/likemetkovic.hr\/portal\/wp-content\/uploads\/2018\/09\/po\u017ear-bagalovi\u0107i-rujnica-1.jpg 800w, https:\/\/likemetkovic.hr\/portal\/wp-content\/uploads\/2018\/09\/po\u017ear-bagalovi\u0107i-rujnica-1-768x513.jpg 768w, https:\/\/likemetkovic.hr\/portal\/wp-content\/uploads\/2018\/09\/po\u017ear-bagalovi\u0107i-rujnica-1-696x465.jpg 696w\" sizes=\"(max-width: 629px) 100vw, 629px\" alt=\"\">\r\n                            <\/a>\r\n                            \r\n                        <\/figure>\r\n                    <\/div>\r\n                    <div class = \"td-slide-item td-item3\">\r\n                        <figure class=\"td-slide-galery-figure td-slide-popup-gallery\">\r\n                            <a class=\"slide-gallery-image-link\" href=\"https:\/\/likemetkovic.hr\/portal\/wp-content\/uploads\/2018\/09\/po\u017ear-rujnica-2.jpg\" title=\"po\u017ear rujnica 2\"  data-caption=\"\"  data-description=\"\">\r\n                                <img decoding=\"async\" src=\"https:\/\/likemetkovic.hr\/portal\/wp-content\/uploads\/2018\/09\/po\u017ear-rujnica-2-560x420.jpg\" srcset=\"https:\/\/likemetkovic.hr\/portal\/wp-content\/uploads\/2018\/09\/po\u017ear-rujnica-2-560x420.jpg 560w, https:\/\/likemetkovic.hr\/portal\/wp-content\/uploads\/2018\/09\/po\u017ear-rujnica-2.jpg 800w, https:\/\/likemetkovic.hr\/portal\/wp-content\/uploads\/2018\/09\/po\u017ear-rujnica-2-768x576.jpg 768w, https:\/\/likemetkovic.hr\/portal\/wp-content\/uploads\/2018\/09\/po\u017ear-rujnica-2-80x60.jpg 80w, https:\/\/likemetkovic.hr\/portal\/wp-content\/uploads\/2018\/09\/po\u017ear-rujnica-2-265x198.jpg 265w, https:\/\/likemetkovic.hr\/portal\/wp-content\/uploads\/2018\/09\/po\u017ear-rujnica-2-696x522.jpg 696w\" sizes=\"(max-width: 560px) 100vw, 560px\" alt=\"\">\r\n                            <\/a>\r\n                            \r\n                        <\/figure>\r\n                    <\/div>\r\n                    <div class = \"td-slide-item td-item4\">\r\n                        <figure class=\"td-slide-galery-figure td-slide-popup-gallery\">\r\n                            <a class=\"slide-gallery-image-link\" href=\"https:\/\/likemetkovic.hr\/portal\/wp-content\/uploads\/2018\/09\/pozar-rujnica-.jpg\" title=\"pozar rujnica\"  data-caption=\"\"  data-description=\"\">\r\n                                <img decoding=\"async\" src=\"https:\/\/likemetkovic.hr\/portal\/wp-content\/uploads\/2018\/09\/pozar-rujnica--614x420.jpg\" srcset=\"https:\/\/likemetkovic.hr\/portal\/wp-content\/uploads\/2018\/09\/pozar-rujnica--614x420.jpg 614w, https:\/\/likemetkovic.hr\/portal\/wp-content\/uploads\/2018\/09\/pozar-rujnica-.jpg 800w, https:\/\/likemetkovic.hr\/portal\/wp-content\/uploads\/2018\/09\/pozar-rujnica--768x525.jpg 768w, https:\/\/likemetkovic.hr\/portal\/wp-content\/uploads\/2018\/09\/pozar-rujnica--218x150.jpg 218w, https:\/\/likemetkovic.hr\/portal\/wp-content\/uploads\/2018\/09\/pozar-rujnica--696x476.jpg 696w\" sizes=\"(max-width: 614px) 100vw, 614px\" alt=\"\">\r\n                            <\/a>\r\n                            \r\n                        <\/figure>\r\n                    <\/div>\r\n                            <\/div>\r\n                        <\/div>\r\n\r\n                        <div class = \"td-doubleSlider-2\">\r\n                            <div class = \"td-slider\">\r\n                                \r\n                    <div class = \"td-button td-item1\">\r\n                        <div class = \"td-border\"><\/div>\r\n                    <\/div>\r\n                    <div class = \"td-button td-item2\">\r\n                        <div class = \"td-border\"><\/div>\r\n                    <\/div>\r\n                    <div class = \"td-button td-item3\">\r\n                        <div class = \"td-border\"><\/div>\r\n                    <\/div>\r\n                    <div class = \"td-button td-item4\">\r\n                        <div class = \"td-border\"><\/div>\r\n                    <\/div>\r\n                            <\/div>\r\n                        <\/div>\r\n\r\n                    <\/div>\r\n\r\n                <\/div>\r\n                \n","protected":false},"excerpt":{"rendered":"<p>Oko 14 sati je izbio veliki po\u017ear na predjelu izme\u0111u Desana i Bagalovi\u0107a koji se velikom brzinom, no\u0161en vjetrom, \u0161iri prema vrhu Male Rujnice. Na po\u017eari\u0161te su iza\u0161li vatrogasci iz JVP Metkovi\u0107, DVD Metkovi\u0107 i DVD Kula Norinska koji brane crkvu Gospe Karmelske na Bagalovi\u0107ima i druge objekte u blizini. Zbog jake bure malo je [&hellip;]<\/p>\n","protected":false},"author":7,"featured_media":68008,"comment_status":"open","ping_status":"open","sticky":false,"template":"","format":"standard","meta":{"footnotes":""},"categories":[283,11],"tags":[3796,438],"class_list":{"0":"post-68000","1":"post","2":"type-post","3":"status-publish","4":"format-standard","5":"has-post-thumbnail","7":"category-a","8":"category-metkovic-dolina","9":"tag-mala-rujnica","10":"tag-pozar"},"yoast_head":"<!-- This site is optimized with the Yoast SEO plugin v25.2 - https:\/\/yoast.com\/wordpress\/plugins\/seo\/ -->\n<title>Veliki po\u017ear na Bagalovi\u0107ima, vatra zahvatila Malu Rujnicu - likemetkovic.hr<\/title>\n<meta name=\"robots\" content=\"index, follow, max-snippet:-1, max-image-preview:large, max-video-preview:-1\" \/>\n<link rel=\"canonical\" href=\"https:\/\/likemetkovic.hr\/veliki-pozar-zahvatio-malu-rujnicu\/\" \/>\n<meta property=\"og:locale\" content=\"hr_HR\" \/>\n<meta property=\"og:type\" content=\"article\" \/>\n<meta property=\"og:title\" content=\"Veliki po\u017ear na Bagalovi\u0107ima, vatra zahvatila Malu Rujnicu - likemetkovic.hr\" \/>\n<meta property=\"og:description\" content=\"Oko 14 sati je izbio veliki po\u017ear na predjelu izme\u0111u Desana i Bagalovi\u0107a koji se velikom brzinom, no\u0161en vjetrom, \u0161iri prema vrhu Male Rujnice. Na po\u017eari\u0161te su iza\u0161li vatrogasci iz JVP Metkovi\u0107, DVD Metkovi\u0107 i DVD Kula Norinska koji brane crkvu Gospe Karmelske na Bagalovi\u0107ima i druge objekte u blizini. Zbog jake bure malo je [&hellip;]\" \/>\n<meta property=\"og:url\" content=\"https:\/\/likemetkovic.hr\/veliki-pozar-zahvatio-malu-rujnicu\/\" \/>\n<meta property=\"og:site_name\" content=\"likemetkovic.hr\" \/>\n<meta property=\"article:publisher\" content=\"https:\/\/www.facebook.com\/likemetkovic.hr\/\" \/>\n<meta property=\"article:published_time\" content=\"2018-09-25T12:57:28+00:00\" \/>\n<meta property=\"article:modified_time\" content=\"2018-09-26T09:00:38+00:00\" \/>\n<meta property=\"og:image\" content=\"https:\/\/likemetkovic.hr\/wp-content\/uploads\/2018\/09\/po\u017ear-bagalovi\u0107i-rujnica-2.jpg\" \/>\n\t<meta property=\"og:image:width\" content=\"800\" \/>\n\t<meta property=\"og:image:height\" content=\"534\" \/>\n\t<meta property=\"og:image:type\" content=\"image\/jpeg\" \/>\n<meta name=\"author\" content=\"LIKEmetkovic.hr\" \/>\n<meta name=\"twitter:card\" content=\"summary_large_image\" \/>\n<meta name=\"twitter:label1\" content=\"Napisao\/la\" \/>\n\t<meta name=\"twitter:data1\" content=\"LIKEmetkovic.hr\" \/>\n\t<meta name=\"twitter:label2\" content=\"Procijenjeno vrijeme \u010ditanja\" \/>\n\t<meta name=\"twitter:data2\" content=\"1 minuta\" \/>\n<script type=\"application\/ld+json\" class=\"yoast-schema-graph\">{\"@context\":\"https:\/\/schema.org\",\"@graph\":[{\"@type\":\"WebPage\",\"@id\":\"https:\/\/likemetkovic.hr\/veliki-pozar-zahvatio-malu-rujnicu\/\",\"url\":\"https:\/\/likemetkovic.hr\/veliki-pozar-zahvatio-malu-rujnicu\/\",\"name\":\"Veliki po\u017ear na Bagalovi\u0107ima, vatra zahvatila Malu Rujnicu - likemetkovic.hr\",\"isPartOf\":{\"@id\":\"https:\/\/likemetkovic.hr\/#website\"},\"primaryImageOfPage\":{\"@id\":\"https:\/\/likemetkovic.hr\/veliki-pozar-zahvatio-malu-rujnicu\/#primaryimage\"},\"image\":{\"@id\":\"https:\/\/likemetkovic.hr\/veliki-pozar-zahvatio-malu-rujnicu\/#primaryimage\"},\"thumbnailUrl\":\"https:\/\/likemetkovic.hr\/portal\/wp-content\/uploads\/2018\/09\/po\u017ear-bagalovi\u0107i-rujnica-2.jpg\",\"datePublished\":\"2018-09-25T12:57:28+00:00\",\"dateModified\":\"2018-09-26T09:00:38+00:00\",\"author\":{\"@id\":\"https:\/\/likemetkovic.hr\/#\/schema\/person\/a42711f3385a0e2be6f7e0443bfb28f0\"},\"breadcrumb\":{\"@id\":\"https:\/\/likemetkovic.hr\/veliki-pozar-zahvatio-malu-rujnicu\/#breadcrumb\"},\"inLanguage\":\"hr\",\"potentialAction\":[{\"@type\":\"ReadAction\",\"target\":[\"https:\/\/likemetkovic.hr\/veliki-pozar-zahvatio-malu-rujnicu\/\"]}]},{\"@type\":\"ImageObject\",\"inLanguage\":\"hr\",\"@id\":\"https:\/\/likemetkovic.hr\/veliki-pozar-zahvatio-malu-rujnicu\/#primaryimage\",\"url\":\"https:\/\/likemetkovic.hr\/portal\/wp-content\/uploads\/2018\/09\/po\u017ear-bagalovi\u0107i-rujnica-2.jpg\",\"contentUrl\":\"https:\/\/likemetkovic.hr\/portal\/wp-content\/uploads\/2018\/09\/po\u017ear-bagalovi\u0107i-rujnica-2.jpg\",\"width\":800,\"height\":534},{\"@type\":\"BreadcrumbList\",\"@id\":\"https:\/\/likemetkovic.hr\/veliki-pozar-zahvatio-malu-rujnicu\/#breadcrumb\",\"itemListElement\":[{\"@type\":\"ListItem\",\"position\":1,\"name\":\"Po\u010detna stranica\",\"item\":\"https:\/\/likemetkovic.hr\/portal\/\"},{\"@type\":\"ListItem\",\"position\":2,\"name\":\"Veliki po\u017ear na Bagalovi\u0107ima, vatra zahvatila Malu Rujnicu\"}]},{\"@type\":\"WebSite\",\"@id\":\"https:\/\/likemetkovic.hr\/#website\",\"url\":\"https:\/\/likemetkovic.hr\/\",\"name\":\"likemetkovic.hr\",\"description\":\"Misli pozitivno... \u010ditaj LIKE\",\"potentialAction\":[{\"@type\":\"SearchAction\",\"target\":{\"@type\":\"EntryPoint\",\"urlTemplate\":\"https:\/\/likemetkovic.hr\/?s={search_term_string}\"},\"query-input\":{\"@type\":\"PropertyValueSpecification\",\"valueRequired\":true,\"valueName\":\"search_term_string\"}}],\"inLanguage\":\"hr\"},{\"@type\":\"Person\",\"@id\":\"https:\/\/likemetkovic.hr\/#\/schema\/person\/a42711f3385a0e2be6f7e0443bfb28f0\",\"name\":\"LIKEmetkovic.hr\",\"sameAs\":[\"http:\/\/likemetkovic.hr\"],\"url\":\"https:\/\/likemetkovic.hr\/portal\/author\/likemetkovic-hr\/\"}]}<\/script>\n<!-- \/ Yoast SEO plugin. -->","yoast_head_json":{"title":"Veliki po\u017ear na Bagalovi\u0107ima, vatra zahvatila Malu Rujnicu - likemetkovic.hr","robots":{"index":"index","follow":"follow","max-snippet":"max-snippet:-1","max-image-preview":"max-image-preview:large","max-video-preview":"max-video-preview:-1"},"canonical":"https:\/\/likemetkovic.hr\/veliki-pozar-zahvatio-malu-rujnicu\/","og_locale":"hr_HR","og_type":"article","og_title":"Veliki po\u017ear na Bagalovi\u0107ima, vatra zahvatila Malu Rujnicu - likemetkovic.hr","og_description":"Oko 14 sati je izbio veliki po\u017ear na predjelu izme\u0111u Desana i Bagalovi\u0107a koji se velikom brzinom, no\u0161en vjetrom, \u0161iri prema vrhu Male Rujnice. Na po\u017eari\u0161te su iza\u0161li vatrogasci iz JVP Metkovi\u0107, DVD Metkovi\u0107 i DVD Kula Norinska koji brane crkvu Gospe Karmelske na Bagalovi\u0107ima i druge objekte u blizini. Zbog jake bure malo je [&hellip;]","og_url":"https:\/\/likemetkovic.hr\/veliki-pozar-zahvatio-malu-rujnicu\/","og_site_name":"likemetkovic.hr","article_publisher":"https:\/\/www.facebook.com\/likemetkovic.hr\/","article_published_time":"2018-09-25T12:57:28+00:00","article_modified_time":"2018-09-26T09:00:38+00:00","og_image":[{"width":800,"height":534,"url":"https:\/\/likemetkovic.hr\/wp-content\/uploads\/2018\/09\/po\u017ear-bagalovi\u0107i-rujnica-2.jpg","type":"image\/jpeg"}],"author":"LIKEmetkovic.hr","twitter_card":"summary_large_image","twitter_misc":{"Napisao\/la":"LIKEmetkovic.hr","Procijenjeno vrijeme \u010ditanja":"1 minuta"},"schema":{"@context":"https:\/\/schema.org","@graph":[{"@type":"WebPage","@id":"https:\/\/likemetkovic.hr\/veliki-pozar-zahvatio-malu-rujnicu\/","url":"https:\/\/likemetkovic.hr\/veliki-pozar-zahvatio-malu-rujnicu\/","name":"Veliki po\u017ear na Bagalovi\u0107ima, vatra zahvatila Malu Rujnicu - likemetkovic.hr","isPartOf":{"@id":"https:\/\/likemetkovic.hr\/#website"},"primaryImageOfPage":{"@id":"https:\/\/likemetkovic.hr\/veliki-pozar-zahvatio-malu-rujnicu\/#primaryimage"},"image":{"@id":"https:\/\/likemetkovic.hr\/veliki-pozar-zahvatio-malu-rujnicu\/#primaryimage"},"thumbnailUrl":"https:\/\/likemetkovic.hr\/portal\/wp-content\/uploads\/2018\/09\/po\u017ear-bagalovi\u0107i-rujnica-2.jpg","datePublished":"2018-09-25T12:57:28+00:00","dateModified":"2018-09-26T09:00:38+00:00","author":{"@id":"https:\/\/likemetkovic.hr\/#\/schema\/person\/a42711f3385a0e2be6f7e0443bfb28f0"},"breadcrumb":{"@id":"https:\/\/likemetkovic.hr\/veliki-pozar-zahvatio-malu-rujnicu\/#breadcrumb"},"inLanguage":"hr","potentialAction":[{"@type":"ReadAction","target":["https:\/\/likemetkovic.hr\/veliki-pozar-zahvatio-malu-rujnicu\/"]}]},{"@type":"ImageObject","inLanguage":"hr","@id":"https:\/\/likemetkovic.hr\/veliki-pozar-zahvatio-malu-rujnicu\/#primaryimage","url":"https:\/\/likemetkovic.hr\/portal\/wp-content\/uploads\/2018\/09\/po\u017ear-bagalovi\u0107i-rujnica-2.jpg","contentUrl":"https:\/\/likemetkovic.hr\/portal\/wp-content\/uploads\/2018\/09\/po\u017ear-bagalovi\u0107i-rujnica-2.jpg","width":800,"height":534},{"@type":"BreadcrumbList","@id":"https:\/\/likemetkovic.hr\/veliki-pozar-zahvatio-malu-rujnicu\/#breadcrumb","itemListElement":[{"@type":"ListItem","position":1,"name":"Po\u010detna stranica","item":"https:\/\/likemetkovic.hr\/portal\/"},{"@type":"ListItem","position":2,"name":"Veliki po\u017ear na Bagalovi\u0107ima, vatra zahvatila Malu Rujnicu"}]},{"@type":"WebSite","@id":"https:\/\/likemetkovic.hr\/#website","url":"https:\/\/likemetkovic.hr\/","name":"likemetkovic.hr","description":"Misli pozitivno... \u010ditaj LIKE","potentialAction":[{"@type":"SearchAction","target":{"@type":"EntryPoint","urlTemplate":"https:\/\/likemetkovic.hr\/?s={search_term_string}"},"query-input":{"@type":"PropertyValueSpecification","valueRequired":true,"valueName":"search_term_string"}}],"inLanguage":"hr"},{"@type":"Person","@id":"https:\/\/likemetkovic.hr\/#\/schema\/person\/a42711f3385a0e2be6f7e0443bfb28f0","name":"LIKEmetkovic.hr","sameAs":["http:\/\/likemetkovic.hr"],"url":"https:\/\/likemetkovic.hr\/portal\/author\/likemetkovic-hr\/"}]}},"_links":{"self":[{"href":"https:\/\/likemetkovic.hr\/portal\/wp-json\/wp\/v2\/posts\/68000","targetHints":{"allow":["GET"]}}],"collection":[{"href":"https:\/\/likemetkovic.hr\/portal\/wp-json\/wp\/v2\/posts"}],"about":[{"href":"https:\/\/likemetkovic.hr\/portal\/wp-json\/wp\/v2\/types\/post"}],"author":[{"embeddable":true,"href":"https:\/\/likemetkovic.hr\/portal\/wp-json\/wp\/v2\/users\/7"}],"replies":[{"embeddable":true,"href":"https:\/\/likemetkovic.hr\/portal\/wp-json\/wp\/v2\/comments?post=68000"}],"version-history":[{"count":0,"href":"https:\/\/likemetkovic.hr\/portal\/wp-json\/wp\/v2\/posts\/68000\/revisions"}],"wp:featuredmedia":[{"embeddable":true,"href":"https:\/\/likemetkovic.hr\/portal\/wp-json\/wp\/v2\/media\/68008"}],"wp:attachment":[{"href":"https:\/\/likemetkovic.hr\/portal\/wp-json\/wp\/v2\/media?parent=68000"}],"wp:term":[{"taxonomy":"category","embeddable":true,"href":"https:\/\/likemetkovic.hr\/portal\/wp-json\/wp\/v2\/categories?post=68000"},{"taxonomy":"post_tag","embeddable":true,"href":"https:\/\/likemetkovic.hr\/portal\/wp-json\/wp\/v2\/tags?post=68000"}],"curies":[{"name":"wp","href":"https:\/\/api.w.org\/{rel}","templated":true}]}}