{"id":68043,"date":"2018-09-25T23:37:15","date_gmt":"2018-09-25T21:37:15","guid":{"rendered":"http:\/\/likemetkovic.hr\/?p=68043"},"modified":"2018-09-26T10:33:45","modified_gmt":"2018-09-26T08:33:45","slug":"sastanak-vatrogasnih-zapovjednika-kriticno-je-iznad-kule-norinske-matijevica-i-momica-te-prema-desnama","status":"publish","type":"post","link":"https:\/\/likemetkovic.hr\/portal\/sastanak-vatrogasnih-zapovjednika-kriticno-je-iznad-kule-norinske-matijevica-i-momica-te-prema-desnama\/","title":{"rendered":"Sastanak vatrogasnih zapovjednika: kriti\u010dno je iznad Kule Norinske, Matijevi\u0107a i Momi\u0107a te prema Desnama"},"content":{"rendered":"<p>Po\u017ear koji je izbio oko 14 sati na predjelu Vrdesne jo\u0161 nije pod kontrolom. Pri obilasku po\u017eari\u0161ta oko 22 sata vidjeli smo da je<strong> vatra na predjelu Luke i u blizini naselja Krvavac uga\u0161ena<\/strong> i da na zgari\u0161tu de\u017euraju vatrogasni timovi.<\/p>\n<p>Kriti\u010dno je <strong>na zapadnim padinama Male Rujnice u smjeru Desana<\/strong> koje su nepristupa\u010dne za vozila i te\u0161ko pristupa\u010dne za vatrogasce. Na ovom dijelu po\u017eari\u0161ta je trenutno 5 vozila s ljudstvom iz javnovatogasnih postrojbi Metkovi\u0107a, Plo\u010da, Zadara i \u0160ibenika te DVD-a Metkovi\u0107.<\/p>\n<p>Vatra se <strong>opasno pribli\u017eava naselju Kula Norinska<\/strong> te na isto\u010dnoj strani brda sporo napreduje prema naseljima Matijevi\u0107i i Momi\u0107i.<\/p>\n<p>Dok ovo pi\u0161emo, u Kuli Norinskoj traje operativni<strong> sastanak vatrogasnih zapovjednika<\/strong> postrojbi koje su na terenu s ravnateljem DZUS-a <strong>Draganom Lozan\u010di\u0107em<\/strong> i \u017eupanijskim vatrogasnim zapovjednikom <strong>Stjepo Simovi\u0107em<\/strong> i na kojem je prisutna i zamjenica \u017eupana <strong>\u017daklina Marevi\u0107<\/strong>.<\/p>\n<p>Kako je rije\u010d o vrlo dugoj i te\u0161ko pristupa\u010dnoj fronti po\u017eari\u0161ta, <strong>nedostaje vatrogasaca koji bi trebali brdski dio po\u017eari\u0161ta<\/strong>. Do sada su u pomo\u0107 neretvanskim vatrogascima iz Metkoivi\u0107a, Kule Norinske, Opuzena, Slivna i Plo\u010da stigli kolege iz Zadra i \u0160ibenika, a prema posljednjim informacijama trebaju sti\u0107i vatrogasci iz Koprivni\u010dko-kri\u017eeva\u010dke i Krapinsko-zagorske \u017eupanije.<\/p>\n<p>Prilikom obilaska susreli smo se sa nekolicinom <strong>mje\u0161tana Matijevi\u0107a koji nisu skrivali ogor\u010denje prema op\u0107inskoj vlasti Kule Norinske koja ne mari za njihovu sigurnost<\/strong>. Zbog 90 metara neasfaltiranog strmog puta koji povezuje \u017eupanijsku cestu s \u0161umskim putem, navalno vozilo JVP Metkovi\u0107 nije moglo pristupiti tom putu koji prolazi iznad ku\u0107a u Matijevi\u0107ima i treba slu\u017eiti za protupo\u017earne aktivnosti. Mje\u0161tani navode da ve\u0107 21 godinu postoji projekt ure\u0111enja tog pristupnog puta i obe\u0107anje da \u0107e to biti napravljen. Od tada ovo je ve\u0107 tre\u0107i po\u017ear na ovom podru\u010dju (prvi je bio 2007, zatim 2012. i sada 2018.), a pristupa \u0161umskom putu jo\u0161 nema.<\/p>\n<p>Do sada je u po\u017earu stradao jedan napu\u0161teni objekt i velik broj stabala maslina. Vatrogasci DVD-a Metkovi\u0107 koji su se tijekom intervencije u Krvavcu s cisternom prevalili ispod ceste lak\u0161e su ozlje\u0111eni.<\/p>\n\r\n                <style type=\"text\/css\">\r\n                    \r\n                    #tdi_1  .td-doubleSlider-2 .td-item1 {\r\n                        background: url(https:\/\/likemetkovic.hr\/portal\/wp-content\/uploads\/2018\/09\/po\u017ear-mala-rujnica-1-80x60.jpg) 0 0 no-repeat;\r\n                    }\r\n                    #tdi_1  .td-doubleSlider-2 .td-item2 {\r\n                        background: url(https:\/\/likemetkovic.hr\/portal\/wp-content\/uploads\/2018\/09\/po\u017ear-mala-rujnica-2-80x60.jpg) 0 0 no-repeat;\r\n                    }\r\n                    #tdi_1  .td-doubleSlider-2 .td-item3 {\r\n                        background: url(https:\/\/likemetkovic.hr\/portal\/wp-content\/uploads\/2018\/09\/po\u017ear-mala-rujnica-3-80x60.jpg) 0 0 no-repeat;\r\n                    }\r\n                    #tdi_1  .td-doubleSlider-2 .td-item4 {\r\n                        background: url(https:\/\/likemetkovic.hr\/portal\/wp-content\/uploads\/2018\/09\/po\u017ear-mala-rujnica-4-80x60.jpg) 0 0 no-repeat;\r\n                    }\r\n                    #tdi_1  .td-doubleSlider-2 .td-item5 {\r\n                        background: url(https:\/\/likemetkovic.hr\/portal\/wp-content\/uploads\/2018\/09\/po\u017ear-mala-rujnica-5-80x60.jpg) 0 0 no-repeat;\r\n                    }\r\n                    #tdi_1  .td-doubleSlider-2 .td-item6 {\r\n                        background: url(https:\/\/likemetkovic.hr\/portal\/wp-content\/uploads\/2018\/09\/po\u017ear-mala-rujnica-6-80x60.jpg) 0 0 no-repeat;\r\n                    }\r\n                    #tdi_1  .td-doubleSlider-2 .td-item7 {\r\n                        background: url(https:\/\/likemetkovic.hr\/portal\/wp-content\/uploads\/2018\/09\/po\u017ear-mala-rujnica-7-80x60.jpg) 0 0 no-repeat;\r\n                    }\r\n                <\/style>\r\n\r\n                <div id=\"tdi_1\" class=\"td-gallery td-slide-on-2-columns\">\r\n                    <div class=\"post_td_gallery\">\r\n                        <div class=\"td-gallery-slide-top\">\r\n                           <div class=\"td-gallery-title\"><\/div>\r\n\r\n                            <div class=\"td-gallery-controls-wrapper\">\r\n                                <div class=\"td-gallery-slide-count\"><span class=\"td-gallery-slide-item-focus\">1<\/span> of 7<\/div>\r\n                                <div class=\"td-gallery-slide-prev-next-but\">\r\n                                    <i class = \"td-icon-left doubleSliderPrevButton\"><\/i>\r\n                                    <i class = \"td-icon-right doubleSliderNextButton\"><\/i>\r\n                                <\/div>\r\n                            <\/div>\r\n                        <\/div>\r\n\r\n                        <div class = \"td-doubleSlider-1 \">\r\n                            <div class = \"td-slider\">\r\n                                \r\n                    <div class = \"td-slide-item td-item1\">\r\n                        <figure class=\"td-slide-galery-figure td-slide-popup-gallery\">\r\n                            <a class=\"slide-gallery-image-link\" href=\"https:\/\/likemetkovic.hr\/portal\/wp-content\/uploads\/2018\/09\/po\u017ear-mala-rujnica-1.jpg\" title=\"po\u017ear mala rujnica (1)\"  data-caption=\"\"  data-description=\"\">\r\n                                <img decoding=\"async\" src=\"https:\/\/likemetkovic.hr\/portal\/wp-content\/uploads\/2018\/09\/po\u017ear-mala-rujnica-1-629x420.jpg\" srcset=\"https:\/\/likemetkovic.hr\/portal\/wp-content\/uploads\/2018\/09\/po\u017ear-mala-rujnica-1-629x420.jpg 629w, https:\/\/likemetkovic.hr\/portal\/wp-content\/uploads\/2018\/09\/po\u017ear-mala-rujnica-1.jpg 800w, https:\/\/likemetkovic.hr\/portal\/wp-content\/uploads\/2018\/09\/po\u017ear-mala-rujnica-1-768x513.jpg 768w, https:\/\/likemetkovic.hr\/portal\/wp-content\/uploads\/2018\/09\/po\u017ear-mala-rujnica-1-696x465.jpg 696w\" sizes=\"(max-width: 629px) 100vw, 629px\" alt=\"\">\r\n                            <\/a>\r\n                            \r\n                        <\/figure>\r\n                    <\/div>\r\n                    <div class = \"td-slide-item td-item2\">\r\n                        <figure class=\"td-slide-galery-figure td-slide-popup-gallery\">\r\n                            <a class=\"slide-gallery-image-link\" href=\"https:\/\/likemetkovic.hr\/portal\/wp-content\/uploads\/2018\/09\/po\u017ear-mala-rujnica-2.jpg\" title=\"po\u017ear mala rujnica (2)\"  data-caption=\"\"  data-description=\"\">\r\n                                <img decoding=\"async\" src=\"https:\/\/likemetkovic.hr\/portal\/wp-content\/uploads\/2018\/09\/po\u017ear-mala-rujnica-2-629x420.jpg\" srcset=\"https:\/\/likemetkovic.hr\/portal\/wp-content\/uploads\/2018\/09\/po\u017ear-mala-rujnica-2-629x420.jpg 629w, https:\/\/likemetkovic.hr\/portal\/wp-content\/uploads\/2018\/09\/po\u017ear-mala-rujnica-2.jpg 800w, https:\/\/likemetkovic.hr\/portal\/wp-content\/uploads\/2018\/09\/po\u017ear-mala-rujnica-2-768x513.jpg 768w, https:\/\/likemetkovic.hr\/portal\/wp-content\/uploads\/2018\/09\/po\u017ear-mala-rujnica-2-696x465.jpg 696w\" sizes=\"(max-width: 629px) 100vw, 629px\" alt=\"\">\r\n                            <\/a>\r\n                            \r\n                        <\/figure>\r\n                    <\/div>\r\n                    <div class = \"td-slide-item td-item3\">\r\n                        <figure class=\"td-slide-galery-figure td-slide-popup-gallery\">\r\n                            <a class=\"slide-gallery-image-link\" href=\"https:\/\/likemetkovic.hr\/portal\/wp-content\/uploads\/2018\/09\/po\u017ear-mala-rujnica-3.jpg\" title=\"po\u017ear mala rujnica (3)\"  data-caption=\"\"  data-description=\"\">\r\n                                <img decoding=\"async\" src=\"https:\/\/likemetkovic.hr\/portal\/wp-content\/uploads\/2018\/09\/po\u017ear-mala-rujnica-3-629x420.jpg\" srcset=\"https:\/\/likemetkovic.hr\/portal\/wp-content\/uploads\/2018\/09\/po\u017ear-mala-rujnica-3-629x420.jpg 629w, https:\/\/likemetkovic.hr\/portal\/wp-content\/uploads\/2018\/09\/po\u017ear-mala-rujnica-3.jpg 800w, https:\/\/likemetkovic.hr\/portal\/wp-content\/uploads\/2018\/09\/po\u017ear-mala-rujnica-3-768x513.jpg 768w, https:\/\/likemetkovic.hr\/portal\/wp-content\/uploads\/2018\/09\/po\u017ear-mala-rujnica-3-696x465.jpg 696w\" sizes=\"(max-width: 629px) 100vw, 629px\" alt=\"\">\r\n                            <\/a>\r\n                            \r\n                        <\/figure>\r\n                    <\/div>\r\n                    <div class = \"td-slide-item td-item4\">\r\n                        <figure class=\"td-slide-galery-figure td-slide-popup-gallery\">\r\n                            <a class=\"slide-gallery-image-link\" href=\"https:\/\/likemetkovic.hr\/portal\/wp-content\/uploads\/2018\/09\/po\u017ear-mala-rujnica-4.jpg\" title=\"po\u017ear mala rujnica (4)\"  data-caption=\"\"  data-description=\"\">\r\n                                <img decoding=\"async\" src=\"https:\/\/likemetkovic.hr\/portal\/wp-content\/uploads\/2018\/09\/po\u017ear-mala-rujnica-4-629x420.jpg\" srcset=\"https:\/\/likemetkovic.hr\/portal\/wp-content\/uploads\/2018\/09\/po\u017ear-mala-rujnica-4-629x420.jpg 629w, https:\/\/likemetkovic.hr\/portal\/wp-content\/uploads\/2018\/09\/po\u017ear-mala-rujnica-4.jpg 800w, https:\/\/likemetkovic.hr\/portal\/wp-content\/uploads\/2018\/09\/po\u017ear-mala-rujnica-4-768x513.jpg 768w, https:\/\/likemetkovic.hr\/portal\/wp-content\/uploads\/2018\/09\/po\u017ear-mala-rujnica-4-696x465.jpg 696w\" sizes=\"(max-width: 629px) 100vw, 629px\" alt=\"\">\r\n                            <\/a>\r\n                            \r\n                        <\/figure>\r\n                    <\/div>\r\n                    <div class = \"td-slide-item td-item5\">\r\n                        <figure class=\"td-slide-galery-figure td-slide-popup-gallery\">\r\n                            <a class=\"slide-gallery-image-link\" href=\"https:\/\/likemetkovic.hr\/portal\/wp-content\/uploads\/2018\/09\/po\u017ear-mala-rujnica-5.jpg\" title=\"po\u017ear mala rujnica (5)\"  data-caption=\"\"  data-description=\"\">\r\n                                <img decoding=\"async\" src=\"https:\/\/likemetkovic.hr\/portal\/wp-content\/uploads\/2018\/09\/po\u017ear-mala-rujnica-5-629x420.jpg\" srcset=\"https:\/\/likemetkovic.hr\/portal\/wp-content\/uploads\/2018\/09\/po\u017ear-mala-rujnica-5-629x420.jpg 629w, https:\/\/likemetkovic.hr\/portal\/wp-content\/uploads\/2018\/09\/po\u017ear-mala-rujnica-5.jpg 800w, https:\/\/likemetkovic.hr\/portal\/wp-content\/uploads\/2018\/09\/po\u017ear-mala-rujnica-5-768x513.jpg 768w, https:\/\/likemetkovic.hr\/portal\/wp-content\/uploads\/2018\/09\/po\u017ear-mala-rujnica-5-696x465.jpg 696w\" sizes=\"(max-width: 629px) 100vw, 629px\" alt=\"\">\r\n                            <\/a>\r\n                            \r\n                        <\/figure>\r\n                    <\/div>\r\n                    <div class = \"td-slide-item td-item6\">\r\n                        <figure class=\"td-slide-galery-figure td-slide-popup-gallery\">\r\n                            <a class=\"slide-gallery-image-link\" href=\"https:\/\/likemetkovic.hr\/portal\/wp-content\/uploads\/2018\/09\/po\u017ear-mala-rujnica-6.jpg\" title=\"po\u017ear mala rujnica (6)\"  data-caption=\"\"  data-description=\"\">\r\n                                <img decoding=\"async\" src=\"https:\/\/likemetkovic.hr\/portal\/wp-content\/uploads\/2018\/09\/po\u017ear-mala-rujnica-6-629x420.jpg\" srcset=\"https:\/\/likemetkovic.hr\/portal\/wp-content\/uploads\/2018\/09\/po\u017ear-mala-rujnica-6-629x420.jpg 629w, https:\/\/likemetkovic.hr\/portal\/wp-content\/uploads\/2018\/09\/po\u017ear-mala-rujnica-6.jpg 800w, https:\/\/likemetkovic.hr\/portal\/wp-content\/uploads\/2018\/09\/po\u017ear-mala-rujnica-6-768x513.jpg 768w, https:\/\/likemetkovic.hr\/portal\/wp-content\/uploads\/2018\/09\/po\u017ear-mala-rujnica-6-696x465.jpg 696w\" sizes=\"(max-width: 629px) 100vw, 629px\" alt=\"\">\r\n                            <\/a>\r\n                            \r\n                        <\/figure>\r\n                    <\/div>\r\n                    <div class = \"td-slide-item td-item7\">\r\n                        <figure class=\"td-slide-galery-figure td-slide-popup-gallery\">\r\n                            <a class=\"slide-gallery-image-link\" href=\"https:\/\/likemetkovic.hr\/portal\/wp-content\/uploads\/2018\/09\/po\u017ear-mala-rujnica-7.jpg\" title=\"po\u017ear mala rujnica (7)\"  data-caption=\"\"  data-description=\"\">\r\n                                <img decoding=\"async\" src=\"https:\/\/likemetkovic.hr\/portal\/wp-content\/uploads\/2018\/09\/po\u017ear-mala-rujnica-7-629x420.jpg\" srcset=\"https:\/\/likemetkovic.hr\/portal\/wp-content\/uploads\/2018\/09\/po\u017ear-mala-rujnica-7-629x420.jpg 629w, https:\/\/likemetkovic.hr\/portal\/wp-content\/uploads\/2018\/09\/po\u017ear-mala-rujnica-7.jpg 800w, https:\/\/likemetkovic.hr\/portal\/wp-content\/uploads\/2018\/09\/po\u017ear-mala-rujnica-7-768x513.jpg 768w, https:\/\/likemetkovic.hr\/portal\/wp-content\/uploads\/2018\/09\/po\u017ear-mala-rujnica-7-696x465.jpg 696w\" sizes=\"(max-width: 629px) 100vw, 629px\" alt=\"\">\r\n                            <\/a>\r\n                            \r\n                        <\/figure>\r\n                    <\/div>\r\n                            <\/div>\r\n                        <\/div>\r\n\r\n                        <div class = \"td-doubleSlider-2\">\r\n                            <div class = \"td-slider\">\r\n                                \r\n                    <div class = \"td-button td-item1\">\r\n                        <div class = \"td-border\"><\/div>\r\n                    <\/div>\r\n                    <div class = \"td-button td-item2\">\r\n                        <div class = \"td-border\"><\/div>\r\n                    <\/div>\r\n                    <div class = \"td-button td-item3\">\r\n                        <div class = \"td-border\"><\/div>\r\n                    <\/div>\r\n                    <div class = \"td-button td-item4\">\r\n                        <div class = \"td-border\"><\/div>\r\n                    <\/div>\r\n                    <div class = \"td-button td-item5\">\r\n                        <div class = \"td-border\"><\/div>\r\n                    <\/div>\r\n                    <div class = \"td-button td-item6\">\r\n                        <div class = \"td-border\"><\/div>\r\n                    <\/div>\r\n                    <div class = \"td-button td-item7\">\r\n                        <div class = \"td-border\"><\/div>\r\n                    <\/div>\r\n                            <\/div>\r\n                        <\/div>\r\n\r\n                    <\/div>\r\n\r\n                <\/div>\r\n                \n","protected":false},"excerpt":{"rendered":"<p>Po\u017ear koji je izbio oko 14 sati na predjelu Vrdesne jo\u0161 nije pod kontrolom. Pri obilasku po\u017eari\u0161ta oko 22 sata vidjeli smo da je vatra na predjelu Luke i u blizini naselja Krvavac uga\u0161ena i da na zgari\u0161tu de\u017euraju vatrogasni timovi. Kriti\u010dno je na zapadnim padinama Male Rujnice u smjeru Desana koje su nepristupa\u010dne za [&hellip;]<\/p>\n","protected":false},"author":7,"featured_media":68044,"comment_status":"open","ping_status":"open","sticky":false,"template":"","format":"standard","meta":{"footnotes":""},"categories":[296,11],"tags":[921,3798,665,3796,3171,438],"class_list":{"0":"post-68043","1":"post","2":"type-post","3":"status-publish","4":"format-standard","5":"has-post-thumbnail","7":"category-ab","8":"category-metkovic-dolina","9":"tag-bagalovici","10":"tag-desne","11":"tag-kula-norinska","12":"tag-mala-rujnica","13":"tag-matijevici","14":"tag-pozar"},"yoast_head":"<!-- This site is optimized with the Yoast SEO plugin v25.2 - https:\/\/yoast.com\/wordpress\/plugins\/seo\/ -->\n<title>Sastanak vatrogasnih zapovjednika: kriti\u010dno je iznad Kule Norinske, Matijevi\u0107a i Momi\u0107a te prema Desnama - likemetkovic.hr<\/title>\n<meta name=\"robots\" content=\"index, follow, max-snippet:-1, max-image-preview:large, max-video-preview:-1\" \/>\n<link rel=\"canonical\" href=\"https:\/\/likemetkovic.hr\/sastanak-vatrogasnih-zapovjednika-kriticno-je-iznad-kule-norinske-matijevica-i-momica-te-prema-desnama\/\" \/>\n<meta property=\"og:locale\" content=\"hr_HR\" \/>\n<meta property=\"og:type\" content=\"article\" \/>\n<meta property=\"og:title\" content=\"Sastanak vatrogasnih zapovjednika: kriti\u010dno je iznad Kule Norinske, Matijevi\u0107a i Momi\u0107a te prema Desnama - likemetkovic.hr\" \/>\n<meta property=\"og:description\" content=\"Po\u017ear koji je izbio oko 14 sati na predjelu Vrdesne jo\u0161 nije pod kontrolom. Pri obilasku po\u017eari\u0161ta oko 22 sata vidjeli smo da je vatra na predjelu Luke i u blizini naselja Krvavac uga\u0161ena i da na zgari\u0161tu de\u017euraju vatrogasni timovi. Kriti\u010dno je na zapadnim padinama Male Rujnice u smjeru Desana koje su nepristupa\u010dne za [&hellip;]\" \/>\n<meta property=\"og:url\" content=\"https:\/\/likemetkovic.hr\/sastanak-vatrogasnih-zapovjednika-kriticno-je-iznad-kule-norinske-matijevica-i-momica-te-prema-desnama\/\" \/>\n<meta property=\"og:site_name\" content=\"likemetkovic.hr\" \/>\n<meta property=\"article:publisher\" content=\"https:\/\/www.facebook.com\/likemetkovic.hr\/\" \/>\n<meta property=\"article:published_time\" content=\"2018-09-25T21:37:15+00:00\" \/>\n<meta property=\"article:modified_time\" content=\"2018-09-26T08:33:45+00:00\" \/>\n<meta property=\"og:image\" content=\"https:\/\/likemetkovic.hr\/wp-content\/uploads\/2018\/09\/po\u017ear-mala-rujnica-1.jpg\" \/>\n\t<meta property=\"og:image:width\" content=\"800\" \/>\n\t<meta property=\"og:image:height\" content=\"534\" \/>\n\t<meta property=\"og:image:type\" content=\"image\/jpeg\" \/>\n<meta name=\"author\" content=\"LIKEmetkovic.hr\" \/>\n<meta name=\"twitter:card\" content=\"summary_large_image\" \/>\n<meta name=\"twitter:label1\" content=\"Napisao\/la\" \/>\n\t<meta name=\"twitter:data1\" content=\"LIKEmetkovic.hr\" \/>\n\t<meta name=\"twitter:label2\" content=\"Procijenjeno vrijeme \u010ditanja\" \/>\n\t<meta name=\"twitter:data2\" content=\"2 minute\" \/>\n<script type=\"application\/ld+json\" class=\"yoast-schema-graph\">{\"@context\":\"https:\/\/schema.org\",\"@graph\":[{\"@type\":\"WebPage\",\"@id\":\"https:\/\/likemetkovic.hr\/sastanak-vatrogasnih-zapovjednika-kriticno-je-iznad-kule-norinske-matijevica-i-momica-te-prema-desnama\/\",\"url\":\"https:\/\/likemetkovic.hr\/sastanak-vatrogasnih-zapovjednika-kriticno-je-iznad-kule-norinske-matijevica-i-momica-te-prema-desnama\/\",\"name\":\"Sastanak vatrogasnih zapovjednika: kriti\u010dno je iznad Kule Norinske, Matijevi\u0107a i Momi\u0107a te prema Desnama - likemetkovic.hr\",\"isPartOf\":{\"@id\":\"https:\/\/likemetkovic.hr\/#website\"},\"primaryImageOfPage\":{\"@id\":\"https:\/\/likemetkovic.hr\/sastanak-vatrogasnih-zapovjednika-kriticno-je-iznad-kule-norinske-matijevica-i-momica-te-prema-desnama\/#primaryimage\"},\"image\":{\"@id\":\"https:\/\/likemetkovic.hr\/sastanak-vatrogasnih-zapovjednika-kriticno-je-iznad-kule-norinske-matijevica-i-momica-te-prema-desnama\/#primaryimage\"},\"thumbnailUrl\":\"https:\/\/likemetkovic.hr\/portal\/wp-content\/uploads\/2018\/09\/po\u017ear-mala-rujnica-1.jpg\",\"datePublished\":\"2018-09-25T21:37:15+00:00\",\"dateModified\":\"2018-09-26T08:33:45+00:00\",\"author\":{\"@id\":\"https:\/\/likemetkovic.hr\/#\/schema\/person\/a42711f3385a0e2be6f7e0443bfb28f0\"},\"breadcrumb\":{\"@id\":\"https:\/\/likemetkovic.hr\/sastanak-vatrogasnih-zapovjednika-kriticno-je-iznad-kule-norinske-matijevica-i-momica-te-prema-desnama\/#breadcrumb\"},\"inLanguage\":\"hr\",\"potentialAction\":[{\"@type\":\"ReadAction\",\"target\":[\"https:\/\/likemetkovic.hr\/sastanak-vatrogasnih-zapovjednika-kriticno-je-iznad-kule-norinske-matijevica-i-momica-te-prema-desnama\/\"]}]},{\"@type\":\"ImageObject\",\"inLanguage\":\"hr\",\"@id\":\"https:\/\/likemetkovic.hr\/sastanak-vatrogasnih-zapovjednika-kriticno-je-iznad-kule-norinske-matijevica-i-momica-te-prema-desnama\/#primaryimage\",\"url\":\"https:\/\/likemetkovic.hr\/portal\/wp-content\/uploads\/2018\/09\/po\u017ear-mala-rujnica-1.jpg\",\"contentUrl\":\"https:\/\/likemetkovic.hr\/portal\/wp-content\/uploads\/2018\/09\/po\u017ear-mala-rujnica-1.jpg\",\"width\":800,\"height\":534},{\"@type\":\"BreadcrumbList\",\"@id\":\"https:\/\/likemetkovic.hr\/sastanak-vatrogasnih-zapovjednika-kriticno-je-iznad-kule-norinske-matijevica-i-momica-te-prema-desnama\/#breadcrumb\",\"itemListElement\":[{\"@type\":\"ListItem\",\"position\":1,\"name\":\"Po\u010detna stranica\",\"item\":\"https:\/\/likemetkovic.hr\/portal\/\"},{\"@type\":\"ListItem\",\"position\":2,\"name\":\"Sastanak vatrogasnih zapovjednika: kriti\u010dno je iznad Kule Norinske, Matijevi\u0107a i Momi\u0107a te prema Desnama\"}]},{\"@type\":\"WebSite\",\"@id\":\"https:\/\/likemetkovic.hr\/#website\",\"url\":\"https:\/\/likemetkovic.hr\/\",\"name\":\"likemetkovic.hr\",\"description\":\"Misli pozitivno... \u010ditaj LIKE\",\"potentialAction\":[{\"@type\":\"SearchAction\",\"target\":{\"@type\":\"EntryPoint\",\"urlTemplate\":\"https:\/\/likemetkovic.hr\/?s={search_term_string}\"},\"query-input\":{\"@type\":\"PropertyValueSpecification\",\"valueRequired\":true,\"valueName\":\"search_term_string\"}}],\"inLanguage\":\"hr\"},{\"@type\":\"Person\",\"@id\":\"https:\/\/likemetkovic.hr\/#\/schema\/person\/a42711f3385a0e2be6f7e0443bfb28f0\",\"name\":\"LIKEmetkovic.hr\",\"sameAs\":[\"http:\/\/likemetkovic.hr\"],\"url\":\"https:\/\/likemetkovic.hr\/portal\/author\/likemetkovic-hr\/\"}]}<\/script>\n<!-- \/ Yoast SEO plugin. -->","yoast_head_json":{"title":"Sastanak vatrogasnih zapovjednika: kriti\u010dno je iznad Kule Norinske, Matijevi\u0107a i Momi\u0107a te prema Desnama - likemetkovic.hr","robots":{"index":"index","follow":"follow","max-snippet":"max-snippet:-1","max-image-preview":"max-image-preview:large","max-video-preview":"max-video-preview:-1"},"canonical":"https:\/\/likemetkovic.hr\/sastanak-vatrogasnih-zapovjednika-kriticno-je-iznad-kule-norinske-matijevica-i-momica-te-prema-desnama\/","og_locale":"hr_HR","og_type":"article","og_title":"Sastanak vatrogasnih zapovjednika: kriti\u010dno je iznad Kule Norinske, Matijevi\u0107a i Momi\u0107a te prema Desnama - likemetkovic.hr","og_description":"Po\u017ear koji je izbio oko 14 sati na predjelu Vrdesne jo\u0161 nije pod kontrolom. Pri obilasku po\u017eari\u0161ta oko 22 sata vidjeli smo da je vatra na predjelu Luke i u blizini naselja Krvavac uga\u0161ena i da na zgari\u0161tu de\u017euraju vatrogasni timovi. Kriti\u010dno je na zapadnim padinama Male Rujnice u smjeru Desana koje su nepristupa\u010dne za [&hellip;]","og_url":"https:\/\/likemetkovic.hr\/sastanak-vatrogasnih-zapovjednika-kriticno-je-iznad-kule-norinske-matijevica-i-momica-te-prema-desnama\/","og_site_name":"likemetkovic.hr","article_publisher":"https:\/\/www.facebook.com\/likemetkovic.hr\/","article_published_time":"2018-09-25T21:37:15+00:00","article_modified_time":"2018-09-26T08:33:45+00:00","og_image":[{"width":800,"height":534,"url":"https:\/\/likemetkovic.hr\/wp-content\/uploads\/2018\/09\/po\u017ear-mala-rujnica-1.jpg","type":"image\/jpeg"}],"author":"LIKEmetkovic.hr","twitter_card":"summary_large_image","twitter_misc":{"Napisao\/la":"LIKEmetkovic.hr","Procijenjeno vrijeme \u010ditanja":"2 minute"},"schema":{"@context":"https:\/\/schema.org","@graph":[{"@type":"WebPage","@id":"https:\/\/likemetkovic.hr\/sastanak-vatrogasnih-zapovjednika-kriticno-je-iznad-kule-norinske-matijevica-i-momica-te-prema-desnama\/","url":"https:\/\/likemetkovic.hr\/sastanak-vatrogasnih-zapovjednika-kriticno-je-iznad-kule-norinske-matijevica-i-momica-te-prema-desnama\/","name":"Sastanak vatrogasnih zapovjednika: kriti\u010dno je iznad Kule Norinske, Matijevi\u0107a i Momi\u0107a te prema Desnama - likemetkovic.hr","isPartOf":{"@id":"https:\/\/likemetkovic.hr\/#website"},"primaryImageOfPage":{"@id":"https:\/\/likemetkovic.hr\/sastanak-vatrogasnih-zapovjednika-kriticno-je-iznad-kule-norinske-matijevica-i-momica-te-prema-desnama\/#primaryimage"},"image":{"@id":"https:\/\/likemetkovic.hr\/sastanak-vatrogasnih-zapovjednika-kriticno-je-iznad-kule-norinske-matijevica-i-momica-te-prema-desnama\/#primaryimage"},"thumbnailUrl":"https:\/\/likemetkovic.hr\/portal\/wp-content\/uploads\/2018\/09\/po\u017ear-mala-rujnica-1.jpg","datePublished":"2018-09-25T21:37:15+00:00","dateModified":"2018-09-26T08:33:45+00:00","author":{"@id":"https:\/\/likemetkovic.hr\/#\/schema\/person\/a42711f3385a0e2be6f7e0443bfb28f0"},"breadcrumb":{"@id":"https:\/\/likemetkovic.hr\/sastanak-vatrogasnih-zapovjednika-kriticno-je-iznad-kule-norinske-matijevica-i-momica-te-prema-desnama\/#breadcrumb"},"inLanguage":"hr","potentialAction":[{"@type":"ReadAction","target":["https:\/\/likemetkovic.hr\/sastanak-vatrogasnih-zapovjednika-kriticno-je-iznad-kule-norinske-matijevica-i-momica-te-prema-desnama\/"]}]},{"@type":"ImageObject","inLanguage":"hr","@id":"https:\/\/likemetkovic.hr\/sastanak-vatrogasnih-zapovjednika-kriticno-je-iznad-kule-norinske-matijevica-i-momica-te-prema-desnama\/#primaryimage","url":"https:\/\/likemetkovic.hr\/portal\/wp-content\/uploads\/2018\/09\/po\u017ear-mala-rujnica-1.jpg","contentUrl":"https:\/\/likemetkovic.hr\/portal\/wp-content\/uploads\/2018\/09\/po\u017ear-mala-rujnica-1.jpg","width":800,"height":534},{"@type":"BreadcrumbList","@id":"https:\/\/likemetkovic.hr\/sastanak-vatrogasnih-zapovjednika-kriticno-je-iznad-kule-norinske-matijevica-i-momica-te-prema-desnama\/#breadcrumb","itemListElement":[{"@type":"ListItem","position":1,"name":"Po\u010detna stranica","item":"https:\/\/likemetkovic.hr\/portal\/"},{"@type":"ListItem","position":2,"name":"Sastanak vatrogasnih zapovjednika: kriti\u010dno je iznad Kule Norinske, Matijevi\u0107a i Momi\u0107a te prema Desnama"}]},{"@type":"WebSite","@id":"https:\/\/likemetkovic.hr\/#website","url":"https:\/\/likemetkovic.hr\/","name":"likemetkovic.hr","description":"Misli pozitivno... \u010ditaj LIKE","potentialAction":[{"@type":"SearchAction","target":{"@type":"EntryPoint","urlTemplate":"https:\/\/likemetkovic.hr\/?s={search_term_string}"},"query-input":{"@type":"PropertyValueSpecification","valueRequired":true,"valueName":"search_term_string"}}],"inLanguage":"hr"},{"@type":"Person","@id":"https:\/\/likemetkovic.hr\/#\/schema\/person\/a42711f3385a0e2be6f7e0443bfb28f0","name":"LIKEmetkovic.hr","sameAs":["http:\/\/likemetkovic.hr"],"url":"https:\/\/likemetkovic.hr\/portal\/author\/likemetkovic-hr\/"}]}},"_links":{"self":[{"href":"https:\/\/likemetkovic.hr\/portal\/wp-json\/wp\/v2\/posts\/68043","targetHints":{"allow":["GET"]}}],"collection":[{"href":"https:\/\/likemetkovic.hr\/portal\/wp-json\/wp\/v2\/posts"}],"about":[{"href":"https:\/\/likemetkovic.hr\/portal\/wp-json\/wp\/v2\/types\/post"}],"author":[{"embeddable":true,"href":"https:\/\/likemetkovic.hr\/portal\/wp-json\/wp\/v2\/users\/7"}],"replies":[{"embeddable":true,"href":"https:\/\/likemetkovic.hr\/portal\/wp-json\/wp\/v2\/comments?post=68043"}],"version-history":[{"count":0,"href":"https:\/\/likemetkovic.hr\/portal\/wp-json\/wp\/v2\/posts\/68043\/revisions"}],"wp:featuredmedia":[{"embeddable":true,"href":"https:\/\/likemetkovic.hr\/portal\/wp-json\/wp\/v2\/media\/68044"}],"wp:attachment":[{"href":"https:\/\/likemetkovic.hr\/portal\/wp-json\/wp\/v2\/media?parent=68043"}],"wp:term":[{"taxonomy":"category","embeddable":true,"href":"https:\/\/likemetkovic.hr\/portal\/wp-json\/wp\/v2\/categories?post=68043"},{"taxonomy":"post_tag","embeddable":true,"href":"https:\/\/likemetkovic.hr\/portal\/wp-json\/wp\/v2\/tags?post=68043"}],"curies":[{"name":"wp","href":"https:\/\/api.w.org\/{rel}","templated":true}]}}