{"id":68095,"date":"2018-09-26T16:15:52","date_gmt":"2018-09-26T14:15:52","guid":{"rendered":"http:\/\/likemetkovic.hr\/?p=68095"},"modified":"2018-09-26T16:15:52","modified_gmt":"2018-09-26T14:15:52","slug":"na-svecanosti-povodom-dana-policije-pohvaljeno-pet-policajaca-iz-pp-i-pgp-metkovic","status":"publish","type":"post","link":"https:\/\/likemetkovic.hr\/portal\/na-svecanosti-povodom-dana-policije-pohvaljeno-pet-policajaca-iz-pp-i-pgp-metkovic\/","title":{"rendered":"Na sve\u010danosti povodom Dana policije pohvaljeno pet policajaca iz PP i PGP Metkovi\u0107"},"content":{"rendered":"<p>Danas je polaganjem vijenaca i paljenjem svije\u0107a na dubrova\u010dkom groblju Boninovo, te sv. misom obilje\u017een Dan policije koji se obilje\u017eava na blagdan sv. Mihaela Arkan\u0111ela, za\u0161titnika policije.<\/p>\n<p>Nakon toga je u Policijskoj upravi dubrova\u010dko-neretvanskoj odr\u017eana progodna sve\u010dansot na kojoj se na\u010delnik Ivan Pavli\u010devi\u0107 obratio uva\u017eenim gostima i djelatnicima te se u uvodnom dijelu govora prisjetio 43 poginula branitelja ove Policijske uprave koji su svoje \u017eivote polo\u017eili na oltar Domovine.<\/p>\n<p>Zbog iznimnih rezultata rada i zalaganja na\u010delnik Policijske uprave javno je pohvalio 14\u00a0 policijskih slu\u017ebenika. Oni su: <strong>Ivan Svagu\u0161a<\/strong> iz Slu\u017ebe kriminalisti\u010dke policije, <strong>Mirko \u0110uka Alemani<\/strong> iz Slu\u017ebe policije, <strong>Marija Lonac i Bo\u017eenka \u0160peti\u0107<\/strong> iz Slu\u017ebe upravnih i inspekcijskih poslova, <strong>\u010castimir Peri\u0107<\/strong> iz Policijske postaje Ston, <strong>Petar Poli\u0107 i Jurica Maji\u0107 <\/strong>iz Policijske postaje Gruda, <strong>Jurica \u017duvelek<\/strong> iz Policijske postaje Metkovi\u0107, <strong>Marko Simat, Ante Ujdur, Mario Lovro i Nikolina \u010ci\u010da<\/strong> iz Postaje grani\u010dne policije Metkovi\u0107, <strong>Damir \u010covi\u0107<\/strong> iz Policijske postaje Lastovo i <strong>Matej Igrec<\/strong> iz Postaje aerodromske policije \u010cilipi.<\/p>\n\r\n                <style type=\"text\/css\">\r\n                    \r\n                    #tdi_1  .td-doubleSlider-2 .td-item1 {\r\n                        background: url(https:\/\/likemetkovic.hr\/portal\/wp-content\/uploads\/2018\/09\/dan-policije-dubrovnik-7-80x60.jpg) 0 0 no-repeat;\r\n                    }\r\n                    #tdi_1  .td-doubleSlider-2 .td-item2 {\r\n                        background: url(https:\/\/likemetkovic.hr\/portal\/wp-content\/uploads\/2018\/09\/dan-policije-dubrovnik-6-80x60.jpg) 0 0 no-repeat;\r\n                    }\r\n                    #tdi_1  .td-doubleSlider-2 .td-item3 {\r\n                        background: url(https:\/\/likemetkovic.hr\/portal\/wp-content\/uploads\/2018\/09\/dan-policije-dubrovnik-5-80x60.jpg) 0 0 no-repeat;\r\n                    }\r\n                    #tdi_1  .td-doubleSlider-2 .td-item4 {\r\n                        background: url(https:\/\/likemetkovic.hr\/portal\/wp-content\/uploads\/2018\/09\/dan-policije-dubrovnik-4-80x60.jpg) 0 0 no-repeat;\r\n                    }\r\n                    #tdi_1  .td-doubleSlider-2 .td-item5 {\r\n                        background: url(https:\/\/likemetkovic.hr\/portal\/wp-content\/uploads\/2018\/09\/dan-policije-dubrovnik-3-80x60.jpg) 0 0 no-repeat;\r\n                    }\r\n                    #tdi_1  .td-doubleSlider-2 .td-item6 {\r\n                        background: url(https:\/\/likemetkovic.hr\/portal\/wp-content\/uploads\/2018\/09\/dan-policije-dubrovnik-2-80x60.jpg) 0 0 no-repeat;\r\n                    }\r\n                    #tdi_1  .td-doubleSlider-2 .td-item7 {\r\n                        background: url(https:\/\/likemetkovic.hr\/portal\/wp-content\/uploads\/2018\/09\/dan-policije-dubrovnik-1-80x60.jpg) 0 0 no-repeat;\r\n                    }\r\n                <\/style>\r\n\r\n                <div id=\"tdi_1\" class=\"td-gallery td-slide-on-2-columns\">\r\n                    <div class=\"post_td_gallery\">\r\n                        <div class=\"td-gallery-slide-top\">\r\n                           <div class=\"td-gallery-title\"><\/div>\r\n\r\n                            <div class=\"td-gallery-controls-wrapper\">\r\n                                <div class=\"td-gallery-slide-count\"><span class=\"td-gallery-slide-item-focus\">1<\/span> of 7<\/div>\r\n                                <div class=\"td-gallery-slide-prev-next-but\">\r\n                                    <i class = \"td-icon-left doubleSliderPrevButton\"><\/i>\r\n                                    <i class = \"td-icon-right doubleSliderNextButton\"><\/i>\r\n                                <\/div>\r\n                            <\/div>\r\n                        <\/div>\r\n\r\n                        <div class = \"td-doubleSlider-1 \">\r\n                            <div class = \"td-slider\">\r\n                                \r\n                    <div class = \"td-slide-item td-item1\">\r\n                        <figure class=\"td-slide-galery-figure td-slide-popup-gallery\">\r\n                            <a class=\"slide-gallery-image-link\" href=\"https:\/\/likemetkovic.hr\/portal\/wp-content\/uploads\/2018\/09\/dan-policije-dubrovnik-7.jpg\" title=\"dan policije dubrovnik (7)\"  data-caption=\"\"  data-description=\"\">\r\n                                <img decoding=\"async\" src=\"https:\/\/likemetkovic.hr\/portal\/wp-content\/uploads\/2018\/09\/dan-policije-dubrovnik-7-629x420.jpg\" srcset=\"https:\/\/likemetkovic.hr\/portal\/wp-content\/uploads\/2018\/09\/dan-policije-dubrovnik-7-629x420.jpg 629w, https:\/\/likemetkovic.hr\/portal\/wp-content\/uploads\/2018\/09\/dan-policije-dubrovnik-7.jpg 800w, https:\/\/likemetkovic.hr\/portal\/wp-content\/uploads\/2018\/09\/dan-policije-dubrovnik-7-768x513.jpg 768w, https:\/\/likemetkovic.hr\/portal\/wp-content\/uploads\/2018\/09\/dan-policije-dubrovnik-7-696x465.jpg 696w\" sizes=\"(max-width: 629px) 100vw, 629px\" alt=\"\">\r\n                            <\/a>\r\n                            \r\n                        <\/figure>\r\n                    <\/div>\r\n                    <div class = \"td-slide-item td-item2\">\r\n                        <figure class=\"td-slide-galery-figure td-slide-popup-gallery\">\r\n                            <a class=\"slide-gallery-image-link\" href=\"https:\/\/likemetkovic.hr\/portal\/wp-content\/uploads\/2018\/09\/dan-policije-dubrovnik-6.jpg\" title=\"dan policije dubrovnik (6)\"  data-caption=\"\"  data-description=\"\">\r\n                                <img decoding=\"async\" src=\"https:\/\/likemetkovic.hr\/portal\/wp-content\/uploads\/2018\/09\/dan-policije-dubrovnik-6-629x420.jpg\" srcset=\"https:\/\/likemetkovic.hr\/portal\/wp-content\/uploads\/2018\/09\/dan-policije-dubrovnik-6-629x420.jpg 629w, https:\/\/likemetkovic.hr\/portal\/wp-content\/uploads\/2018\/09\/dan-policije-dubrovnik-6.jpg 800w, https:\/\/likemetkovic.hr\/portal\/wp-content\/uploads\/2018\/09\/dan-policije-dubrovnik-6-768x513.jpg 768w, https:\/\/likemetkovic.hr\/portal\/wp-content\/uploads\/2018\/09\/dan-policije-dubrovnik-6-696x465.jpg 696w\" sizes=\"(max-width: 629px) 100vw, 629px\" alt=\"\">\r\n                            <\/a>\r\n                            \r\n                        <\/figure>\r\n                    <\/div>\r\n                    <div class = \"td-slide-item td-item3\">\r\n                        <figure class=\"td-slide-galery-figure td-slide-popup-gallery\">\r\n                            <a class=\"slide-gallery-image-link\" href=\"https:\/\/likemetkovic.hr\/portal\/wp-content\/uploads\/2018\/09\/dan-policije-dubrovnik-5.jpg\" title=\"dan policije dubrovnik (5)\"  data-caption=\"\"  data-description=\"\">\r\n                                <img decoding=\"async\" src=\"https:\/\/likemetkovic.hr\/portal\/wp-content\/uploads\/2018\/09\/dan-policije-dubrovnik-5-629x420.jpg\" srcset=\"https:\/\/likemetkovic.hr\/portal\/wp-content\/uploads\/2018\/09\/dan-policije-dubrovnik-5-629x420.jpg 629w, https:\/\/likemetkovic.hr\/portal\/wp-content\/uploads\/2018\/09\/dan-policije-dubrovnik-5.jpg 800w, https:\/\/likemetkovic.hr\/portal\/wp-content\/uploads\/2018\/09\/dan-policije-dubrovnik-5-768x513.jpg 768w, https:\/\/likemetkovic.hr\/portal\/wp-content\/uploads\/2018\/09\/dan-policije-dubrovnik-5-696x465.jpg 696w\" sizes=\"(max-width: 629px) 100vw, 629px\" alt=\"\">\r\n                            <\/a>\r\n                            \r\n                        <\/figure>\r\n                    <\/div>\r\n                    <div class = \"td-slide-item td-item4\">\r\n                        <figure class=\"td-slide-galery-figure td-slide-popup-gallery\">\r\n                            <a class=\"slide-gallery-image-link\" href=\"https:\/\/likemetkovic.hr\/portal\/wp-content\/uploads\/2018\/09\/dan-policije-dubrovnik-4.jpg\" title=\"dan policije dubrovnik (4)\"  data-caption=\"\"  data-description=\"\">\r\n                                <img decoding=\"async\" src=\"https:\/\/likemetkovic.hr\/portal\/wp-content\/uploads\/2018\/09\/dan-policije-dubrovnik-4-629x420.jpg\" srcset=\"https:\/\/likemetkovic.hr\/portal\/wp-content\/uploads\/2018\/09\/dan-policije-dubrovnik-4-629x420.jpg 629w, https:\/\/likemetkovic.hr\/portal\/wp-content\/uploads\/2018\/09\/dan-policije-dubrovnik-4.jpg 800w, https:\/\/likemetkovic.hr\/portal\/wp-content\/uploads\/2018\/09\/dan-policije-dubrovnik-4-768x513.jpg 768w, https:\/\/likemetkovic.hr\/portal\/wp-content\/uploads\/2018\/09\/dan-policije-dubrovnik-4-696x465.jpg 696w\" sizes=\"(max-width: 629px) 100vw, 629px\" alt=\"\">\r\n                            <\/a>\r\n                            \r\n                        <\/figure>\r\n                    <\/div>\r\n                    <div class = \"td-slide-item td-item5\">\r\n                        <figure class=\"td-slide-galery-figure td-slide-popup-gallery\">\r\n                            <a class=\"slide-gallery-image-link\" href=\"https:\/\/likemetkovic.hr\/portal\/wp-content\/uploads\/2018\/09\/dan-policije-dubrovnik-3.jpg\" title=\"dan policije dubrovnik (3)\"  data-caption=\"\"  data-description=\"\">\r\n                                <img decoding=\"async\" src=\"https:\/\/likemetkovic.hr\/portal\/wp-content\/uploads\/2018\/09\/dan-policije-dubrovnik-3-629x420.jpg\" srcset=\"https:\/\/likemetkovic.hr\/portal\/wp-content\/uploads\/2018\/09\/dan-policije-dubrovnik-3-629x420.jpg 629w, https:\/\/likemetkovic.hr\/portal\/wp-content\/uploads\/2018\/09\/dan-policije-dubrovnik-3.jpg 800w, https:\/\/likemetkovic.hr\/portal\/wp-content\/uploads\/2018\/09\/dan-policije-dubrovnik-3-768x513.jpg 768w, https:\/\/likemetkovic.hr\/portal\/wp-content\/uploads\/2018\/09\/dan-policije-dubrovnik-3-696x465.jpg 696w\" sizes=\"(max-width: 629px) 100vw, 629px\" alt=\"\">\r\n                            <\/a>\r\n                            \r\n                        <\/figure>\r\n                    <\/div>\r\n                    <div class = \"td-slide-item td-item6\">\r\n                        <figure class=\"td-slide-galery-figure td-slide-popup-gallery\">\r\n                            <a class=\"slide-gallery-image-link\" href=\"https:\/\/likemetkovic.hr\/portal\/wp-content\/uploads\/2018\/09\/dan-policije-dubrovnik-2.jpg\" title=\"dan policije dubrovnik (2)\"  data-caption=\"\"  data-description=\"\">\r\n                                <img decoding=\"async\" src=\"https:\/\/likemetkovic.hr\/portal\/wp-content\/uploads\/2018\/09\/dan-policije-dubrovnik-2-629x420.jpg\" srcset=\"https:\/\/likemetkovic.hr\/portal\/wp-content\/uploads\/2018\/09\/dan-policije-dubrovnik-2-629x420.jpg 629w, https:\/\/likemetkovic.hr\/portal\/wp-content\/uploads\/2018\/09\/dan-policije-dubrovnik-2.jpg 800w, https:\/\/likemetkovic.hr\/portal\/wp-content\/uploads\/2018\/09\/dan-policije-dubrovnik-2-768x513.jpg 768w, https:\/\/likemetkovic.hr\/portal\/wp-content\/uploads\/2018\/09\/dan-policije-dubrovnik-2-696x465.jpg 696w\" sizes=\"(max-width: 629px) 100vw, 629px\" alt=\"\">\r\n                            <\/a>\r\n                            \r\n                        <\/figure>\r\n                    <\/div>\r\n                    <div class = \"td-slide-item td-item7\">\r\n                        <figure class=\"td-slide-galery-figure td-slide-popup-gallery\">\r\n                            <a class=\"slide-gallery-image-link\" href=\"https:\/\/likemetkovic.hr\/portal\/wp-content\/uploads\/2018\/09\/dan-policije-dubrovnik-1.jpg\" title=\"dan policije dubrovnik (1)\"  data-caption=\"\"  data-description=\"\">\r\n                                <img decoding=\"async\" src=\"https:\/\/likemetkovic.hr\/portal\/wp-content\/uploads\/2018\/09\/dan-policije-dubrovnik-1-629x420.jpg\" srcset=\"https:\/\/likemetkovic.hr\/portal\/wp-content\/uploads\/2018\/09\/dan-policije-dubrovnik-1-629x420.jpg 629w, https:\/\/likemetkovic.hr\/portal\/wp-content\/uploads\/2018\/09\/dan-policije-dubrovnik-1.jpg 800w, https:\/\/likemetkovic.hr\/portal\/wp-content\/uploads\/2018\/09\/dan-policije-dubrovnik-1-768x513.jpg 768w, https:\/\/likemetkovic.hr\/portal\/wp-content\/uploads\/2018\/09\/dan-policije-dubrovnik-1-696x465.jpg 696w\" sizes=\"(max-width: 629px) 100vw, 629px\" alt=\"\">\r\n                            <\/a>\r\n                            \r\n                        <\/figure>\r\n                    <\/div>\r\n                            <\/div>\r\n                        <\/div>\r\n\r\n                        <div class = \"td-doubleSlider-2\">\r\n                            <div class = \"td-slider\">\r\n                                \r\n                    <div class = \"td-button td-item1\">\r\n                        <div class = \"td-border\"><\/div>\r\n                    <\/div>\r\n                    <div class = \"td-button td-item2\">\r\n                        <div class = \"td-border\"><\/div>\r\n                    <\/div>\r\n                    <div class = \"td-button td-item3\">\r\n                        <div class = \"td-border\"><\/div>\r\n                    <\/div>\r\n                    <div class = \"td-button td-item4\">\r\n                        <div class = \"td-border\"><\/div>\r\n                    <\/div>\r\n                    <div class = \"td-button td-item5\">\r\n                        <div class = \"td-border\"><\/div>\r\n                    <\/div>\r\n                    <div class = \"td-button td-item6\">\r\n                        <div class = \"td-border\"><\/div>\r\n                    <\/div>\r\n                    <div class = \"td-button td-item7\">\r\n                        <div class = \"td-border\"><\/div>\r\n                    <\/div>\r\n                            <\/div>\r\n                        <\/div>\r\n\r\n                    <\/div>\r\n\r\n                <\/div>\r\n                \n","protected":false},"excerpt":{"rendered":"<p>Danas je polaganjem vijenaca i paljenjem svije\u0107a na dubrova\u010dkom groblju Boninovo, te sv. misom obilje\u017een Dan policije koji se obilje\u017eava na blagdan sv. Mihaela Arkan\u0111ela, za\u0161titnika policije. Nakon toga je u Policijskoj upravi dubrova\u010dko-neretvanskoj odr\u017eana progodna sve\u010dansot na kojoj se na\u010delnik Ivan Pavli\u010devi\u0107 obratio uva\u017eenim gostima i djelatnicima te se u uvodnom dijelu govora prisjetio [&hellip;]<\/p>\n","protected":false},"author":7,"featured_media":68102,"comment_status":"open","ping_status":"open","sticky":false,"template":"","format":"standard","meta":{"footnotes":""},"categories":[296,300],"tags":[1447,369],"class_list":{"0":"post-68095","1":"post","2":"type-post","3":"status-publish","4":"format-standard","5":"has-post-thumbnail","7":"category-ab","8":"category-zupanija","9":"tag-dan-policije","10":"tag-pu-dubrovacko-neretvanska"},"yoast_head":"<!-- This site is optimized with the Yoast SEO plugin v25.2 - https:\/\/yoast.com\/wordpress\/plugins\/seo\/ -->\n<title>Na sve\u010danosti povodom Dana policije pohvaljeno pet policajaca iz PP i PGP Metkovi\u0107 - likemetkovic.hr<\/title>\n<meta name=\"description\" content=\"Danas je polaganjem vijenaca i paljenjem svije\u0107a na dubrova\u010dkom groblju Boninovo, te sv. misom obilje\u017een Dan policije koji se obilje\u017eava na blagdan sv. Mihaela Arkan\u0111ela, za\u0161titnika policije.\" \/>\n<meta name=\"robots\" content=\"index, follow, max-snippet:-1, max-image-preview:large, max-video-preview:-1\" \/>\n<link rel=\"canonical\" href=\"https:\/\/likemetkovic.hr\/na-svecanosti-povodom-dana-policije-pohvaljeno-pet-policajaca-iz-pp-i-pgp-metkovic\/\" \/>\n<meta property=\"og:locale\" content=\"hr_HR\" \/>\n<meta property=\"og:type\" content=\"article\" \/>\n<meta property=\"og:title\" content=\"Na sve\u010danosti povodom Dana policije pohvaljeno pet policajaca iz PP i PGP Metkovi\u0107 - likemetkovic.hr\" \/>\n<meta property=\"og:description\" content=\"Danas je polaganjem vijenaca i paljenjem svije\u0107a na dubrova\u010dkom groblju Boninovo, te sv. misom obilje\u017een Dan policije koji se obilje\u017eava na blagdan sv. Mihaela Arkan\u0111ela, za\u0161titnika policije.\" \/>\n<meta property=\"og:url\" content=\"https:\/\/likemetkovic.hr\/na-svecanosti-povodom-dana-policije-pohvaljeno-pet-policajaca-iz-pp-i-pgp-metkovic\/\" \/>\n<meta property=\"og:site_name\" content=\"likemetkovic.hr\" \/>\n<meta property=\"article:publisher\" content=\"https:\/\/www.facebook.com\/likemetkovic.hr\/\" \/>\n<meta property=\"article:published_time\" content=\"2018-09-26T14:15:52+00:00\" \/>\n<meta property=\"og:image\" content=\"https:\/\/likemetkovic.hr\/wp-content\/uploads\/2018\/09\/dan-policije-dubrovnik-7.jpg\" \/>\n\t<meta property=\"og:image:width\" content=\"800\" \/>\n\t<meta property=\"og:image:height\" content=\"534\" \/>\n\t<meta property=\"og:image:type\" content=\"image\/jpeg\" \/>\n<meta name=\"author\" content=\"LIKEmetkovic.hr\" \/>\n<meta name=\"twitter:card\" content=\"summary_large_image\" \/>\n<meta name=\"twitter:label1\" content=\"Napisao\/la\" \/>\n\t<meta name=\"twitter:data1\" content=\"LIKEmetkovic.hr\" \/>\n\t<meta name=\"twitter:label2\" content=\"Procijenjeno vrijeme \u010ditanja\" \/>\n\t<meta name=\"twitter:data2\" content=\"1 minuta\" \/>\n<script type=\"application\/ld+json\" class=\"yoast-schema-graph\">{\"@context\":\"https:\/\/schema.org\",\"@graph\":[{\"@type\":\"WebPage\",\"@id\":\"https:\/\/likemetkovic.hr\/na-svecanosti-povodom-dana-policije-pohvaljeno-pet-policajaca-iz-pp-i-pgp-metkovic\/\",\"url\":\"https:\/\/likemetkovic.hr\/na-svecanosti-povodom-dana-policije-pohvaljeno-pet-policajaca-iz-pp-i-pgp-metkovic\/\",\"name\":\"Na sve\u010danosti povodom Dana policije pohvaljeno pet policajaca iz PP i PGP Metkovi\u0107 - likemetkovic.hr\",\"isPartOf\":{\"@id\":\"https:\/\/likemetkovic.hr\/#website\"},\"primaryImageOfPage\":{\"@id\":\"https:\/\/likemetkovic.hr\/na-svecanosti-povodom-dana-policije-pohvaljeno-pet-policajaca-iz-pp-i-pgp-metkovic\/#primaryimage\"},\"image\":{\"@id\":\"https:\/\/likemetkovic.hr\/na-svecanosti-povodom-dana-policije-pohvaljeno-pet-policajaca-iz-pp-i-pgp-metkovic\/#primaryimage\"},\"thumbnailUrl\":\"https:\/\/likemetkovic.hr\/portal\/wp-content\/uploads\/2018\/09\/dan-policije-dubrovnik-7.jpg\",\"datePublished\":\"2018-09-26T14:15:52+00:00\",\"author\":{\"@id\":\"https:\/\/likemetkovic.hr\/#\/schema\/person\/a42711f3385a0e2be6f7e0443bfb28f0\"},\"description\":\"Danas je polaganjem vijenaca i paljenjem svije\u0107a na dubrova\u010dkom groblju Boninovo, te sv. misom obilje\u017een Dan policije koji se obilje\u017eava na blagdan sv. Mihaela Arkan\u0111ela, za\u0161titnika policije.\",\"breadcrumb\":{\"@id\":\"https:\/\/likemetkovic.hr\/na-svecanosti-povodom-dana-policije-pohvaljeno-pet-policajaca-iz-pp-i-pgp-metkovic\/#breadcrumb\"},\"inLanguage\":\"hr\",\"potentialAction\":[{\"@type\":\"ReadAction\",\"target\":[\"https:\/\/likemetkovic.hr\/na-svecanosti-povodom-dana-policije-pohvaljeno-pet-policajaca-iz-pp-i-pgp-metkovic\/\"]}]},{\"@type\":\"ImageObject\",\"inLanguage\":\"hr\",\"@id\":\"https:\/\/likemetkovic.hr\/na-svecanosti-povodom-dana-policije-pohvaljeno-pet-policajaca-iz-pp-i-pgp-metkovic\/#primaryimage\",\"url\":\"https:\/\/likemetkovic.hr\/portal\/wp-content\/uploads\/2018\/09\/dan-policije-dubrovnik-7.jpg\",\"contentUrl\":\"https:\/\/likemetkovic.hr\/portal\/wp-content\/uploads\/2018\/09\/dan-policije-dubrovnik-7.jpg\",\"width\":800,\"height\":534},{\"@type\":\"BreadcrumbList\",\"@id\":\"https:\/\/likemetkovic.hr\/na-svecanosti-povodom-dana-policije-pohvaljeno-pet-policajaca-iz-pp-i-pgp-metkovic\/#breadcrumb\",\"itemListElement\":[{\"@type\":\"ListItem\",\"position\":1,\"name\":\"Po\u010detna stranica\",\"item\":\"https:\/\/likemetkovic.hr\/portal\/\"},{\"@type\":\"ListItem\",\"position\":2,\"name\":\"Na sve\u010danosti povodom Dana policije pohvaljeno pet policajaca iz PP i PGP Metkovi\u0107\"}]},{\"@type\":\"WebSite\",\"@id\":\"https:\/\/likemetkovic.hr\/#website\",\"url\":\"https:\/\/likemetkovic.hr\/\",\"name\":\"likemetkovic.hr\",\"description\":\"Misli pozitivno... \u010ditaj LIKE\",\"potentialAction\":[{\"@type\":\"SearchAction\",\"target\":{\"@type\":\"EntryPoint\",\"urlTemplate\":\"https:\/\/likemetkovic.hr\/?s={search_term_string}\"},\"query-input\":{\"@type\":\"PropertyValueSpecification\",\"valueRequired\":true,\"valueName\":\"search_term_string\"}}],\"inLanguage\":\"hr\"},{\"@type\":\"Person\",\"@id\":\"https:\/\/likemetkovic.hr\/#\/schema\/person\/a42711f3385a0e2be6f7e0443bfb28f0\",\"name\":\"LIKEmetkovic.hr\",\"sameAs\":[\"http:\/\/likemetkovic.hr\"],\"url\":\"https:\/\/likemetkovic.hr\/portal\/author\/likemetkovic-hr\/\"}]}<\/script>\n<!-- \/ Yoast SEO plugin. -->","yoast_head_json":{"title":"Na sve\u010danosti povodom Dana policije pohvaljeno pet policajaca iz PP i PGP Metkovi\u0107 - likemetkovic.hr","description":"Danas je polaganjem vijenaca i paljenjem svije\u0107a na dubrova\u010dkom groblju Boninovo, te sv. misom obilje\u017een Dan policije koji se obilje\u017eava na blagdan sv. Mihaela Arkan\u0111ela, za\u0161titnika policije.","robots":{"index":"index","follow":"follow","max-snippet":"max-snippet:-1","max-image-preview":"max-image-preview:large","max-video-preview":"max-video-preview:-1"},"canonical":"https:\/\/likemetkovic.hr\/na-svecanosti-povodom-dana-policije-pohvaljeno-pet-policajaca-iz-pp-i-pgp-metkovic\/","og_locale":"hr_HR","og_type":"article","og_title":"Na sve\u010danosti povodom Dana policije pohvaljeno pet policajaca iz PP i PGP Metkovi\u0107 - likemetkovic.hr","og_description":"Danas je polaganjem vijenaca i paljenjem svije\u0107a na dubrova\u010dkom groblju Boninovo, te sv. misom obilje\u017een Dan policije koji se obilje\u017eava na blagdan sv. Mihaela Arkan\u0111ela, za\u0161titnika policije.","og_url":"https:\/\/likemetkovic.hr\/na-svecanosti-povodom-dana-policije-pohvaljeno-pet-policajaca-iz-pp-i-pgp-metkovic\/","og_site_name":"likemetkovic.hr","article_publisher":"https:\/\/www.facebook.com\/likemetkovic.hr\/","article_published_time":"2018-09-26T14:15:52+00:00","og_image":[{"width":800,"height":534,"url":"https:\/\/likemetkovic.hr\/wp-content\/uploads\/2018\/09\/dan-policije-dubrovnik-7.jpg","type":"image\/jpeg"}],"author":"LIKEmetkovic.hr","twitter_card":"summary_large_image","twitter_misc":{"Napisao\/la":"LIKEmetkovic.hr","Procijenjeno vrijeme \u010ditanja":"1 minuta"},"schema":{"@context":"https:\/\/schema.org","@graph":[{"@type":"WebPage","@id":"https:\/\/likemetkovic.hr\/na-svecanosti-povodom-dana-policije-pohvaljeno-pet-policajaca-iz-pp-i-pgp-metkovic\/","url":"https:\/\/likemetkovic.hr\/na-svecanosti-povodom-dana-policije-pohvaljeno-pet-policajaca-iz-pp-i-pgp-metkovic\/","name":"Na sve\u010danosti povodom Dana policije pohvaljeno pet policajaca iz PP i PGP Metkovi\u0107 - likemetkovic.hr","isPartOf":{"@id":"https:\/\/likemetkovic.hr\/#website"},"primaryImageOfPage":{"@id":"https:\/\/likemetkovic.hr\/na-svecanosti-povodom-dana-policije-pohvaljeno-pet-policajaca-iz-pp-i-pgp-metkovic\/#primaryimage"},"image":{"@id":"https:\/\/likemetkovic.hr\/na-svecanosti-povodom-dana-policije-pohvaljeno-pet-policajaca-iz-pp-i-pgp-metkovic\/#primaryimage"},"thumbnailUrl":"https:\/\/likemetkovic.hr\/portal\/wp-content\/uploads\/2018\/09\/dan-policije-dubrovnik-7.jpg","datePublished":"2018-09-26T14:15:52+00:00","author":{"@id":"https:\/\/likemetkovic.hr\/#\/schema\/person\/a42711f3385a0e2be6f7e0443bfb28f0"},"description":"Danas je polaganjem vijenaca i paljenjem svije\u0107a na dubrova\u010dkom groblju Boninovo, te sv. misom obilje\u017een Dan policije koji se obilje\u017eava na blagdan sv. Mihaela Arkan\u0111ela, za\u0161titnika policije.","breadcrumb":{"@id":"https:\/\/likemetkovic.hr\/na-svecanosti-povodom-dana-policije-pohvaljeno-pet-policajaca-iz-pp-i-pgp-metkovic\/#breadcrumb"},"inLanguage":"hr","potentialAction":[{"@type":"ReadAction","target":["https:\/\/likemetkovic.hr\/na-svecanosti-povodom-dana-policije-pohvaljeno-pet-policajaca-iz-pp-i-pgp-metkovic\/"]}]},{"@type":"ImageObject","inLanguage":"hr","@id":"https:\/\/likemetkovic.hr\/na-svecanosti-povodom-dana-policije-pohvaljeno-pet-policajaca-iz-pp-i-pgp-metkovic\/#primaryimage","url":"https:\/\/likemetkovic.hr\/portal\/wp-content\/uploads\/2018\/09\/dan-policije-dubrovnik-7.jpg","contentUrl":"https:\/\/likemetkovic.hr\/portal\/wp-content\/uploads\/2018\/09\/dan-policije-dubrovnik-7.jpg","width":800,"height":534},{"@type":"BreadcrumbList","@id":"https:\/\/likemetkovic.hr\/na-svecanosti-povodom-dana-policije-pohvaljeno-pet-policajaca-iz-pp-i-pgp-metkovic\/#breadcrumb","itemListElement":[{"@type":"ListItem","position":1,"name":"Po\u010detna stranica","item":"https:\/\/likemetkovic.hr\/portal\/"},{"@type":"ListItem","position":2,"name":"Na sve\u010danosti povodom Dana policije pohvaljeno pet policajaca iz PP i PGP Metkovi\u0107"}]},{"@type":"WebSite","@id":"https:\/\/likemetkovic.hr\/#website","url":"https:\/\/likemetkovic.hr\/","name":"likemetkovic.hr","description":"Misli pozitivno... \u010ditaj LIKE","potentialAction":[{"@type":"SearchAction","target":{"@type":"EntryPoint","urlTemplate":"https:\/\/likemetkovic.hr\/?s={search_term_string}"},"query-input":{"@type":"PropertyValueSpecification","valueRequired":true,"valueName":"search_term_string"}}],"inLanguage":"hr"},{"@type":"Person","@id":"https:\/\/likemetkovic.hr\/#\/schema\/person\/a42711f3385a0e2be6f7e0443bfb28f0","name":"LIKEmetkovic.hr","sameAs":["http:\/\/likemetkovic.hr"],"url":"https:\/\/likemetkovic.hr\/portal\/author\/likemetkovic-hr\/"}]}},"_links":{"self":[{"href":"https:\/\/likemetkovic.hr\/portal\/wp-json\/wp\/v2\/posts\/68095","targetHints":{"allow":["GET"]}}],"collection":[{"href":"https:\/\/likemetkovic.hr\/portal\/wp-json\/wp\/v2\/posts"}],"about":[{"href":"https:\/\/likemetkovic.hr\/portal\/wp-json\/wp\/v2\/types\/post"}],"author":[{"embeddable":true,"href":"https:\/\/likemetkovic.hr\/portal\/wp-json\/wp\/v2\/users\/7"}],"replies":[{"embeddable":true,"href":"https:\/\/likemetkovic.hr\/portal\/wp-json\/wp\/v2\/comments?post=68095"}],"version-history":[{"count":0,"href":"https:\/\/likemetkovic.hr\/portal\/wp-json\/wp\/v2\/posts\/68095\/revisions"}],"wp:featuredmedia":[{"embeddable":true,"href":"https:\/\/likemetkovic.hr\/portal\/wp-json\/wp\/v2\/media\/68102"}],"wp:attachment":[{"href":"https:\/\/likemetkovic.hr\/portal\/wp-json\/wp\/v2\/media?parent=68095"}],"wp:term":[{"taxonomy":"category","embeddable":true,"href":"https:\/\/likemetkovic.hr\/portal\/wp-json\/wp\/v2\/categories?post=68095"},{"taxonomy":"post_tag","embeddable":true,"href":"https:\/\/likemetkovic.hr\/portal\/wp-json\/wp\/v2\/tags?post=68095"}],"curies":[{"name":"wp","href":"https:\/\/api.w.org\/{rel}","templated":true}]}}