{"id":68376,"date":"2018-10-01T09:05:16","date_gmt":"2018-10-01T07:05:16","guid":{"rendered":"http:\/\/likemetkovic.hr\/?p=68376"},"modified":"2018-10-01T11:07:04","modified_gmt":"2018-10-01T09:07:04","slug":"zc-112-izbio-manji-pozar-na-podrucju-jerkovca","status":"publish","type":"post","link":"https:\/\/likemetkovic.hr\/portal\/zc-112-izbio-manji-pozar-na-podrucju-jerkovca\/","title":{"rendered":"\u017dC 112: Izbio manji po\u017ear na podru\u010dju Jerkovca"},"content":{"rendered":"<p>Ju\u010der u 19:37 u \u017dC112 Dubrovnik zaprimljena je dojava o po\u017earu na otvorenom prostoru na podru\u010dju Jerkovca u Metkovi\u0107u. \u017dC112 odmah je po dojavi izvijestio JVP Metkovi\u0107 i policiju.<\/p>\n<p>Po\u017ear je uga\u0161en u 20:30. Izgorjela povr\u0161ina je oko 100m2, a gorjela je suha trava. Po\u017ear su gasila 2 vatrogasaca s 1 vatrogasnim vozilom.<\/p>\n<p>Ovim putem upozoravamo na opasnost od nastanka po\u017eara i pozivamo sve gra\u0111ane da se pridr\u017eavaju pravila o paljenju vatre na otvorenom prostoru zbog mogu\u0107ih velikih posljedica takovoga pona\u0161anja kojih smo svjedoci u posljednje vrijeme.<\/p>\n<p>Zabrana paljenja vatre na otvorenom prostoru je stupila na snagu 1. lipnja i traje do 30 listopada.<\/p>\n","protected":false},"excerpt":{"rendered":"<p>Ju\u010der u 19:37 u \u017dC112 Dubrovnik zaprimljena je dojava o po\u017earu na otvorenom prostoru na podru\u010dju Jerkovca u Metkovi\u0107u. \u017dC112 odmah je po dojavi izvijestio JVP Metkovi\u0107 i policiju. Po\u017ear je uga\u0161en u 20:30. Izgorjela povr\u0161ina je oko 100m2, a gorjela je suha trava. Po\u017ear su gasila 2 vatrogasaca s 1 vatrogasnim vozilom. Ovim putem [&hellip;]<\/p>\n","protected":false},"author":7,"featured_media":67936,"comment_status":"open","ping_status":"open","sticky":false,"template":"","format":"standard","meta":{"footnotes":""},"categories":[296,305],"tags":[1053,438],"class_list":{"0":"post-68376","1":"post","2":"type-post","3":"status-publish","4":"format-standard","5":"has-post-thumbnail","7":"category-ab","8":"category-crna-kronika","9":"tag-jerkovac","10":"tag-pozar"},"yoast_head":"<!-- This site is optimized with the Yoast SEO plugin v25.2 - https:\/\/yoast.com\/wordpress\/plugins\/seo\/ -->\n<title>\u017dC 112: Izbio manji po\u017ear na podru\u010dju Jerkovca - likemetkovic.hr<\/title>\n<meta name=\"robots\" content=\"index, follow, max-snippet:-1, max-image-preview:large, max-video-preview:-1\" \/>\n<link rel=\"canonical\" href=\"https:\/\/likemetkovic.hr\/zc-112-izbio-manji-pozar-na-podrucju-jerkovca\/\" \/>\n<meta property=\"og:locale\" content=\"hr_HR\" \/>\n<meta property=\"og:type\" content=\"article\" \/>\n<meta property=\"og:title\" content=\"\u017dC 112: Izbio manji po\u017ear na podru\u010dju Jerkovca - likemetkovic.hr\" \/>\n<meta property=\"og:description\" content=\"Ju\u010der u 19:37 u \u017dC112 Dubrovnik zaprimljena je dojava o po\u017earu na otvorenom prostoru na podru\u010dju Jerkovca u Metkovi\u0107u. \u017dC112 odmah je po dojavi izvijestio JVP Metkovi\u0107 i policiju. Po\u017ear je uga\u0161en u 20:30. Izgorjela povr\u0161ina je oko 100m2, a gorjela je suha trava. Po\u017ear su gasila 2 vatrogasaca s 1 vatrogasnim vozilom. Ovim putem [&hellip;]\" \/>\n<meta property=\"og:url\" content=\"https:\/\/likemetkovic.hr\/zc-112-izbio-manji-pozar-na-podrucju-jerkovca\/\" \/>\n<meta property=\"og:site_name\" content=\"likemetkovic.hr\" \/>\n<meta property=\"article:publisher\" content=\"https:\/\/www.facebook.com\/likemetkovic.hr\/\" \/>\n<meta property=\"article:published_time\" content=\"2018-10-01T07:05:16+00:00\" \/>\n<meta property=\"article:modified_time\" content=\"2018-10-01T09:07:04+00:00\" \/>\n<meta property=\"og:image\" content=\"https:\/\/likemetkovic.hr\/wp-content\/uploads\/2018\/09\/po\u017ear-gabela-polje-1.jpg\" \/>\n\t<meta property=\"og:image:width\" content=\"800\" \/>\n\t<meta property=\"og:image:height\" content=\"534\" \/>\n\t<meta property=\"og:image:type\" content=\"image\/jpeg\" \/>\n<meta name=\"author\" content=\"LIKEmetkovic.hr\" \/>\n<meta name=\"twitter:card\" content=\"summary_large_image\" \/>\n<meta name=\"twitter:label1\" content=\"Napisao\/la\" \/>\n\t<meta name=\"twitter:data1\" content=\"LIKEmetkovic.hr\" \/>\n\t<meta name=\"twitter:label2\" content=\"Procijenjeno vrijeme \u010ditanja\" \/>\n\t<meta name=\"twitter:data2\" content=\"1 minuta\" \/>\n<script type=\"application\/ld+json\" class=\"yoast-schema-graph\">{\"@context\":\"https:\/\/schema.org\",\"@graph\":[{\"@type\":\"WebPage\",\"@id\":\"https:\/\/likemetkovic.hr\/zc-112-izbio-manji-pozar-na-podrucju-jerkovca\/\",\"url\":\"https:\/\/likemetkovic.hr\/zc-112-izbio-manji-pozar-na-podrucju-jerkovca\/\",\"name\":\"\u017dC 112: Izbio manji po\u017ear na podru\u010dju Jerkovca - likemetkovic.hr\",\"isPartOf\":{\"@id\":\"https:\/\/likemetkovic.hr\/#website\"},\"primaryImageOfPage\":{\"@id\":\"https:\/\/likemetkovic.hr\/zc-112-izbio-manji-pozar-na-podrucju-jerkovca\/#primaryimage\"},\"image\":{\"@id\":\"https:\/\/likemetkovic.hr\/zc-112-izbio-manji-pozar-na-podrucju-jerkovca\/#primaryimage\"},\"thumbnailUrl\":\"https:\/\/likemetkovic.hr\/portal\/wp-content\/uploads\/2018\/09\/po\u017ear-gabela-polje-1.jpg\",\"datePublished\":\"2018-10-01T07:05:16+00:00\",\"dateModified\":\"2018-10-01T09:07:04+00:00\",\"author\":{\"@id\":\"https:\/\/likemetkovic.hr\/#\/schema\/person\/a42711f3385a0e2be6f7e0443bfb28f0\"},\"breadcrumb\":{\"@id\":\"https:\/\/likemetkovic.hr\/zc-112-izbio-manji-pozar-na-podrucju-jerkovca\/#breadcrumb\"},\"inLanguage\":\"hr\",\"potentialAction\":[{\"@type\":\"ReadAction\",\"target\":[\"https:\/\/likemetkovic.hr\/zc-112-izbio-manji-pozar-na-podrucju-jerkovca\/\"]}]},{\"@type\":\"ImageObject\",\"inLanguage\":\"hr\",\"@id\":\"https:\/\/likemetkovic.hr\/zc-112-izbio-manji-pozar-na-podrucju-jerkovca\/#primaryimage\",\"url\":\"https:\/\/likemetkovic.hr\/portal\/wp-content\/uploads\/2018\/09\/po\u017ear-gabela-polje-1.jpg\",\"contentUrl\":\"https:\/\/likemetkovic.hr\/portal\/wp-content\/uploads\/2018\/09\/po\u017ear-gabela-polje-1.jpg\",\"width\":800,\"height\":534},{\"@type\":\"BreadcrumbList\",\"@id\":\"https:\/\/likemetkovic.hr\/zc-112-izbio-manji-pozar-na-podrucju-jerkovca\/#breadcrumb\",\"itemListElement\":[{\"@type\":\"ListItem\",\"position\":1,\"name\":\"Po\u010detna stranica\",\"item\":\"https:\/\/likemetkovic.hr\/portal\/\"},{\"@type\":\"ListItem\",\"position\":2,\"name\":\"\u017dC 112: Izbio manji po\u017ear na podru\u010dju Jerkovca\"}]},{\"@type\":\"WebSite\",\"@id\":\"https:\/\/likemetkovic.hr\/#website\",\"url\":\"https:\/\/likemetkovic.hr\/\",\"name\":\"likemetkovic.hr\",\"description\":\"Misli pozitivno... \u010ditaj LIKE\",\"potentialAction\":[{\"@type\":\"SearchAction\",\"target\":{\"@type\":\"EntryPoint\",\"urlTemplate\":\"https:\/\/likemetkovic.hr\/?s={search_term_string}\"},\"query-input\":{\"@type\":\"PropertyValueSpecification\",\"valueRequired\":true,\"valueName\":\"search_term_string\"}}],\"inLanguage\":\"hr\"},{\"@type\":\"Person\",\"@id\":\"https:\/\/likemetkovic.hr\/#\/schema\/person\/a42711f3385a0e2be6f7e0443bfb28f0\",\"name\":\"LIKEmetkovic.hr\",\"sameAs\":[\"http:\/\/likemetkovic.hr\"],\"url\":\"https:\/\/likemetkovic.hr\/portal\/author\/likemetkovic-hr\/\"}]}<\/script>\n<!-- \/ Yoast SEO plugin. -->","yoast_head_json":{"title":"\u017dC 112: Izbio manji po\u017ear na podru\u010dju Jerkovca - likemetkovic.hr","robots":{"index":"index","follow":"follow","max-snippet":"max-snippet:-1","max-image-preview":"max-image-preview:large","max-video-preview":"max-video-preview:-1"},"canonical":"https:\/\/likemetkovic.hr\/zc-112-izbio-manji-pozar-na-podrucju-jerkovca\/","og_locale":"hr_HR","og_type":"article","og_title":"\u017dC 112: Izbio manji po\u017ear na podru\u010dju Jerkovca - likemetkovic.hr","og_description":"Ju\u010der u 19:37 u \u017dC112 Dubrovnik zaprimljena je dojava o po\u017earu na otvorenom prostoru na podru\u010dju Jerkovca u Metkovi\u0107u. \u017dC112 odmah je po dojavi izvijestio JVP Metkovi\u0107 i policiju. Po\u017ear je uga\u0161en u 20:30. Izgorjela povr\u0161ina je oko 100m2, a gorjela je suha trava. Po\u017ear su gasila 2 vatrogasaca s 1 vatrogasnim vozilom. Ovim putem [&hellip;]","og_url":"https:\/\/likemetkovic.hr\/zc-112-izbio-manji-pozar-na-podrucju-jerkovca\/","og_site_name":"likemetkovic.hr","article_publisher":"https:\/\/www.facebook.com\/likemetkovic.hr\/","article_published_time":"2018-10-01T07:05:16+00:00","article_modified_time":"2018-10-01T09:07:04+00:00","og_image":[{"width":800,"height":534,"url":"https:\/\/likemetkovic.hr\/wp-content\/uploads\/2018\/09\/po\u017ear-gabela-polje-1.jpg","type":"image\/jpeg"}],"author":"LIKEmetkovic.hr","twitter_card":"summary_large_image","twitter_misc":{"Napisao\/la":"LIKEmetkovic.hr","Procijenjeno vrijeme \u010ditanja":"1 minuta"},"schema":{"@context":"https:\/\/schema.org","@graph":[{"@type":"WebPage","@id":"https:\/\/likemetkovic.hr\/zc-112-izbio-manji-pozar-na-podrucju-jerkovca\/","url":"https:\/\/likemetkovic.hr\/zc-112-izbio-manji-pozar-na-podrucju-jerkovca\/","name":"\u017dC 112: Izbio manji po\u017ear na podru\u010dju Jerkovca - likemetkovic.hr","isPartOf":{"@id":"https:\/\/likemetkovic.hr\/#website"},"primaryImageOfPage":{"@id":"https:\/\/likemetkovic.hr\/zc-112-izbio-manji-pozar-na-podrucju-jerkovca\/#primaryimage"},"image":{"@id":"https:\/\/likemetkovic.hr\/zc-112-izbio-manji-pozar-na-podrucju-jerkovca\/#primaryimage"},"thumbnailUrl":"https:\/\/likemetkovic.hr\/portal\/wp-content\/uploads\/2018\/09\/po\u017ear-gabela-polje-1.jpg","datePublished":"2018-10-01T07:05:16+00:00","dateModified":"2018-10-01T09:07:04+00:00","author":{"@id":"https:\/\/likemetkovic.hr\/#\/schema\/person\/a42711f3385a0e2be6f7e0443bfb28f0"},"breadcrumb":{"@id":"https:\/\/likemetkovic.hr\/zc-112-izbio-manji-pozar-na-podrucju-jerkovca\/#breadcrumb"},"inLanguage":"hr","potentialAction":[{"@type":"ReadAction","target":["https:\/\/likemetkovic.hr\/zc-112-izbio-manji-pozar-na-podrucju-jerkovca\/"]}]},{"@type":"ImageObject","inLanguage":"hr","@id":"https:\/\/likemetkovic.hr\/zc-112-izbio-manji-pozar-na-podrucju-jerkovca\/#primaryimage","url":"https:\/\/likemetkovic.hr\/portal\/wp-content\/uploads\/2018\/09\/po\u017ear-gabela-polje-1.jpg","contentUrl":"https:\/\/likemetkovic.hr\/portal\/wp-content\/uploads\/2018\/09\/po\u017ear-gabela-polje-1.jpg","width":800,"height":534},{"@type":"BreadcrumbList","@id":"https:\/\/likemetkovic.hr\/zc-112-izbio-manji-pozar-na-podrucju-jerkovca\/#breadcrumb","itemListElement":[{"@type":"ListItem","position":1,"name":"Po\u010detna stranica","item":"https:\/\/likemetkovic.hr\/portal\/"},{"@type":"ListItem","position":2,"name":"\u017dC 112: Izbio manji po\u017ear na podru\u010dju Jerkovca"}]},{"@type":"WebSite","@id":"https:\/\/likemetkovic.hr\/#website","url":"https:\/\/likemetkovic.hr\/","name":"likemetkovic.hr","description":"Misli pozitivno... \u010ditaj LIKE","potentialAction":[{"@type":"SearchAction","target":{"@type":"EntryPoint","urlTemplate":"https:\/\/likemetkovic.hr\/?s={search_term_string}"},"query-input":{"@type":"PropertyValueSpecification","valueRequired":true,"valueName":"search_term_string"}}],"inLanguage":"hr"},{"@type":"Person","@id":"https:\/\/likemetkovic.hr\/#\/schema\/person\/a42711f3385a0e2be6f7e0443bfb28f0","name":"LIKEmetkovic.hr","sameAs":["http:\/\/likemetkovic.hr"],"url":"https:\/\/likemetkovic.hr\/portal\/author\/likemetkovic-hr\/"}]}},"_links":{"self":[{"href":"https:\/\/likemetkovic.hr\/portal\/wp-json\/wp\/v2\/posts\/68376","targetHints":{"allow":["GET"]}}],"collection":[{"href":"https:\/\/likemetkovic.hr\/portal\/wp-json\/wp\/v2\/posts"}],"about":[{"href":"https:\/\/likemetkovic.hr\/portal\/wp-json\/wp\/v2\/types\/post"}],"author":[{"embeddable":true,"href":"https:\/\/likemetkovic.hr\/portal\/wp-json\/wp\/v2\/users\/7"}],"replies":[{"embeddable":true,"href":"https:\/\/likemetkovic.hr\/portal\/wp-json\/wp\/v2\/comments?post=68376"}],"version-history":[{"count":0,"href":"https:\/\/likemetkovic.hr\/portal\/wp-json\/wp\/v2\/posts\/68376\/revisions"}],"wp:featuredmedia":[{"embeddable":true,"href":"https:\/\/likemetkovic.hr\/portal\/wp-json\/wp\/v2\/media\/67936"}],"wp:attachment":[{"href":"https:\/\/likemetkovic.hr\/portal\/wp-json\/wp\/v2\/media?parent=68376"}],"wp:term":[{"taxonomy":"category","embeddable":true,"href":"https:\/\/likemetkovic.hr\/portal\/wp-json\/wp\/v2\/categories?post=68376"},{"taxonomy":"post_tag","embeddable":true,"href":"https:\/\/likemetkovic.hr\/portal\/wp-json\/wp\/v2\/tags?post=68376"}],"curies":[{"name":"wp","href":"https:\/\/api.w.org\/{rel}","templated":true}]}}