{"id":68420,"date":"2018-10-02T08:22:20","date_gmt":"2018-10-02T06:22:20","guid":{"rendered":"http:\/\/likemetkovic.hr\/?p=68420"},"modified":"2018-10-02T08:22:20","modified_gmt":"2018-10-02T06:22:20","slug":"na-sastanku-zupanijskih-celnika-razgovarano-o-izvoristu-doljani-i-nasipu-u-gabela-polju","status":"publish","type":"post","link":"https:\/\/likemetkovic.hr\/portal\/na-sastanku-zupanijskih-celnika-razgovarano-o-izvoristu-doljani-i-nasipu-u-gabela-polju\/","title":{"rendered":"Na sastanku \u017eupanijskih \u010delnika razgovarano o izvori\u0161tu Doljani i nasipu u Gabela Polju"},"content":{"rendered":"<p>U Mostaru je 29. rujna odr\u017ean<strong> sastanak du\u017enosnika iz dvije susjedne \u017eupanije<\/strong>, Dubrova\u010dko-neretvanske i Hercegova\u010dko-neretvanske, a na dnevnom redu bili su zajedni\u010dki problemi, suradnja jedinica lokalne samouprave s obje strane veoma duga\u010dke granice.<\/p>\n<p>Izme\u0111u ostaloga dogovoreni su koraci u rje\u0161avanje <strong>pitanja izvori\u0161ta u Doljanima<\/strong> s kojeg se Metkovi\u0107 opskrbljuje pitkom vodom i s time povezanog problema odlagali\u0161ta otpada, te je najavljena <strong>izgradnja sustava za\u0161tite od poplava na podru\u010dju Gabela Polja<\/strong> koji \u0107e financirati Hrvatske vode.<\/p>\n<p>Na sastanku su bili, uz predsjednika Hercega i \u017eupana Dobroslavi\u0107a, direktor Hrvatskih voda Zoran \u0110urekovi\u0107, saborski zastupnik Branko Ba\u010di\u0107, gradona\u010delnici Mostara, Dubrovnika i Metkovi\u0107a Ljubo Be\u0161li\u0107, Mato Frankovi\u0107 i Dalibor Milan, na\u010delnici op\u0107ina Ravno, Neum, \u010capljina, Stolac, \u010citluk i \u017dupa Dubrova\u010dka Andrija \u0160imunovi\u0107, \u017divko Matu\u0161ko, Smiljan Vidi\u0107, Stjepan Bo\u0161kovi\u0107, Marin Radi\u0161i\u0107 i Silvio Nardeli, te ostali du\u017enosnici.<\/p>\n<p>Dogovoren je sljede\u0107i sastanak u Dubrovniku na kojem \u0107e se uz ostalo govoriti i o utjecajima projekta <strong>Gornji horizonti<\/strong> na vode i ukupan okoli\u0161 u dvije \u017eupanije.<\/p>\n<p>Foto: HN\u017d<\/p>\n","protected":false},"excerpt":{"rendered":"<p>U Mostaru je 29. rujna odr\u017ean sastanak du\u017enosnika iz dvije susjedne \u017eupanije, Dubrova\u010dko-neretvanske i Hercegova\u010dko-neretvanske, a na dnevnom redu bili su zajedni\u010dki problemi, suradnja jedinica lokalne samouprave s obje strane veoma duga\u010dke granice. Izme\u0111u ostaloga dogovoreni su koraci u rje\u0161avanje pitanja izvori\u0161ta u Doljanima s kojeg se Metkovi\u0107 opskrbljuje pitkom vodom i s time povezanog [&hellip;]<\/p>\n","protected":false},"author":7,"featured_media":68421,"comment_status":"open","ping_status":"open","sticky":false,"template":"","format":"standard","meta":{"footnotes":""},"categories":[296,290],"tags":[3829,1001,1789],"class_list":{"0":"post-68420","1":"post","2":"type-post","3":"status-publish","4":"format-standard","5":"has-post-thumbnail","7":"category-ab","8":"category-politika","9":"tag-hercegovacko-neretvanska-zupanija","10":"tag-mostar","11":"tag-zupanija-dubrovacko-neretvanska"},"yoast_head":"<!-- This site is optimized with the Yoast SEO plugin v25.2 - https:\/\/yoast.com\/wordpress\/plugins\/seo\/ -->\n<title>Na sastanku \u017eupanijskih \u010delnika razgovarano o izvori\u0161tu Doljani i nasipu u Gabela Polju - likemetkovic.hr<\/title>\n<meta name=\"description\" content=\"U Mostaru je 29. rujna odr\u017ean sastanak du\u017enosnika iz dvije susjedne \u017eupanije, Dubrova\u010dko-neretvanske i Hercegova\u010dko-neretvanske.\" \/>\n<meta name=\"robots\" content=\"index, follow, max-snippet:-1, max-image-preview:large, max-video-preview:-1\" \/>\n<link rel=\"canonical\" href=\"https:\/\/likemetkovic.hr\/na-sastanku-zupanijskih-celnika-razgovarano-o-izvoristu-doljani-i-nasipu-u-gabela-polju\/\" \/>\n<meta property=\"og:locale\" content=\"hr_HR\" \/>\n<meta property=\"og:type\" content=\"article\" \/>\n<meta property=\"og:title\" content=\"Na sastanku \u017eupanijskih \u010delnika razgovarano o izvori\u0161tu Doljani i nasipu u Gabela Polju - likemetkovic.hr\" \/>\n<meta property=\"og:description\" content=\"U Mostaru je 29. rujna odr\u017ean sastanak du\u017enosnika iz dvije susjedne \u017eupanije, Dubrova\u010dko-neretvanske i Hercegova\u010dko-neretvanske.\" \/>\n<meta property=\"og:url\" content=\"https:\/\/likemetkovic.hr\/na-sastanku-zupanijskih-celnika-razgovarano-o-izvoristu-doljani-i-nasipu-u-gabela-polju\/\" \/>\n<meta property=\"og:site_name\" content=\"likemetkovic.hr\" \/>\n<meta property=\"article:publisher\" content=\"https:\/\/www.facebook.com\/likemetkovic.hr\/\" \/>\n<meta property=\"article:published_time\" content=\"2018-10-02T06:22:20+00:00\" \/>\n<meta property=\"og:image\" content=\"https:\/\/likemetkovic.hr\/wp-content\/uploads\/2018\/10\/mostar-hnz.jpg\" \/>\n\t<meta property=\"og:image:width\" content=\"1200\" \/>\n\t<meta property=\"og:image:height\" content=\"800\" \/>\n\t<meta property=\"og:image:type\" content=\"image\/jpeg\" \/>\n<meta name=\"author\" content=\"LIKEmetkovic.hr\" \/>\n<meta name=\"twitter:card\" content=\"summary_large_image\" \/>\n<meta name=\"twitter:label1\" content=\"Napisao\/la\" \/>\n\t<meta name=\"twitter:data1\" content=\"LIKEmetkovic.hr\" \/>\n\t<meta name=\"twitter:label2\" content=\"Procijenjeno vrijeme \u010ditanja\" \/>\n\t<meta name=\"twitter:data2\" content=\"1 minuta\" \/>\n<script type=\"application\/ld+json\" class=\"yoast-schema-graph\">{\"@context\":\"https:\/\/schema.org\",\"@graph\":[{\"@type\":\"WebPage\",\"@id\":\"https:\/\/likemetkovic.hr\/na-sastanku-zupanijskih-celnika-razgovarano-o-izvoristu-doljani-i-nasipu-u-gabela-polju\/\",\"url\":\"https:\/\/likemetkovic.hr\/na-sastanku-zupanijskih-celnika-razgovarano-o-izvoristu-doljani-i-nasipu-u-gabela-polju\/\",\"name\":\"Na sastanku \u017eupanijskih \u010delnika razgovarano o izvori\u0161tu Doljani i nasipu u Gabela Polju - likemetkovic.hr\",\"isPartOf\":{\"@id\":\"https:\/\/likemetkovic.hr\/#website\"},\"primaryImageOfPage\":{\"@id\":\"https:\/\/likemetkovic.hr\/na-sastanku-zupanijskih-celnika-razgovarano-o-izvoristu-doljani-i-nasipu-u-gabela-polju\/#primaryimage\"},\"image\":{\"@id\":\"https:\/\/likemetkovic.hr\/na-sastanku-zupanijskih-celnika-razgovarano-o-izvoristu-doljani-i-nasipu-u-gabela-polju\/#primaryimage\"},\"thumbnailUrl\":\"https:\/\/likemetkovic.hr\/portal\/wp-content\/uploads\/2018\/10\/mostar-hnz.jpg\",\"datePublished\":\"2018-10-02T06:22:20+00:00\",\"author\":{\"@id\":\"https:\/\/likemetkovic.hr\/#\/schema\/person\/a42711f3385a0e2be6f7e0443bfb28f0\"},\"description\":\"U Mostaru je 29. rujna odr\u017ean sastanak du\u017enosnika iz dvije susjedne \u017eupanije, Dubrova\u010dko-neretvanske i Hercegova\u010dko-neretvanske.\",\"breadcrumb\":{\"@id\":\"https:\/\/likemetkovic.hr\/na-sastanku-zupanijskih-celnika-razgovarano-o-izvoristu-doljani-i-nasipu-u-gabela-polju\/#breadcrumb\"},\"inLanguage\":\"hr\",\"potentialAction\":[{\"@type\":\"ReadAction\",\"target\":[\"https:\/\/likemetkovic.hr\/na-sastanku-zupanijskih-celnika-razgovarano-o-izvoristu-doljani-i-nasipu-u-gabela-polju\/\"]}]},{\"@type\":\"ImageObject\",\"inLanguage\":\"hr\",\"@id\":\"https:\/\/likemetkovic.hr\/na-sastanku-zupanijskih-celnika-razgovarano-o-izvoristu-doljani-i-nasipu-u-gabela-polju\/#primaryimage\",\"url\":\"https:\/\/likemetkovic.hr\/portal\/wp-content\/uploads\/2018\/10\/mostar-hnz.jpg\",\"contentUrl\":\"https:\/\/likemetkovic.hr\/portal\/wp-content\/uploads\/2018\/10\/mostar-hnz.jpg\",\"width\":1200,\"height\":800},{\"@type\":\"BreadcrumbList\",\"@id\":\"https:\/\/likemetkovic.hr\/na-sastanku-zupanijskih-celnika-razgovarano-o-izvoristu-doljani-i-nasipu-u-gabela-polju\/#breadcrumb\",\"itemListElement\":[{\"@type\":\"ListItem\",\"position\":1,\"name\":\"Po\u010detna stranica\",\"item\":\"https:\/\/likemetkovic.hr\/portal\/\"},{\"@type\":\"ListItem\",\"position\":2,\"name\":\"Na sastanku \u017eupanijskih \u010delnika razgovarano o izvori\u0161tu Doljani i nasipu u Gabela Polju\"}]},{\"@type\":\"WebSite\",\"@id\":\"https:\/\/likemetkovic.hr\/#website\",\"url\":\"https:\/\/likemetkovic.hr\/\",\"name\":\"likemetkovic.hr\",\"description\":\"Misli pozitivno... \u010ditaj LIKE\",\"potentialAction\":[{\"@type\":\"SearchAction\",\"target\":{\"@type\":\"EntryPoint\",\"urlTemplate\":\"https:\/\/likemetkovic.hr\/?s={search_term_string}\"},\"query-input\":{\"@type\":\"PropertyValueSpecification\",\"valueRequired\":true,\"valueName\":\"search_term_string\"}}],\"inLanguage\":\"hr\"},{\"@type\":\"Person\",\"@id\":\"https:\/\/likemetkovic.hr\/#\/schema\/person\/a42711f3385a0e2be6f7e0443bfb28f0\",\"name\":\"LIKEmetkovic.hr\",\"sameAs\":[\"http:\/\/likemetkovic.hr\"],\"url\":\"https:\/\/likemetkovic.hr\/portal\/author\/likemetkovic-hr\/\"}]}<\/script>\n<!-- \/ Yoast SEO plugin. -->","yoast_head_json":{"title":"Na sastanku \u017eupanijskih \u010delnika razgovarano o izvori\u0161tu Doljani i nasipu u Gabela Polju - likemetkovic.hr","description":"U Mostaru je 29. rujna odr\u017ean sastanak du\u017enosnika iz dvije susjedne \u017eupanije, Dubrova\u010dko-neretvanske i Hercegova\u010dko-neretvanske.","robots":{"index":"index","follow":"follow","max-snippet":"max-snippet:-1","max-image-preview":"max-image-preview:large","max-video-preview":"max-video-preview:-1"},"canonical":"https:\/\/likemetkovic.hr\/na-sastanku-zupanijskih-celnika-razgovarano-o-izvoristu-doljani-i-nasipu-u-gabela-polju\/","og_locale":"hr_HR","og_type":"article","og_title":"Na sastanku \u017eupanijskih \u010delnika razgovarano o izvori\u0161tu Doljani i nasipu u Gabela Polju - likemetkovic.hr","og_description":"U Mostaru je 29. rujna odr\u017ean sastanak du\u017enosnika iz dvije susjedne \u017eupanije, Dubrova\u010dko-neretvanske i Hercegova\u010dko-neretvanske.","og_url":"https:\/\/likemetkovic.hr\/na-sastanku-zupanijskih-celnika-razgovarano-o-izvoristu-doljani-i-nasipu-u-gabela-polju\/","og_site_name":"likemetkovic.hr","article_publisher":"https:\/\/www.facebook.com\/likemetkovic.hr\/","article_published_time":"2018-10-02T06:22:20+00:00","og_image":[{"width":1200,"height":800,"url":"https:\/\/likemetkovic.hr\/wp-content\/uploads\/2018\/10\/mostar-hnz.jpg","type":"image\/jpeg"}],"author":"LIKEmetkovic.hr","twitter_card":"summary_large_image","twitter_misc":{"Napisao\/la":"LIKEmetkovic.hr","Procijenjeno vrijeme \u010ditanja":"1 minuta"},"schema":{"@context":"https:\/\/schema.org","@graph":[{"@type":"WebPage","@id":"https:\/\/likemetkovic.hr\/na-sastanku-zupanijskih-celnika-razgovarano-o-izvoristu-doljani-i-nasipu-u-gabela-polju\/","url":"https:\/\/likemetkovic.hr\/na-sastanku-zupanijskih-celnika-razgovarano-o-izvoristu-doljani-i-nasipu-u-gabela-polju\/","name":"Na sastanku \u017eupanijskih \u010delnika razgovarano o izvori\u0161tu Doljani i nasipu u Gabela Polju - likemetkovic.hr","isPartOf":{"@id":"https:\/\/likemetkovic.hr\/#website"},"primaryImageOfPage":{"@id":"https:\/\/likemetkovic.hr\/na-sastanku-zupanijskih-celnika-razgovarano-o-izvoristu-doljani-i-nasipu-u-gabela-polju\/#primaryimage"},"image":{"@id":"https:\/\/likemetkovic.hr\/na-sastanku-zupanijskih-celnika-razgovarano-o-izvoristu-doljani-i-nasipu-u-gabela-polju\/#primaryimage"},"thumbnailUrl":"https:\/\/likemetkovic.hr\/portal\/wp-content\/uploads\/2018\/10\/mostar-hnz.jpg","datePublished":"2018-10-02T06:22:20+00:00","author":{"@id":"https:\/\/likemetkovic.hr\/#\/schema\/person\/a42711f3385a0e2be6f7e0443bfb28f0"},"description":"U Mostaru je 29. rujna odr\u017ean sastanak du\u017enosnika iz dvije susjedne \u017eupanije, Dubrova\u010dko-neretvanske i Hercegova\u010dko-neretvanske.","breadcrumb":{"@id":"https:\/\/likemetkovic.hr\/na-sastanku-zupanijskih-celnika-razgovarano-o-izvoristu-doljani-i-nasipu-u-gabela-polju\/#breadcrumb"},"inLanguage":"hr","potentialAction":[{"@type":"ReadAction","target":["https:\/\/likemetkovic.hr\/na-sastanku-zupanijskih-celnika-razgovarano-o-izvoristu-doljani-i-nasipu-u-gabela-polju\/"]}]},{"@type":"ImageObject","inLanguage":"hr","@id":"https:\/\/likemetkovic.hr\/na-sastanku-zupanijskih-celnika-razgovarano-o-izvoristu-doljani-i-nasipu-u-gabela-polju\/#primaryimage","url":"https:\/\/likemetkovic.hr\/portal\/wp-content\/uploads\/2018\/10\/mostar-hnz.jpg","contentUrl":"https:\/\/likemetkovic.hr\/portal\/wp-content\/uploads\/2018\/10\/mostar-hnz.jpg","width":1200,"height":800},{"@type":"BreadcrumbList","@id":"https:\/\/likemetkovic.hr\/na-sastanku-zupanijskih-celnika-razgovarano-o-izvoristu-doljani-i-nasipu-u-gabela-polju\/#breadcrumb","itemListElement":[{"@type":"ListItem","position":1,"name":"Po\u010detna stranica","item":"https:\/\/likemetkovic.hr\/portal\/"},{"@type":"ListItem","position":2,"name":"Na sastanku \u017eupanijskih \u010delnika razgovarano o izvori\u0161tu Doljani i nasipu u Gabela Polju"}]},{"@type":"WebSite","@id":"https:\/\/likemetkovic.hr\/#website","url":"https:\/\/likemetkovic.hr\/","name":"likemetkovic.hr","description":"Misli pozitivno... \u010ditaj LIKE","potentialAction":[{"@type":"SearchAction","target":{"@type":"EntryPoint","urlTemplate":"https:\/\/likemetkovic.hr\/?s={search_term_string}"},"query-input":{"@type":"PropertyValueSpecification","valueRequired":true,"valueName":"search_term_string"}}],"inLanguage":"hr"},{"@type":"Person","@id":"https:\/\/likemetkovic.hr\/#\/schema\/person\/a42711f3385a0e2be6f7e0443bfb28f0","name":"LIKEmetkovic.hr","sameAs":["http:\/\/likemetkovic.hr"],"url":"https:\/\/likemetkovic.hr\/portal\/author\/likemetkovic-hr\/"}]}},"_links":{"self":[{"href":"https:\/\/likemetkovic.hr\/portal\/wp-json\/wp\/v2\/posts\/68420","targetHints":{"allow":["GET"]}}],"collection":[{"href":"https:\/\/likemetkovic.hr\/portal\/wp-json\/wp\/v2\/posts"}],"about":[{"href":"https:\/\/likemetkovic.hr\/portal\/wp-json\/wp\/v2\/types\/post"}],"author":[{"embeddable":true,"href":"https:\/\/likemetkovic.hr\/portal\/wp-json\/wp\/v2\/users\/7"}],"replies":[{"embeddable":true,"href":"https:\/\/likemetkovic.hr\/portal\/wp-json\/wp\/v2\/comments?post=68420"}],"version-history":[{"count":0,"href":"https:\/\/likemetkovic.hr\/portal\/wp-json\/wp\/v2\/posts\/68420\/revisions"}],"wp:featuredmedia":[{"embeddable":true,"href":"https:\/\/likemetkovic.hr\/portal\/wp-json\/wp\/v2\/media\/68421"}],"wp:attachment":[{"href":"https:\/\/likemetkovic.hr\/portal\/wp-json\/wp\/v2\/media?parent=68420"}],"wp:term":[{"taxonomy":"category","embeddable":true,"href":"https:\/\/likemetkovic.hr\/portal\/wp-json\/wp\/v2\/categories?post=68420"},{"taxonomy":"post_tag","embeddable":true,"href":"https:\/\/likemetkovic.hr\/portal\/wp-json\/wp\/v2\/tags?post=68420"}],"curies":[{"name":"wp","href":"https:\/\/api.w.org\/{rel}","templated":true}]}}