{"id":68466,"date":"2018-10-03T10:09:22","date_gmt":"2018-10-03T08:09:22","guid":{"rendered":"http:\/\/likemetkovic.hr\/?p=68466"},"modified":"2018-10-03T10:11:19","modified_gmt":"2018-10-03T08:11:19","slug":"proglasena-elementarna-nepogoda-za-podrucja-opcina-kula-norinska-i-orebic","status":"publish","type":"post","link":"https:\/\/likemetkovic.hr\/portal\/proglasena-elementarna-nepogoda-za-podrucja-opcina-kula-norinska-i-orebic\/","title":{"rendered":"Progla\u0161ena elementarna nepogoda za podru\u010dja op\u0107ina Kula Norinska i Orebi\u0107"},"content":{"rendered":"<p>\u017dupan Nikola Dobroslavi\u0107 donio je odluku o <strong>progla\u0161enju elemetarne nepogode<\/strong> za podru\u010dja op\u0107ina <strong>Orebi\u0107 i Kula Norinska<\/strong>. Kako stoji u odluci, elementarna nepogoda progla\u0161ena je <em><strong>zbog po\u017eara<\/strong> koji je na navedenom prostoru nanio velike materijalne \u0161tete na poljoprivredi i graditeljstvu u razdoblju od 25. rujna 2018 do 1. listopada 2018 godine.<\/em><\/p>\n<p>Sukladno \u010dlanku 28. Zakona o za\u0161titi od elementarnih nepogoda (NN 73\/97 i 174\/04) obvezuju se <strong>Op\u0107inska povjerenstva za procjenu \u0161teta od elementarnih nepogoda da odmah ili u najkra\u0107em mogu\u0107em roku izrade izvje\u0161\u0107e<\/strong> \u2013 Prvo priop\u0107enje s procjenom ukupne \u0161tete, te isto dostave \u017dupanijskom povjerenstvu za procjenu \u0161tete od elementarnih nepogoda, a procijenjene poljoprivredne \u0161tete unesu u Registar \u0161teta u poljoprivredi.<\/p>\n<p><a href=\"http:\/\/www.edubrovnik.org\/obavijesti-i-najave\/odluka-o-proglasenju-elementarne-nepogode-za-podrucje-opcine-orebic-i-opcine-kula-norinska\/\">Odluka o progla\u0161enju elementarne nepogode za podru\u010dje op\u0107ine Orebi\u0107 i op\u0107ine Kula Norinska<\/a><\/p>\n","protected":false},"excerpt":{"rendered":"<p>\u017dupan Nikola Dobroslavi\u0107 donio je odluku o progla\u0161enju elemetarne nepogode za podru\u010dja op\u0107ina Orebi\u0107 i Kula Norinska. Kako stoji u odluci, elementarna nepogoda progla\u0161ena je zbog po\u017eara koji je na navedenom prostoru nanio velike materijalne \u0161tete na poljoprivredi i graditeljstvu u razdoblju od 25. rujna 2018 do 1. listopada 2018 godine. Sukladno \u010dlanku 28. Zakona [&hellip;]<\/p>\n","protected":false},"author":7,"featured_media":68467,"comment_status":"open","ping_status":"open","sticky":false,"template":"","format":"standard","meta":{"footnotes":""},"categories":[296,11],"tags":[339,665,438],"class_list":{"0":"post-68466","1":"post","2":"type-post","3":"status-publish","4":"format-standard","5":"has-post-thumbnail","7":"category-ab","8":"category-metkovic-dolina","9":"tag-elementarna-nepogoda","10":"tag-kula-norinska","11":"tag-pozar"},"yoast_head":"<!-- This site is optimized with the Yoast SEO plugin v25.2 - https:\/\/yoast.com\/wordpress\/plugins\/seo\/ -->\n<title>Progla\u0161ena elementarna nepogoda za podru\u010dja op\u0107ina Kula Norinska i Orebi\u0107 - likemetkovic.hr<\/title>\n<meta name=\"robots\" content=\"index, follow, max-snippet:-1, max-image-preview:large, max-video-preview:-1\" \/>\n<link rel=\"canonical\" href=\"https:\/\/likemetkovic.hr\/proglasena-elementarna-nepogoda-za-podrucja-opcina-kula-norinska-i-orebic\/\" \/>\n<meta property=\"og:locale\" content=\"hr_HR\" \/>\n<meta property=\"og:type\" content=\"article\" \/>\n<meta property=\"og:title\" content=\"Progla\u0161ena elementarna nepogoda za podru\u010dja op\u0107ina Kula Norinska i Orebi\u0107 - likemetkovic.hr\" \/>\n<meta property=\"og:description\" content=\"\u017dupan Nikola Dobroslavi\u0107 donio je odluku o progla\u0161enju elemetarne nepogode za podru\u010dja op\u0107ina Orebi\u0107 i Kula Norinska. Kako stoji u odluci, elementarna nepogoda progla\u0161ena je zbog po\u017eara koji je na navedenom prostoru nanio velike materijalne \u0161tete na poljoprivredi i graditeljstvu u razdoblju od 25. rujna 2018 do 1. listopada 2018 godine. Sukladno \u010dlanku 28. Zakona [&hellip;]\" \/>\n<meta property=\"og:url\" content=\"https:\/\/likemetkovic.hr\/proglasena-elementarna-nepogoda-za-podrucja-opcina-kula-norinska-i-orebic\/\" \/>\n<meta property=\"og:site_name\" content=\"likemetkovic.hr\" \/>\n<meta property=\"article:publisher\" content=\"https:\/\/www.facebook.com\/likemetkovic.hr\/\" \/>\n<meta property=\"article:published_time\" content=\"2018-10-03T08:09:22+00:00\" \/>\n<meta property=\"article:modified_time\" content=\"2018-10-03T08:11:19+00:00\" \/>\n<meta property=\"og:image\" content=\"https:\/\/likemetkovic.hr\/wp-content\/uploads\/2018\/10\/po\u017ear-bagalovi\u0107i.jpg\" \/>\n\t<meta property=\"og:image:width\" content=\"800\" \/>\n\t<meta property=\"og:image:height\" content=\"534\" \/>\n\t<meta property=\"og:image:type\" content=\"image\/jpeg\" \/>\n<meta name=\"author\" content=\"LIKEmetkovic.hr\" \/>\n<meta name=\"twitter:card\" content=\"summary_large_image\" \/>\n<meta name=\"twitter:label1\" content=\"Napisao\/la\" \/>\n\t<meta name=\"twitter:data1\" content=\"LIKEmetkovic.hr\" \/>\n\t<meta name=\"twitter:label2\" content=\"Procijenjeno vrijeme \u010ditanja\" \/>\n\t<meta name=\"twitter:data2\" content=\"1 minuta\" \/>\n<script type=\"application\/ld+json\" class=\"yoast-schema-graph\">{\"@context\":\"https:\/\/schema.org\",\"@graph\":[{\"@type\":\"WebPage\",\"@id\":\"https:\/\/likemetkovic.hr\/proglasena-elementarna-nepogoda-za-podrucja-opcina-kula-norinska-i-orebic\/\",\"url\":\"https:\/\/likemetkovic.hr\/proglasena-elementarna-nepogoda-za-podrucja-opcina-kula-norinska-i-orebic\/\",\"name\":\"Progla\u0161ena elementarna nepogoda za podru\u010dja op\u0107ina Kula Norinska i Orebi\u0107 - likemetkovic.hr\",\"isPartOf\":{\"@id\":\"https:\/\/likemetkovic.hr\/#website\"},\"primaryImageOfPage\":{\"@id\":\"https:\/\/likemetkovic.hr\/proglasena-elementarna-nepogoda-za-podrucja-opcina-kula-norinska-i-orebic\/#primaryimage\"},\"image\":{\"@id\":\"https:\/\/likemetkovic.hr\/proglasena-elementarna-nepogoda-za-podrucja-opcina-kula-norinska-i-orebic\/#primaryimage\"},\"thumbnailUrl\":\"https:\/\/likemetkovic.hr\/portal\/wp-content\/uploads\/2018\/10\/po\u017ear-bagalovi\u0107i.jpg\",\"datePublished\":\"2018-10-03T08:09:22+00:00\",\"dateModified\":\"2018-10-03T08:11:19+00:00\",\"author\":{\"@id\":\"https:\/\/likemetkovic.hr\/#\/schema\/person\/a42711f3385a0e2be6f7e0443bfb28f0\"},\"breadcrumb\":{\"@id\":\"https:\/\/likemetkovic.hr\/proglasena-elementarna-nepogoda-za-podrucja-opcina-kula-norinska-i-orebic\/#breadcrumb\"},\"inLanguage\":\"hr\",\"potentialAction\":[{\"@type\":\"ReadAction\",\"target\":[\"https:\/\/likemetkovic.hr\/proglasena-elementarna-nepogoda-za-podrucja-opcina-kula-norinska-i-orebic\/\"]}]},{\"@type\":\"ImageObject\",\"inLanguage\":\"hr\",\"@id\":\"https:\/\/likemetkovic.hr\/proglasena-elementarna-nepogoda-za-podrucja-opcina-kula-norinska-i-orebic\/#primaryimage\",\"url\":\"https:\/\/likemetkovic.hr\/portal\/wp-content\/uploads\/2018\/10\/po\u017ear-bagalovi\u0107i.jpg\",\"contentUrl\":\"https:\/\/likemetkovic.hr\/portal\/wp-content\/uploads\/2018\/10\/po\u017ear-bagalovi\u0107i.jpg\",\"width\":800,\"height\":534},{\"@type\":\"BreadcrumbList\",\"@id\":\"https:\/\/likemetkovic.hr\/proglasena-elementarna-nepogoda-za-podrucja-opcina-kula-norinska-i-orebic\/#breadcrumb\",\"itemListElement\":[{\"@type\":\"ListItem\",\"position\":1,\"name\":\"Po\u010detna stranica\",\"item\":\"https:\/\/likemetkovic.hr\/portal\/\"},{\"@type\":\"ListItem\",\"position\":2,\"name\":\"Progla\u0161ena elementarna nepogoda za podru\u010dja op\u0107ina Kula Norinska i Orebi\u0107\"}]},{\"@type\":\"WebSite\",\"@id\":\"https:\/\/likemetkovic.hr\/#website\",\"url\":\"https:\/\/likemetkovic.hr\/\",\"name\":\"likemetkovic.hr\",\"description\":\"Misli pozitivno... \u010ditaj LIKE\",\"potentialAction\":[{\"@type\":\"SearchAction\",\"target\":{\"@type\":\"EntryPoint\",\"urlTemplate\":\"https:\/\/likemetkovic.hr\/?s={search_term_string}\"},\"query-input\":{\"@type\":\"PropertyValueSpecification\",\"valueRequired\":true,\"valueName\":\"search_term_string\"}}],\"inLanguage\":\"hr\"},{\"@type\":\"Person\",\"@id\":\"https:\/\/likemetkovic.hr\/#\/schema\/person\/a42711f3385a0e2be6f7e0443bfb28f0\",\"name\":\"LIKEmetkovic.hr\",\"sameAs\":[\"http:\/\/likemetkovic.hr\"],\"url\":\"https:\/\/likemetkovic.hr\/portal\/author\/likemetkovic-hr\/\"}]}<\/script>\n<!-- \/ Yoast SEO plugin. -->","yoast_head_json":{"title":"Progla\u0161ena elementarna nepogoda za podru\u010dja op\u0107ina Kula Norinska i Orebi\u0107 - likemetkovic.hr","robots":{"index":"index","follow":"follow","max-snippet":"max-snippet:-1","max-image-preview":"max-image-preview:large","max-video-preview":"max-video-preview:-1"},"canonical":"https:\/\/likemetkovic.hr\/proglasena-elementarna-nepogoda-za-podrucja-opcina-kula-norinska-i-orebic\/","og_locale":"hr_HR","og_type":"article","og_title":"Progla\u0161ena elementarna nepogoda za podru\u010dja op\u0107ina Kula Norinska i Orebi\u0107 - likemetkovic.hr","og_description":"\u017dupan Nikola Dobroslavi\u0107 donio je odluku o progla\u0161enju elemetarne nepogode za podru\u010dja op\u0107ina Orebi\u0107 i Kula Norinska. Kako stoji u odluci, elementarna nepogoda progla\u0161ena je zbog po\u017eara koji je na navedenom prostoru nanio velike materijalne \u0161tete na poljoprivredi i graditeljstvu u razdoblju od 25. rujna 2018 do 1. listopada 2018 godine. Sukladno \u010dlanku 28. Zakona [&hellip;]","og_url":"https:\/\/likemetkovic.hr\/proglasena-elementarna-nepogoda-za-podrucja-opcina-kula-norinska-i-orebic\/","og_site_name":"likemetkovic.hr","article_publisher":"https:\/\/www.facebook.com\/likemetkovic.hr\/","article_published_time":"2018-10-03T08:09:22+00:00","article_modified_time":"2018-10-03T08:11:19+00:00","og_image":[{"width":800,"height":534,"url":"https:\/\/likemetkovic.hr\/wp-content\/uploads\/2018\/10\/po\u017ear-bagalovi\u0107i.jpg","type":"image\/jpeg"}],"author":"LIKEmetkovic.hr","twitter_card":"summary_large_image","twitter_misc":{"Napisao\/la":"LIKEmetkovic.hr","Procijenjeno vrijeme \u010ditanja":"1 minuta"},"schema":{"@context":"https:\/\/schema.org","@graph":[{"@type":"WebPage","@id":"https:\/\/likemetkovic.hr\/proglasena-elementarna-nepogoda-za-podrucja-opcina-kula-norinska-i-orebic\/","url":"https:\/\/likemetkovic.hr\/proglasena-elementarna-nepogoda-za-podrucja-opcina-kula-norinska-i-orebic\/","name":"Progla\u0161ena elementarna nepogoda za podru\u010dja op\u0107ina Kula Norinska i Orebi\u0107 - likemetkovic.hr","isPartOf":{"@id":"https:\/\/likemetkovic.hr\/#website"},"primaryImageOfPage":{"@id":"https:\/\/likemetkovic.hr\/proglasena-elementarna-nepogoda-za-podrucja-opcina-kula-norinska-i-orebic\/#primaryimage"},"image":{"@id":"https:\/\/likemetkovic.hr\/proglasena-elementarna-nepogoda-za-podrucja-opcina-kula-norinska-i-orebic\/#primaryimage"},"thumbnailUrl":"https:\/\/likemetkovic.hr\/portal\/wp-content\/uploads\/2018\/10\/po\u017ear-bagalovi\u0107i.jpg","datePublished":"2018-10-03T08:09:22+00:00","dateModified":"2018-10-03T08:11:19+00:00","author":{"@id":"https:\/\/likemetkovic.hr\/#\/schema\/person\/a42711f3385a0e2be6f7e0443bfb28f0"},"breadcrumb":{"@id":"https:\/\/likemetkovic.hr\/proglasena-elementarna-nepogoda-za-podrucja-opcina-kula-norinska-i-orebic\/#breadcrumb"},"inLanguage":"hr","potentialAction":[{"@type":"ReadAction","target":["https:\/\/likemetkovic.hr\/proglasena-elementarna-nepogoda-za-podrucja-opcina-kula-norinska-i-orebic\/"]}]},{"@type":"ImageObject","inLanguage":"hr","@id":"https:\/\/likemetkovic.hr\/proglasena-elementarna-nepogoda-za-podrucja-opcina-kula-norinska-i-orebic\/#primaryimage","url":"https:\/\/likemetkovic.hr\/portal\/wp-content\/uploads\/2018\/10\/po\u017ear-bagalovi\u0107i.jpg","contentUrl":"https:\/\/likemetkovic.hr\/portal\/wp-content\/uploads\/2018\/10\/po\u017ear-bagalovi\u0107i.jpg","width":800,"height":534},{"@type":"BreadcrumbList","@id":"https:\/\/likemetkovic.hr\/proglasena-elementarna-nepogoda-za-podrucja-opcina-kula-norinska-i-orebic\/#breadcrumb","itemListElement":[{"@type":"ListItem","position":1,"name":"Po\u010detna stranica","item":"https:\/\/likemetkovic.hr\/portal\/"},{"@type":"ListItem","position":2,"name":"Progla\u0161ena elementarna nepogoda za podru\u010dja op\u0107ina Kula Norinska i Orebi\u0107"}]},{"@type":"WebSite","@id":"https:\/\/likemetkovic.hr\/#website","url":"https:\/\/likemetkovic.hr\/","name":"likemetkovic.hr","description":"Misli pozitivno... \u010ditaj LIKE","potentialAction":[{"@type":"SearchAction","target":{"@type":"EntryPoint","urlTemplate":"https:\/\/likemetkovic.hr\/?s={search_term_string}"},"query-input":{"@type":"PropertyValueSpecification","valueRequired":true,"valueName":"search_term_string"}}],"inLanguage":"hr"},{"@type":"Person","@id":"https:\/\/likemetkovic.hr\/#\/schema\/person\/a42711f3385a0e2be6f7e0443bfb28f0","name":"LIKEmetkovic.hr","sameAs":["http:\/\/likemetkovic.hr"],"url":"https:\/\/likemetkovic.hr\/portal\/author\/likemetkovic-hr\/"}]}},"_links":{"self":[{"href":"https:\/\/likemetkovic.hr\/portal\/wp-json\/wp\/v2\/posts\/68466","targetHints":{"allow":["GET"]}}],"collection":[{"href":"https:\/\/likemetkovic.hr\/portal\/wp-json\/wp\/v2\/posts"}],"about":[{"href":"https:\/\/likemetkovic.hr\/portal\/wp-json\/wp\/v2\/types\/post"}],"author":[{"embeddable":true,"href":"https:\/\/likemetkovic.hr\/portal\/wp-json\/wp\/v2\/users\/7"}],"replies":[{"embeddable":true,"href":"https:\/\/likemetkovic.hr\/portal\/wp-json\/wp\/v2\/comments?post=68466"}],"version-history":[{"count":0,"href":"https:\/\/likemetkovic.hr\/portal\/wp-json\/wp\/v2\/posts\/68466\/revisions"}],"wp:featuredmedia":[{"embeddable":true,"href":"https:\/\/likemetkovic.hr\/portal\/wp-json\/wp\/v2\/media\/68467"}],"wp:attachment":[{"href":"https:\/\/likemetkovic.hr\/portal\/wp-json\/wp\/v2\/media?parent=68466"}],"wp:term":[{"taxonomy":"category","embeddable":true,"href":"https:\/\/likemetkovic.hr\/portal\/wp-json\/wp\/v2\/categories?post=68466"},{"taxonomy":"post_tag","embeddable":true,"href":"https:\/\/likemetkovic.hr\/portal\/wp-json\/wp\/v2\/tags?post=68466"}],"curies":[{"name":"wp","href":"https:\/\/api.w.org\/{rel}","templated":true}]}}