{"id":68475,"date":"2018-10-03T15:43:10","date_gmt":"2018-10-03T13:43:10","guid":{"rendered":"http:\/\/likemetkovic.hr\/?p=68475"},"modified":"2018-10-03T15:44:14","modified_gmt":"2018-10-03T13:44:14","slug":"kula-norinska-ostecenici-mogu-prijaviti-stetu-do-10-listopada","status":"publish","type":"post","link":"https:\/\/likemetkovic.hr\/portal\/kula-norinska-ostecenici-mogu-prijaviti-stetu-do-10-listopada\/","title":{"rendered":"KULA NORINSKA O\u0161te\u0107enici mogu prijaviti \u0161tetu do 10. listopada&#8230;"},"content":{"rendered":"<p>\u017dupan Nikola Dobroslavi\u0107 donio je odluku o progla\u0161enju elemetarne nepogode za podru\u010dja op\u0107ina Orebi\u0107 i Kula Norinska. Kako stoji u odluci, elementarna nepogoda progla\u0161ena je \u201dzbog po\u017eara koji je na navedenom prostoru nanio velike materijalne \u0161tete na poljoprivredi i graditeljstvu u razdoblju od 25.09.2018 do 01.10.2018 godine.\u201d<\/p>\n<p>Svi <strong>o\u0161te\u010denici s podru\u010dja Op\u0107ine Kula Norinska mogu se javiti u zgradu Op\u0107ine do 10. listopada 2018.<\/strong> kako bi mogli preuzeti odgovaraju\u0107i obrazac i prijaviti \u0161tetu:<\/p>\n<ul>\n<li><a href=\"http:\/\/www.edubrovnik.org\/wp-content\/uploads\/2018\/10\/elementarna-nepogoda-orebic-i-kula-norinska.pdf\" target=\"_blank\" rel=\"noopener\"><em>ODLUKA Elementarna-nepogoda-orebic-i-kula-norinska.pdf\u00a0<\/em><\/a><\/li>\n<li><em><a href=\"http:\/\/kulanorinska.hr\/wp-content\/uploads\/2018\/10\/Obrazac-Prijava-stete-od-elementarne-nepogode.doc\">Obrazac \u2013 Prijava stete od elementarne nepogode<\/a>\u00a0<\/em>(doc)<\/li>\n<li><em><a href=\"http:\/\/kulanorinska.hr\/wp-content\/uploads\/2018\/10\/Obrazac-Prijava-stete-od-elementarne-nepogode.pdf\" target=\"_blank\" rel=\"noopener\">Obrazac \u2013 Prijava stete od elementarne nepogode<\/a><\/em>\u00a0(pdf)<\/li>\n<\/ul>\n","protected":false},"excerpt":{"rendered":"<p>\u017dupan Nikola Dobroslavi\u0107 donio je odluku o progla\u0161enju elemetarne nepogode za podru\u010dja op\u0107ina Orebi\u0107 i Kula Norinska. Kako stoji u odluci, elementarna nepogoda progla\u0161ena je \u201dzbog po\u017eara koji je na navedenom prostoru nanio velike materijalne \u0161tete na poljoprivredi i graditeljstvu u razdoblju od 25.09.2018 do 01.10.2018 godine.\u201d Svi o\u0161te\u010denici s podru\u010dja Op\u0107ine Kula Norinska mogu [&hellip;]<\/p>\n","protected":false},"author":7,"featured_media":68007,"comment_status":"open","ping_status":"open","sticky":false,"template":"","format":"standard","meta":{"footnotes":""},"categories":[296,290],"tags":[339,665,438],"class_list":{"0":"post-68475","1":"post","2":"type-post","3":"status-publish","4":"format-standard","5":"has-post-thumbnail","7":"category-ab","8":"category-politika","9":"tag-elementarna-nepogoda","10":"tag-kula-norinska","11":"tag-pozar"},"yoast_head":"<!-- This site is optimized with the Yoast SEO plugin v25.2 - https:\/\/yoast.com\/wordpress\/plugins\/seo\/ -->\n<title>KULA NORINSKA O\u0161te\u0107enici mogu prijaviti \u0161tetu do 10. listopada... - likemetkovic.hr<\/title>\n<meta name=\"description\" content=\"Svi o\u0161te\u010denici s podru\u010dja Op\u0107ine Kula Norinska mogu se javiti u zgradu Op\u0107ine do 10. listopada 2018.\" \/>\n<meta name=\"robots\" content=\"index, follow, max-snippet:-1, max-image-preview:large, max-video-preview:-1\" \/>\n<link rel=\"canonical\" href=\"https:\/\/likemetkovic.hr\/kula-norinska-ostecenici-mogu-prijaviti-stetu-do-10-listopada\/\" \/>\n<meta property=\"og:locale\" content=\"hr_HR\" \/>\n<meta property=\"og:type\" content=\"article\" \/>\n<meta property=\"og:title\" content=\"KULA NORINSKA O\u0161te\u0107enici mogu prijaviti \u0161tetu do 10. listopada... - likemetkovic.hr\" \/>\n<meta property=\"og:description\" content=\"Svi o\u0161te\u010denici s podru\u010dja Op\u0107ine Kula Norinska mogu se javiti u zgradu Op\u0107ine do 10. listopada 2018.\" \/>\n<meta property=\"og:url\" content=\"https:\/\/likemetkovic.hr\/kula-norinska-ostecenici-mogu-prijaviti-stetu-do-10-listopada\/\" \/>\n<meta property=\"og:site_name\" content=\"likemetkovic.hr\" \/>\n<meta property=\"article:publisher\" content=\"https:\/\/www.facebook.com\/likemetkovic.hr\/\" \/>\n<meta property=\"article:published_time\" content=\"2018-10-03T13:43:10+00:00\" \/>\n<meta property=\"article:modified_time\" content=\"2018-10-03T13:44:14+00:00\" \/>\n<meta property=\"og:image\" content=\"https:\/\/likemetkovic.hr\/wp-content\/uploads\/2018\/09\/po\u017ear-bagalovi\u0107i-rujnica-1.jpg\" \/>\n\t<meta property=\"og:image:width\" content=\"800\" \/>\n\t<meta property=\"og:image:height\" content=\"534\" \/>\n\t<meta property=\"og:image:type\" content=\"image\/jpeg\" \/>\n<meta name=\"author\" content=\"LIKEmetkovic.hr\" \/>\n<meta name=\"twitter:card\" content=\"summary_large_image\" \/>\n<meta name=\"twitter:label1\" content=\"Napisao\/la\" \/>\n\t<meta name=\"twitter:data1\" content=\"LIKEmetkovic.hr\" \/>\n<script type=\"application\/ld+json\" class=\"yoast-schema-graph\">{\"@context\":\"https:\/\/schema.org\",\"@graph\":[{\"@type\":\"WebPage\",\"@id\":\"https:\/\/likemetkovic.hr\/kula-norinska-ostecenici-mogu-prijaviti-stetu-do-10-listopada\/\",\"url\":\"https:\/\/likemetkovic.hr\/kula-norinska-ostecenici-mogu-prijaviti-stetu-do-10-listopada\/\",\"name\":\"KULA NORINSKA O\u0161te\u0107enici mogu prijaviti \u0161tetu do 10. listopada... - likemetkovic.hr\",\"isPartOf\":{\"@id\":\"https:\/\/likemetkovic.hr\/#website\"},\"primaryImageOfPage\":{\"@id\":\"https:\/\/likemetkovic.hr\/kula-norinska-ostecenici-mogu-prijaviti-stetu-do-10-listopada\/#primaryimage\"},\"image\":{\"@id\":\"https:\/\/likemetkovic.hr\/kula-norinska-ostecenici-mogu-prijaviti-stetu-do-10-listopada\/#primaryimage\"},\"thumbnailUrl\":\"https:\/\/likemetkovic.hr\/portal\/wp-content\/uploads\/2018\/09\/po\u017ear-bagalovi\u0107i-rujnica-1.jpg\",\"datePublished\":\"2018-10-03T13:43:10+00:00\",\"dateModified\":\"2018-10-03T13:44:14+00:00\",\"author\":{\"@id\":\"https:\/\/likemetkovic.hr\/#\/schema\/person\/a42711f3385a0e2be6f7e0443bfb28f0\"},\"description\":\"Svi o\u0161te\u010denici s podru\u010dja Op\u0107ine Kula Norinska mogu se javiti u zgradu Op\u0107ine do 10. listopada 2018.\",\"breadcrumb\":{\"@id\":\"https:\/\/likemetkovic.hr\/kula-norinska-ostecenici-mogu-prijaviti-stetu-do-10-listopada\/#breadcrumb\"},\"inLanguage\":\"hr\",\"potentialAction\":[{\"@type\":\"ReadAction\",\"target\":[\"https:\/\/likemetkovic.hr\/kula-norinska-ostecenici-mogu-prijaviti-stetu-do-10-listopada\/\"]}]},{\"@type\":\"ImageObject\",\"inLanguage\":\"hr\",\"@id\":\"https:\/\/likemetkovic.hr\/kula-norinska-ostecenici-mogu-prijaviti-stetu-do-10-listopada\/#primaryimage\",\"url\":\"https:\/\/likemetkovic.hr\/portal\/wp-content\/uploads\/2018\/09\/po\u017ear-bagalovi\u0107i-rujnica-1.jpg\",\"contentUrl\":\"https:\/\/likemetkovic.hr\/portal\/wp-content\/uploads\/2018\/09\/po\u017ear-bagalovi\u0107i-rujnica-1.jpg\",\"width\":800,\"height\":534},{\"@type\":\"BreadcrumbList\",\"@id\":\"https:\/\/likemetkovic.hr\/kula-norinska-ostecenici-mogu-prijaviti-stetu-do-10-listopada\/#breadcrumb\",\"itemListElement\":[{\"@type\":\"ListItem\",\"position\":1,\"name\":\"Po\u010detna stranica\",\"item\":\"https:\/\/likemetkovic.hr\/portal\/\"},{\"@type\":\"ListItem\",\"position\":2,\"name\":\"KULA NORINSKA O\u0161te\u0107enici mogu prijaviti \u0161tetu do 10. listopada&#8230;\"}]},{\"@type\":\"WebSite\",\"@id\":\"https:\/\/likemetkovic.hr\/#website\",\"url\":\"https:\/\/likemetkovic.hr\/\",\"name\":\"likemetkovic.hr\",\"description\":\"Misli pozitivno... \u010ditaj LIKE\",\"potentialAction\":[{\"@type\":\"SearchAction\",\"target\":{\"@type\":\"EntryPoint\",\"urlTemplate\":\"https:\/\/likemetkovic.hr\/?s={search_term_string}\"},\"query-input\":{\"@type\":\"PropertyValueSpecification\",\"valueRequired\":true,\"valueName\":\"search_term_string\"}}],\"inLanguage\":\"hr\"},{\"@type\":\"Person\",\"@id\":\"https:\/\/likemetkovic.hr\/#\/schema\/person\/a42711f3385a0e2be6f7e0443bfb28f0\",\"name\":\"LIKEmetkovic.hr\",\"sameAs\":[\"http:\/\/likemetkovic.hr\"],\"url\":\"https:\/\/likemetkovic.hr\/portal\/author\/likemetkovic-hr\/\"}]}<\/script>\n<!-- \/ Yoast SEO plugin. -->","yoast_head_json":{"title":"KULA NORINSKA O\u0161te\u0107enici mogu prijaviti \u0161tetu do 10. listopada... - likemetkovic.hr","description":"Svi o\u0161te\u010denici s podru\u010dja Op\u0107ine Kula Norinska mogu se javiti u zgradu Op\u0107ine do 10. listopada 2018.","robots":{"index":"index","follow":"follow","max-snippet":"max-snippet:-1","max-image-preview":"max-image-preview:large","max-video-preview":"max-video-preview:-1"},"canonical":"https:\/\/likemetkovic.hr\/kula-norinska-ostecenici-mogu-prijaviti-stetu-do-10-listopada\/","og_locale":"hr_HR","og_type":"article","og_title":"KULA NORINSKA O\u0161te\u0107enici mogu prijaviti \u0161tetu do 10. listopada... - likemetkovic.hr","og_description":"Svi o\u0161te\u010denici s podru\u010dja Op\u0107ine Kula Norinska mogu se javiti u zgradu Op\u0107ine do 10. listopada 2018.","og_url":"https:\/\/likemetkovic.hr\/kula-norinska-ostecenici-mogu-prijaviti-stetu-do-10-listopada\/","og_site_name":"likemetkovic.hr","article_publisher":"https:\/\/www.facebook.com\/likemetkovic.hr\/","article_published_time":"2018-10-03T13:43:10+00:00","article_modified_time":"2018-10-03T13:44:14+00:00","og_image":[{"width":800,"height":534,"url":"https:\/\/likemetkovic.hr\/wp-content\/uploads\/2018\/09\/po\u017ear-bagalovi\u0107i-rujnica-1.jpg","type":"image\/jpeg"}],"author":"LIKEmetkovic.hr","twitter_card":"summary_large_image","twitter_misc":{"Napisao\/la":"LIKEmetkovic.hr"},"schema":{"@context":"https:\/\/schema.org","@graph":[{"@type":"WebPage","@id":"https:\/\/likemetkovic.hr\/kula-norinska-ostecenici-mogu-prijaviti-stetu-do-10-listopada\/","url":"https:\/\/likemetkovic.hr\/kula-norinska-ostecenici-mogu-prijaviti-stetu-do-10-listopada\/","name":"KULA NORINSKA O\u0161te\u0107enici mogu prijaviti \u0161tetu do 10. listopada... - likemetkovic.hr","isPartOf":{"@id":"https:\/\/likemetkovic.hr\/#website"},"primaryImageOfPage":{"@id":"https:\/\/likemetkovic.hr\/kula-norinska-ostecenici-mogu-prijaviti-stetu-do-10-listopada\/#primaryimage"},"image":{"@id":"https:\/\/likemetkovic.hr\/kula-norinska-ostecenici-mogu-prijaviti-stetu-do-10-listopada\/#primaryimage"},"thumbnailUrl":"https:\/\/likemetkovic.hr\/portal\/wp-content\/uploads\/2018\/09\/po\u017ear-bagalovi\u0107i-rujnica-1.jpg","datePublished":"2018-10-03T13:43:10+00:00","dateModified":"2018-10-03T13:44:14+00:00","author":{"@id":"https:\/\/likemetkovic.hr\/#\/schema\/person\/a42711f3385a0e2be6f7e0443bfb28f0"},"description":"Svi o\u0161te\u010denici s podru\u010dja Op\u0107ine Kula Norinska mogu se javiti u zgradu Op\u0107ine do 10. listopada 2018.","breadcrumb":{"@id":"https:\/\/likemetkovic.hr\/kula-norinska-ostecenici-mogu-prijaviti-stetu-do-10-listopada\/#breadcrumb"},"inLanguage":"hr","potentialAction":[{"@type":"ReadAction","target":["https:\/\/likemetkovic.hr\/kula-norinska-ostecenici-mogu-prijaviti-stetu-do-10-listopada\/"]}]},{"@type":"ImageObject","inLanguage":"hr","@id":"https:\/\/likemetkovic.hr\/kula-norinska-ostecenici-mogu-prijaviti-stetu-do-10-listopada\/#primaryimage","url":"https:\/\/likemetkovic.hr\/portal\/wp-content\/uploads\/2018\/09\/po\u017ear-bagalovi\u0107i-rujnica-1.jpg","contentUrl":"https:\/\/likemetkovic.hr\/portal\/wp-content\/uploads\/2018\/09\/po\u017ear-bagalovi\u0107i-rujnica-1.jpg","width":800,"height":534},{"@type":"BreadcrumbList","@id":"https:\/\/likemetkovic.hr\/kula-norinska-ostecenici-mogu-prijaviti-stetu-do-10-listopada\/#breadcrumb","itemListElement":[{"@type":"ListItem","position":1,"name":"Po\u010detna stranica","item":"https:\/\/likemetkovic.hr\/portal\/"},{"@type":"ListItem","position":2,"name":"KULA NORINSKA O\u0161te\u0107enici mogu prijaviti \u0161tetu do 10. listopada&#8230;"}]},{"@type":"WebSite","@id":"https:\/\/likemetkovic.hr\/#website","url":"https:\/\/likemetkovic.hr\/","name":"likemetkovic.hr","description":"Misli pozitivno... \u010ditaj LIKE","potentialAction":[{"@type":"SearchAction","target":{"@type":"EntryPoint","urlTemplate":"https:\/\/likemetkovic.hr\/?s={search_term_string}"},"query-input":{"@type":"PropertyValueSpecification","valueRequired":true,"valueName":"search_term_string"}}],"inLanguage":"hr"},{"@type":"Person","@id":"https:\/\/likemetkovic.hr\/#\/schema\/person\/a42711f3385a0e2be6f7e0443bfb28f0","name":"LIKEmetkovic.hr","sameAs":["http:\/\/likemetkovic.hr"],"url":"https:\/\/likemetkovic.hr\/portal\/author\/likemetkovic-hr\/"}]}},"_links":{"self":[{"href":"https:\/\/likemetkovic.hr\/portal\/wp-json\/wp\/v2\/posts\/68475","targetHints":{"allow":["GET"]}}],"collection":[{"href":"https:\/\/likemetkovic.hr\/portal\/wp-json\/wp\/v2\/posts"}],"about":[{"href":"https:\/\/likemetkovic.hr\/portal\/wp-json\/wp\/v2\/types\/post"}],"author":[{"embeddable":true,"href":"https:\/\/likemetkovic.hr\/portal\/wp-json\/wp\/v2\/users\/7"}],"replies":[{"embeddable":true,"href":"https:\/\/likemetkovic.hr\/portal\/wp-json\/wp\/v2\/comments?post=68475"}],"version-history":[{"count":0,"href":"https:\/\/likemetkovic.hr\/portal\/wp-json\/wp\/v2\/posts\/68475\/revisions"}],"wp:featuredmedia":[{"embeddable":true,"href":"https:\/\/likemetkovic.hr\/portal\/wp-json\/wp\/v2\/media\/68007"}],"wp:attachment":[{"href":"https:\/\/likemetkovic.hr\/portal\/wp-json\/wp\/v2\/media?parent=68475"}],"wp:term":[{"taxonomy":"category","embeddable":true,"href":"https:\/\/likemetkovic.hr\/portal\/wp-json\/wp\/v2\/categories?post=68475"},{"taxonomy":"post_tag","embeddable":true,"href":"https:\/\/likemetkovic.hr\/portal\/wp-json\/wp\/v2\/tags?post=68475"}],"curies":[{"name":"wp","href":"https:\/\/api.w.org\/{rel}","templated":true}]}}