{"id":68482,"date":"2018-10-03T17:06:16","date_gmt":"2018-10-03T15:06:16","guid":{"rendered":"http:\/\/likemetkovic.hr\/?p=68482"},"modified":"2018-10-03T17:06:16","modified_gmt":"2018-10-03T15:06:16","slug":"fotosafari-na-jezeru-kuti-osnovci-obiljezili-svjetski-dan-turizma","status":"publish","type":"post","link":"https:\/\/likemetkovic.hr\/portal\/fotosafari-na-jezeru-kuti-osnovci-obiljezili-svjetski-dan-turizma\/","title":{"rendered":"Fotosafari na jezeru Kuti: U\u010denici iz O\u0160 Stjepana Radi\u0107a obilje\u017eili Svjetski dan turizma"},"content":{"rendered":"<p class=\"margin-bottom-30 lead\"><strong>Povodom Svjetskog dana turizma, koji se obilje\u017eava 27. rujna, u\u010denici 4. c i 4. d razreda Osnovne \u0161kole Stjepana Radi\u0107a iz Metkovi\u0107a obi\u0161li su jezero Kuti.<\/strong><\/p>\n<p>Organizatorica i voditeljica fotosafarija bila je u\u010diteljica mentorica\u00a0<strong><em>Aleksandra Luki\u0107-Skeli\u0107,<\/em><\/strong>\u00a0a sudjelovala je i u\u010diteljica\u00a0<strong><em>Marijana Kljusuri\u0107<\/em><\/strong>\u00a0sa svojim 4. c razredom.<\/p>\n<p>Ujutro, 27. rujna 2018. u\u010denici su krenuli do jednoga od mnogobrojnih kanala delte Neretve, blizu Opuzena, gdje su se ukrcali na la\u0111e i vozili do jezera Kuti. Vidjeli su i utvrdu Fort Opus koju su sagradili Mle\u010dani u 17. stolje\u0107u te Kulu Norinsku, utvrdu iz 16. stolje\u0107a. Obje su slu\u017eile za obranu od Turaka.<\/p>\n<p>Dok su se vozili na la\u0111ama u\u010denici su ponovili sadr\u017eaje Prirode i dru\u0161tva o uvjetima \u017eivota, va\u017enosti vode, Sunca, zraka i tla za \u017eivot ljudi, biljaka i \u017eivotinja.<\/p>\n<p>U tajanstvenim dubinama jezera krije se legendarni potopljeni grad. Narodna predaja ka\u017ee da se radi o Gavanovim dvorima, obitavali\u0161tu zlog Gavana kojega je sna\u0161la pravedna kazna, dok neki istra\u017eiva\u010di \u010dak vjeruju da se radi o ostatcima drevne Troje!<\/p>\n<p>Istina je da se za vrijeme niskoga vodostaja jezera vide ostatci zidina, \u0161to posjetitelje ostavlja bez daha.<\/p>\n<p>Osim u ljepotama jezera, u\u010denici su u\u017eivali i u prirodi koja obiluje \u0161a\u0161om, lopo\u010dima, lokvanjima, a na malim obradivim povr\u0161inama, koje dijele vodeni kanali, obilje je dozrelih mandarina. Cijelo vrijeme puta \u010duo se cvrkut ptica i kreket \u017eaba.<\/p>\n<p>Nakon ove \u017eivopisne vo\u017enje u\u010denici su do\u0161li na ran\u010d Adrija, gdje ih je do\u010dekao ljubazni vlasnik Marko Sr\u0161en. Pro\u0161etao je s u\u010denicima cijelim ran\u010dem i pokazao im \u017eivotinje koje uzgaja: magarce, koze, patke, fazane, paunove, koko\u0161i\u2026 Oko glava njihali su se mirisni plodovi \u0161ipaka i mandarina.<\/p>\n<p>Nakon obilaska, u\u010denici su razgovarali i iznosili svoje dojmove o svemu \u0161to su vidjeli, a zatim su pisali sastavak\u00a0<em>Fotosafari<\/em>.<\/p>\n<p>Na satu likovne kulture slikali su pastelnim bojama krajolik koji su vidjeli i do\u017eivjeli.<\/p>\n<p>Poslije slasnoga ru\u010dka (koji su svi pojeli) i kratkoga odmora, imali su sat Tjelesne i zdravstvene kulture pa su na obli\u017enjoj livadi, koja pripada ran\u010du, igrali natjecateljske igre.<\/p>\n<p>Na kraju dana u\u010denici su bili odu\u0161evljeni i zaklju\u010dili su da je nastavni dan bio uspje\u0161an. Svi su se slo\u017eili kako se sve ovo mora ponoviti.<\/p>\n<p>Fotogalerija \u0107e vam pribli\u017eili djeli\u0107 ove prirodne divote, koju od 1996. godine posje\u0107uju mnogobrojni turisti.<\/p>\n\n<p>Pi\u0161e: Aleksandara Luki\u0107-Skeli\u0107\/\u0160kolski portal<\/p>\n","protected":false},"excerpt":{"rendered":"<p>Povodom Svjetskog dana turizma, koji se obilje\u017eava 27. rujna, u\u010denici 4. c i 4. d razreda Osnovne \u0161kole Stjepana Radi\u0107a iz Metkovi\u0107a obi\u0161li su jezero Kuti. Organizatorica i voditeljica fotosafarija bila je u\u010diteljica mentorica\u00a0Aleksandra Luki\u0107-Skeli\u0107,\u00a0a sudjelovala je i u\u010diteljica\u00a0Marijana Kljusuri\u0107\u00a0sa svojim 4. c razredom. Ujutro, 27. rujna 2018. u\u010denici su krenuli do jednoga od mnogobrojnih [&hellip;]<\/p>\n","protected":false},"author":7,"featured_media":0,"comment_status":"open","ping_status":"open","sticky":false,"template":"","format":"standard","meta":{"footnotes":""},"categories":[296,166],"tags":[328,3842],"class_list":{"0":"post-68482","1":"post","2":"type-post","3":"status-publish","4":"format-standard","6":"category-ab","7":"category-skolstvo","8":"tag-os-stjepana-radica","9":"tag-safari"},"yoast_head":"<!-- This site is optimized with the Yoast SEO plugin v25.2 - https:\/\/yoast.com\/wordpress\/plugins\/seo\/ -->\n<title>Fotosafari na jezeru Kuti: U\u010denici iz O\u0160 Stjepana Radi\u0107a obilje\u017eili Svjetski dan turizma - likemetkovic.hr<\/title>\n<meta name=\"robots\" content=\"index, follow, max-snippet:-1, max-image-preview:large, max-video-preview:-1\" \/>\n<link rel=\"canonical\" href=\"https:\/\/likemetkovic.hr\/fotosafari-na-jezeru-kuti-osnovci-obiljezili-svjetski-dan-turizma\/\" \/>\n<meta property=\"og:locale\" content=\"hr_HR\" \/>\n<meta property=\"og:type\" content=\"article\" \/>\n<meta property=\"og:title\" content=\"Fotosafari na jezeru Kuti: U\u010denici iz O\u0160 Stjepana Radi\u0107a obilje\u017eili Svjetski dan turizma - likemetkovic.hr\" \/>\n<meta property=\"og:description\" content=\"Povodom Svjetskog dana turizma, koji se obilje\u017eava 27. rujna, u\u010denici 4. c i 4. d razreda Osnovne \u0161kole Stjepana Radi\u0107a iz Metkovi\u0107a obi\u0161li su jezero Kuti. Organizatorica i voditeljica fotosafarija bila je u\u010diteljica mentorica\u00a0Aleksandra Luki\u0107-Skeli\u0107,\u00a0a sudjelovala je i u\u010diteljica\u00a0Marijana Kljusuri\u0107\u00a0sa svojim 4. c razredom. Ujutro, 27. rujna 2018. u\u010denici su krenuli do jednoga od mnogobrojnih [&hellip;]\" \/>\n<meta property=\"og:url\" content=\"https:\/\/likemetkovic.hr\/fotosafari-na-jezeru-kuti-osnovci-obiljezili-svjetski-dan-turizma\/\" \/>\n<meta property=\"og:site_name\" content=\"likemetkovic.hr\" \/>\n<meta property=\"article:publisher\" content=\"https:\/\/www.facebook.com\/likemetkovic.hr\/\" \/>\n<meta property=\"article:published_time\" content=\"2018-10-03T15:06:16+00:00\" \/>\n<meta property=\"og:image\" content=\"https:\/\/likemetkovic.hr\/wp-content\/uploads\/2018\/10\/\u0161kola-safari-1.jpg\" \/>\n\t<meta property=\"og:image:width\" content=\"770\" \/>\n\t<meta property=\"og:image:height\" content=\"578\" \/>\n\t<meta property=\"og:image:type\" content=\"image\/jpeg\" \/>\n<meta name=\"author\" content=\"LIKEmetkovic.hr\" \/>\n<meta name=\"twitter:card\" content=\"summary_large_image\" \/>\n<meta name=\"twitter:label1\" content=\"Napisao\/la\" \/>\n\t<meta name=\"twitter:data1\" content=\"LIKEmetkovic.hr\" \/>\n\t<meta name=\"twitter:label2\" content=\"Procijenjeno vrijeme \u010ditanja\" \/>\n\t<meta name=\"twitter:data2\" content=\"2 minute\" \/>\n<script type=\"application\/ld+json\" class=\"yoast-schema-graph\">{\"@context\":\"https:\/\/schema.org\",\"@graph\":[{\"@type\":\"WebPage\",\"@id\":\"https:\/\/likemetkovic.hr\/fotosafari-na-jezeru-kuti-osnovci-obiljezili-svjetski-dan-turizma\/\",\"url\":\"https:\/\/likemetkovic.hr\/fotosafari-na-jezeru-kuti-osnovci-obiljezili-svjetski-dan-turizma\/\",\"name\":\"Fotosafari na jezeru Kuti: U\u010denici iz O\u0160 Stjepana Radi\u0107a obilje\u017eili Svjetski dan turizma - likemetkovic.hr\",\"isPartOf\":{\"@id\":\"https:\/\/likemetkovic.hr\/#website\"},\"datePublished\":\"2018-10-03T15:06:16+00:00\",\"author\":{\"@id\":\"https:\/\/likemetkovic.hr\/#\/schema\/person\/a42711f3385a0e2be6f7e0443bfb28f0\"},\"breadcrumb\":{\"@id\":\"https:\/\/likemetkovic.hr\/fotosafari-na-jezeru-kuti-osnovci-obiljezili-svjetski-dan-turizma\/#breadcrumb\"},\"inLanguage\":\"hr\",\"potentialAction\":[{\"@type\":\"ReadAction\",\"target\":[\"https:\/\/likemetkovic.hr\/fotosafari-na-jezeru-kuti-osnovci-obiljezili-svjetski-dan-turizma\/\"]}]},{\"@type\":\"BreadcrumbList\",\"@id\":\"https:\/\/likemetkovic.hr\/fotosafari-na-jezeru-kuti-osnovci-obiljezili-svjetski-dan-turizma\/#breadcrumb\",\"itemListElement\":[{\"@type\":\"ListItem\",\"position\":1,\"name\":\"Po\u010detna stranica\",\"item\":\"https:\/\/likemetkovic.hr\/portal\/\"},{\"@type\":\"ListItem\",\"position\":2,\"name\":\"Fotosafari na jezeru Kuti: U\u010denici iz O\u0160 Stjepana Radi\u0107a obilje\u017eili Svjetski dan turizma\"}]},{\"@type\":\"WebSite\",\"@id\":\"https:\/\/likemetkovic.hr\/#website\",\"url\":\"https:\/\/likemetkovic.hr\/\",\"name\":\"likemetkovic.hr\",\"description\":\"Misli pozitivno... \u010ditaj LIKE\",\"potentialAction\":[{\"@type\":\"SearchAction\",\"target\":{\"@type\":\"EntryPoint\",\"urlTemplate\":\"https:\/\/likemetkovic.hr\/?s={search_term_string}\"},\"query-input\":{\"@type\":\"PropertyValueSpecification\",\"valueRequired\":true,\"valueName\":\"search_term_string\"}}],\"inLanguage\":\"hr\"},{\"@type\":\"Person\",\"@id\":\"https:\/\/likemetkovic.hr\/#\/schema\/person\/a42711f3385a0e2be6f7e0443bfb28f0\",\"name\":\"LIKEmetkovic.hr\",\"sameAs\":[\"http:\/\/likemetkovic.hr\"],\"url\":\"https:\/\/likemetkovic.hr\/portal\/author\/likemetkovic-hr\/\"}]}<\/script>\n<!-- \/ Yoast SEO plugin. -->","yoast_head_json":{"title":"Fotosafari na jezeru Kuti: U\u010denici iz O\u0160 Stjepana Radi\u0107a obilje\u017eili Svjetski dan turizma - likemetkovic.hr","robots":{"index":"index","follow":"follow","max-snippet":"max-snippet:-1","max-image-preview":"max-image-preview:large","max-video-preview":"max-video-preview:-1"},"canonical":"https:\/\/likemetkovic.hr\/fotosafari-na-jezeru-kuti-osnovci-obiljezili-svjetski-dan-turizma\/","og_locale":"hr_HR","og_type":"article","og_title":"Fotosafari na jezeru Kuti: U\u010denici iz O\u0160 Stjepana Radi\u0107a obilje\u017eili Svjetski dan turizma - likemetkovic.hr","og_description":"Povodom Svjetskog dana turizma, koji se obilje\u017eava 27. rujna, u\u010denici 4. c i 4. d razreda Osnovne \u0161kole Stjepana Radi\u0107a iz Metkovi\u0107a obi\u0161li su jezero Kuti. Organizatorica i voditeljica fotosafarija bila je u\u010diteljica mentorica\u00a0Aleksandra Luki\u0107-Skeli\u0107,\u00a0a sudjelovala je i u\u010diteljica\u00a0Marijana Kljusuri\u0107\u00a0sa svojim 4. c razredom. Ujutro, 27. rujna 2018. u\u010denici su krenuli do jednoga od mnogobrojnih [&hellip;]","og_url":"https:\/\/likemetkovic.hr\/fotosafari-na-jezeru-kuti-osnovci-obiljezili-svjetski-dan-turizma\/","og_site_name":"likemetkovic.hr","article_publisher":"https:\/\/www.facebook.com\/likemetkovic.hr\/","article_published_time":"2018-10-03T15:06:16+00:00","og_image":[{"width":770,"height":578,"url":"https:\/\/likemetkovic.hr\/wp-content\/uploads\/2018\/10\/\u0161kola-safari-1.jpg","type":"image\/jpeg"}],"author":"LIKEmetkovic.hr","twitter_card":"summary_large_image","twitter_misc":{"Napisao\/la":"LIKEmetkovic.hr","Procijenjeno vrijeme \u010ditanja":"2 minute"},"schema":{"@context":"https:\/\/schema.org","@graph":[{"@type":"WebPage","@id":"https:\/\/likemetkovic.hr\/fotosafari-na-jezeru-kuti-osnovci-obiljezili-svjetski-dan-turizma\/","url":"https:\/\/likemetkovic.hr\/fotosafari-na-jezeru-kuti-osnovci-obiljezili-svjetski-dan-turizma\/","name":"Fotosafari na jezeru Kuti: U\u010denici iz O\u0160 Stjepana Radi\u0107a obilje\u017eili Svjetski dan turizma - likemetkovic.hr","isPartOf":{"@id":"https:\/\/likemetkovic.hr\/#website"},"datePublished":"2018-10-03T15:06:16+00:00","author":{"@id":"https:\/\/likemetkovic.hr\/#\/schema\/person\/a42711f3385a0e2be6f7e0443bfb28f0"},"breadcrumb":{"@id":"https:\/\/likemetkovic.hr\/fotosafari-na-jezeru-kuti-osnovci-obiljezili-svjetski-dan-turizma\/#breadcrumb"},"inLanguage":"hr","potentialAction":[{"@type":"ReadAction","target":["https:\/\/likemetkovic.hr\/fotosafari-na-jezeru-kuti-osnovci-obiljezili-svjetski-dan-turizma\/"]}]},{"@type":"BreadcrumbList","@id":"https:\/\/likemetkovic.hr\/fotosafari-na-jezeru-kuti-osnovci-obiljezili-svjetski-dan-turizma\/#breadcrumb","itemListElement":[{"@type":"ListItem","position":1,"name":"Po\u010detna stranica","item":"https:\/\/likemetkovic.hr\/portal\/"},{"@type":"ListItem","position":2,"name":"Fotosafari na jezeru Kuti: U\u010denici iz O\u0160 Stjepana Radi\u0107a obilje\u017eili Svjetski dan turizma"}]},{"@type":"WebSite","@id":"https:\/\/likemetkovic.hr\/#website","url":"https:\/\/likemetkovic.hr\/","name":"likemetkovic.hr","description":"Misli pozitivno... \u010ditaj LIKE","potentialAction":[{"@type":"SearchAction","target":{"@type":"EntryPoint","urlTemplate":"https:\/\/likemetkovic.hr\/?s={search_term_string}"},"query-input":{"@type":"PropertyValueSpecification","valueRequired":true,"valueName":"search_term_string"}}],"inLanguage":"hr"},{"@type":"Person","@id":"https:\/\/likemetkovic.hr\/#\/schema\/person\/a42711f3385a0e2be6f7e0443bfb28f0","name":"LIKEmetkovic.hr","sameAs":["http:\/\/likemetkovic.hr"],"url":"https:\/\/likemetkovic.hr\/portal\/author\/likemetkovic-hr\/"}]}},"_links":{"self":[{"href":"https:\/\/likemetkovic.hr\/portal\/wp-json\/wp\/v2\/posts\/68482","targetHints":{"allow":["GET"]}}],"collection":[{"href":"https:\/\/likemetkovic.hr\/portal\/wp-json\/wp\/v2\/posts"}],"about":[{"href":"https:\/\/likemetkovic.hr\/portal\/wp-json\/wp\/v2\/types\/post"}],"author":[{"embeddable":true,"href":"https:\/\/likemetkovic.hr\/portal\/wp-json\/wp\/v2\/users\/7"}],"replies":[{"embeddable":true,"href":"https:\/\/likemetkovic.hr\/portal\/wp-json\/wp\/v2\/comments?post=68482"}],"version-history":[{"count":0,"href":"https:\/\/likemetkovic.hr\/portal\/wp-json\/wp\/v2\/posts\/68482\/revisions"}],"wp:attachment":[{"href":"https:\/\/likemetkovic.hr\/portal\/wp-json\/wp\/v2\/media?parent=68482"}],"wp:term":[{"taxonomy":"category","embeddable":true,"href":"https:\/\/likemetkovic.hr\/portal\/wp-json\/wp\/v2\/categories?post=68482"},{"taxonomy":"post_tag","embeddable":true,"href":"https:\/\/likemetkovic.hr\/portal\/wp-json\/wp\/v2\/tags?post=68482"}],"curies":[{"name":"wp","href":"https:\/\/api.w.org\/{rel}","templated":true}]}}