{"id":68492,"date":"2018-10-04T08:49:51","date_gmt":"2018-10-04T06:49:51","guid":{"rendered":"http:\/\/likemetkovic.hr\/?p=68492"},"modified":"2018-10-04T08:50:09","modified_gmt":"2018-10-04T06:50:09","slug":"trgnimo-se-ili-nas-nema-zadnjih-pet-godina-broj-ucenika-smanjio-se-za-45-tisuca","status":"publish","type":"post","link":"https:\/\/likemetkovic.hr\/portal\/trgnimo-se-ili-nas-nema-zadnjih-pet-godina-broj-ucenika-smanjio-se-za-45-tisuca\/","title":{"rendered":"TRGNIMO SE ILI NAS NEMA! Zadnjih pet godina broj u\u010denika smanjio se za 45 tisu\u0107a"},"content":{"rendered":"<p><strong>Ove se \u0161kolske godine \u0161kole u Hrvatskoj poha\u0111a 45.328 u\u010denika manje u odnosu na 2013.\/2014 \u0161to je broj ukupnog stanovni\u0161tva grada veli\u010dine Vara\u017edina.<\/strong><\/p>\n<p>U posljednjih pet godina broj u\u010denika u osnovnim i srednjim \u0161kolama smanjio se za 45.328, odnosno za 8,9 posto. U \u0161kolskoj godini 2013.\/2014. tako smo imali preko pola milijuna u\u010denika \u2013 njih 509.216, a <strong>ove \u0161kolske godine upisano je njih 463.888<\/strong>, pokazuju podaci Ministrarstva obrazovanja, to\u010dnije njihove nove aplikacije\u00a0<em><a href=\"https:\/\/app.powerbi.com\/view?r=eyJrIjoiZWE3YTE4OWQtOWJmNC00OTJmLWE2MjktYTQ5MWJlNDNlZDQ0IiwidCI6IjJjMTFjYmNjLWI3NjEtNDVkYi1hOWY1LTRhYzc3ZTk0ZTFkNCIsImMiOjh9\" target=\"_blank\" rel=\"noopener\">\u0160kolski e-rudnik<\/a><\/em>, predstavljene u utorak. Aplikacija je\u00a0javno dostupna i iz nje istra\u017eiva\u010di, mediji i javnost mogu saznati statisti\u010dke podatke iz e-matica svih \u0161kola u Hrvatskoj.<\/p>\n<figure style=\"width: 669px\" class=\"wp-caption alignnone\"><img decoding=\"async\" src=\"https:\/\/adriaticmedianethr.files.wordpress.com\/2018\/10\/121.png?w=669&amp;h=363\" alt=\"\" width=\"669\" height=\"363\" \/><figcaption class=\"wp-caption-text\">Graf koji pokazuje pad broja u\u010denika u posljednjih pet godina<\/figcaption><\/figure>\n<div class=\"banner banner-size3 adexElement\">\n<div id=\"nethr_desktop_intext_v3\">\n<div id=\"nethr_desktop_intext_v37\">\n<div id=\"nethr_desktop_intext_v376\">\n<p>Sve na\u0161e \u017eupanije bilje\u017ee pad, a najmanji je u Gradu Zagrebu (-0,85% onosno 828 u\u010denika) i Istarskoj \u017eupaniji (-2,97% odnosno 634 u\u010denika manje).<\/p>\n<h4>Gotovo 32 tisu\u0107e u\u010denika manje u srednjim \u0161kolama<\/h4>\n<p>Ove je godine <strong>upisano 8.460 u\u010denika manje u odnosnu na lani<\/strong>, a najizra\u017eeniji pad u posljednjih pet godina bio je 2014.\/2015. kada je upisano \u010dak 11.968 u\u010denika manje u odnosu na godinu prije.<\/p>\n<p>Statistike pokazuju kako je ove godine u odnosu na 2013. upisano 13.451 u\u010denik manje u osnovne \u0161kole te 31.877 u\u010denika manje u srednje \u0161kole.<\/p>\n<figure id=\"attachment_1549199\" class=\"wp-caption aligncenter\"><figcaption class=\"wp-caption-text\">\n<figure style=\"width: 397px\" class=\"wp-caption aligncenter\"><img decoding=\"async\" src=\"https:\/\/adriaticmedianethr.files.wordpress.com\/2018\/10\/131.png?w=669\" alt=\"\" width=\"397\" height=\"560\" \/><figcaption class=\"wp-caption-text\">Smanjenje broja u\u010denika u razdoblju od 2013.\/2014. do ove \u0161kolske godine po \u017eupanijama.<\/figcaption><\/figure>\n<\/figcaption><\/figure>\n<p>Drasti\u010dan pad dogodio se u strukovnim \u0161kolama. Tako se u razdoblju od pet godina broj upisanih u\u010denika u trogodi\u0161nje strukovne \u0161kole smanjio se za gotovo 30 posto, odnosno za 11.539 u\u010denika.<\/p>\n<\/div>\n<div>\u00a0Foto: \u0160kolski e-rudnik<\/div>\n<\/div>\n<\/div>\n<\/div>\n<p>&nbsp;<\/p>\n","protected":false},"excerpt":{"rendered":"<p>Ove se \u0161kolske godine \u0161kole u Hrvatskoj poha\u0111a 45.328 u\u010denika manje u odnosu na 2013.\/2014 \u0161to je broj ukupnog stanovni\u0161tva grada veli\u010dine Vara\u017edina. U posljednjih pet godina broj u\u010denika u osnovnim i srednjim \u0161kolama smanjio se za 45.328, odnosno za 8,9 posto. U \u0161kolskoj godini 2013.\/2014. tako smo imali preko pola milijuna u\u010denika \u2013 njih [&hellip;]<\/p>\n","protected":false},"author":7,"featured_media":0,"comment_status":"open","ping_status":"open","sticky":false,"template":"","format":"standard","meta":{"footnotes":""},"categories":[283,166],"tags":[1020,1245,1371],"class_list":{"0":"post-68492","1":"post","2":"type-post","3":"status-publish","4":"format-standard","6":"category-a","7":"category-skolstvo","8":"tag-demografija","9":"tag-skola","10":"tag-ucenici"},"yoast_head":"<!-- This site is optimized with the Yoast SEO plugin v25.2 - https:\/\/yoast.com\/wordpress\/plugins\/seo\/ -->\n<title>TRGNIMO SE ILI NAS NEMA! Zadnjih pet godina broj u\u010denika smanjio se za 45 tisu\u0107a - likemetkovic.hr<\/title>\n<meta name=\"robots\" content=\"index, follow, max-snippet:-1, max-image-preview:large, max-video-preview:-1\" \/>\n<link rel=\"canonical\" href=\"https:\/\/likemetkovic.hr\/trgnimo-se-ili-nas-nema-zadnjih-pet-godina-broj-ucenika-smanjio-se-za-45-tisuca\/\" \/>\n<meta property=\"og:locale\" content=\"hr_HR\" \/>\n<meta property=\"og:type\" content=\"article\" \/>\n<meta property=\"og:title\" content=\"TRGNIMO SE ILI NAS NEMA! Zadnjih pet godina broj u\u010denika smanjio se za 45 tisu\u0107a - likemetkovic.hr\" \/>\n<meta property=\"og:description\" content=\"Ove se \u0161kolske godine \u0161kole u Hrvatskoj poha\u0111a 45.328 u\u010denika manje u odnosu na 2013.\/2014 \u0161to je broj ukupnog stanovni\u0161tva grada veli\u010dine Vara\u017edina. U posljednjih pet godina broj u\u010denika u osnovnim i srednjim \u0161kolama smanjio se za 45.328, odnosno za 8,9 posto. U \u0161kolskoj godini 2013.\/2014. tako smo imali preko pola milijuna u\u010denika \u2013 njih [&hellip;]\" \/>\n<meta property=\"og:url\" content=\"https:\/\/likemetkovic.hr\/trgnimo-se-ili-nas-nema-zadnjih-pet-godina-broj-ucenika-smanjio-se-za-45-tisuca\/\" \/>\n<meta property=\"og:site_name\" content=\"likemetkovic.hr\" \/>\n<meta property=\"article:publisher\" content=\"https:\/\/www.facebook.com\/likemetkovic.hr\/\" \/>\n<meta property=\"article:published_time\" content=\"2018-10-04T06:49:51+00:00\" \/>\n<meta property=\"article:modified_time\" content=\"2018-10-04T06:50:09+00:00\" \/>\n<meta property=\"og:image\" content=\"https:\/\/likemetkovic.hr\/wp-content\/uploads\/2018\/10\/\u0161kola-djeca.jpg\" \/>\n\t<meta property=\"og:image:width\" content=\"800\" \/>\n\t<meta property=\"og:image:height\" content=\"533\" \/>\n\t<meta property=\"og:image:type\" content=\"image\/jpeg\" \/>\n<meta name=\"author\" content=\"LIKEmetkovic.hr\" \/>\n<meta name=\"twitter:card\" content=\"summary_large_image\" \/>\n<meta name=\"twitter:label1\" content=\"Napisao\/la\" \/>\n\t<meta name=\"twitter:data1\" content=\"LIKEmetkovic.hr\" \/>\n\t<meta name=\"twitter:label2\" content=\"Procijenjeno vrijeme \u010ditanja\" \/>\n\t<meta name=\"twitter:data2\" content=\"1 minuta\" \/>\n<script type=\"application\/ld+json\" class=\"yoast-schema-graph\">{\"@context\":\"https:\/\/schema.org\",\"@graph\":[{\"@type\":\"WebPage\",\"@id\":\"https:\/\/likemetkovic.hr\/trgnimo-se-ili-nas-nema-zadnjih-pet-godina-broj-ucenika-smanjio-se-za-45-tisuca\/\",\"url\":\"https:\/\/likemetkovic.hr\/trgnimo-se-ili-nas-nema-zadnjih-pet-godina-broj-ucenika-smanjio-se-za-45-tisuca\/\",\"name\":\"TRGNIMO SE ILI NAS NEMA! Zadnjih pet godina broj u\u010denika smanjio se za 45 tisu\u0107a - likemetkovic.hr\",\"isPartOf\":{\"@id\":\"https:\/\/likemetkovic.hr\/#website\"},\"primaryImageOfPage\":{\"@id\":\"https:\/\/likemetkovic.hr\/trgnimo-se-ili-nas-nema-zadnjih-pet-godina-broj-ucenika-smanjio-se-za-45-tisuca\/#primaryimage\"},\"image\":{\"@id\":\"https:\/\/likemetkovic.hr\/trgnimo-se-ili-nas-nema-zadnjih-pet-godina-broj-ucenika-smanjio-se-za-45-tisuca\/#primaryimage\"},\"thumbnailUrl\":\"https:\/\/adriaticmedianethr.files.wordpress.com\/2018\/10\/121.png?w=669&amp;h=363\",\"datePublished\":\"2018-10-04T06:49:51+00:00\",\"dateModified\":\"2018-10-04T06:50:09+00:00\",\"author\":{\"@id\":\"https:\/\/likemetkovic.hr\/#\/schema\/person\/a42711f3385a0e2be6f7e0443bfb28f0\"},\"breadcrumb\":{\"@id\":\"https:\/\/likemetkovic.hr\/trgnimo-se-ili-nas-nema-zadnjih-pet-godina-broj-ucenika-smanjio-se-za-45-tisuca\/#breadcrumb\"},\"inLanguage\":\"hr\",\"potentialAction\":[{\"@type\":\"ReadAction\",\"target\":[\"https:\/\/likemetkovic.hr\/trgnimo-se-ili-nas-nema-zadnjih-pet-godina-broj-ucenika-smanjio-se-za-45-tisuca\/\"]}]},{\"@type\":\"ImageObject\",\"inLanguage\":\"hr\",\"@id\":\"https:\/\/likemetkovic.hr\/trgnimo-se-ili-nas-nema-zadnjih-pet-godina-broj-ucenika-smanjio-se-za-45-tisuca\/#primaryimage\",\"url\":\"https:\/\/adriaticmedianethr.files.wordpress.com\/2018\/10\/121.png?w=669&amp;h=363\",\"contentUrl\":\"https:\/\/adriaticmedianethr.files.wordpress.com\/2018\/10\/121.png?w=669&amp;h=363\"},{\"@type\":\"BreadcrumbList\",\"@id\":\"https:\/\/likemetkovic.hr\/trgnimo-se-ili-nas-nema-zadnjih-pet-godina-broj-ucenika-smanjio-se-za-45-tisuca\/#breadcrumb\",\"itemListElement\":[{\"@type\":\"ListItem\",\"position\":1,\"name\":\"Po\u010detna stranica\",\"item\":\"https:\/\/likemetkovic.hr\/portal\/\"},{\"@type\":\"ListItem\",\"position\":2,\"name\":\"TRGNIMO SE ILI NAS NEMA! Zadnjih pet godina broj u\u010denika smanjio se za 45 tisu\u0107a\"}]},{\"@type\":\"WebSite\",\"@id\":\"https:\/\/likemetkovic.hr\/#website\",\"url\":\"https:\/\/likemetkovic.hr\/\",\"name\":\"likemetkovic.hr\",\"description\":\"Misli pozitivno... \u010ditaj LIKE\",\"potentialAction\":[{\"@type\":\"SearchAction\",\"target\":{\"@type\":\"EntryPoint\",\"urlTemplate\":\"https:\/\/likemetkovic.hr\/?s={search_term_string}\"},\"query-input\":{\"@type\":\"PropertyValueSpecification\",\"valueRequired\":true,\"valueName\":\"search_term_string\"}}],\"inLanguage\":\"hr\"},{\"@type\":\"Person\",\"@id\":\"https:\/\/likemetkovic.hr\/#\/schema\/person\/a42711f3385a0e2be6f7e0443bfb28f0\",\"name\":\"LIKEmetkovic.hr\",\"sameAs\":[\"http:\/\/likemetkovic.hr\"],\"url\":\"https:\/\/likemetkovic.hr\/portal\/author\/likemetkovic-hr\/\"}]}<\/script>\n<!-- \/ Yoast SEO plugin. -->","yoast_head_json":{"title":"TRGNIMO SE ILI NAS NEMA! Zadnjih pet godina broj u\u010denika smanjio se za 45 tisu\u0107a - likemetkovic.hr","robots":{"index":"index","follow":"follow","max-snippet":"max-snippet:-1","max-image-preview":"max-image-preview:large","max-video-preview":"max-video-preview:-1"},"canonical":"https:\/\/likemetkovic.hr\/trgnimo-se-ili-nas-nema-zadnjih-pet-godina-broj-ucenika-smanjio-se-za-45-tisuca\/","og_locale":"hr_HR","og_type":"article","og_title":"TRGNIMO SE ILI NAS NEMA! Zadnjih pet godina broj u\u010denika smanjio se za 45 tisu\u0107a - likemetkovic.hr","og_description":"Ove se \u0161kolske godine \u0161kole u Hrvatskoj poha\u0111a 45.328 u\u010denika manje u odnosu na 2013.\/2014 \u0161to je broj ukupnog stanovni\u0161tva grada veli\u010dine Vara\u017edina. U posljednjih pet godina broj u\u010denika u osnovnim i srednjim \u0161kolama smanjio se za 45.328, odnosno za 8,9 posto. U \u0161kolskoj godini 2013.\/2014. tako smo imali preko pola milijuna u\u010denika \u2013 njih [&hellip;]","og_url":"https:\/\/likemetkovic.hr\/trgnimo-se-ili-nas-nema-zadnjih-pet-godina-broj-ucenika-smanjio-se-za-45-tisuca\/","og_site_name":"likemetkovic.hr","article_publisher":"https:\/\/www.facebook.com\/likemetkovic.hr\/","article_published_time":"2018-10-04T06:49:51+00:00","article_modified_time":"2018-10-04T06:50:09+00:00","og_image":[{"width":800,"height":533,"url":"https:\/\/likemetkovic.hr\/wp-content\/uploads\/2018\/10\/\u0161kola-djeca.jpg","type":"image\/jpeg"}],"author":"LIKEmetkovic.hr","twitter_card":"summary_large_image","twitter_misc":{"Napisao\/la":"LIKEmetkovic.hr","Procijenjeno vrijeme \u010ditanja":"1 minuta"},"schema":{"@context":"https:\/\/schema.org","@graph":[{"@type":"WebPage","@id":"https:\/\/likemetkovic.hr\/trgnimo-se-ili-nas-nema-zadnjih-pet-godina-broj-ucenika-smanjio-se-za-45-tisuca\/","url":"https:\/\/likemetkovic.hr\/trgnimo-se-ili-nas-nema-zadnjih-pet-godina-broj-ucenika-smanjio-se-za-45-tisuca\/","name":"TRGNIMO SE ILI NAS NEMA! Zadnjih pet godina broj u\u010denika smanjio se za 45 tisu\u0107a - likemetkovic.hr","isPartOf":{"@id":"https:\/\/likemetkovic.hr\/#website"},"primaryImageOfPage":{"@id":"https:\/\/likemetkovic.hr\/trgnimo-se-ili-nas-nema-zadnjih-pet-godina-broj-ucenika-smanjio-se-za-45-tisuca\/#primaryimage"},"image":{"@id":"https:\/\/likemetkovic.hr\/trgnimo-se-ili-nas-nema-zadnjih-pet-godina-broj-ucenika-smanjio-se-za-45-tisuca\/#primaryimage"},"thumbnailUrl":"https:\/\/adriaticmedianethr.files.wordpress.com\/2018\/10\/121.png?w=669&amp;h=363","datePublished":"2018-10-04T06:49:51+00:00","dateModified":"2018-10-04T06:50:09+00:00","author":{"@id":"https:\/\/likemetkovic.hr\/#\/schema\/person\/a42711f3385a0e2be6f7e0443bfb28f0"},"breadcrumb":{"@id":"https:\/\/likemetkovic.hr\/trgnimo-se-ili-nas-nema-zadnjih-pet-godina-broj-ucenika-smanjio-se-za-45-tisuca\/#breadcrumb"},"inLanguage":"hr","potentialAction":[{"@type":"ReadAction","target":["https:\/\/likemetkovic.hr\/trgnimo-se-ili-nas-nema-zadnjih-pet-godina-broj-ucenika-smanjio-se-za-45-tisuca\/"]}]},{"@type":"ImageObject","inLanguage":"hr","@id":"https:\/\/likemetkovic.hr\/trgnimo-se-ili-nas-nema-zadnjih-pet-godina-broj-ucenika-smanjio-se-za-45-tisuca\/#primaryimage","url":"https:\/\/adriaticmedianethr.files.wordpress.com\/2018\/10\/121.png?w=669&amp;h=363","contentUrl":"https:\/\/adriaticmedianethr.files.wordpress.com\/2018\/10\/121.png?w=669&amp;h=363"},{"@type":"BreadcrumbList","@id":"https:\/\/likemetkovic.hr\/trgnimo-se-ili-nas-nema-zadnjih-pet-godina-broj-ucenika-smanjio-se-za-45-tisuca\/#breadcrumb","itemListElement":[{"@type":"ListItem","position":1,"name":"Po\u010detna stranica","item":"https:\/\/likemetkovic.hr\/portal\/"},{"@type":"ListItem","position":2,"name":"TRGNIMO SE ILI NAS NEMA! Zadnjih pet godina broj u\u010denika smanjio se za 45 tisu\u0107a"}]},{"@type":"WebSite","@id":"https:\/\/likemetkovic.hr\/#website","url":"https:\/\/likemetkovic.hr\/","name":"likemetkovic.hr","description":"Misli pozitivno... \u010ditaj LIKE","potentialAction":[{"@type":"SearchAction","target":{"@type":"EntryPoint","urlTemplate":"https:\/\/likemetkovic.hr\/?s={search_term_string}"},"query-input":{"@type":"PropertyValueSpecification","valueRequired":true,"valueName":"search_term_string"}}],"inLanguage":"hr"},{"@type":"Person","@id":"https:\/\/likemetkovic.hr\/#\/schema\/person\/a42711f3385a0e2be6f7e0443bfb28f0","name":"LIKEmetkovic.hr","sameAs":["http:\/\/likemetkovic.hr"],"url":"https:\/\/likemetkovic.hr\/portal\/author\/likemetkovic-hr\/"}]}},"_links":{"self":[{"href":"https:\/\/likemetkovic.hr\/portal\/wp-json\/wp\/v2\/posts\/68492","targetHints":{"allow":["GET"]}}],"collection":[{"href":"https:\/\/likemetkovic.hr\/portal\/wp-json\/wp\/v2\/posts"}],"about":[{"href":"https:\/\/likemetkovic.hr\/portal\/wp-json\/wp\/v2\/types\/post"}],"author":[{"embeddable":true,"href":"https:\/\/likemetkovic.hr\/portal\/wp-json\/wp\/v2\/users\/7"}],"replies":[{"embeddable":true,"href":"https:\/\/likemetkovic.hr\/portal\/wp-json\/wp\/v2\/comments?post=68492"}],"version-history":[{"count":0,"href":"https:\/\/likemetkovic.hr\/portal\/wp-json\/wp\/v2\/posts\/68492\/revisions"}],"wp:attachment":[{"href":"https:\/\/likemetkovic.hr\/portal\/wp-json\/wp\/v2\/media?parent=68492"}],"wp:term":[{"taxonomy":"category","embeddable":true,"href":"https:\/\/likemetkovic.hr\/portal\/wp-json\/wp\/v2\/categories?post=68492"},{"taxonomy":"post_tag","embeddable":true,"href":"https:\/\/likemetkovic.hr\/portal\/wp-json\/wp\/v2\/tags?post=68492"}],"curies":[{"name":"wp","href":"https:\/\/api.w.org\/{rel}","templated":true}]}}