{"id":68513,"date":"2018-10-04T14:55:14","date_gmt":"2018-10-04T12:55:14","guid":{"rendered":"http:\/\/likemetkovic.hr\/?p=68513"},"modified":"2018-10-04T14:56:48","modified_gmt":"2018-10-04T12:56:48","slug":"vijecnici-mosta-trazimo-da-nas-gradonacelnik-milan-izvijesti-o-sastanku-u-mostaru","status":"publish","type":"post","link":"https:\/\/likemetkovic.hr\/portal\/vijecnici-mosta-trazimo-da-nas-gradonacelnik-milan-izvijesti-o-sastanku-u-mostaru\/","title":{"rendered":"Vije\u0107nici Mosta: \u201eTra\u017eimo da nas gradona\u010delnik Milan izvijesti o sastanku u Mostaru&#8230;&#8221;"},"content":{"rendered":"<p>U Mostaru je 29. rujna 2018. bio <a href=\"http:\/\/likemetkovic.hr\/na-sastanku-zupanijskih-celnika-razgovarano-o-izvoristu-doljani-i-nasipu-u-gabela-polju\/\" target=\"_blank\" rel=\"noopener\">sastanak \u010delnika susjednih \u017eupanija<\/a> na kojem se raspravljalo o otvorenim pitanjima me\u0111u kojima je bilo pitanje upravljanja izvori\u0161tem Doljani i izgradnja nasipa za obranu od poplave u Gabela Polju. Na sastanku je bio nazo\u010dan i gradona\u010delnik Metkovi\u0107a Dalibor Milan.<\/p>\n<p>Kako o tome nije obavije\u0161teno Povjerenstvo za pitanje vodocrpili\u0161ta Doljani, a ni javnost, gradski vije\u0107nici Mosta su gradona\u010delniku Milanu uputili otvoreno pismo koje prenosimo u cijelosti:<\/p>\n<p style=\"font-weight: 400;\"><em>Gradski vije\u0107nici Mosta NL\u00a0<strong>nisu zadovoljni dosada\u0161njim na\u010dinom raspolaganja i upravljanja izvori\u0161tem Doljani,\u00a0<\/strong>koji je investicija i strate\u0161ki resurs Grada Metkovi\u0107a, te\u00a0<strong>\u010dinjenicom da je gradona\u010delnik Metkovi\u0107a Dalibor Milan potpisao zaklju\u010dke kojima je pristao na predaju izvori\u0161ta Doljani op\u0107ini \u010capljina<\/strong>.<\/em><\/p>\n<p style=\"font-weight: 400;\"><em>Vije\u0107nici Mosta isti\u010du kako bi \u017eeljeli znati\u00a0<strong>\u0161to je dogovoreno na sastanku 29. rujna 2018. i za\u0161to o tome nije obavije\u0161teno Povjerenstvo za pitanje vodocrpili\u0161ta Doljani.<\/strong>\u00a0Naime, mediji su prenijeli informaciju da je 29. rujna 2018. u Mostaru odr\u017ean sastanak du\u017enosnika Dubrova\u010dko-neretvanske i Hercegova\u010dko-neretvanske \u017eupanije, na kojem je, uz ostale sudionike i\u00a0\u00a0predstavnike grani\u010dnih podru\u010dja, sudjelovao i gradona\u010delnik Milan. Razgovaralo se, izme\u0111u ostaloga, o konkretnim pitanjima vodoopskrbe pograni\u010dnih mjesta. Potpisanim zaklju\u010dcima, donesenim 13. velja\u010de 2018. u Ministarstvu za\u0161tite okoli\u0161a i energetike u Zagrebu, gradona\u010delnik Milan preuzeo je obvezu ustupiti osnovna sredstva izvori\u0161ta Doljani JPK-u \u010capljina d.o.o., a prethodno se nije konzultirao s Gradskim vije\u0107em Grada Metkovi\u0107a, iako je to zakonski trebao u\u010diniti.\u00a0<strong>Stoga Gradski vije\u0107nici Mosta NL tra\u017ee da ih se upozna s razvojem situacije o izvori\u0161tu Doljani koje je strate\u0161ki resurs grada Metkovi\u0107a.<\/strong><\/em><\/p>\n","protected":false},"excerpt":{"rendered":"<p>U Mostaru je 29. rujna 2018. bio sastanak \u010delnika susjednih \u017eupanija na kojem se raspravljalo o otvorenim pitanjima me\u0111u kojima je bilo pitanje upravljanja izvori\u0161tem Doljani i izgradnja nasipa za obranu od poplave u Gabela Polju. Na sastanku je bio nazo\u010dan i gradona\u010delnik Metkovi\u0107a Dalibor Milan. Kako o tome nije obavije\u0161teno Povjerenstvo za pitanje vodocrpili\u0161ta [&hellip;]<\/p>\n","protected":false},"author":7,"featured_media":56762,"comment_status":"open","ping_status":"open","sticky":false,"template":"","format":"standard","meta":{"footnotes":""},"categories":[283,290],"tags":[414,2545,793],"class_list":{"0":"post-68513","1":"post","2":"type-post","3":"status-publish","4":"format-standard","5":"has-post-thumbnail","7":"category-a","8":"category-politika","9":"tag-dalibor-milan","10":"tag-izvoriste-doljani","11":"tag-most-nl"},"yoast_head":"<!-- This site is optimized with the Yoast SEO plugin v25.2 - https:\/\/yoast.com\/wordpress\/plugins\/seo\/ -->\n<title>Vije\u0107nici Mosta: \u201eTra\u017eimo da nas gradona\u010delnik Milan izvijesti o sastanku u Mostaru...&quot; - likemetkovic.hr<\/title>\n<meta name=\"description\" content=\"U Mostaru je 29. rujna bio sastanak \u010delnika susjednih \u017eupanija na kojem se raspravljalo o otvorenim pitanjima me\u0111u kojima je bilo pitanje upravljanja izvori\u0161tem Doljani i izgradnja nasipa za obranu od poplave u Gabela Polju.\" \/>\n<meta name=\"robots\" content=\"index, follow, max-snippet:-1, max-image-preview:large, max-video-preview:-1\" \/>\n<link rel=\"canonical\" href=\"https:\/\/likemetkovic.hr\/vijecnici-mosta-trazimo-da-nas-gradonacelnik-milan-izvijesti-o-sastanku-u-mostaru\/\" \/>\n<meta property=\"og:locale\" content=\"hr_HR\" \/>\n<meta property=\"og:type\" content=\"article\" \/>\n<meta property=\"og:title\" content=\"Vije\u0107nici Mosta: \u201eTra\u017eimo da nas gradona\u010delnik Milan izvijesti o sastanku u Mostaru...&quot; - likemetkovic.hr\" \/>\n<meta property=\"og:description\" content=\"U Mostaru je 29. rujna bio sastanak \u010delnika susjednih \u017eupanija na kojem se raspravljalo o otvorenim pitanjima me\u0111u kojima je bilo pitanje upravljanja izvori\u0161tem Doljani i izgradnja nasipa za obranu od poplave u Gabela Polju.\" \/>\n<meta property=\"og:url\" content=\"https:\/\/likemetkovic.hr\/vijecnici-mosta-trazimo-da-nas-gradonacelnik-milan-izvijesti-o-sastanku-u-mostaru\/\" \/>\n<meta property=\"og:site_name\" content=\"likemetkovic.hr\" \/>\n<meta property=\"article:publisher\" content=\"https:\/\/www.facebook.com\/likemetkovic.hr\/\" \/>\n<meta property=\"article:published_time\" content=\"2018-10-04T12:55:14+00:00\" \/>\n<meta property=\"article:modified_time\" content=\"2018-10-04T12:56:48+00:00\" \/>\n<meta property=\"og:image\" content=\"https:\/\/likemetkovic.hr\/wp-content\/uploads\/2018\/04\/doljani-voda-5.jpg\" \/>\n\t<meta property=\"og:image:width\" content=\"800\" \/>\n\t<meta property=\"og:image:height\" content=\"534\" \/>\n\t<meta property=\"og:image:type\" content=\"image\/jpeg\" \/>\n<meta name=\"author\" content=\"LIKEmetkovic.hr\" \/>\n<meta name=\"twitter:card\" content=\"summary_large_image\" \/>\n<meta name=\"twitter:label1\" content=\"Napisao\/la\" \/>\n\t<meta name=\"twitter:data1\" content=\"LIKEmetkovic.hr\" \/>\n\t<meta name=\"twitter:label2\" content=\"Procijenjeno vrijeme \u010ditanja\" \/>\n\t<meta name=\"twitter:data2\" content=\"1 minuta\" \/>\n<script type=\"application\/ld+json\" class=\"yoast-schema-graph\">{\"@context\":\"https:\/\/schema.org\",\"@graph\":[{\"@type\":\"WebPage\",\"@id\":\"https:\/\/likemetkovic.hr\/vijecnici-mosta-trazimo-da-nas-gradonacelnik-milan-izvijesti-o-sastanku-u-mostaru\/\",\"url\":\"https:\/\/likemetkovic.hr\/vijecnici-mosta-trazimo-da-nas-gradonacelnik-milan-izvijesti-o-sastanku-u-mostaru\/\",\"name\":\"Vije\u0107nici Mosta: \u201eTra\u017eimo da nas gradona\u010delnik Milan izvijesti o sastanku u Mostaru...\\\" - likemetkovic.hr\",\"isPartOf\":{\"@id\":\"https:\/\/likemetkovic.hr\/#website\"},\"primaryImageOfPage\":{\"@id\":\"https:\/\/likemetkovic.hr\/vijecnici-mosta-trazimo-da-nas-gradonacelnik-milan-izvijesti-o-sastanku-u-mostaru\/#primaryimage\"},\"image\":{\"@id\":\"https:\/\/likemetkovic.hr\/vijecnici-mosta-trazimo-da-nas-gradonacelnik-milan-izvijesti-o-sastanku-u-mostaru\/#primaryimage\"},\"thumbnailUrl\":\"https:\/\/likemetkovic.hr\/portal\/wp-content\/uploads\/2018\/04\/doljani-voda-5.jpg\",\"datePublished\":\"2018-10-04T12:55:14+00:00\",\"dateModified\":\"2018-10-04T12:56:48+00:00\",\"author\":{\"@id\":\"https:\/\/likemetkovic.hr\/#\/schema\/person\/a42711f3385a0e2be6f7e0443bfb28f0\"},\"description\":\"U Mostaru je 29. rujna bio sastanak \u010delnika susjednih \u017eupanija na kojem se raspravljalo o otvorenim pitanjima me\u0111u kojima je bilo pitanje upravljanja izvori\u0161tem Doljani i izgradnja nasipa za obranu od poplave u Gabela Polju.\",\"breadcrumb\":{\"@id\":\"https:\/\/likemetkovic.hr\/vijecnici-mosta-trazimo-da-nas-gradonacelnik-milan-izvijesti-o-sastanku-u-mostaru\/#breadcrumb\"},\"inLanguage\":\"hr\",\"potentialAction\":[{\"@type\":\"ReadAction\",\"target\":[\"https:\/\/likemetkovic.hr\/vijecnici-mosta-trazimo-da-nas-gradonacelnik-milan-izvijesti-o-sastanku-u-mostaru\/\"]}]},{\"@type\":\"ImageObject\",\"inLanguage\":\"hr\",\"@id\":\"https:\/\/likemetkovic.hr\/vijecnici-mosta-trazimo-da-nas-gradonacelnik-milan-izvijesti-o-sastanku-u-mostaru\/#primaryimage\",\"url\":\"https:\/\/likemetkovic.hr\/portal\/wp-content\/uploads\/2018\/04\/doljani-voda-5.jpg\",\"contentUrl\":\"https:\/\/likemetkovic.hr\/portal\/wp-content\/uploads\/2018\/04\/doljani-voda-5.jpg\",\"width\":800,\"height\":534},{\"@type\":\"BreadcrumbList\",\"@id\":\"https:\/\/likemetkovic.hr\/vijecnici-mosta-trazimo-da-nas-gradonacelnik-milan-izvijesti-o-sastanku-u-mostaru\/#breadcrumb\",\"itemListElement\":[{\"@type\":\"ListItem\",\"position\":1,\"name\":\"Po\u010detna stranica\",\"item\":\"https:\/\/likemetkovic.hr\/portal\/\"},{\"@type\":\"ListItem\",\"position\":2,\"name\":\"Vije\u0107nici Mosta: \u201eTra\u017eimo da nas gradona\u010delnik Milan izvijesti o sastanku u Mostaru&#8230;&#8221;\"}]},{\"@type\":\"WebSite\",\"@id\":\"https:\/\/likemetkovic.hr\/#website\",\"url\":\"https:\/\/likemetkovic.hr\/\",\"name\":\"likemetkovic.hr\",\"description\":\"Misli pozitivno... \u010ditaj LIKE\",\"potentialAction\":[{\"@type\":\"SearchAction\",\"target\":{\"@type\":\"EntryPoint\",\"urlTemplate\":\"https:\/\/likemetkovic.hr\/?s={search_term_string}\"},\"query-input\":{\"@type\":\"PropertyValueSpecification\",\"valueRequired\":true,\"valueName\":\"search_term_string\"}}],\"inLanguage\":\"hr\"},{\"@type\":\"Person\",\"@id\":\"https:\/\/likemetkovic.hr\/#\/schema\/person\/a42711f3385a0e2be6f7e0443bfb28f0\",\"name\":\"LIKEmetkovic.hr\",\"sameAs\":[\"http:\/\/likemetkovic.hr\"],\"url\":\"https:\/\/likemetkovic.hr\/portal\/author\/likemetkovic-hr\/\"}]}<\/script>\n<!-- \/ Yoast SEO plugin. -->","yoast_head_json":{"title":"Vije\u0107nici Mosta: \u201eTra\u017eimo da nas gradona\u010delnik Milan izvijesti o sastanku u Mostaru...\" - likemetkovic.hr","description":"U Mostaru je 29. rujna bio sastanak \u010delnika susjednih \u017eupanija na kojem se raspravljalo o otvorenim pitanjima me\u0111u kojima je bilo pitanje upravljanja izvori\u0161tem Doljani i izgradnja nasipa za obranu od poplave u Gabela Polju.","robots":{"index":"index","follow":"follow","max-snippet":"max-snippet:-1","max-image-preview":"max-image-preview:large","max-video-preview":"max-video-preview:-1"},"canonical":"https:\/\/likemetkovic.hr\/vijecnici-mosta-trazimo-da-nas-gradonacelnik-milan-izvijesti-o-sastanku-u-mostaru\/","og_locale":"hr_HR","og_type":"article","og_title":"Vije\u0107nici Mosta: \u201eTra\u017eimo da nas gradona\u010delnik Milan izvijesti o sastanku u Mostaru...\" - likemetkovic.hr","og_description":"U Mostaru je 29. rujna bio sastanak \u010delnika susjednih \u017eupanija na kojem se raspravljalo o otvorenim pitanjima me\u0111u kojima je bilo pitanje upravljanja izvori\u0161tem Doljani i izgradnja nasipa za obranu od poplave u Gabela Polju.","og_url":"https:\/\/likemetkovic.hr\/vijecnici-mosta-trazimo-da-nas-gradonacelnik-milan-izvijesti-o-sastanku-u-mostaru\/","og_site_name":"likemetkovic.hr","article_publisher":"https:\/\/www.facebook.com\/likemetkovic.hr\/","article_published_time":"2018-10-04T12:55:14+00:00","article_modified_time":"2018-10-04T12:56:48+00:00","og_image":[{"width":800,"height":534,"url":"https:\/\/likemetkovic.hr\/wp-content\/uploads\/2018\/04\/doljani-voda-5.jpg","type":"image\/jpeg"}],"author":"LIKEmetkovic.hr","twitter_card":"summary_large_image","twitter_misc":{"Napisao\/la":"LIKEmetkovic.hr","Procijenjeno vrijeme \u010ditanja":"1 minuta"},"schema":{"@context":"https:\/\/schema.org","@graph":[{"@type":"WebPage","@id":"https:\/\/likemetkovic.hr\/vijecnici-mosta-trazimo-da-nas-gradonacelnik-milan-izvijesti-o-sastanku-u-mostaru\/","url":"https:\/\/likemetkovic.hr\/vijecnici-mosta-trazimo-da-nas-gradonacelnik-milan-izvijesti-o-sastanku-u-mostaru\/","name":"Vije\u0107nici Mosta: \u201eTra\u017eimo da nas gradona\u010delnik Milan izvijesti o sastanku u Mostaru...\" - likemetkovic.hr","isPartOf":{"@id":"https:\/\/likemetkovic.hr\/#website"},"primaryImageOfPage":{"@id":"https:\/\/likemetkovic.hr\/vijecnici-mosta-trazimo-da-nas-gradonacelnik-milan-izvijesti-o-sastanku-u-mostaru\/#primaryimage"},"image":{"@id":"https:\/\/likemetkovic.hr\/vijecnici-mosta-trazimo-da-nas-gradonacelnik-milan-izvijesti-o-sastanku-u-mostaru\/#primaryimage"},"thumbnailUrl":"https:\/\/likemetkovic.hr\/portal\/wp-content\/uploads\/2018\/04\/doljani-voda-5.jpg","datePublished":"2018-10-04T12:55:14+00:00","dateModified":"2018-10-04T12:56:48+00:00","author":{"@id":"https:\/\/likemetkovic.hr\/#\/schema\/person\/a42711f3385a0e2be6f7e0443bfb28f0"},"description":"U Mostaru je 29. rujna bio sastanak \u010delnika susjednih \u017eupanija na kojem se raspravljalo o otvorenim pitanjima me\u0111u kojima je bilo pitanje upravljanja izvori\u0161tem Doljani i izgradnja nasipa za obranu od poplave u Gabela Polju.","breadcrumb":{"@id":"https:\/\/likemetkovic.hr\/vijecnici-mosta-trazimo-da-nas-gradonacelnik-milan-izvijesti-o-sastanku-u-mostaru\/#breadcrumb"},"inLanguage":"hr","potentialAction":[{"@type":"ReadAction","target":["https:\/\/likemetkovic.hr\/vijecnici-mosta-trazimo-da-nas-gradonacelnik-milan-izvijesti-o-sastanku-u-mostaru\/"]}]},{"@type":"ImageObject","inLanguage":"hr","@id":"https:\/\/likemetkovic.hr\/vijecnici-mosta-trazimo-da-nas-gradonacelnik-milan-izvijesti-o-sastanku-u-mostaru\/#primaryimage","url":"https:\/\/likemetkovic.hr\/portal\/wp-content\/uploads\/2018\/04\/doljani-voda-5.jpg","contentUrl":"https:\/\/likemetkovic.hr\/portal\/wp-content\/uploads\/2018\/04\/doljani-voda-5.jpg","width":800,"height":534},{"@type":"BreadcrumbList","@id":"https:\/\/likemetkovic.hr\/vijecnici-mosta-trazimo-da-nas-gradonacelnik-milan-izvijesti-o-sastanku-u-mostaru\/#breadcrumb","itemListElement":[{"@type":"ListItem","position":1,"name":"Po\u010detna stranica","item":"https:\/\/likemetkovic.hr\/portal\/"},{"@type":"ListItem","position":2,"name":"Vije\u0107nici Mosta: \u201eTra\u017eimo da nas gradona\u010delnik Milan izvijesti o sastanku u Mostaru&#8230;&#8221;"}]},{"@type":"WebSite","@id":"https:\/\/likemetkovic.hr\/#website","url":"https:\/\/likemetkovic.hr\/","name":"likemetkovic.hr","description":"Misli pozitivno... \u010ditaj LIKE","potentialAction":[{"@type":"SearchAction","target":{"@type":"EntryPoint","urlTemplate":"https:\/\/likemetkovic.hr\/?s={search_term_string}"},"query-input":{"@type":"PropertyValueSpecification","valueRequired":true,"valueName":"search_term_string"}}],"inLanguage":"hr"},{"@type":"Person","@id":"https:\/\/likemetkovic.hr\/#\/schema\/person\/a42711f3385a0e2be6f7e0443bfb28f0","name":"LIKEmetkovic.hr","sameAs":["http:\/\/likemetkovic.hr"],"url":"https:\/\/likemetkovic.hr\/portal\/author\/likemetkovic-hr\/"}]}},"_links":{"self":[{"href":"https:\/\/likemetkovic.hr\/portal\/wp-json\/wp\/v2\/posts\/68513","targetHints":{"allow":["GET"]}}],"collection":[{"href":"https:\/\/likemetkovic.hr\/portal\/wp-json\/wp\/v2\/posts"}],"about":[{"href":"https:\/\/likemetkovic.hr\/portal\/wp-json\/wp\/v2\/types\/post"}],"author":[{"embeddable":true,"href":"https:\/\/likemetkovic.hr\/portal\/wp-json\/wp\/v2\/users\/7"}],"replies":[{"embeddable":true,"href":"https:\/\/likemetkovic.hr\/portal\/wp-json\/wp\/v2\/comments?post=68513"}],"version-history":[{"count":0,"href":"https:\/\/likemetkovic.hr\/portal\/wp-json\/wp\/v2\/posts\/68513\/revisions"}],"wp:featuredmedia":[{"embeddable":true,"href":"https:\/\/likemetkovic.hr\/portal\/wp-json\/wp\/v2\/media\/56762"}],"wp:attachment":[{"href":"https:\/\/likemetkovic.hr\/portal\/wp-json\/wp\/v2\/media?parent=68513"}],"wp:term":[{"taxonomy":"category","embeddable":true,"href":"https:\/\/likemetkovic.hr\/portal\/wp-json\/wp\/v2\/categories?post=68513"},{"taxonomy":"post_tag","embeddable":true,"href":"https:\/\/likemetkovic.hr\/portal\/wp-json\/wp\/v2\/tags?post=68513"}],"curies":[{"name":"wp","href":"https:\/\/api.w.org\/{rel}","templated":true}]}}