{"id":68616,"date":"2018-10-07T11:15:49","date_gmt":"2018-10-07T09:15:49","guid":{"rendered":"http:\/\/likemetkovic.hr\/?p=68616"},"modified":"2018-10-07T11:15:49","modified_gmt":"2018-10-07T09:15:49","slug":"luka-bebic-velika-koalicija-bi-zakljucila-drugi-svjetski-rat-prvi-sam-zagovarao-peljeski-most","status":"publish","type":"post","link":"https:\/\/likemetkovic.hr\/portal\/luka-bebic-velika-koalicija-bi-zakljucila-drugi-svjetski-rat-prvi-sam-zagovarao-peljeski-most\/","title":{"rendered":"LUKA BEBI\u0106: Velika koalicija bi zaklju\u010dila Drugi svjetski rat&#8230; prvi sam zagovarao Pelje\u0161ki most"},"content":{"rendered":"<p><strong>Luka Bebi\u0107<\/strong>, biv\u0161i predsjednik Sabora, bliski suradnik predsjednika\u00a0<strong>Franje Tu\u0111mana\u00a0<\/strong>i jedan od najbli\u017eih suradnika premijera\u00a0<strong>Ive Sanadera<\/strong>, glumi da \u017eivi mirnim umirovljeni\u010dkim \u017eivotom. Kre\u0107e se na relaciji izme\u0111u Komarnog i Zagreba. Ne \u017eeli to pokazati, ali zna sve, komunicira s ljudima koji su i dalje aktivni u politici, ali trudi se prikazati kao politi\u010dki umirovljenik, stoji u uvodu u veliki intervju \u0161to ga je dao za tjednik <a href=\"https:\/\/www.jutarnji.hr\/globus\/Globus-politika\/luka-bebic-za-globus-prije-20-godina-prvi-sam-predlozio-gradnju-peljeskog-mosta-ali-se-uvrijezilo-uvjerenje-da-je-ideja-potekla-od-sdp-ovca-sprlje\/7912770\/\" target=\"_blank\" rel=\"noopener\">Globus<\/a>.<\/p>\n<p>Posebno ga poga\u0111aju novinski tekstovi u kojima pi\u0161e da je projekt gradnje Pelje\u0161kog mosta pokrenuo Dubrova\u010dko-neretvanski \u017eupan\u00a0<strong>Ivan \u0160prlje<\/strong>. \u010cinjenica je da je govor u Saboru o potrebi gradnje tog mosta Luka Bebi\u0107 odr\u017eao godinu dana prije nego \u0161to je \u0160prlje uop\u0107e bio izabran za \u017eupana.<\/p>\n<p>&#8211;<em> Izgradnja mosta od Kleka, odnosno Komarne k poluotoku Pelje\u0161cu, otprilike po sredini sada\u0161njeg otoka gdje je naju\u017ei kanal, a iznosi 2100 metara i, po nekim ve\u0107 napravljenim studijama, ko\u0161tao bi oko 50 milijuna maraka\u201d, stoji u zapisniku sa sjednice Sabora odr\u017eane 1. listopada 1998. Bebi\u0107 je u svom govoru podrobno argumentirao i dokazivao koliko je taj projekt koristan za cijeli jug Hrvatske i otoke na dubrova\u010dkom podru\u010dju. \u201cU mom kraju, neretvanskom, Dubrova\u010dke \u017eupanije ve\u0107 sada postoji inicijativa da se ide u narodni zajam jer to nisu nikakvi veliki novci i da se gradi, ako nikako druga\u010dije, s narodnim zajmom da se gradi jedan takav objekt&#8230;<\/em> Luka Bebi\u0107 bio je optimist. Desetak godina kasnije po\u010dela je velika ekonomska kriza i od projekta koji je pokrenula Vlada\u00a0<strong>Ive Sanadera\u00a0<\/strong>privremeno se odustalo.<\/p>\n<p><strong>Andrej Plenkovi\u0107 ve\u0107 je dvije godine na \u010delu HDZ-a i Vlade. Kako ocjenjujete njegov rad i u\u010dinak kao \u0161efa stranke i predsjednika Vlade?<\/strong><\/p>\n<p>\u2013 Poprili\u010dno sam izvan doga\u0111anja, u mirovini sam. Ali, mislim da je situacija stabilizirana, mada puno problema nije rije\u0161eno. Ima puno malicioznih napada na Vladu, bez nu\u0111enja bilo kakve alternative. Ne mislim ja da je sada sve dobro. Moramo se svi skupa slo\u017eiti oko najbitnijih stvari. Do\u0161lo je vrijeme za jedan pravi dru\u0161tveni konsenzus.<\/p>\n<p><strong>Mislite li pod konsenzusom i na veliku koaliciju?<\/strong><\/p>\n<p>\u2013 Do konsenzusa se mo\u017ee do\u0107i i bez velike koalicije. Treba se dogovoriti s oporbom oko najbitnijih tema: obrana, nacionalna sigurnost, vanjska politika, pa i obrazovanje, zdravstvo&#8230; Op\u0107i konsenzus je mogu\u0107. A velika koalicija je nama potrebna da napokon zaklju\u010dimo Drugi svjetski rat. Neka povjesni\u010dari izu\u010davaju rat i pora\u0107e, neka polemiziraju, ali ne treba s time stalno zaga\u0111ivati dnevnu politiku.<\/p>\n<p>Cijeli intervju mo\u017eete pro\u010ditati u novom izdanju <strong><a href=\"https:\/\/www.jutarnji.hr\/globus\/Globus-politika\/luka-bebic-za-globus-prije-20-godina-prvi-sam-predlozio-gradnju-peljeskog-mosta-ali-se-uvrijezilo-uvjerenje-da-je-ideja-potekla-od-sdp-ovca-sprlje\/7912770\/\" target=\"_blank\" rel=\"noopener\">Globusa<\/a><\/strong>.<\/p>\n<p>Autor: Zdravko Milinovi\u0107\/JL<\/p>\n","protected":false},"excerpt":{"rendered":"<p>Luka Bebi\u0107, biv\u0161i predsjednik Sabora, bliski suradnik predsjednika\u00a0Franje Tu\u0111mana\u00a0i jedan od najbli\u017eih suradnika premijera\u00a0Ive Sanadera, glumi da \u017eivi mirnim umirovljeni\u010dkim \u017eivotom. Kre\u0107e se na relaciji izme\u0111u Komarnog i Zagreba. Ne \u017eeli to pokazati, ali zna sve, komunicira s ljudima koji su i dalje aktivni u politici, ali trudi se prikazati kao politi\u010dki umirovljenik, stoji u [&hellip;]<\/p>\n","protected":false},"author":7,"featured_media":68617,"comment_status":"open","ping_status":"open","sticky":false,"template":"","format":"standard","meta":{"footnotes":""},"categories":[296,290],"tags":[3851],"class_list":{"0":"post-68616","1":"post","2":"type-post","3":"status-publish","4":"format-standard","5":"has-post-thumbnail","7":"category-ab","8":"category-politika","9":"tag-luka-bebic"},"yoast_head":"<!-- This site is optimized with the Yoast SEO plugin v25.2 - https:\/\/yoast.com\/wordpress\/plugins\/seo\/ -->\n<title>LUKA BEBI\u0106: Velika koalicija bi zaklju\u010dila Drugi svjetski rat... prvi sam zagovarao Pelje\u0161ki most - likemetkovic.hr<\/title>\n<meta name=\"robots\" content=\"index, follow, max-snippet:-1, max-image-preview:large, max-video-preview:-1\" \/>\n<link rel=\"canonical\" href=\"https:\/\/likemetkovic.hr\/luka-bebic-velika-koalicija-bi-zakljucila-drugi-svjetski-rat-prvi-sam-zagovarao-peljeski-most\/\" \/>\n<meta property=\"og:locale\" content=\"hr_HR\" \/>\n<meta property=\"og:type\" content=\"article\" \/>\n<meta property=\"og:title\" content=\"LUKA BEBI\u0106: Velika koalicija bi zaklju\u010dila Drugi svjetski rat... prvi sam zagovarao Pelje\u0161ki most - likemetkovic.hr\" \/>\n<meta property=\"og:description\" content=\"Luka Bebi\u0107, biv\u0161i predsjednik Sabora, bliski suradnik predsjednika\u00a0Franje Tu\u0111mana\u00a0i jedan od najbli\u017eih suradnika premijera\u00a0Ive Sanadera, glumi da \u017eivi mirnim umirovljeni\u010dkim \u017eivotom. Kre\u0107e se na relaciji izme\u0111u Komarnog i Zagreba. Ne \u017eeli to pokazati, ali zna sve, komunicira s ljudima koji su i dalje aktivni u politici, ali trudi se prikazati kao politi\u010dki umirovljenik, stoji u [&hellip;]\" \/>\n<meta property=\"og:url\" content=\"https:\/\/likemetkovic.hr\/luka-bebic-velika-koalicija-bi-zakljucila-drugi-svjetski-rat-prvi-sam-zagovarao-peljeski-most\/\" \/>\n<meta property=\"og:site_name\" content=\"likemetkovic.hr\" \/>\n<meta property=\"article:publisher\" content=\"https:\/\/www.facebook.com\/likemetkovic.hr\/\" \/>\n<meta property=\"article:published_time\" content=\"2018-10-07T09:15:49+00:00\" \/>\n<meta property=\"og:image\" content=\"https:\/\/likemetkovic.hr\/wp-content\/uploads\/2018\/10\/luka-bebi\u0107.jpg\" \/>\n\t<meta property=\"og:image:width\" content=\"844\" \/>\n\t<meta property=\"og:image:height\" content=\"593\" \/>\n\t<meta property=\"og:image:type\" content=\"image\/jpeg\" \/>\n<meta name=\"author\" content=\"LIKEmetkovic.hr\" \/>\n<meta name=\"twitter:card\" content=\"summary_large_image\" \/>\n<meta name=\"twitter:label1\" content=\"Napisao\/la\" \/>\n\t<meta name=\"twitter:data1\" content=\"LIKEmetkovic.hr\" \/>\n\t<meta name=\"twitter:label2\" content=\"Procijenjeno vrijeme \u010ditanja\" \/>\n\t<meta name=\"twitter:data2\" content=\"2 minute\" \/>\n<script type=\"application\/ld+json\" class=\"yoast-schema-graph\">{\"@context\":\"https:\/\/schema.org\",\"@graph\":[{\"@type\":\"WebPage\",\"@id\":\"https:\/\/likemetkovic.hr\/luka-bebic-velika-koalicija-bi-zakljucila-drugi-svjetski-rat-prvi-sam-zagovarao-peljeski-most\/\",\"url\":\"https:\/\/likemetkovic.hr\/luka-bebic-velika-koalicija-bi-zakljucila-drugi-svjetski-rat-prvi-sam-zagovarao-peljeski-most\/\",\"name\":\"LUKA BEBI\u0106: Velika koalicija bi zaklju\u010dila Drugi svjetski rat... prvi sam zagovarao Pelje\u0161ki most - likemetkovic.hr\",\"isPartOf\":{\"@id\":\"https:\/\/likemetkovic.hr\/#website\"},\"primaryImageOfPage\":{\"@id\":\"https:\/\/likemetkovic.hr\/luka-bebic-velika-koalicija-bi-zakljucila-drugi-svjetski-rat-prvi-sam-zagovarao-peljeski-most\/#primaryimage\"},\"image\":{\"@id\":\"https:\/\/likemetkovic.hr\/luka-bebic-velika-koalicija-bi-zakljucila-drugi-svjetski-rat-prvi-sam-zagovarao-peljeski-most\/#primaryimage\"},\"thumbnailUrl\":\"https:\/\/likemetkovic.hr\/portal\/wp-content\/uploads\/2018\/10\/luka-bebi\u0107.jpg\",\"datePublished\":\"2018-10-07T09:15:49+00:00\",\"author\":{\"@id\":\"https:\/\/likemetkovic.hr\/#\/schema\/person\/a42711f3385a0e2be6f7e0443bfb28f0\"},\"breadcrumb\":{\"@id\":\"https:\/\/likemetkovic.hr\/luka-bebic-velika-koalicija-bi-zakljucila-drugi-svjetski-rat-prvi-sam-zagovarao-peljeski-most\/#breadcrumb\"},\"inLanguage\":\"hr\",\"potentialAction\":[{\"@type\":\"ReadAction\",\"target\":[\"https:\/\/likemetkovic.hr\/luka-bebic-velika-koalicija-bi-zakljucila-drugi-svjetski-rat-prvi-sam-zagovarao-peljeski-most\/\"]}]},{\"@type\":\"ImageObject\",\"inLanguage\":\"hr\",\"@id\":\"https:\/\/likemetkovic.hr\/luka-bebic-velika-koalicija-bi-zakljucila-drugi-svjetski-rat-prvi-sam-zagovarao-peljeski-most\/#primaryimage\",\"url\":\"https:\/\/likemetkovic.hr\/portal\/wp-content\/uploads\/2018\/10\/luka-bebi\u0107.jpg\",\"contentUrl\":\"https:\/\/likemetkovic.hr\/portal\/wp-content\/uploads\/2018\/10\/luka-bebi\u0107.jpg\",\"width\":844,\"height\":593},{\"@type\":\"BreadcrumbList\",\"@id\":\"https:\/\/likemetkovic.hr\/luka-bebic-velika-koalicija-bi-zakljucila-drugi-svjetski-rat-prvi-sam-zagovarao-peljeski-most\/#breadcrumb\",\"itemListElement\":[{\"@type\":\"ListItem\",\"position\":1,\"name\":\"Po\u010detna stranica\",\"item\":\"https:\/\/likemetkovic.hr\/portal\/\"},{\"@type\":\"ListItem\",\"position\":2,\"name\":\"LUKA BEBI\u0106: Velika koalicija bi zaklju\u010dila Drugi svjetski rat&#8230; prvi sam zagovarao Pelje\u0161ki most\"}]},{\"@type\":\"WebSite\",\"@id\":\"https:\/\/likemetkovic.hr\/#website\",\"url\":\"https:\/\/likemetkovic.hr\/\",\"name\":\"likemetkovic.hr\",\"description\":\"Misli pozitivno... \u010ditaj LIKE\",\"potentialAction\":[{\"@type\":\"SearchAction\",\"target\":{\"@type\":\"EntryPoint\",\"urlTemplate\":\"https:\/\/likemetkovic.hr\/?s={search_term_string}\"},\"query-input\":{\"@type\":\"PropertyValueSpecification\",\"valueRequired\":true,\"valueName\":\"search_term_string\"}}],\"inLanguage\":\"hr\"},{\"@type\":\"Person\",\"@id\":\"https:\/\/likemetkovic.hr\/#\/schema\/person\/a42711f3385a0e2be6f7e0443bfb28f0\",\"name\":\"LIKEmetkovic.hr\",\"sameAs\":[\"http:\/\/likemetkovic.hr\"],\"url\":\"https:\/\/likemetkovic.hr\/portal\/author\/likemetkovic-hr\/\"}]}<\/script>\n<!-- \/ Yoast SEO plugin. -->","yoast_head_json":{"title":"LUKA BEBI\u0106: Velika koalicija bi zaklju\u010dila Drugi svjetski rat... prvi sam zagovarao Pelje\u0161ki most - likemetkovic.hr","robots":{"index":"index","follow":"follow","max-snippet":"max-snippet:-1","max-image-preview":"max-image-preview:large","max-video-preview":"max-video-preview:-1"},"canonical":"https:\/\/likemetkovic.hr\/luka-bebic-velika-koalicija-bi-zakljucila-drugi-svjetski-rat-prvi-sam-zagovarao-peljeski-most\/","og_locale":"hr_HR","og_type":"article","og_title":"LUKA BEBI\u0106: Velika koalicija bi zaklju\u010dila Drugi svjetski rat... prvi sam zagovarao Pelje\u0161ki most - likemetkovic.hr","og_description":"Luka Bebi\u0107, biv\u0161i predsjednik Sabora, bliski suradnik predsjednika\u00a0Franje Tu\u0111mana\u00a0i jedan od najbli\u017eih suradnika premijera\u00a0Ive Sanadera, glumi da \u017eivi mirnim umirovljeni\u010dkim \u017eivotom. Kre\u0107e se na relaciji izme\u0111u Komarnog i Zagreba. Ne \u017eeli to pokazati, ali zna sve, komunicira s ljudima koji su i dalje aktivni u politici, ali trudi se prikazati kao politi\u010dki umirovljenik, stoji u [&hellip;]","og_url":"https:\/\/likemetkovic.hr\/luka-bebic-velika-koalicija-bi-zakljucila-drugi-svjetski-rat-prvi-sam-zagovarao-peljeski-most\/","og_site_name":"likemetkovic.hr","article_publisher":"https:\/\/www.facebook.com\/likemetkovic.hr\/","article_published_time":"2018-10-07T09:15:49+00:00","og_image":[{"width":844,"height":593,"url":"https:\/\/likemetkovic.hr\/wp-content\/uploads\/2018\/10\/luka-bebi\u0107.jpg","type":"image\/jpeg"}],"author":"LIKEmetkovic.hr","twitter_card":"summary_large_image","twitter_misc":{"Napisao\/la":"LIKEmetkovic.hr","Procijenjeno vrijeme \u010ditanja":"2 minute"},"schema":{"@context":"https:\/\/schema.org","@graph":[{"@type":"WebPage","@id":"https:\/\/likemetkovic.hr\/luka-bebic-velika-koalicija-bi-zakljucila-drugi-svjetski-rat-prvi-sam-zagovarao-peljeski-most\/","url":"https:\/\/likemetkovic.hr\/luka-bebic-velika-koalicija-bi-zakljucila-drugi-svjetski-rat-prvi-sam-zagovarao-peljeski-most\/","name":"LUKA BEBI\u0106: Velika koalicija bi zaklju\u010dila Drugi svjetski rat... prvi sam zagovarao Pelje\u0161ki most - likemetkovic.hr","isPartOf":{"@id":"https:\/\/likemetkovic.hr\/#website"},"primaryImageOfPage":{"@id":"https:\/\/likemetkovic.hr\/luka-bebic-velika-koalicija-bi-zakljucila-drugi-svjetski-rat-prvi-sam-zagovarao-peljeski-most\/#primaryimage"},"image":{"@id":"https:\/\/likemetkovic.hr\/luka-bebic-velika-koalicija-bi-zakljucila-drugi-svjetski-rat-prvi-sam-zagovarao-peljeski-most\/#primaryimage"},"thumbnailUrl":"https:\/\/likemetkovic.hr\/portal\/wp-content\/uploads\/2018\/10\/luka-bebi\u0107.jpg","datePublished":"2018-10-07T09:15:49+00:00","author":{"@id":"https:\/\/likemetkovic.hr\/#\/schema\/person\/a42711f3385a0e2be6f7e0443bfb28f0"},"breadcrumb":{"@id":"https:\/\/likemetkovic.hr\/luka-bebic-velika-koalicija-bi-zakljucila-drugi-svjetski-rat-prvi-sam-zagovarao-peljeski-most\/#breadcrumb"},"inLanguage":"hr","potentialAction":[{"@type":"ReadAction","target":["https:\/\/likemetkovic.hr\/luka-bebic-velika-koalicija-bi-zakljucila-drugi-svjetski-rat-prvi-sam-zagovarao-peljeski-most\/"]}]},{"@type":"ImageObject","inLanguage":"hr","@id":"https:\/\/likemetkovic.hr\/luka-bebic-velika-koalicija-bi-zakljucila-drugi-svjetski-rat-prvi-sam-zagovarao-peljeski-most\/#primaryimage","url":"https:\/\/likemetkovic.hr\/portal\/wp-content\/uploads\/2018\/10\/luka-bebi\u0107.jpg","contentUrl":"https:\/\/likemetkovic.hr\/portal\/wp-content\/uploads\/2018\/10\/luka-bebi\u0107.jpg","width":844,"height":593},{"@type":"BreadcrumbList","@id":"https:\/\/likemetkovic.hr\/luka-bebic-velika-koalicija-bi-zakljucila-drugi-svjetski-rat-prvi-sam-zagovarao-peljeski-most\/#breadcrumb","itemListElement":[{"@type":"ListItem","position":1,"name":"Po\u010detna stranica","item":"https:\/\/likemetkovic.hr\/portal\/"},{"@type":"ListItem","position":2,"name":"LUKA BEBI\u0106: Velika koalicija bi zaklju\u010dila Drugi svjetski rat&#8230; prvi sam zagovarao Pelje\u0161ki most"}]},{"@type":"WebSite","@id":"https:\/\/likemetkovic.hr\/#website","url":"https:\/\/likemetkovic.hr\/","name":"likemetkovic.hr","description":"Misli pozitivno... \u010ditaj LIKE","potentialAction":[{"@type":"SearchAction","target":{"@type":"EntryPoint","urlTemplate":"https:\/\/likemetkovic.hr\/?s={search_term_string}"},"query-input":{"@type":"PropertyValueSpecification","valueRequired":true,"valueName":"search_term_string"}}],"inLanguage":"hr"},{"@type":"Person","@id":"https:\/\/likemetkovic.hr\/#\/schema\/person\/a42711f3385a0e2be6f7e0443bfb28f0","name":"LIKEmetkovic.hr","sameAs":["http:\/\/likemetkovic.hr"],"url":"https:\/\/likemetkovic.hr\/portal\/author\/likemetkovic-hr\/"}]}},"_links":{"self":[{"href":"https:\/\/likemetkovic.hr\/portal\/wp-json\/wp\/v2\/posts\/68616","targetHints":{"allow":["GET"]}}],"collection":[{"href":"https:\/\/likemetkovic.hr\/portal\/wp-json\/wp\/v2\/posts"}],"about":[{"href":"https:\/\/likemetkovic.hr\/portal\/wp-json\/wp\/v2\/types\/post"}],"author":[{"embeddable":true,"href":"https:\/\/likemetkovic.hr\/portal\/wp-json\/wp\/v2\/users\/7"}],"replies":[{"embeddable":true,"href":"https:\/\/likemetkovic.hr\/portal\/wp-json\/wp\/v2\/comments?post=68616"}],"version-history":[{"count":0,"href":"https:\/\/likemetkovic.hr\/portal\/wp-json\/wp\/v2\/posts\/68616\/revisions"}],"wp:featuredmedia":[{"embeddable":true,"href":"https:\/\/likemetkovic.hr\/portal\/wp-json\/wp\/v2\/media\/68617"}],"wp:attachment":[{"href":"https:\/\/likemetkovic.hr\/portal\/wp-json\/wp\/v2\/media?parent=68616"}],"wp:term":[{"taxonomy":"category","embeddable":true,"href":"https:\/\/likemetkovic.hr\/portal\/wp-json\/wp\/v2\/categories?post=68616"},{"taxonomy":"post_tag","embeddable":true,"href":"https:\/\/likemetkovic.hr\/portal\/wp-json\/wp\/v2\/tags?post=68616"}],"curies":[{"name":"wp","href":"https:\/\/api.w.org\/{rel}","templated":true}]}}