{"id":68652,"date":"2018-10-08T11:15:52","date_gmt":"2018-10-08T09:15:52","guid":{"rendered":"http:\/\/likemetkovic.hr\/?p=68652"},"modified":"2018-10-08T11:17:45","modified_gmt":"2018-10-08T09:17:45","slug":"bozo-petrov-most-ce-podrzati-prosvjed-u-vukovaru","status":"publish","type":"post","link":"https:\/\/likemetkovic.hr\/portal\/bozo-petrov-most-ce-podrzati-prosvjed-u-vukovaru\/","title":{"rendered":"BO\u017dO PETROV: Most \u0107e podr\u017eati prosvjed u Vukovaru&#8230;"},"content":{"rendered":"<p>Gost <a href=\"http:\/\/hr.n1info.com\/a337366\/Vijesti\/Bozo-Petrov-u-Intervjuu-tjedna-Tocke-na-tjedan.html\" target=\"_blank\" rel=\"noopener\">Intervjua tjedna<\/a> na televiziji N1 Hrvatska bio je predsjednik Mosta <strong>Bo\u017eo Petrov <\/strong>Komentirao je aktualna politi\u010dka zbivanja u Hrvatskoj, potrebu izmjene Izbornog zakona kako to tra\u017ei referendumska inicijativa <em>Narod odlu\u010duje!<\/em> i aferu <em>SMS<\/em> i najavljeni prosvjedu u Vukovaru.<\/p>\n<p><strong>Vidite li poveznicu izme\u0111u izbijanja afere SMS i uvkovarskog prosvjeda?<\/strong><\/p>\n<p>&#8220;Meni vam je to potpuno nebitno. Znate \u0161to je meni bitno? Nakon \u010detvrt stolje\u0107a obitelji kojima su stradali najmiliji ne znaju gdje mogu odnijeti cvije\u0107e, svije\u0107u, a \u017eive u svojoj dr\u017eavi. To je tragi\u010dno. Ja bih savjetovao svakome da ode, da si uzme lijepa tri, \u010detiri sata i ode u ratnu bolnicu, Memorijalni centar, na Ov\u010daru. I onda ka\u017ee &#8216;ne trebamo mi znati gdje su na\u0161i poginuli&#8217;. Ba\u0161 me zanima tko \u0107e to na kraju re\u0107i. Ja vjerujem da masa ljudi nije oti\u0161la, to vidjela. Jedna je stvar oti\u0107i jedan dan u Vukovar sudjelvoati u koloni, a druga obi\u0107i sva ta mjesta, vidjeti i upoznati patnju, vidjeti kako su ljudi stradali zbog ostatka cijele Hrvatske, da bi im danas danas drugi govorili &#8216;\u017eao nam je, ne mo\u017eete znati ni gdje su vam najmiliji&#8217;. Most podr\u017eava taj prosvjed, podr\u017eava ga iz ovog razloga.&#8221;<\/p>\n<p><strong>S time \u0107e se slo\u017eiti ve\u0107ina ljudi u Hrvatskoj, no \u0161to \u0107e taj prosvjed u Vukovaru rije\u0161iti?<\/strong><\/p>\n<p>&#8220;Ja sam se prestao zmaratai time kako \u0107e tko od njih u\u0161e\u0107ariti koji politi\u010dki poen. Ja samo procjenjujem je li to ne\u0161to dobro ili to nije dobro &#8211; ovo je dobro. Most \u0107e podr\u017eati prosvjed, ali upravo iz razloga da ne bi mo\u017eda Andrej Plenkovi\u0107 to iskoristio kao alibi, ja ne\u0107u biti na prosvjedu kao politi\u010dar jer \u0107e onda re\u0107i da je prosvjed ispolitiziran. Mene ne interesiraju njihovi razlozi, ja ovaj trenutak razmi\u0161ljam o gra\u0111anima koji su dali upravo tim politi\u010darima povjerenje. Neka do\u0111u apsolutno svi politi\u010dari koji su iz tog kraja. Volio bih da \u0161to vi\u0161e gra\u0111ana do\u0111e na taj prosvjed, da se \u010duje taj glas, da dr\u017eava to ozbiljno shvati. Ako ima imalo razuma, imalo pameti u ovim institucijama i ovoj Vladi, nakon tog prosvjeda \u0107e ne\u0161to napraviti &#8211; upregnuti \u0107e institucije. Ono \u0161to jest problem institucija, \u0161to afera SMS pokazuje i \u0161to mi poku\u0161avamo napraviti kroz povjerenstvo je da se otkrije gdje su rizici slabosti, pokazuje to da insticuije nisu neovisne, nemaju autonomiju jer vladaju\u0107i to ne \u017eele. Vladaju\u0107i njima upravljaju ,dok im dogori do prsta, onda \u0107e ih aktivirati:&#8221;<\/p>\n<p><strong>Bit \u0107e tamo ljudi koji \u0107e sva\u0161ta izgovoriti&#8230;<\/strong><\/p>\n<p>&#8220;To \u0107e govoriti oni koji \u0107e htjeti iskoristiti prosvjed. Ja bih volio da to bude stvarno dostojanstven prosvjed, da ga nitko ne iskoristi jer je to toliko bitna tema za ljude u Vukovaru da ja to ne mogu opisati.&#8221;<\/p>\n<p>Cijeli intervju mo\u017eete pro\u010ditati na portalu <strong><a href=\"http:\/\/hr.n1info.com\/a337366\/Vijesti\/Bozo-Petrov-u-Intervjuu-tjedna-Tocke-na-tjedan.html\" target=\"_blank\" rel=\"noopener\">N1 Hrvatska<\/a><\/strong>.<\/p>\n","protected":false},"excerpt":{"rendered":"<p>Gost Intervjua tjedna na televiziji N1 Hrvatska bio je predsjednik Mosta Bo\u017eo Petrov Komentirao je aktualna politi\u010dka zbivanja u Hrvatskoj, potrebu izmjene Izbornog zakona kako to tra\u017ei referendumska inicijativa Narod odlu\u010duje! i aferu SMS i najavljeni prosvjedu u Vukovaru. Vidite li poveznicu izme\u0111u izbijanja afere SMS i uvkovarskog prosvjeda? &#8220;Meni vam je to potpuno nebitno. [&hellip;]<\/p>\n","protected":false},"author":7,"featured_media":68654,"comment_status":"open","ping_status":"open","sticky":false,"template":"","format":"standard","meta":{"footnotes":""},"categories":[296,290],"tags":[3854],"class_list":{"0":"post-68652","1":"post","2":"type-post","3":"status-publish","4":"format-standard","5":"has-post-thumbnail","7":"category-ab","8":"category-politika","9":"tag-bozo-petrov-most-nl"},"yoast_head":"<!-- This site is optimized with the Yoast SEO plugin v25.2 - https:\/\/yoast.com\/wordpress\/plugins\/seo\/ -->\n<title>BO\u017dO PETROV: Most \u0107e podr\u017eati prosvjed u Vukovaru... - likemetkovic.hr<\/title>\n<meta name=\"robots\" content=\"index, follow, max-snippet:-1, max-image-preview:large, max-video-preview:-1\" \/>\n<link rel=\"canonical\" href=\"https:\/\/likemetkovic.hr\/bozo-petrov-most-ce-podrzati-prosvjed-u-vukovaru\/\" \/>\n<meta property=\"og:locale\" content=\"hr_HR\" \/>\n<meta property=\"og:type\" content=\"article\" \/>\n<meta property=\"og:title\" content=\"BO\u017dO PETROV: Most \u0107e podr\u017eati prosvjed u Vukovaru... - likemetkovic.hr\" \/>\n<meta property=\"og:description\" content=\"Gost Intervjua tjedna na televiziji N1 Hrvatska bio je predsjednik Mosta Bo\u017eo Petrov Komentirao je aktualna politi\u010dka zbivanja u Hrvatskoj, potrebu izmjene Izbornog zakona kako to tra\u017ei referendumska inicijativa Narod odlu\u010duje! i aferu SMS i najavljeni prosvjedu u Vukovaru. Vidite li poveznicu izme\u0111u izbijanja afere SMS i uvkovarskog prosvjeda? &#8220;Meni vam je to potpuno nebitno. [&hellip;]\" \/>\n<meta property=\"og:url\" content=\"https:\/\/likemetkovic.hr\/bozo-petrov-most-ce-podrzati-prosvjed-u-vukovaru\/\" \/>\n<meta property=\"og:site_name\" content=\"likemetkovic.hr\" \/>\n<meta property=\"article:publisher\" content=\"https:\/\/www.facebook.com\/likemetkovic.hr\/\" \/>\n<meta property=\"article:published_time\" content=\"2018-10-08T09:15:52+00:00\" \/>\n<meta property=\"article:modified_time\" content=\"2018-10-08T09:17:45+00:00\" \/>\n<meta property=\"og:image\" content=\"https:\/\/likemetkovic.hr\/wp-content\/uploads\/2018\/10\/bo\u017eo-petrov.jpg\" \/>\n\t<meta property=\"og:image:width\" content=\"800\" \/>\n\t<meta property=\"og:image:height\" content=\"449\" \/>\n\t<meta property=\"og:image:type\" content=\"image\/jpeg\" \/>\n<meta name=\"author\" content=\"LIKEmetkovic.hr\" \/>\n<meta name=\"twitter:card\" content=\"summary_large_image\" \/>\n<meta name=\"twitter:label1\" content=\"Napisao\/la\" \/>\n\t<meta name=\"twitter:data1\" content=\"LIKEmetkovic.hr\" \/>\n\t<meta name=\"twitter:label2\" content=\"Procijenjeno vrijeme \u010ditanja\" \/>\n\t<meta name=\"twitter:data2\" content=\"2 minute\" \/>\n<script type=\"application\/ld+json\" class=\"yoast-schema-graph\">{\"@context\":\"https:\/\/schema.org\",\"@graph\":[{\"@type\":\"WebPage\",\"@id\":\"https:\/\/likemetkovic.hr\/bozo-petrov-most-ce-podrzati-prosvjed-u-vukovaru\/\",\"url\":\"https:\/\/likemetkovic.hr\/bozo-petrov-most-ce-podrzati-prosvjed-u-vukovaru\/\",\"name\":\"BO\u017dO PETROV: Most \u0107e podr\u017eati prosvjed u Vukovaru... - likemetkovic.hr\",\"isPartOf\":{\"@id\":\"https:\/\/likemetkovic.hr\/#website\"},\"primaryImageOfPage\":{\"@id\":\"https:\/\/likemetkovic.hr\/bozo-petrov-most-ce-podrzati-prosvjed-u-vukovaru\/#primaryimage\"},\"image\":{\"@id\":\"https:\/\/likemetkovic.hr\/bozo-petrov-most-ce-podrzati-prosvjed-u-vukovaru\/#primaryimage\"},\"thumbnailUrl\":\"https:\/\/likemetkovic.hr\/portal\/wp-content\/uploads\/2018\/10\/bo\u017eo-petrov.jpg\",\"datePublished\":\"2018-10-08T09:15:52+00:00\",\"dateModified\":\"2018-10-08T09:17:45+00:00\",\"author\":{\"@id\":\"https:\/\/likemetkovic.hr\/#\/schema\/person\/a42711f3385a0e2be6f7e0443bfb28f0\"},\"breadcrumb\":{\"@id\":\"https:\/\/likemetkovic.hr\/bozo-petrov-most-ce-podrzati-prosvjed-u-vukovaru\/#breadcrumb\"},\"inLanguage\":\"hr\",\"potentialAction\":[{\"@type\":\"ReadAction\",\"target\":[\"https:\/\/likemetkovic.hr\/bozo-petrov-most-ce-podrzati-prosvjed-u-vukovaru\/\"]}]},{\"@type\":\"ImageObject\",\"inLanguage\":\"hr\",\"@id\":\"https:\/\/likemetkovic.hr\/bozo-petrov-most-ce-podrzati-prosvjed-u-vukovaru\/#primaryimage\",\"url\":\"https:\/\/likemetkovic.hr\/portal\/wp-content\/uploads\/2018\/10\/bo\u017eo-petrov.jpg\",\"contentUrl\":\"https:\/\/likemetkovic.hr\/portal\/wp-content\/uploads\/2018\/10\/bo\u017eo-petrov.jpg\",\"width\":800,\"height\":449},{\"@type\":\"BreadcrumbList\",\"@id\":\"https:\/\/likemetkovic.hr\/bozo-petrov-most-ce-podrzati-prosvjed-u-vukovaru\/#breadcrumb\",\"itemListElement\":[{\"@type\":\"ListItem\",\"position\":1,\"name\":\"Po\u010detna stranica\",\"item\":\"https:\/\/likemetkovic.hr\/portal\/\"},{\"@type\":\"ListItem\",\"position\":2,\"name\":\"BO\u017dO PETROV: Most \u0107e podr\u017eati prosvjed u Vukovaru&#8230;\"}]},{\"@type\":\"WebSite\",\"@id\":\"https:\/\/likemetkovic.hr\/#website\",\"url\":\"https:\/\/likemetkovic.hr\/\",\"name\":\"likemetkovic.hr\",\"description\":\"Misli pozitivno... \u010ditaj LIKE\",\"potentialAction\":[{\"@type\":\"SearchAction\",\"target\":{\"@type\":\"EntryPoint\",\"urlTemplate\":\"https:\/\/likemetkovic.hr\/?s={search_term_string}\"},\"query-input\":{\"@type\":\"PropertyValueSpecification\",\"valueRequired\":true,\"valueName\":\"search_term_string\"}}],\"inLanguage\":\"hr\"},{\"@type\":\"Person\",\"@id\":\"https:\/\/likemetkovic.hr\/#\/schema\/person\/a42711f3385a0e2be6f7e0443bfb28f0\",\"name\":\"LIKEmetkovic.hr\",\"sameAs\":[\"http:\/\/likemetkovic.hr\"],\"url\":\"https:\/\/likemetkovic.hr\/portal\/author\/likemetkovic-hr\/\"}]}<\/script>\n<!-- \/ Yoast SEO plugin. -->","yoast_head_json":{"title":"BO\u017dO PETROV: Most \u0107e podr\u017eati prosvjed u Vukovaru... - likemetkovic.hr","robots":{"index":"index","follow":"follow","max-snippet":"max-snippet:-1","max-image-preview":"max-image-preview:large","max-video-preview":"max-video-preview:-1"},"canonical":"https:\/\/likemetkovic.hr\/bozo-petrov-most-ce-podrzati-prosvjed-u-vukovaru\/","og_locale":"hr_HR","og_type":"article","og_title":"BO\u017dO PETROV: Most \u0107e podr\u017eati prosvjed u Vukovaru... - likemetkovic.hr","og_description":"Gost Intervjua tjedna na televiziji N1 Hrvatska bio je predsjednik Mosta Bo\u017eo Petrov Komentirao je aktualna politi\u010dka zbivanja u Hrvatskoj, potrebu izmjene Izbornog zakona kako to tra\u017ei referendumska inicijativa Narod odlu\u010duje! i aferu SMS i najavljeni prosvjedu u Vukovaru. Vidite li poveznicu izme\u0111u izbijanja afere SMS i uvkovarskog prosvjeda? &#8220;Meni vam je to potpuno nebitno. [&hellip;]","og_url":"https:\/\/likemetkovic.hr\/bozo-petrov-most-ce-podrzati-prosvjed-u-vukovaru\/","og_site_name":"likemetkovic.hr","article_publisher":"https:\/\/www.facebook.com\/likemetkovic.hr\/","article_published_time":"2018-10-08T09:15:52+00:00","article_modified_time":"2018-10-08T09:17:45+00:00","og_image":[{"width":800,"height":449,"url":"https:\/\/likemetkovic.hr\/wp-content\/uploads\/2018\/10\/bo\u017eo-petrov.jpg","type":"image\/jpeg"}],"author":"LIKEmetkovic.hr","twitter_card":"summary_large_image","twitter_misc":{"Napisao\/la":"LIKEmetkovic.hr","Procijenjeno vrijeme \u010ditanja":"2 minute"},"schema":{"@context":"https:\/\/schema.org","@graph":[{"@type":"WebPage","@id":"https:\/\/likemetkovic.hr\/bozo-petrov-most-ce-podrzati-prosvjed-u-vukovaru\/","url":"https:\/\/likemetkovic.hr\/bozo-petrov-most-ce-podrzati-prosvjed-u-vukovaru\/","name":"BO\u017dO PETROV: Most \u0107e podr\u017eati prosvjed u Vukovaru... - likemetkovic.hr","isPartOf":{"@id":"https:\/\/likemetkovic.hr\/#website"},"primaryImageOfPage":{"@id":"https:\/\/likemetkovic.hr\/bozo-petrov-most-ce-podrzati-prosvjed-u-vukovaru\/#primaryimage"},"image":{"@id":"https:\/\/likemetkovic.hr\/bozo-petrov-most-ce-podrzati-prosvjed-u-vukovaru\/#primaryimage"},"thumbnailUrl":"https:\/\/likemetkovic.hr\/portal\/wp-content\/uploads\/2018\/10\/bo\u017eo-petrov.jpg","datePublished":"2018-10-08T09:15:52+00:00","dateModified":"2018-10-08T09:17:45+00:00","author":{"@id":"https:\/\/likemetkovic.hr\/#\/schema\/person\/a42711f3385a0e2be6f7e0443bfb28f0"},"breadcrumb":{"@id":"https:\/\/likemetkovic.hr\/bozo-petrov-most-ce-podrzati-prosvjed-u-vukovaru\/#breadcrumb"},"inLanguage":"hr","potentialAction":[{"@type":"ReadAction","target":["https:\/\/likemetkovic.hr\/bozo-petrov-most-ce-podrzati-prosvjed-u-vukovaru\/"]}]},{"@type":"ImageObject","inLanguage":"hr","@id":"https:\/\/likemetkovic.hr\/bozo-petrov-most-ce-podrzati-prosvjed-u-vukovaru\/#primaryimage","url":"https:\/\/likemetkovic.hr\/portal\/wp-content\/uploads\/2018\/10\/bo\u017eo-petrov.jpg","contentUrl":"https:\/\/likemetkovic.hr\/portal\/wp-content\/uploads\/2018\/10\/bo\u017eo-petrov.jpg","width":800,"height":449},{"@type":"BreadcrumbList","@id":"https:\/\/likemetkovic.hr\/bozo-petrov-most-ce-podrzati-prosvjed-u-vukovaru\/#breadcrumb","itemListElement":[{"@type":"ListItem","position":1,"name":"Po\u010detna stranica","item":"https:\/\/likemetkovic.hr\/portal\/"},{"@type":"ListItem","position":2,"name":"BO\u017dO PETROV: Most \u0107e podr\u017eati prosvjed u Vukovaru&#8230;"}]},{"@type":"WebSite","@id":"https:\/\/likemetkovic.hr\/#website","url":"https:\/\/likemetkovic.hr\/","name":"likemetkovic.hr","description":"Misli pozitivno... \u010ditaj LIKE","potentialAction":[{"@type":"SearchAction","target":{"@type":"EntryPoint","urlTemplate":"https:\/\/likemetkovic.hr\/?s={search_term_string}"},"query-input":{"@type":"PropertyValueSpecification","valueRequired":true,"valueName":"search_term_string"}}],"inLanguage":"hr"},{"@type":"Person","@id":"https:\/\/likemetkovic.hr\/#\/schema\/person\/a42711f3385a0e2be6f7e0443bfb28f0","name":"LIKEmetkovic.hr","sameAs":["http:\/\/likemetkovic.hr"],"url":"https:\/\/likemetkovic.hr\/portal\/author\/likemetkovic-hr\/"}]}},"_links":{"self":[{"href":"https:\/\/likemetkovic.hr\/portal\/wp-json\/wp\/v2\/posts\/68652","targetHints":{"allow":["GET"]}}],"collection":[{"href":"https:\/\/likemetkovic.hr\/portal\/wp-json\/wp\/v2\/posts"}],"about":[{"href":"https:\/\/likemetkovic.hr\/portal\/wp-json\/wp\/v2\/types\/post"}],"author":[{"embeddable":true,"href":"https:\/\/likemetkovic.hr\/portal\/wp-json\/wp\/v2\/users\/7"}],"replies":[{"embeddable":true,"href":"https:\/\/likemetkovic.hr\/portal\/wp-json\/wp\/v2\/comments?post=68652"}],"version-history":[{"count":0,"href":"https:\/\/likemetkovic.hr\/portal\/wp-json\/wp\/v2\/posts\/68652\/revisions"}],"wp:featuredmedia":[{"embeddable":true,"href":"https:\/\/likemetkovic.hr\/portal\/wp-json\/wp\/v2\/media\/68654"}],"wp:attachment":[{"href":"https:\/\/likemetkovic.hr\/portal\/wp-json\/wp\/v2\/media?parent=68652"}],"wp:term":[{"taxonomy":"category","embeddable":true,"href":"https:\/\/likemetkovic.hr\/portal\/wp-json\/wp\/v2\/categories?post=68652"},{"taxonomy":"post_tag","embeddable":true,"href":"https:\/\/likemetkovic.hr\/portal\/wp-json\/wp\/v2\/tags?post=68652"}],"curies":[{"name":"wp","href":"https:\/\/api.w.org\/{rel}","templated":true}]}}