{"id":68658,"date":"2018-10-08T11:29:31","date_gmt":"2018-10-08T09:29:31","guid":{"rendered":"http:\/\/likemetkovic.hr\/?p=68658"},"modified":"2018-10-08T11:29:31","modified_gmt":"2018-10-08T09:29:31","slug":"cestitamo-vam-dan-neovisnosti-rh","status":"publish","type":"post","link":"https:\/\/likemetkovic.hr\/portal\/cestitamo-vam-dan-neovisnosti-rh\/","title":{"rendered":"\u010cestitamo vam Dan neovisnosti RH!"},"content":{"rendered":"<p>Svim \u010ditateljima portala <em>LIKEmetkovic.hr<\/em> \u010destitamo <strong>Dan neovisnosti Republike Hrvatske<\/strong>!<\/p>\n<p>Dan neovisnosti RH se od 2001. godine obilje\u017eava\u00a08. listopada\u00a0i\u00a0neradni\u00a0je dan. Tog dana\u00a01991. godine,\u00a0Hrvatski sabor\u00a0je jednoglasno donio\u00a0Odluku o raskidu dr\u017eavnopravnih sveza\u00a0Republike Hrvatske s ostalim republikama i pokrajinama SFRJ. Zbog ratnih okolnosti sjednica se nije odr\u017eala u zgradi Sabora, ve\u0107 u zgradi INE u \u0160ubi\u0107evoj ulici u Zagrebu.<\/p>\n<p>Sabor\u00a0je tada utvrdio da\u00a0Republika Hrvatska\u00a0vi\u0161e ne smatra legitimnim i legalnim ni jedno tijelo dotada\u0161nje SFRJ te da ne priznaje valjanim niti jedan pravni akt bilo kojeg tijela koje nastupa u ime biv\u0161e federacije, koja vi\u0161e kao takva ne postoji.<\/p>\n<p>Prvi predsjednik Sabora u Republici Hrvatskoj \u017darko Domljan je tom prigodom rekao da je Hrvatska poslije tromjese\u010dnog moratorija dugo \u010dekala i mnogo propatila te da je sloboda pitanje njezina opstanka. Odluku kojom je Sabor proglasio okon\u010danje postupka razdru\u017eivanja pro\u010ditao je Vladimir \u0160eks, potvr\u0111uju\u0107i da Jugoslavija kao zajednica dr\u017eava vi\u0161e ne postoji:<\/p>\n<p><em>Republika Hrvatska, od dana 8. listopada 1991. godine, raskida dr\u017eavnopravne sveze na temelju kojih je zajedno s ostalim republikama i pokrajinama tvorila dosada\u0161nju SFRJ.<\/em><\/p>\n<p>&nbsp;<\/p>\n<p><img decoding=\"async\" class=\"alignnone size-full wp-image-68659\" src=\"http:\/\/likemetkovic.hr\/wp-content\/uploads\/2018\/10\/danneovisnosti-zgrada-ine-1991.jpg\" alt=\"\" width=\"800\" height=\"492\" srcset=\"https:\/\/likemetkovic.hr\/portal\/wp-content\/uploads\/2018\/10\/danneovisnosti-zgrada-ine-1991.jpg 800w, https:\/\/likemetkovic.hr\/portal\/wp-content\/uploads\/2018\/10\/danneovisnosti-zgrada-ine-1991-768x472.jpg 768w, https:\/\/likemetkovic.hr\/portal\/wp-content\/uploads\/2018\/10\/danneovisnosti-zgrada-ine-1991-356x220.jpg 356w, https:\/\/likemetkovic.hr\/portal\/wp-content\/uploads\/2018\/10\/danneovisnosti-zgrada-ine-1991-696x428.jpg 696w, https:\/\/likemetkovic.hr\/portal\/wp-content\/uploads\/2018\/10\/danneovisnosti-zgrada-ine-1991-683x420.jpg 683w, https:\/\/likemetkovic.hr\/portal\/wp-content\/uploads\/2018\/10\/danneovisnosti-zgrada-ine-1991-560x344.jpg 560w\" sizes=\"(max-width: 800px) 100vw, 800px\" \/><\/p>\n","protected":false},"excerpt":{"rendered":"<p>Svim \u010ditateljima portala LIKEmetkovic.hr \u010destitamo Dan neovisnosti Republike Hrvatske! Dan neovisnosti RH se od 2001. godine obilje\u017eava\u00a08. listopada\u00a0i\u00a0neradni\u00a0je dan. Tog dana\u00a01991. godine,\u00a0Hrvatski sabor\u00a0je jednoglasno donio\u00a0Odluku o raskidu dr\u017eavnopravnih sveza\u00a0Republike Hrvatske s ostalim republikama i pokrajinama SFRJ. Zbog ratnih okolnosti sjednica se nije odr\u017eala u zgradi Sabora, ve\u0107 u zgradi INE u \u0160ubi\u0107evoj ulici u Zagrebu. [&hellip;]<\/p>\n","protected":false},"author":7,"featured_media":59337,"comment_status":"open","ping_status":"open","sticky":false,"template":"","format":"standard","meta":{"footnotes":""},"categories":[283,1026],"tags":[3855],"class_list":{"0":"post-68658","1":"post","2":"type-post","3":"status-publish","4":"format-standard","5":"has-post-thumbnail","7":"category-a","8":"category-vijesti","9":"tag-dan-neovisnosti"},"yoast_head":"<!-- This site is optimized with the Yoast SEO plugin v25.2 - https:\/\/yoast.com\/wordpress\/plugins\/seo\/ -->\n<title>\u010cestitamo vam Dan neovisnosti RH! - likemetkovic.hr<\/title>\n<meta name=\"robots\" content=\"index, follow, max-snippet:-1, max-image-preview:large, max-video-preview:-1\" \/>\n<link rel=\"canonical\" href=\"https:\/\/likemetkovic.hr\/cestitamo-vam-dan-neovisnosti-rh\/\" \/>\n<meta property=\"og:locale\" content=\"hr_HR\" \/>\n<meta property=\"og:type\" content=\"article\" \/>\n<meta property=\"og:title\" content=\"\u010cestitamo vam Dan neovisnosti RH! - likemetkovic.hr\" \/>\n<meta property=\"og:description\" content=\"Svim \u010ditateljima portala LIKEmetkovic.hr \u010destitamo Dan neovisnosti Republike Hrvatske! Dan neovisnosti RH se od 2001. godine obilje\u017eava\u00a08. listopada\u00a0i\u00a0neradni\u00a0je dan. Tog dana\u00a01991. godine,\u00a0Hrvatski sabor\u00a0je jednoglasno donio\u00a0Odluku o raskidu dr\u017eavnopravnih sveza\u00a0Republike Hrvatske s ostalim republikama i pokrajinama SFRJ. Zbog ratnih okolnosti sjednica se nije odr\u017eala u zgradi Sabora, ve\u0107 u zgradi INE u \u0160ubi\u0107evoj ulici u Zagrebu. [&hellip;]\" \/>\n<meta property=\"og:url\" content=\"https:\/\/likemetkovic.hr\/cestitamo-vam-dan-neovisnosti-rh\/\" \/>\n<meta property=\"og:site_name\" content=\"likemetkovic.hr\" \/>\n<meta property=\"article:publisher\" content=\"https:\/\/www.facebook.com\/likemetkovic.hr\/\" \/>\n<meta property=\"article:published_time\" content=\"2018-10-08T09:29:31+00:00\" \/>\n<meta property=\"og:image\" content=\"https:\/\/likemetkovic.hr\/wp-content\/uploads\/2018\/05\/hrvatska-zastava-2.jpg\" \/>\n\t<meta property=\"og:image:width\" content=\"800\" \/>\n\t<meta property=\"og:image:height\" content=\"600\" \/>\n\t<meta property=\"og:image:type\" content=\"image\/jpeg\" \/>\n<meta name=\"author\" content=\"LIKEmetkovic.hr\" \/>\n<meta name=\"twitter:card\" content=\"summary_large_image\" \/>\n<meta name=\"twitter:label1\" content=\"Napisao\/la\" \/>\n\t<meta name=\"twitter:data1\" content=\"LIKEmetkovic.hr\" \/>\n\t<meta name=\"twitter:label2\" content=\"Procijenjeno vrijeme \u010ditanja\" \/>\n\t<meta name=\"twitter:data2\" content=\"1 minuta\" \/>\n<script type=\"application\/ld+json\" class=\"yoast-schema-graph\">{\"@context\":\"https:\/\/schema.org\",\"@graph\":[{\"@type\":\"WebPage\",\"@id\":\"https:\/\/likemetkovic.hr\/cestitamo-vam-dan-neovisnosti-rh\/\",\"url\":\"https:\/\/likemetkovic.hr\/cestitamo-vam-dan-neovisnosti-rh\/\",\"name\":\"\u010cestitamo vam Dan neovisnosti RH! - likemetkovic.hr\",\"isPartOf\":{\"@id\":\"https:\/\/likemetkovic.hr\/#website\"},\"primaryImageOfPage\":{\"@id\":\"https:\/\/likemetkovic.hr\/cestitamo-vam-dan-neovisnosti-rh\/#primaryimage\"},\"image\":{\"@id\":\"https:\/\/likemetkovic.hr\/cestitamo-vam-dan-neovisnosti-rh\/#primaryimage\"},\"thumbnailUrl\":\"https:\/\/likemetkovic.hr\/portal\/wp-content\/uploads\/2018\/05\/hrvatska-zastava-2.jpg\",\"datePublished\":\"2018-10-08T09:29:31+00:00\",\"author\":{\"@id\":\"https:\/\/likemetkovic.hr\/#\/schema\/person\/a42711f3385a0e2be6f7e0443bfb28f0\"},\"breadcrumb\":{\"@id\":\"https:\/\/likemetkovic.hr\/cestitamo-vam-dan-neovisnosti-rh\/#breadcrumb\"},\"inLanguage\":\"hr\",\"potentialAction\":[{\"@type\":\"ReadAction\",\"target\":[\"https:\/\/likemetkovic.hr\/cestitamo-vam-dan-neovisnosti-rh\/\"]}]},{\"@type\":\"ImageObject\",\"inLanguage\":\"hr\",\"@id\":\"https:\/\/likemetkovic.hr\/cestitamo-vam-dan-neovisnosti-rh\/#primaryimage\",\"url\":\"https:\/\/likemetkovic.hr\/portal\/wp-content\/uploads\/2018\/05\/hrvatska-zastava-2.jpg\",\"contentUrl\":\"https:\/\/likemetkovic.hr\/portal\/wp-content\/uploads\/2018\/05\/hrvatska-zastava-2.jpg\",\"width\":800,\"height\":600},{\"@type\":\"BreadcrumbList\",\"@id\":\"https:\/\/likemetkovic.hr\/cestitamo-vam-dan-neovisnosti-rh\/#breadcrumb\",\"itemListElement\":[{\"@type\":\"ListItem\",\"position\":1,\"name\":\"Po\u010detna stranica\",\"item\":\"https:\/\/likemetkovic.hr\/portal\/\"},{\"@type\":\"ListItem\",\"position\":2,\"name\":\"\u010cestitamo vam Dan neovisnosti RH!\"}]},{\"@type\":\"WebSite\",\"@id\":\"https:\/\/likemetkovic.hr\/#website\",\"url\":\"https:\/\/likemetkovic.hr\/\",\"name\":\"likemetkovic.hr\",\"description\":\"Misli pozitivno... \u010ditaj LIKE\",\"potentialAction\":[{\"@type\":\"SearchAction\",\"target\":{\"@type\":\"EntryPoint\",\"urlTemplate\":\"https:\/\/likemetkovic.hr\/?s={search_term_string}\"},\"query-input\":{\"@type\":\"PropertyValueSpecification\",\"valueRequired\":true,\"valueName\":\"search_term_string\"}}],\"inLanguage\":\"hr\"},{\"@type\":\"Person\",\"@id\":\"https:\/\/likemetkovic.hr\/#\/schema\/person\/a42711f3385a0e2be6f7e0443bfb28f0\",\"name\":\"LIKEmetkovic.hr\",\"sameAs\":[\"http:\/\/likemetkovic.hr\"],\"url\":\"https:\/\/likemetkovic.hr\/portal\/author\/likemetkovic-hr\/\"}]}<\/script>\n<!-- \/ Yoast SEO plugin. -->","yoast_head_json":{"title":"\u010cestitamo vam Dan neovisnosti RH! - likemetkovic.hr","robots":{"index":"index","follow":"follow","max-snippet":"max-snippet:-1","max-image-preview":"max-image-preview:large","max-video-preview":"max-video-preview:-1"},"canonical":"https:\/\/likemetkovic.hr\/cestitamo-vam-dan-neovisnosti-rh\/","og_locale":"hr_HR","og_type":"article","og_title":"\u010cestitamo vam Dan neovisnosti RH! - likemetkovic.hr","og_description":"Svim \u010ditateljima portala LIKEmetkovic.hr \u010destitamo Dan neovisnosti Republike Hrvatske! Dan neovisnosti RH se od 2001. godine obilje\u017eava\u00a08. listopada\u00a0i\u00a0neradni\u00a0je dan. Tog dana\u00a01991. godine,\u00a0Hrvatski sabor\u00a0je jednoglasno donio\u00a0Odluku o raskidu dr\u017eavnopravnih sveza\u00a0Republike Hrvatske s ostalim republikama i pokrajinama SFRJ. Zbog ratnih okolnosti sjednica se nije odr\u017eala u zgradi Sabora, ve\u0107 u zgradi INE u \u0160ubi\u0107evoj ulici u Zagrebu. [&hellip;]","og_url":"https:\/\/likemetkovic.hr\/cestitamo-vam-dan-neovisnosti-rh\/","og_site_name":"likemetkovic.hr","article_publisher":"https:\/\/www.facebook.com\/likemetkovic.hr\/","article_published_time":"2018-10-08T09:29:31+00:00","og_image":[{"width":800,"height":600,"url":"https:\/\/likemetkovic.hr\/wp-content\/uploads\/2018\/05\/hrvatska-zastava-2.jpg","type":"image\/jpeg"}],"author":"LIKEmetkovic.hr","twitter_card":"summary_large_image","twitter_misc":{"Napisao\/la":"LIKEmetkovic.hr","Procijenjeno vrijeme \u010ditanja":"1 minuta"},"schema":{"@context":"https:\/\/schema.org","@graph":[{"@type":"WebPage","@id":"https:\/\/likemetkovic.hr\/cestitamo-vam-dan-neovisnosti-rh\/","url":"https:\/\/likemetkovic.hr\/cestitamo-vam-dan-neovisnosti-rh\/","name":"\u010cestitamo vam Dan neovisnosti RH! - likemetkovic.hr","isPartOf":{"@id":"https:\/\/likemetkovic.hr\/#website"},"primaryImageOfPage":{"@id":"https:\/\/likemetkovic.hr\/cestitamo-vam-dan-neovisnosti-rh\/#primaryimage"},"image":{"@id":"https:\/\/likemetkovic.hr\/cestitamo-vam-dan-neovisnosti-rh\/#primaryimage"},"thumbnailUrl":"https:\/\/likemetkovic.hr\/portal\/wp-content\/uploads\/2018\/05\/hrvatska-zastava-2.jpg","datePublished":"2018-10-08T09:29:31+00:00","author":{"@id":"https:\/\/likemetkovic.hr\/#\/schema\/person\/a42711f3385a0e2be6f7e0443bfb28f0"},"breadcrumb":{"@id":"https:\/\/likemetkovic.hr\/cestitamo-vam-dan-neovisnosti-rh\/#breadcrumb"},"inLanguage":"hr","potentialAction":[{"@type":"ReadAction","target":["https:\/\/likemetkovic.hr\/cestitamo-vam-dan-neovisnosti-rh\/"]}]},{"@type":"ImageObject","inLanguage":"hr","@id":"https:\/\/likemetkovic.hr\/cestitamo-vam-dan-neovisnosti-rh\/#primaryimage","url":"https:\/\/likemetkovic.hr\/portal\/wp-content\/uploads\/2018\/05\/hrvatska-zastava-2.jpg","contentUrl":"https:\/\/likemetkovic.hr\/portal\/wp-content\/uploads\/2018\/05\/hrvatska-zastava-2.jpg","width":800,"height":600},{"@type":"BreadcrumbList","@id":"https:\/\/likemetkovic.hr\/cestitamo-vam-dan-neovisnosti-rh\/#breadcrumb","itemListElement":[{"@type":"ListItem","position":1,"name":"Po\u010detna stranica","item":"https:\/\/likemetkovic.hr\/portal\/"},{"@type":"ListItem","position":2,"name":"\u010cestitamo vam Dan neovisnosti RH!"}]},{"@type":"WebSite","@id":"https:\/\/likemetkovic.hr\/#website","url":"https:\/\/likemetkovic.hr\/","name":"likemetkovic.hr","description":"Misli pozitivno... \u010ditaj LIKE","potentialAction":[{"@type":"SearchAction","target":{"@type":"EntryPoint","urlTemplate":"https:\/\/likemetkovic.hr\/?s={search_term_string}"},"query-input":{"@type":"PropertyValueSpecification","valueRequired":true,"valueName":"search_term_string"}}],"inLanguage":"hr"},{"@type":"Person","@id":"https:\/\/likemetkovic.hr\/#\/schema\/person\/a42711f3385a0e2be6f7e0443bfb28f0","name":"LIKEmetkovic.hr","sameAs":["http:\/\/likemetkovic.hr"],"url":"https:\/\/likemetkovic.hr\/portal\/author\/likemetkovic-hr\/"}]}},"_links":{"self":[{"href":"https:\/\/likemetkovic.hr\/portal\/wp-json\/wp\/v2\/posts\/68658","targetHints":{"allow":["GET"]}}],"collection":[{"href":"https:\/\/likemetkovic.hr\/portal\/wp-json\/wp\/v2\/posts"}],"about":[{"href":"https:\/\/likemetkovic.hr\/portal\/wp-json\/wp\/v2\/types\/post"}],"author":[{"embeddable":true,"href":"https:\/\/likemetkovic.hr\/portal\/wp-json\/wp\/v2\/users\/7"}],"replies":[{"embeddable":true,"href":"https:\/\/likemetkovic.hr\/portal\/wp-json\/wp\/v2\/comments?post=68658"}],"version-history":[{"count":0,"href":"https:\/\/likemetkovic.hr\/portal\/wp-json\/wp\/v2\/posts\/68658\/revisions"}],"wp:featuredmedia":[{"embeddable":true,"href":"https:\/\/likemetkovic.hr\/portal\/wp-json\/wp\/v2\/media\/59337"}],"wp:attachment":[{"href":"https:\/\/likemetkovic.hr\/portal\/wp-json\/wp\/v2\/media?parent=68658"}],"wp:term":[{"taxonomy":"category","embeddable":true,"href":"https:\/\/likemetkovic.hr\/portal\/wp-json\/wp\/v2\/categories?post=68658"},{"taxonomy":"post_tag","embeddable":true,"href":"https:\/\/likemetkovic.hr\/portal\/wp-json\/wp\/v2\/tags?post=68658"}],"curies":[{"name":"wp","href":"https:\/\/api.w.org\/{rel}","templated":true}]}}